{"id":60360,"date":"2022-08-17T08:36:16","date_gmt":"2022-08-17T11:36:16","guid":{"rendered":"https:\/\/dana.com.br\/canaldana\/?p=60360"},"modified":"2022-08-17T08:36:16","modified_gmt":"2022-08-17T11:36:16","slug":"daf-xf-lidera-vendas-da-marca-no-brasil-e-conquista-clientes-com-tecnologia-economia-e-robustez","status":"publish","type":"post","link":"https:\/\/dana.com.br\/canaldana\/2022\/08\/17\/daf-xf-lidera-vendas-da-marca-no-brasil-e-conquista-clientes-com-tecnologia-economia-e-robustez\/","title":{"rendered":"DAF XF lidera vendas da marca no Brasil e conquista clientes com tecnologia, economia e robustez"},"content":{"rendered":"<p><em>Coisas de Agora <\/em><\/p>\n<p>&nbsp;<\/p>\n<p>O novo DAF XF ganha espa\u00e7o no mercado brasileiro. O caminh\u00e3o foi o terceiro mais emplacado em 2021, com 5.600 unidade e \u00e9 o principal ve\u00edculo da marca para o segmento pesado, ideal para o transporte de longas dist\u00e2ncias. Al\u00e9m de insumos agr\u00edcolas, transporta produtos frigor\u00edficos, cargas secas e l\u00edquidas e produtos em geral.<\/p>\n<p>&nbsp;<\/p>\n<p>\u201cO modelo apresenta diversos atributos e os clientes est\u00e3o reconhecendo isso. Nosso padr\u00e3o de qualidade est\u00e1 ganhando destaque por incluir tecnologia, design premium, conforto, seguran\u00e7a e ainda conta com a rede de solu\u00e7\u00f5es de servi\u00e7os p\u00f3s-venda. Todos esses fatores t\u00eam garantido que o consumidor venha a optar pelo nosso caminh\u00e3o\u201d, destaca Luis Gambim, Diretor Comercial da DAF Caminh\u00f5es.<\/p>\n<p>&nbsp;<\/p>\n<p>O novo caminh\u00e3o chega ao mercado brasileiro com diferenciais de tecnologia que entregam uma economia de at\u00e9 14% em rela\u00e7\u00e3o ao modelo anterior. Junto a esses atributos tecnol\u00f3gicos, o extrapesado est\u00e1 mais confort\u00e1vel, com o maior espa\u00e7o interno da categoria e mais seguro, com uma linha completa que garante a excel\u00eancia e qualidade DAF.<\/p>\n<p>&nbsp;<\/p>\n<p>O bom desempenho do novo caminh\u00e3o coopera no dia a dia da MK Cargo, bra\u00e7o log\u00edstico do Grupo MK. Cliente da Concession\u00e1ria DAF Austral, em Port\u00e3o (RS), a empresa conta atualmente com 20 caminh\u00f5es DAF em sua frota, de um total de 52 caminh\u00f5es utilizados para fazer o transporte de carga seca e carga l\u00edquida.<\/p>\n<p>&nbsp;<\/p>\n<p>\u201cInicialmente, o pre\u00e7o atrativo nos levou a incluir o DAF em nossa frota, mas com o tempo outros fatores, como robustez, nos incentivaram a adquirir novos modelos da marca. Al\u00e9m do pre\u00e7o competitivo, os caminh\u00f5es nunca deram problema\u201d, comemora o executivo F\u00e1bio Ramazzini, Gerente de Log\u00edstica da transportadora, que tem em sua frota 19 modelos XF e um CF.<\/p>\n<p>&nbsp;<\/p>\n<p>A EC Transportes, de Conc\u00f3rdia (SC), tem uma frota multimarca de 86 caminh\u00f5es. A empresa \u00e9 especializada no transporte frigorificado, desde 2004, e \u00e9 a respons\u00e1vel pelo escoamento da produ\u00e7\u00e3o dos Grupos Frimesa e BRF, das marcas Aurora, Sadia e Perdig\u00e3o. Desde 2018, a EC vem trocando a sua frota para modelos DAF, gra\u00e7as a carater\u00edsticas da marca como desempenho e economia.<\/p>\n<p>&nbsp;<\/p>\n<p>\u201cS\u00e3o robustos, t\u00eam cabine espa\u00e7osa, o freio-motor mais potente entre os pesados e s\u00f3 precisam de manuten\u00e7\u00e3o de rotina. Custos, praticamente, s\u00f3 combust\u00edvel e pneus\u201d, garante Cl\u00e1udio Jos\u00e9 do Prado, propriet\u00e1rio da transportadora, que \u00e9 cliente da Concession\u00e1ria DAF Barigui Chapec\u00f3. \u201cTemos hoje 46 caminh\u00f5es DAF e estamos em vias de receber mais 10 unidades do Novo XF, todos de cores diferentes. Temos caminh\u00f5es nas cores azul, champagne, laranja, bord\u00f4, preto, azul e at\u00e9 um cor-de-rosa\u201d, enfatiza.<\/p>\n<p>&nbsp;<\/p>\n<p>Uma das sete empresas do Grupo Comelli, a Transportadora Comelli, de Rio Verde (GO), gerencia uma frota de mais de 170 caminh\u00f5es. Cliente da Concession\u00e1ria DAF Somaf\u00e9rtil Rio Verde, desde 2021, a companhia vem migrando para modelos DAF. Atualmente, 22 caminh\u00f5es DAF fazem parte da frota.<\/p>\n<p>&nbsp;<\/p>\n<p>\u201cTestamos os dois Novo XF durante um ano, rodando em todas nossas rotas, com significativos resultados para a nossa empresa\u201d, afirma Fernando Comelli, s\u00f3cio-propriet\u00e1rio da transportadora. \u201cA marca DAF est\u00e1 muito em evid\u00eancia no mercado brasileiro, com produtos robustos, econ\u00f4micos e de alta disponibilidade para o trabalho, tudo isso com uma boa condi\u00e7\u00e3o financeira para a compra, disponibilizada pelo banco PACCAR Financial\u201d, destaca o executivo.<\/p>\n<p>&nbsp;<\/p>\n<p>Os caminh\u00f5es da Comelli s\u00e3o utilizados, principalmente, para opera\u00e7\u00f5es de carreta e carga viva. \u201cNo nosso trabalho di\u00e1rio a robustez do ve\u00edculo \u00e9 fundamental. O Rodotrem Ca\u00e7amba, muito utilizado na atividade agr\u00edcola e agroindustrial, exige o m\u00e1ximo do ve\u00edculo. O conjunto do trem de for\u00e7a de alta performance, alinhado ao freio-motor de tr\u00eas est\u00e1gios, tem \u00f3timo desempenho e oferece muita seguran\u00e7a ao condutor. Al\u00e9m disso, a cabine \u00e9 ampla e confort\u00e1vel, tem at\u00e9 geladeira de s\u00e9rie e outros importantes detalhes\u201d, destaca Fernando.<\/p>\n<p>&nbsp;<\/p>\n<p>Com uma frota de 150 caminh\u00f5es, sendo 100 da marca DAF (40 unidades do XF105 e 60 do Novo DAF XF), a empresa Brehm Log\u00edstica, cliente da Concession\u00e1ria DAF Eldorado, de Eldorado do Sul (RS), destaca a maior comodidade e agilidade ao realizar as manuten\u00e7\u00f5es. Com o servi\u00e7o, a transportadora obteve um custo menor de manuten\u00e7\u00e3o da frota DAF, com um pre\u00e7o fixo por quil\u00f4metro rodado. Em seis meses de contrata\u00e7\u00e3o, o \u00edndice de paradas n\u00e3o previstas passou de 0,3% a zero, anulando as interrup\u00e7\u00f5es repentinas das atividades, com o melhor planejamento das manuten\u00e7\u00f5es preventivas dos ve\u00edculos. Al\u00e9m de garantir um aumento no valor de revenda, j\u00e1 que os seminovos possuem um hist\u00f3rico de manuten\u00e7\u00e3o de alto padr\u00e3o com pe\u00e7as genu\u00ednas DAF, e reposi\u00e7\u00e3o da TRP.<\/p>\n<p>&nbsp;<\/p>\n<p>\u201cO DAF Multisuporte tem sido uma excelente ferramenta de planejamento de manuten\u00e7\u00e3o da frota. Estamos muito satisfeitos com o servi\u00e7o, pela previsibilidade, custos justos e, principalmente, pela flexibilidade de adapta\u00e7\u00e3o \u00e0s reais necessidades do cliente. O servi\u00e7o proporciona economia de tempo e otimiza\u00e7\u00e3o da manuten\u00e7\u00e3o preventiva com pe\u00e7as genu\u00ednas, garantindo assim maior economia de combust\u00edvel\u201d, ressalta Oct\u00e1vio Brehm, Diretor da Brehm Log\u00edstica.<\/p>\n<p>&nbsp;<\/p>\n<p>Com design \u201cPremium\u201d e excelente aerodin\u00e2mica, o novo DAF XF \u00e9 um modelo de caminh\u00e3o que garante a mais elevada seguran\u00e7a para os motoristas e os outros usu\u00e1rios da estrada, contribuindo tamb\u00e9m para uma maior efici\u00eancia de combust\u00edvel e conforto, o que faz do modelo uma refer\u00eancia em termos de efici\u00eancia de transporte.<\/p>\n<p>&nbsp;<\/p>\n<p>A PACCAR \u00e9 l\u00edder global em tecnologia, design, produ\u00e7\u00e3o e atendimento ao cliente para caminh\u00f5es leves, m\u00e9dios e pesados, de alta qualidade, sob as marcas Kenworth, Peterbilt e DAF. A PACCAR tamb\u00e9m projeta e produz motores avan\u00e7ados a diesel, fornece servi\u00e7os financeiros e de tecnologia da informa\u00e7\u00e3o, e distribui pe\u00e7as para caminh\u00f5es relacionadas a seus principais neg\u00f3cios. As a\u00e7\u00f5es da PACCAR s\u00e3o negociadas no mercado Nasdaq GlobalSelect, com o s\u00edmbolo PCAR. Visite http:\/\/www.paccar.com. (Coisas de Agora)<\/p>\n","protected":false},"excerpt":{"rendered":"<p>Coisas de Agora &nbsp; O novo DAF XF ganha espa\u00e7o no mercado brasileiro. O caminh\u00e3o foi o terceiro mais emplacado em 2021, com 5.600 unidade e \u00e9 o principal ve\u00edculo da marca para o segmento pesado, ideal para o transporte de longas dist\u00e2ncias. Al\u00e9m de insumos agr\u00edcolas, transporta produtos frigor\u00edficos, cargas secas e l\u00edquidas e\u2026 <a class=\"readmore\" href=\"https:\/\/dana.com.br\/canaldana\/2022\/08\/17\/daf-xf-lidera-vendas-da-marca-no-brasil-e-conquista-clientes-com-tecnologia-economia-e-robustez\/\">Leia mais \u00bb<\/a><\/p>\n","protected":false},"author":3,"featured_media":0,"comment_status":"closed","ping_status":"closed","sticky":false,"template":"","format":"standard","meta":{"_acf_changed":false,"footnotes":""},"categories":[79],"tags":[],"class_list":["post-60360","post","type-post","status-publish","format-standard","hentry","category-mercado"],"acf":[],"yoast_head":"<!-- This site is optimized with the Yoast SEO plugin v27.3 - https:\/\/yoast.com\/product\/yoast-seo-wordpress\/ -->\n<title>DAF XF lidera vendas da marca no Brasil e conquista clientes com tecnologia, economia e robustez - Canal Dana<\/title>\n<meta name=\"robots\" content=\"index, follow, max-snippet:-1, max-image-preview:large, max-video-preview:-1\" \/>\n<link rel=\"canonical\" href=\"https:\/\/dana.com.br\/canaldana\/2022\/08\/17\/daf-xf-lidera-vendas-da-marca-no-brasil-e-conquista-clientes-com-tecnologia-economia-e-robustez\/\" \/>\n<meta property=\"og:locale\" content=\"pt_BR\" \/>\n<meta property=\"og:type\" content=\"article\" \/>\n<meta property=\"og:title\" content=\"DAF XF lidera vendas da marca no Brasil e conquista clientes com tecnologia, economia e robustez - Canal Dana\" \/>\n<meta property=\"og:description\" content=\"Coisas de Agora &nbsp; O novo DAF XF ganha espa\u00e7o no mercado brasileiro. O caminh\u00e3o foi o terceiro mais emplacado em 2021, com 5.600 unidade e \u00e9 o principal ve\u00edculo da marca para o segmento pesado, ideal para o transporte de longas dist\u00e2ncias. Al\u00e9m de insumos agr\u00edcolas, transporta produtos frigor\u00edficos, cargas secas e l\u00edquidas e\u2026 Leia mais \u00bb\" \/>\n<meta property=\"og:url\" content=\"https:\/\/dana.com.br\/canaldana\/2022\/08\/17\/daf-xf-lidera-vendas-da-marca-no-brasil-e-conquista-clientes-com-tecnologia-economia-e-robustez\/\" \/>\n<meta property=\"og:site_name\" content=\"Canal Dana\" \/>\n<meta property=\"article:published_time\" content=\"2022-08-17T11:36:16+00:00\" \/>\n<meta name=\"author\" content=\"Canal Dana\" \/>\n<meta name=\"twitter:card\" content=\"summary_large_image\" \/>\n<meta name=\"twitter:label1\" content=\"Escrito por\" \/>\n\t<meta name=\"twitter:data1\" content=\"Canal Dana\" \/>\n\t<meta name=\"twitter:label2\" content=\"Est. tempo de leitura\" \/>\n\t<meta name=\"twitter:data2\" content=\"5 minutos\" \/>\n<script type=\"application\/ld+json\" class=\"yoast-schema-graph\">{\"@context\":\"https:\\\/\\\/schema.org\",\"@graph\":[{\"@type\":\"Article\",\"@id\":\"https:\\\/\\\/dana.com.br\\\/canaldana\\\/2022\\\/08\\\/17\\\/daf-xf-lidera-vendas-da-marca-no-brasil-e-conquista-clientes-com-tecnologia-economia-e-robustez\\\/#article\",\"isPartOf\":{\"@id\":\"https:\\\/\\\/dana.com.br\\\/canaldana\\\/2022\\\/08\\\/17\\\/daf-xf-lidera-vendas-da-marca-no-brasil-e-conquista-clientes-com-tecnologia-economia-e-robustez\\\/\"},\"author\":{\"name\":\"Canal Dana\",\"@id\":\"https:\\\/\\\/dana.com.br\\\/canaldana\\\/#\\\/schema\\\/person\\\/3c21f22f56fcf3bc46b94bc60ea4fef6\"},\"headline\":\"DAF XF lidera vendas da marca no Brasil e conquista clientes com tecnologia, economia e robustez\",\"datePublished\":\"2022-08-17T11:36:16+00:00\",\"mainEntityOfPage\":{\"@id\":\"https:\\\/\\\/dana.com.br\\\/canaldana\\\/2022\\\/08\\\/17\\\/daf-xf-lidera-vendas-da-marca-no-brasil-e-conquista-clientes-com-tecnologia-economia-e-robustez\\\/\"},\"wordCount\":1071,\"articleSection\":[\"Mercado\"],\"inLanguage\":\"pt-BR\"},{\"@type\":\"WebPage\",\"@id\":\"https:\\\/\\\/dana.com.br\\\/canaldana\\\/2022\\\/08\\\/17\\\/daf-xf-lidera-vendas-da-marca-no-brasil-e-conquista-clientes-com-tecnologia-economia-e-robustez\\\/\",\"url\":\"https:\\\/\\\/dana.com.br\\\/canaldana\\\/2022\\\/08\\\/17\\\/daf-xf-lidera-vendas-da-marca-no-brasil-e-conquista-clientes-com-tecnologia-economia-e-robustez\\\/\",\"name\":\"DAF XF lidera vendas da marca no Brasil e conquista clientes com tecnologia, economia e robustez - Canal Dana\",\"isPartOf\":{\"@id\":\"https:\\\/\\\/dana.com.br\\\/canaldana\\\/#website\"},\"datePublished\":\"2022-08-17T11:36:16+00:00\",\"author\":{\"@id\":\"https:\\\/\\\/dana.com.br\\\/canaldana\\\/#\\\/schema\\\/person\\\/3c21f22f56fcf3bc46b94bc60ea4fef6\"},\"breadcrumb\":{\"@id\":\"https:\\\/\\\/dana.com.br\\\/canaldana\\\/2022\\\/08\\\/17\\\/daf-xf-lidera-vendas-da-marca-no-brasil-e-conquista-clientes-com-tecnologia-economia-e-robustez\\\/#breadcrumb\"},\"inLanguage\":\"pt-BR\",\"potentialAction\":[{\"@type\":\"ReadAction\",\"target\":[\"https:\\\/\\\/dana.com.br\\\/canaldana\\\/2022\\\/08\\\/17\\\/daf-xf-lidera-vendas-da-marca-no-brasil-e-conquista-clientes-com-tecnologia-economia-e-robustez\\\/\"]}]},{\"@type\":\"BreadcrumbList\",\"@id\":\"https:\\\/\\\/dana.com.br\\\/canaldana\\\/2022\\\/08\\\/17\\\/daf-xf-lidera-vendas-da-marca-no-brasil-e-conquista-clientes-com-tecnologia-economia-e-robustez\\\/#breadcrumb\",\"itemListElement\":[{\"@type\":\"ListItem\",\"position\":1,\"name\":\"Home\",\"item\":\"https:\\\/\\\/dana.com.br\\\/canaldana\\\/\"},{\"@type\":\"ListItem\",\"position\":2,\"name\":\"Mercado\",\"item\":\"https:\\\/\\\/dana.com.br\\\/canaldana\\\/mercado\\\/\"},{\"@type\":\"ListItem\",\"position\":3,\"name\":\"DAF XF lidera vendas da marca no Brasil e conquista clientes com tecnologia, economia e robustez\"}]},{\"@type\":\"WebSite\",\"@id\":\"https:\\\/\\\/dana.com.br\\\/canaldana\\\/#website\",\"url\":\"https:\\\/\\\/dana.com.br\\\/canaldana\\\/\",\"name\":\"Canal Dana\",\"description\":\"Informativo com as principais not\u00edcias da ind\u00fastria automotiva\",\"potentialAction\":[{\"@type\":\"SearchAction\",\"target\":{\"@type\":\"EntryPoint\",\"urlTemplate\":\"https:\\\/\\\/dana.com.br\\\/canaldana\\\/?s={search_term_string}\"},\"query-input\":{\"@type\":\"PropertyValueSpecification\",\"valueRequired\":true,\"valueName\":\"search_term_string\"}}],\"inLanguage\":\"pt-BR\"},{\"@type\":\"Person\",\"@id\":\"https:\\\/\\\/dana.com.br\\\/canaldana\\\/#\\\/schema\\\/person\\\/3c21f22f56fcf3bc46b94bc60ea4fef6\",\"name\":\"Canal Dana\",\"image\":{\"@type\":\"ImageObject\",\"inLanguage\":\"pt-BR\",\"@id\":\"https:\\\/\\\/secure.gravatar.com\\\/avatar\\\/420aaf9278582877d9018637c6817617705899d2858d7572ef0fe59a6b6454b4?s=96&d=mm&r=g\",\"url\":\"https:\\\/\\\/secure.gravatar.com\\\/avatar\\\/420aaf9278582877d9018637c6817617705899d2858d7572ef0fe59a6b6454b4?s=96&d=mm&r=g\",\"contentUrl\":\"https:\\\/\\\/secure.gravatar.com\\\/avatar\\\/420aaf9278582877d9018637c6817617705899d2858d7572ef0fe59a6b6454b4?s=96&d=mm&r=g\",\"caption\":\"Canal Dana\"},\"url\":\"https:\\\/\\\/dana.com.br\\\/canaldana\\\/author\\\/cdeditor\\\/\"}]}<\/script>\n<!-- \/ Yoast SEO plugin. -->","yoast_head_json":{"title":"DAF XF lidera vendas da marca no Brasil e conquista clientes com tecnologia, economia e robustez - Canal Dana","robots":{"index":"index","follow":"follow","max-snippet":"max-snippet:-1","max-image-preview":"max-image-preview:large","max-video-preview":"max-video-preview:-1"},"canonical":"https:\/\/dana.com.br\/canaldana\/2022\/08\/17\/daf-xf-lidera-vendas-da-marca-no-brasil-e-conquista-clientes-com-tecnologia-economia-e-robustez\/","og_locale":"pt_BR","og_type":"article","og_title":"DAF XF lidera vendas da marca no Brasil e conquista clientes com tecnologia, economia e robustez - Canal Dana","og_description":"Coisas de Agora &nbsp; O novo DAF XF ganha espa\u00e7o no mercado brasileiro. O caminh\u00e3o foi o terceiro mais emplacado em 2021, com 5.600 unidade e \u00e9 o principal ve\u00edculo da marca para o segmento pesado, ideal para o transporte de longas dist\u00e2ncias. Al\u00e9m de insumos agr\u00edcolas, transporta produtos frigor\u00edficos, cargas secas e l\u00edquidas e\u2026 Leia mais \u00bb","og_url":"https:\/\/dana.com.br\/canaldana\/2022\/08\/17\/daf-xf-lidera-vendas-da-marca-no-brasil-e-conquista-clientes-com-tecnologia-economia-e-robustez\/","og_site_name":"Canal Dana","article_published_time":"2022-08-17T11:36:16+00:00","author":"Canal Dana","twitter_card":"summary_large_image","twitter_misc":{"Escrito por":"Canal Dana","Est. tempo de leitura":"5 minutos"},"schema":{"@context":"https:\/\/schema.org","@graph":[{"@type":"Article","@id":"https:\/\/dana.com.br\/canaldana\/2022\/08\/17\/daf-xf-lidera-vendas-da-marca-no-brasil-e-conquista-clientes-com-tecnologia-economia-e-robustez\/#article","isPartOf":{"@id":"https:\/\/dana.com.br\/canaldana\/2022\/08\/17\/daf-xf-lidera-vendas-da-marca-no-brasil-e-conquista-clientes-com-tecnologia-economia-e-robustez\/"},"author":{"name":"Canal Dana","@id":"https:\/\/dana.com.br\/canaldana\/#\/schema\/person\/3c21f22f56fcf3bc46b94bc60ea4fef6"},"headline":"DAF XF lidera vendas da marca no Brasil e conquista clientes com tecnologia, economia e robustez","datePublished":"2022-08-17T11:36:16+00:00","mainEntityOfPage":{"@id":"https:\/\/dana.com.br\/canaldana\/2022\/08\/17\/daf-xf-lidera-vendas-da-marca-no-brasil-e-conquista-clientes-com-tecnologia-economia-e-robustez\/"},"wordCount":1071,"articleSection":["Mercado"],"inLanguage":"pt-BR"},{"@type":"WebPage","@id":"https:\/\/dana.com.br\/canaldana\/2022\/08\/17\/daf-xf-lidera-vendas-da-marca-no-brasil-e-conquista-clientes-com-tecnologia-economia-e-robustez\/","url":"https:\/\/dana.com.br\/canaldana\/2022\/08\/17\/daf-xf-lidera-vendas-da-marca-no-brasil-e-conquista-clientes-com-tecnologia-economia-e-robustez\/","name":"DAF XF lidera vendas da marca no Brasil e conquista clientes com tecnologia, economia e robustez - Canal Dana","isPartOf":{"@id":"https:\/\/dana.com.br\/canaldana\/#website"},"datePublished":"2022-08-17T11:36:16+00:00","author":{"@id":"https:\/\/dana.com.br\/canaldana\/#\/schema\/person\/3c21f22f56fcf3bc46b94bc60ea4fef6"},"breadcrumb":{"@id":"https:\/\/dana.com.br\/canaldana\/2022\/08\/17\/daf-xf-lidera-vendas-da-marca-no-brasil-e-conquista-clientes-com-tecnologia-economia-e-robustez\/#breadcrumb"},"inLanguage":"pt-BR","potentialAction":[{"@type":"ReadAction","target":["https:\/\/dana.com.br\/canaldana\/2022\/08\/17\/daf-xf-lidera-vendas-da-marca-no-brasil-e-conquista-clientes-com-tecnologia-economia-e-robustez\/"]}]},{"@type":"BreadcrumbList","@id":"https:\/\/dana.com.br\/canaldana\/2022\/08\/17\/daf-xf-lidera-vendas-da-marca-no-brasil-e-conquista-clientes-com-tecnologia-economia-e-robustez\/#breadcrumb","itemListElement":[{"@type":"ListItem","position":1,"name":"Home","item":"https:\/\/dana.com.br\/canaldana\/"},{"@type":"ListItem","position":2,"name":"Mercado","item":"https:\/\/dana.com.br\/canaldana\/mercado\/"},{"@type":"ListItem","position":3,"name":"DAF XF lidera vendas da marca no Brasil e conquista clientes com tecnologia, economia e robustez"}]},{"@type":"WebSite","@id":"https:\/\/dana.com.br\/canaldana\/#website","url":"https:\/\/dana.com.br\/canaldana\/","name":"Canal Dana","description":"Informativo com as principais not\u00edcias da ind\u00fastria automotiva","potentialAction":[{"@type":"SearchAction","target":{"@type":"EntryPoint","urlTemplate":"https:\/\/dana.com.br\/canaldana\/?s={search_term_string}"},"query-input":{"@type":"PropertyValueSpecification","valueRequired":true,"valueName":"search_term_string"}}],"inLanguage":"pt-BR"},{"@type":"Person","@id":"https:\/\/dana.com.br\/canaldana\/#\/schema\/person\/3c21f22f56fcf3bc46b94bc60ea4fef6","name":"Canal Dana","image":{"@type":"ImageObject","inLanguage":"pt-BR","@id":"https:\/\/secure.gravatar.com\/avatar\/420aaf9278582877d9018637c6817617705899d2858d7572ef0fe59a6b6454b4?s=96&d=mm&r=g","url":"https:\/\/secure.gravatar.com\/avatar\/420aaf9278582877d9018637c6817617705899d2858d7572ef0fe59a6b6454b4?s=96&d=mm&r=g","contentUrl":"https:\/\/secure.gravatar.com\/avatar\/420aaf9278582877d9018637c6817617705899d2858d7572ef0fe59a6b6454b4?s=96&d=mm&r=g","caption":"Canal Dana"},"url":"https:\/\/dana.com.br\/canaldana\/author\/cdeditor\/"}]}},"_links":{"self":[{"href":"https:\/\/dana.com.br\/canaldana\/wp-json\/wp\/v2\/posts\/60360","targetHints":{"allow":["GET"]}}],"collection":[{"href":"https:\/\/dana.com.br\/canaldana\/wp-json\/wp\/v2\/posts"}],"about":[{"href":"https:\/\/dana.com.br\/canaldana\/wp-json\/wp\/v2\/types\/post"}],"author":[{"embeddable":true,"href":"https:\/\/dana.com.br\/canaldana\/wp-json\/wp\/v2\/users\/3"}],"replies":[{"embeddable":true,"href":"https:\/\/dana.com.br\/canaldana\/wp-json\/wp\/v2\/comments?post=60360"}],"version-history":[{"count":0,"href":"https:\/\/dana.com.br\/canaldana\/wp-json\/wp\/v2\/posts\/60360\/revisions"}],"wp:attachment":[{"href":"https:\/\/dana.com.br\/canaldana\/wp-json\/wp\/v2\/media?parent=60360"}],"wp:term":[{"taxonomy":"category","embeddable":true,"href":"https:\/\/dana.com.br\/canaldana\/wp-json\/wp\/v2\/categories?post=60360"},{"taxonomy":"post_tag","embeddable":true,"href":"https:\/\/dana.com.br\/canaldana\/wp-json\/wp\/v2\/tags?post=60360"}],"curies":[{"name":"wp","href":"https:\/\/api.w.org\/{rel}","templated":true}]}}