{"id":60332,"date":"2022-08-16T08:56:51","date_gmt":"2022-08-16T11:56:51","guid":{"rendered":"https:\/\/dana.com.br\/canaldana\/?p=60332"},"modified":"2022-08-16T08:56:51","modified_gmt":"2022-08-16T11:56:51","slug":"biarticulado-volvo-completa-tres-decadas-de-revolucao-no-transporte-de-passageiros","status":"publish","type":"post","link":"https:\/\/dana.com.br\/canaldana\/2022\/08\/16\/biarticulado-volvo-completa-tres-decadas-de-revolucao-no-transporte-de-passageiros\/","title":{"rendered":"Biarticulado Volvo completa tr\u00eas d\u00e9cadas de revolu\u00e7\u00e3o no transporte de passageiros"},"content":{"rendered":"<p><em>Coisas de Agora<\/em><\/p>\n<p>&nbsp;<\/p>\n<p>\u201cOs biarticulados representaram um salto de capacidade e qualidade no deslocamento das pessoas em grandes cidades. Foi a partir dessa inven\u00e7\u00e3o da Volvo que surgiu uma revolu\u00e7\u00e3o, conhecida hoje como BRT (Bus Rapid Transport), sistema de transporte r\u00e1pido por \u00f4nibus que se espalhou pelo mundo nas \u00faltimas tr\u00eas d\u00e9cadas. Hoje, a Volvo est\u00e1 em BRTs de dezenas de pa\u00edses, com mais de 5 mil ve\u00edculos da marca\u201d, afirma Fabiano Todeschini, presidente da Volvo Buses na Am\u00e9rica Latina.<\/p>\n<p>&nbsp;<\/p>\n<p>Os biarticulados s\u00e3o \u00f4nibus com quatro eixos, duas articula\u00e7\u00f5es e alta capacidade de passageiros. O modelo atual da Volvo \u00e9 o maior \u00f4nibus em opera\u00e7\u00e3o no mundo. Dependendo da configura\u00e7\u00e3o da carroceria, pode ter at\u00e9 30 metros de comprimento e capacidade para 300 passageiros.<\/p>\n<p>&nbsp;<\/p>\n<p>O desenvolvimento do \u00f4nibus biarticulado nasceu de uma parceria entre a Volvo e Curitiba. No fim dos anos 80, a prefeitura procurou a fabricante, que tem sua sede latino-americana na cidade, com a proposta de desenvolver um \u00f4nibus de capacidade ainda maior do que os j\u00e1 consagrados articulados Volvo de ent\u00e3o.<\/p>\n<p>&nbsp;<\/p>\n<p>Na d\u00e9cada de 70, a prefeitura come\u00e7ou a criar a RIT, a Rede Integrada de Transporte. Primeiro, com o sistema de \u00f4nibus expresso. Em 1974, inaugurou o tr\u00e1fego de coletivos em vias exclusivas. Na d\u00e9cada de 1990 surge a linha direta, conhecida como ligeirinho, e as esta\u00e7\u00f5es tubo, um dos \u00edcones de Curitiba.<\/p>\n<p>&nbsp;<\/p>\n<p>A prefeitura projetou o sistema n\u00e3o apenas para transportar pessoas, mas tamb\u00e9m conduzir o desenvolvimento urbano. A partir do planejamento para onde a cidade deve crescer, leva-se o sistema de transporte e, naturalmente, a regi\u00e3o se desenvolve. Mas para cumprir esse objetivo e continuar crescendo, a RIT demandava ve\u00edculos de alt\u00edssima capacidade. A Volvo ent\u00e3o aceitou o desafio e em apenas nove meses desenvolveu o projeto. Em 1992 come\u00e7aram a circular, em canaletas exclusivas do eixo Centro-Boqueir\u00e3o, os primeiros 30 biarticulados com capacidade para 200 passageiros cada, e com 24,5 metros de comprimento.<\/p>\n<p>&nbsp;<\/p>\n<p>Com faixas exclusivas para \u00f4nibus, tarifa integrada e pr\u00e9-paga e esta\u00e7\u00f5es de embarque r\u00e1pido em n\u00edvel, estava criado o conceito do BRT, que projetaria Curitiba para o mundo. Hoje, a RIT transporta mais de 1,3 milh\u00e3o de passageiros por dia.<\/p>\n<p>&nbsp;<\/p>\n<p>Com a ajuda fundamental da Volvo, Curitiba consolidou um sistema eficiente de transporte coletivo que, no decorrer dos \u00faltimos 30 anos se tornou popular em todo o planeta, mas principalmente na Am\u00e9rica Latina.<\/p>\n<p>&nbsp;<\/p>\n<p>Hoje h\u00e1 BRTs operando em 61 cidades do continente, informa o Global BRT Data. Nelas, transportam quase 21 milh\u00f5es de passageiros por dia. \u00c9 como se a popula\u00e7\u00e3o de Minas Gerais, o segundo estado mais populoso do Brasil, se deslocasse todos os dias pelos BRTs latino-americanos.<\/p>\n<p>&nbsp;<\/p>\n<p>O pa\u00eds com mais BRTs no continente \u00e9 o Brasil: 24 cidades. Al\u00e9m de Curitiba, o sistema est\u00e1, por exemplo, em Belo Horizonte, Rio de Janeiro, Porto Alegre e Recife, todos com presen\u00e7a forte de ve\u00edculos Volvo. No Brasil, os BRTs respondem pelo deslocamento de 10,8 milh\u00f5es de passageiros todos os dias, pouco menos que a popula\u00e7\u00e3o de S\u00e3o Paulo em 2021, estimada em 12,3 milh\u00f5es pelo IBGE.<\/p>\n<p>&nbsp;<\/p>\n<p>Um dos maiores BRTs do mundo est\u00e1 em Bogot\u00e1, capital da Col\u00f4mbia. Segundo o Global BRT Data, o Transmilenio transporta 2,2 milh\u00f5es de passageiros diariamente e tem 113 quil\u00f4metros de extens\u00e3o. Inaugurado em dezembro de 2000, tem forte presen\u00e7a de articulados e biarticulados Volvo. Presente desde a implanta\u00e7\u00e3o do sistema, a marca vem continuamente contribuindo nas renova\u00e7\u00f5es de frota da cidade. Somente nos \u00faltimos quatro anos foram mais de 1.000 \u00f4nibus Volvo para o BRT da capital do pa\u00eds andino.<\/p>\n<p>&nbsp;<\/p>\n<p>Outro importante sistema de transporte urbano do continente \u00e9 o de Santiago, no Chile. Embora n\u00e3o seja tecnicamente considerado um BRT, a Red Metropolitana de Movilidad opera centenas de \u00f4nibus em integra\u00e7\u00e3o com o sistema de metr\u00f4 da capital do pa\u00eds. Gra\u00e7as \u00e0 experi\u00eancia com ve\u00edculos de alta capacidade, a Volvo sempre foi um dos principais provedores de \u00f4nibus para a cidade. Recentemente, a marca foi selecionada para fornecer 564 novos ve\u00edculos, na mais importante licita\u00e7\u00e3o de \u00f4nibus urbanos da Am\u00e9rica Latina em 2021\/2022. (Coisas de Agora)<\/p>\n","protected":false},"excerpt":{"rendered":"<p>Coisas de Agora &nbsp; \u201cOs biarticulados representaram um salto de capacidade e qualidade no deslocamento das pessoas em grandes cidades. Foi a partir dessa inven\u00e7\u00e3o da Volvo que surgiu uma revolu\u00e7\u00e3o, conhecida hoje como BRT (Bus Rapid Transport), sistema de transporte r\u00e1pido por \u00f4nibus que se espalhou pelo mundo nas \u00faltimas tr\u00eas d\u00e9cadas. Hoje, a\u2026 <a class=\"readmore\" href=\"https:\/\/dana.com.br\/canaldana\/2022\/08\/16\/biarticulado-volvo-completa-tres-decadas-de-revolucao-no-transporte-de-passageiros\/\">Leia mais \u00bb<\/a><\/p>\n","protected":false},"author":3,"featured_media":0,"comment_status":"closed","ping_status":"closed","sticky":false,"template":"","format":"standard","meta":{"_acf_changed":false,"footnotes":""},"categories":[79],"tags":[],"class_list":["post-60332","post","type-post","status-publish","format-standard","hentry","category-mercado"],"acf":[],"yoast_head":"<!-- This site is optimized with the Yoast SEO plugin v27.3 - https:\/\/yoast.com\/product\/yoast-seo-wordpress\/ -->\n<title>Biarticulado Volvo completa tr\u00eas d\u00e9cadas de revolu\u00e7\u00e3o no transporte de passageiros - Canal Dana<\/title>\n<meta name=\"robots\" content=\"index, follow, max-snippet:-1, max-image-preview:large, max-video-preview:-1\" \/>\n<link rel=\"canonical\" href=\"https:\/\/dana.com.br\/canaldana\/2022\/08\/16\/biarticulado-volvo-completa-tres-decadas-de-revolucao-no-transporte-de-passageiros\/\" \/>\n<meta property=\"og:locale\" content=\"pt_BR\" \/>\n<meta property=\"og:type\" content=\"article\" \/>\n<meta property=\"og:title\" content=\"Biarticulado Volvo completa tr\u00eas d\u00e9cadas de revolu\u00e7\u00e3o no transporte de passageiros - Canal Dana\" \/>\n<meta property=\"og:description\" content=\"Coisas de Agora &nbsp; \u201cOs biarticulados representaram um salto de capacidade e qualidade no deslocamento das pessoas em grandes cidades. Foi a partir dessa inven\u00e7\u00e3o da Volvo que surgiu uma revolu\u00e7\u00e3o, conhecida hoje como BRT (Bus Rapid Transport), sistema de transporte r\u00e1pido por \u00f4nibus que se espalhou pelo mundo nas \u00faltimas tr\u00eas d\u00e9cadas. Hoje, a\u2026 Leia mais \u00bb\" \/>\n<meta property=\"og:url\" content=\"https:\/\/dana.com.br\/canaldana\/2022\/08\/16\/biarticulado-volvo-completa-tres-decadas-de-revolucao-no-transporte-de-passageiros\/\" \/>\n<meta property=\"og:site_name\" content=\"Canal Dana\" \/>\n<meta property=\"article:published_time\" content=\"2022-08-16T11:56:51+00:00\" \/>\n<meta name=\"author\" content=\"Canal Dana\" \/>\n<meta name=\"twitter:card\" content=\"summary_large_image\" \/>\n<meta name=\"twitter:label1\" content=\"Escrito por\" \/>\n\t<meta name=\"twitter:data1\" content=\"Canal Dana\" \/>\n\t<meta name=\"twitter:label2\" content=\"Est. tempo de leitura\" \/>\n\t<meta name=\"twitter:data2\" content=\"4 minutos\" \/>\n<script type=\"application\/ld+json\" class=\"yoast-schema-graph\">{\"@context\":\"https:\\\/\\\/schema.org\",\"@graph\":[{\"@type\":\"Article\",\"@id\":\"https:\\\/\\\/dana.com.br\\\/canaldana\\\/2022\\\/08\\\/16\\\/biarticulado-volvo-completa-tres-decadas-de-revolucao-no-transporte-de-passageiros\\\/#article\",\"isPartOf\":{\"@id\":\"https:\\\/\\\/dana.com.br\\\/canaldana\\\/2022\\\/08\\\/16\\\/biarticulado-volvo-completa-tres-decadas-de-revolucao-no-transporte-de-passageiros\\\/\"},\"author\":{\"name\":\"Canal Dana\",\"@id\":\"https:\\\/\\\/dana.com.br\\\/canaldana\\\/#\\\/schema\\\/person\\\/3c21f22f56fcf3bc46b94bc60ea4fef6\"},\"headline\":\"Biarticulado Volvo completa tr\u00eas d\u00e9cadas de revolu\u00e7\u00e3o no transporte de passageiros\",\"datePublished\":\"2022-08-16T11:56:51+00:00\",\"mainEntityOfPage\":{\"@id\":\"https:\\\/\\\/dana.com.br\\\/canaldana\\\/2022\\\/08\\\/16\\\/biarticulado-volvo-completa-tres-decadas-de-revolucao-no-transporte-de-passageiros\\\/\"},\"wordCount\":729,\"articleSection\":[\"Mercado\"],\"inLanguage\":\"pt-BR\"},{\"@type\":\"WebPage\",\"@id\":\"https:\\\/\\\/dana.com.br\\\/canaldana\\\/2022\\\/08\\\/16\\\/biarticulado-volvo-completa-tres-decadas-de-revolucao-no-transporte-de-passageiros\\\/\",\"url\":\"https:\\\/\\\/dana.com.br\\\/canaldana\\\/2022\\\/08\\\/16\\\/biarticulado-volvo-completa-tres-decadas-de-revolucao-no-transporte-de-passageiros\\\/\",\"name\":\"Biarticulado Volvo completa tr\u00eas d\u00e9cadas de revolu\u00e7\u00e3o no transporte de passageiros - Canal Dana\",\"isPartOf\":{\"@id\":\"https:\\\/\\\/dana.com.br\\\/canaldana\\\/#website\"},\"datePublished\":\"2022-08-16T11:56:51+00:00\",\"author\":{\"@id\":\"https:\\\/\\\/dana.com.br\\\/canaldana\\\/#\\\/schema\\\/person\\\/3c21f22f56fcf3bc46b94bc60ea4fef6\"},\"breadcrumb\":{\"@id\":\"https:\\\/\\\/dana.com.br\\\/canaldana\\\/2022\\\/08\\\/16\\\/biarticulado-volvo-completa-tres-decadas-de-revolucao-no-transporte-de-passageiros\\\/#breadcrumb\"},\"inLanguage\":\"pt-BR\",\"potentialAction\":[{\"@type\":\"ReadAction\",\"target\":[\"https:\\\/\\\/dana.com.br\\\/canaldana\\\/2022\\\/08\\\/16\\\/biarticulado-volvo-completa-tres-decadas-de-revolucao-no-transporte-de-passageiros\\\/\"]}]},{\"@type\":\"BreadcrumbList\",\"@id\":\"https:\\\/\\\/dana.com.br\\\/canaldana\\\/2022\\\/08\\\/16\\\/biarticulado-volvo-completa-tres-decadas-de-revolucao-no-transporte-de-passageiros\\\/#breadcrumb\",\"itemListElement\":[{\"@type\":\"ListItem\",\"position\":1,\"name\":\"Home\",\"item\":\"https:\\\/\\\/dana.com.br\\\/canaldana\\\/\"},{\"@type\":\"ListItem\",\"position\":2,\"name\":\"Mercado\",\"item\":\"https:\\\/\\\/dana.com.br\\\/canaldana\\\/mercado\\\/\"},{\"@type\":\"ListItem\",\"position\":3,\"name\":\"Biarticulado Volvo completa tr\u00eas d\u00e9cadas de revolu\u00e7\u00e3o no transporte de passageiros\"}]},{\"@type\":\"WebSite\",\"@id\":\"https:\\\/\\\/dana.com.br\\\/canaldana\\\/#website\",\"url\":\"https:\\\/\\\/dana.com.br\\\/canaldana\\\/\",\"name\":\"Canal Dana\",\"description\":\"Informativo com as principais not\u00edcias da ind\u00fastria automotiva\",\"potentialAction\":[{\"@type\":\"SearchAction\",\"target\":{\"@type\":\"EntryPoint\",\"urlTemplate\":\"https:\\\/\\\/dana.com.br\\\/canaldana\\\/?s={search_term_string}\"},\"query-input\":{\"@type\":\"PropertyValueSpecification\",\"valueRequired\":true,\"valueName\":\"search_term_string\"}}],\"inLanguage\":\"pt-BR\"},{\"@type\":\"Person\",\"@id\":\"https:\\\/\\\/dana.com.br\\\/canaldana\\\/#\\\/schema\\\/person\\\/3c21f22f56fcf3bc46b94bc60ea4fef6\",\"name\":\"Canal Dana\",\"image\":{\"@type\":\"ImageObject\",\"inLanguage\":\"pt-BR\",\"@id\":\"https:\\\/\\\/secure.gravatar.com\\\/avatar\\\/420aaf9278582877d9018637c6817617705899d2858d7572ef0fe59a6b6454b4?s=96&d=mm&r=g\",\"url\":\"https:\\\/\\\/secure.gravatar.com\\\/avatar\\\/420aaf9278582877d9018637c6817617705899d2858d7572ef0fe59a6b6454b4?s=96&d=mm&r=g\",\"contentUrl\":\"https:\\\/\\\/secure.gravatar.com\\\/avatar\\\/420aaf9278582877d9018637c6817617705899d2858d7572ef0fe59a6b6454b4?s=96&d=mm&r=g\",\"caption\":\"Canal Dana\"},\"url\":\"https:\\\/\\\/dana.com.br\\\/canaldana\\\/author\\\/cdeditor\\\/\"}]}<\/script>\n<!-- \/ Yoast SEO plugin. -->","yoast_head_json":{"title":"Biarticulado Volvo completa tr\u00eas d\u00e9cadas de revolu\u00e7\u00e3o no transporte de passageiros - Canal Dana","robots":{"index":"index","follow":"follow","max-snippet":"max-snippet:-1","max-image-preview":"max-image-preview:large","max-video-preview":"max-video-preview:-1"},"canonical":"https:\/\/dana.com.br\/canaldana\/2022\/08\/16\/biarticulado-volvo-completa-tres-decadas-de-revolucao-no-transporte-de-passageiros\/","og_locale":"pt_BR","og_type":"article","og_title":"Biarticulado Volvo completa tr\u00eas d\u00e9cadas de revolu\u00e7\u00e3o no transporte de passageiros - Canal Dana","og_description":"Coisas de Agora &nbsp; \u201cOs biarticulados representaram um salto de capacidade e qualidade no deslocamento das pessoas em grandes cidades. Foi a partir dessa inven\u00e7\u00e3o da Volvo que surgiu uma revolu\u00e7\u00e3o, conhecida hoje como BRT (Bus Rapid Transport), sistema de transporte r\u00e1pido por \u00f4nibus que se espalhou pelo mundo nas \u00faltimas tr\u00eas d\u00e9cadas. Hoje, a\u2026 Leia mais \u00bb","og_url":"https:\/\/dana.com.br\/canaldana\/2022\/08\/16\/biarticulado-volvo-completa-tres-decadas-de-revolucao-no-transporte-de-passageiros\/","og_site_name":"Canal Dana","article_published_time":"2022-08-16T11:56:51+00:00","author":"Canal Dana","twitter_card":"summary_large_image","twitter_misc":{"Escrito por":"Canal Dana","Est. tempo de leitura":"4 minutos"},"schema":{"@context":"https:\/\/schema.org","@graph":[{"@type":"Article","@id":"https:\/\/dana.com.br\/canaldana\/2022\/08\/16\/biarticulado-volvo-completa-tres-decadas-de-revolucao-no-transporte-de-passageiros\/#article","isPartOf":{"@id":"https:\/\/dana.com.br\/canaldana\/2022\/08\/16\/biarticulado-volvo-completa-tres-decadas-de-revolucao-no-transporte-de-passageiros\/"},"author":{"name":"Canal Dana","@id":"https:\/\/dana.com.br\/canaldana\/#\/schema\/person\/3c21f22f56fcf3bc46b94bc60ea4fef6"},"headline":"Biarticulado Volvo completa tr\u00eas d\u00e9cadas de revolu\u00e7\u00e3o no transporte de passageiros","datePublished":"2022-08-16T11:56:51+00:00","mainEntityOfPage":{"@id":"https:\/\/dana.com.br\/canaldana\/2022\/08\/16\/biarticulado-volvo-completa-tres-decadas-de-revolucao-no-transporte-de-passageiros\/"},"wordCount":729,"articleSection":["Mercado"],"inLanguage":"pt-BR"},{"@type":"WebPage","@id":"https:\/\/dana.com.br\/canaldana\/2022\/08\/16\/biarticulado-volvo-completa-tres-decadas-de-revolucao-no-transporte-de-passageiros\/","url":"https:\/\/dana.com.br\/canaldana\/2022\/08\/16\/biarticulado-volvo-completa-tres-decadas-de-revolucao-no-transporte-de-passageiros\/","name":"Biarticulado Volvo completa tr\u00eas d\u00e9cadas de revolu\u00e7\u00e3o no transporte de passageiros - Canal Dana","isPartOf":{"@id":"https:\/\/dana.com.br\/canaldana\/#website"},"datePublished":"2022-08-16T11:56:51+00:00","author":{"@id":"https:\/\/dana.com.br\/canaldana\/#\/schema\/person\/3c21f22f56fcf3bc46b94bc60ea4fef6"},"breadcrumb":{"@id":"https:\/\/dana.com.br\/canaldana\/2022\/08\/16\/biarticulado-volvo-completa-tres-decadas-de-revolucao-no-transporte-de-passageiros\/#breadcrumb"},"inLanguage":"pt-BR","potentialAction":[{"@type":"ReadAction","target":["https:\/\/dana.com.br\/canaldana\/2022\/08\/16\/biarticulado-volvo-completa-tres-decadas-de-revolucao-no-transporte-de-passageiros\/"]}]},{"@type":"BreadcrumbList","@id":"https:\/\/dana.com.br\/canaldana\/2022\/08\/16\/biarticulado-volvo-completa-tres-decadas-de-revolucao-no-transporte-de-passageiros\/#breadcrumb","itemListElement":[{"@type":"ListItem","position":1,"name":"Home","item":"https:\/\/dana.com.br\/canaldana\/"},{"@type":"ListItem","position":2,"name":"Mercado","item":"https:\/\/dana.com.br\/canaldana\/mercado\/"},{"@type":"ListItem","position":3,"name":"Biarticulado Volvo completa tr\u00eas d\u00e9cadas de revolu\u00e7\u00e3o no transporte de passageiros"}]},{"@type":"WebSite","@id":"https:\/\/dana.com.br\/canaldana\/#website","url":"https:\/\/dana.com.br\/canaldana\/","name":"Canal Dana","description":"Informativo com as principais not\u00edcias da ind\u00fastria automotiva","potentialAction":[{"@type":"SearchAction","target":{"@type":"EntryPoint","urlTemplate":"https:\/\/dana.com.br\/canaldana\/?s={search_term_string}"},"query-input":{"@type":"PropertyValueSpecification","valueRequired":true,"valueName":"search_term_string"}}],"inLanguage":"pt-BR"},{"@type":"Person","@id":"https:\/\/dana.com.br\/canaldana\/#\/schema\/person\/3c21f22f56fcf3bc46b94bc60ea4fef6","name":"Canal Dana","image":{"@type":"ImageObject","inLanguage":"pt-BR","@id":"https:\/\/secure.gravatar.com\/avatar\/420aaf9278582877d9018637c6817617705899d2858d7572ef0fe59a6b6454b4?s=96&d=mm&r=g","url":"https:\/\/secure.gravatar.com\/avatar\/420aaf9278582877d9018637c6817617705899d2858d7572ef0fe59a6b6454b4?s=96&d=mm&r=g","contentUrl":"https:\/\/secure.gravatar.com\/avatar\/420aaf9278582877d9018637c6817617705899d2858d7572ef0fe59a6b6454b4?s=96&d=mm&r=g","caption":"Canal Dana"},"url":"https:\/\/dana.com.br\/canaldana\/author\/cdeditor\/"}]}},"_links":{"self":[{"href":"https:\/\/dana.com.br\/canaldana\/wp-json\/wp\/v2\/posts\/60332","targetHints":{"allow":["GET"]}}],"collection":[{"href":"https:\/\/dana.com.br\/canaldana\/wp-json\/wp\/v2\/posts"}],"about":[{"href":"https:\/\/dana.com.br\/canaldana\/wp-json\/wp\/v2\/types\/post"}],"author":[{"embeddable":true,"href":"https:\/\/dana.com.br\/canaldana\/wp-json\/wp\/v2\/users\/3"}],"replies":[{"embeddable":true,"href":"https:\/\/dana.com.br\/canaldana\/wp-json\/wp\/v2\/comments?post=60332"}],"version-history":[{"count":0,"href":"https:\/\/dana.com.br\/canaldana\/wp-json\/wp\/v2\/posts\/60332\/revisions"}],"wp:attachment":[{"href":"https:\/\/dana.com.br\/canaldana\/wp-json\/wp\/v2\/media?parent=60332"}],"wp:term":[{"taxonomy":"category","embeddable":true,"href":"https:\/\/dana.com.br\/canaldana\/wp-json\/wp\/v2\/categories?post=60332"},{"taxonomy":"post_tag","embeddable":true,"href":"https:\/\/dana.com.br\/canaldana\/wp-json\/wp\/v2\/tags?post=60332"}],"curies":[{"name":"wp","href":"https:\/\/api.w.org\/{rel}","templated":true}]}}