{"id":60330,"date":"2022-08-16T08:56:11","date_gmt":"2022-08-16T11:56:11","guid":{"rendered":"https:\/\/dana.com.br\/canaldana\/?p=60330"},"modified":"2022-08-16T08:56:11","modified_gmt":"2022-08-16T11:56:11","slug":"volksbus-lanca-novos-kits-de-pecas-acessorios-e-servicos","status":"publish","type":"post","link":"https:\/\/dana.com.br\/canaldana\/2022\/08\/16\/volksbus-lanca-novos-kits-de-pecas-acessorios-e-servicos\/","title":{"rendered":"Volksbus lan\u00e7a novos kits de pe\u00e7as, acess\u00f3rios e servi\u00e7os"},"content":{"rendered":"<p><em>Autos Pesados<\/em><\/p>\n<p>&nbsp;<\/p>\n<p>A Volkswagen Caminh\u00f5es e \u00d4nibus lan\u00e7a novos kits de acess\u00f3rios e reparos para a fam\u00edlia VolksBus. Segundo a marca, o objetivo \u00e9 sempre oferecer o melhor custo operacional, seja aumentando a disponibilidade para opera\u00e7\u00e3o ou reduzindo o impacto financeiro em manuten\u00e7\u00e3o.<\/p>\n<p>&nbsp;<\/p>\n<p>Com a linha Kits Sob Medida, a montadora facilita a aquisi\u00e7\u00e3o de componentes em conjunto, de forma mais inteligente: de uma s\u00f3 vez, o cliente j\u00e1 adquire tudo que for necess\u00e1rio para seu reparo e com custo reduzido. J\u00e1 a Volks Greenline, linha de pe\u00e7as remanufaturadas da VWCO, tem foco na redu\u00e7\u00e3o do TCO e estimula a\u00e7\u00f5es de sustentabilidade no mercado. Complementando as novidades, a marca inclui op\u00e7\u00f5es em sua linha de pe\u00e7as Economy. Toda a oferta j\u00e1 est\u00e1 dispon\u00edvel nas concession\u00e1rias da marca espalhadas pelo Brasil.<\/p>\n<p>&nbsp;<\/p>\n<p>Os itens de todas as linhas Economy, Volks Greenline e Kits Sob Medida s\u00e3o produzidos seguindo os rigorosos crit\u00e9rios estabelecidos pela Engenharia e Qualidade VWCO, com garantia nacional de 12 meses sem limite de quilometragem.<\/p>\n<p>&nbsp;<\/p>\n<p><strong>Melhor custo-benef\u00edcio<\/strong><\/p>\n<p>&nbsp;<\/p>\n<p>Os Kits Sob Medida contam com itens importantes para a manuten\u00e7\u00e3o do ve\u00edculo e um portf\u00f3lio de jogos e conjuntos de pe\u00e7as desenvolvidos estrategicamente para agilizar o reparo e proporcionar o melhor custo-benef\u00edcio ao cliente. J\u00e1 s\u00e3o mais de 400 itens dispon\u00edveis e a montadora continua investindo para ofertar mais para seus clientes. A partir deste m\u00eas, est\u00e3o \u00e0 venda tamb\u00e9m os kits de reparo para a alavanca de c\u00e2mbio, com tr\u00eas op\u00e7\u00f5es, que geram uma redu\u00e7\u00e3o de custo de at\u00e9 80%, e tamb\u00e9m os kits de rotor do turbo compressor, que viabiliza o reparo em vez da troca do conjunto completo.<\/p>\n<p>&nbsp;<\/p>\n<p><strong>Linha Economy<\/strong><\/p>\n<p>&nbsp;<\/p>\n<p>Desenvolvida sob medida para gerar economia, a linha Economy \u00e9 testada e homologada a fim de proporcionar o m\u00e1ximo desempenho, confiabilidade e seguran\u00e7a com um excelente custo-benef\u00edcio. O portf\u00f3lio atual j\u00e1 conta com mais de 40 itens, dentre eles filtro de combust\u00edvel, tambores de freio e embreagem. A novidade, que acaba de chegar \u00e0s concession\u00e1rias da marca, s\u00e3o os jogos de lonas de freio para os Volksbus, pe\u00e7as que podem gerar uma economia de 20%.<\/p>\n<p>&nbsp;<\/p>\n<p><strong>Volks Greenline<\/strong><\/p>\n<p>&nbsp;<\/p>\n<p>Sempre pensando em oferecer o melhor custo-benef\u00edcio para os clientes e uma alternativa ecologicamente sustent\u00e1vel, a Volks Greenline \u00e9 uma linha de pe\u00e7as remanufaturadas que j\u00e1 conta com mais de 70 pe\u00e7as dispon\u00edveis. Ampliando o portf\u00f3lio, os clientes da fam\u00edlia Volksbus podem encontrar nas concession\u00e1rias autorizadas o cabe\u00e7ote dos cilindros, que gera uma redu\u00e7\u00e3o no custo de manuten\u00e7\u00e3o de at\u00e9 50%. Tamb\u00e9m integram a oferta itens como bicos injetores e turbos para os motores MAN D08 de 4 e 6 cilindros, al\u00e9m do pr\u00f3prio motor MAN D08 (4 e 6 cilindros \u2013 shorblock).<\/p>\n<p>&nbsp;<\/p>\n<p>Todos os produtos da Volks Greenline passam por um processo industrial de desmontagem da pe\u00e7a usada, que inclui a limpeza de cada parte, repara\u00e7\u00e3o ou substitui\u00e7\u00e3o de componentes danificados, testes de qualidade do produto e remontagem, para que o produto final apresente perfeitas condi\u00e7\u00f5es de funcionamento.<\/p>\n<p>&nbsp;<\/p>\n<p><strong>Lubrificantes ALMAX<\/strong><\/p>\n<p>&nbsp;<\/p>\n<p>Como parte da estrat\u00e9gia para fideliza\u00e7\u00e3o dos clientes no p\u00f3s-vendas, a VWCO tem em seu portf\u00f3lio a linha de lubrificantes originais ALMAX, desenvolvidos exclusivamente para aplica\u00e7\u00e3o nos caminh\u00f5es e \u00f4nibus VW. Sua formula\u00e7\u00e3o cont\u00e9m componentes que protegem o motor contra a a\u00e7\u00e3o de \u00e1cidos, dep\u00f3sitos, oxida\u00e7\u00e3o e fuligem, garantindo sempre um funcionamento suave e em condi\u00e7\u00f5es ideais de temperatura, aumentando a vida \u00fatil do ve\u00edculo. (Autos Pesados)<\/p>\n","protected":false},"excerpt":{"rendered":"<p>Autos Pesados &nbsp; A Volkswagen Caminh\u00f5es e \u00d4nibus lan\u00e7a novos kits de acess\u00f3rios e reparos para a fam\u00edlia VolksBus. Segundo a marca, o objetivo \u00e9 sempre oferecer o melhor custo operacional, seja aumentando a disponibilidade para opera\u00e7\u00e3o ou reduzindo o impacto financeiro em manuten\u00e7\u00e3o. &nbsp; Com a linha Kits Sob Medida, a montadora facilita a\u2026 <a class=\"readmore\" href=\"https:\/\/dana.com.br\/canaldana\/2022\/08\/16\/volksbus-lanca-novos-kits-de-pecas-acessorios-e-servicos\/\">Leia mais \u00bb<\/a><\/p>\n","protected":false},"author":3,"featured_media":0,"comment_status":"closed","ping_status":"closed","sticky":false,"template":"","format":"standard","meta":{"_acf_changed":false,"footnotes":""},"categories":[79],"tags":[],"class_list":["post-60330","post","type-post","status-publish","format-standard","hentry","category-mercado"],"acf":[],"yoast_head":"<!-- This site is optimized with the Yoast SEO plugin v27.3 - https:\/\/yoast.com\/product\/yoast-seo-wordpress\/ -->\n<title>Volksbus lan\u00e7a novos kits de pe\u00e7as, acess\u00f3rios e servi\u00e7os - Canal Dana<\/title>\n<meta name=\"robots\" content=\"index, follow, max-snippet:-1, max-image-preview:large, max-video-preview:-1\" \/>\n<link rel=\"canonical\" href=\"https:\/\/dana.com.br\/canaldana\/2022\/08\/16\/volksbus-lanca-novos-kits-de-pecas-acessorios-e-servicos\/\" \/>\n<meta property=\"og:locale\" content=\"pt_BR\" \/>\n<meta property=\"og:type\" content=\"article\" \/>\n<meta property=\"og:title\" content=\"Volksbus lan\u00e7a novos kits de pe\u00e7as, acess\u00f3rios e servi\u00e7os - Canal Dana\" \/>\n<meta property=\"og:description\" content=\"Autos Pesados &nbsp; A Volkswagen Caminh\u00f5es e \u00d4nibus lan\u00e7a novos kits de acess\u00f3rios e reparos para a fam\u00edlia VolksBus. Segundo a marca, o objetivo \u00e9 sempre oferecer o melhor custo operacional, seja aumentando a disponibilidade para opera\u00e7\u00e3o ou reduzindo o impacto financeiro em manuten\u00e7\u00e3o. &nbsp; Com a linha Kits Sob Medida, a montadora facilita a\u2026 Leia mais \u00bb\" \/>\n<meta property=\"og:url\" content=\"https:\/\/dana.com.br\/canaldana\/2022\/08\/16\/volksbus-lanca-novos-kits-de-pecas-acessorios-e-servicos\/\" \/>\n<meta property=\"og:site_name\" content=\"Canal Dana\" \/>\n<meta property=\"article:published_time\" content=\"2022-08-16T11:56:11+00:00\" \/>\n<meta name=\"author\" content=\"Canal Dana\" \/>\n<meta name=\"twitter:card\" content=\"summary_large_image\" \/>\n<meta name=\"twitter:label1\" content=\"Escrito por\" \/>\n\t<meta name=\"twitter:data1\" content=\"Canal Dana\" \/>\n\t<meta name=\"twitter:label2\" content=\"Est. tempo de leitura\" \/>\n\t<meta name=\"twitter:data2\" content=\"3 minutos\" \/>\n<script type=\"application\/ld+json\" class=\"yoast-schema-graph\">{\"@context\":\"https:\\\/\\\/schema.org\",\"@graph\":[{\"@type\":\"Article\",\"@id\":\"https:\\\/\\\/dana.com.br\\\/canaldana\\\/2022\\\/08\\\/16\\\/volksbus-lanca-novos-kits-de-pecas-acessorios-e-servicos\\\/#article\",\"isPartOf\":{\"@id\":\"https:\\\/\\\/dana.com.br\\\/canaldana\\\/2022\\\/08\\\/16\\\/volksbus-lanca-novos-kits-de-pecas-acessorios-e-servicos\\\/\"},\"author\":{\"name\":\"Canal Dana\",\"@id\":\"https:\\\/\\\/dana.com.br\\\/canaldana\\\/#\\\/schema\\\/person\\\/3c21f22f56fcf3bc46b94bc60ea4fef6\"},\"headline\":\"Volksbus lan\u00e7a novos kits de pe\u00e7as, acess\u00f3rios e servi\u00e7os\",\"datePublished\":\"2022-08-16T11:56:11+00:00\",\"mainEntityOfPage\":{\"@id\":\"https:\\\/\\\/dana.com.br\\\/canaldana\\\/2022\\\/08\\\/16\\\/volksbus-lanca-novos-kits-de-pecas-acessorios-e-servicos\\\/\"},\"wordCount\":637,\"articleSection\":[\"Mercado\"],\"inLanguage\":\"pt-BR\"},{\"@type\":\"WebPage\",\"@id\":\"https:\\\/\\\/dana.com.br\\\/canaldana\\\/2022\\\/08\\\/16\\\/volksbus-lanca-novos-kits-de-pecas-acessorios-e-servicos\\\/\",\"url\":\"https:\\\/\\\/dana.com.br\\\/canaldana\\\/2022\\\/08\\\/16\\\/volksbus-lanca-novos-kits-de-pecas-acessorios-e-servicos\\\/\",\"name\":\"Volksbus lan\u00e7a novos kits de pe\u00e7as, acess\u00f3rios e servi\u00e7os - Canal Dana\",\"isPartOf\":{\"@id\":\"https:\\\/\\\/dana.com.br\\\/canaldana\\\/#website\"},\"datePublished\":\"2022-08-16T11:56:11+00:00\",\"author\":{\"@id\":\"https:\\\/\\\/dana.com.br\\\/canaldana\\\/#\\\/schema\\\/person\\\/3c21f22f56fcf3bc46b94bc60ea4fef6\"},\"breadcrumb\":{\"@id\":\"https:\\\/\\\/dana.com.br\\\/canaldana\\\/2022\\\/08\\\/16\\\/volksbus-lanca-novos-kits-de-pecas-acessorios-e-servicos\\\/#breadcrumb\"},\"inLanguage\":\"pt-BR\",\"potentialAction\":[{\"@type\":\"ReadAction\",\"target\":[\"https:\\\/\\\/dana.com.br\\\/canaldana\\\/2022\\\/08\\\/16\\\/volksbus-lanca-novos-kits-de-pecas-acessorios-e-servicos\\\/\"]}]},{\"@type\":\"BreadcrumbList\",\"@id\":\"https:\\\/\\\/dana.com.br\\\/canaldana\\\/2022\\\/08\\\/16\\\/volksbus-lanca-novos-kits-de-pecas-acessorios-e-servicos\\\/#breadcrumb\",\"itemListElement\":[{\"@type\":\"ListItem\",\"position\":1,\"name\":\"Home\",\"item\":\"https:\\\/\\\/dana.com.br\\\/canaldana\\\/\"},{\"@type\":\"ListItem\",\"position\":2,\"name\":\"Mercado\",\"item\":\"https:\\\/\\\/dana.com.br\\\/canaldana\\\/mercado\\\/\"},{\"@type\":\"ListItem\",\"position\":3,\"name\":\"Volksbus lan\u00e7a novos kits de pe\u00e7as, acess\u00f3rios e servi\u00e7os\"}]},{\"@type\":\"WebSite\",\"@id\":\"https:\\\/\\\/dana.com.br\\\/canaldana\\\/#website\",\"url\":\"https:\\\/\\\/dana.com.br\\\/canaldana\\\/\",\"name\":\"Canal Dana\",\"description\":\"Informativo com as principais not\u00edcias da ind\u00fastria automotiva\",\"potentialAction\":[{\"@type\":\"SearchAction\",\"target\":{\"@type\":\"EntryPoint\",\"urlTemplate\":\"https:\\\/\\\/dana.com.br\\\/canaldana\\\/?s={search_term_string}\"},\"query-input\":{\"@type\":\"PropertyValueSpecification\",\"valueRequired\":true,\"valueName\":\"search_term_string\"}}],\"inLanguage\":\"pt-BR\"},{\"@type\":\"Person\",\"@id\":\"https:\\\/\\\/dana.com.br\\\/canaldana\\\/#\\\/schema\\\/person\\\/3c21f22f56fcf3bc46b94bc60ea4fef6\",\"name\":\"Canal Dana\",\"image\":{\"@type\":\"ImageObject\",\"inLanguage\":\"pt-BR\",\"@id\":\"https:\\\/\\\/secure.gravatar.com\\\/avatar\\\/420aaf9278582877d9018637c6817617705899d2858d7572ef0fe59a6b6454b4?s=96&d=mm&r=g\",\"url\":\"https:\\\/\\\/secure.gravatar.com\\\/avatar\\\/420aaf9278582877d9018637c6817617705899d2858d7572ef0fe59a6b6454b4?s=96&d=mm&r=g\",\"contentUrl\":\"https:\\\/\\\/secure.gravatar.com\\\/avatar\\\/420aaf9278582877d9018637c6817617705899d2858d7572ef0fe59a6b6454b4?s=96&d=mm&r=g\",\"caption\":\"Canal Dana\"},\"url\":\"https:\\\/\\\/dana.com.br\\\/canaldana\\\/author\\\/cdeditor\\\/\"}]}<\/script>\n<!-- \/ Yoast SEO plugin. -->","yoast_head_json":{"title":"Volksbus lan\u00e7a novos kits de pe\u00e7as, acess\u00f3rios e servi\u00e7os - Canal Dana","robots":{"index":"index","follow":"follow","max-snippet":"max-snippet:-1","max-image-preview":"max-image-preview:large","max-video-preview":"max-video-preview:-1"},"canonical":"https:\/\/dana.com.br\/canaldana\/2022\/08\/16\/volksbus-lanca-novos-kits-de-pecas-acessorios-e-servicos\/","og_locale":"pt_BR","og_type":"article","og_title":"Volksbus lan\u00e7a novos kits de pe\u00e7as, acess\u00f3rios e servi\u00e7os - Canal Dana","og_description":"Autos Pesados &nbsp; A Volkswagen Caminh\u00f5es e \u00d4nibus lan\u00e7a novos kits de acess\u00f3rios e reparos para a fam\u00edlia VolksBus. Segundo a marca, o objetivo \u00e9 sempre oferecer o melhor custo operacional, seja aumentando a disponibilidade para opera\u00e7\u00e3o ou reduzindo o impacto financeiro em manuten\u00e7\u00e3o. &nbsp; Com a linha Kits Sob Medida, a montadora facilita a\u2026 Leia mais \u00bb","og_url":"https:\/\/dana.com.br\/canaldana\/2022\/08\/16\/volksbus-lanca-novos-kits-de-pecas-acessorios-e-servicos\/","og_site_name":"Canal Dana","article_published_time":"2022-08-16T11:56:11+00:00","author":"Canal Dana","twitter_card":"summary_large_image","twitter_misc":{"Escrito por":"Canal Dana","Est. tempo de leitura":"3 minutos"},"schema":{"@context":"https:\/\/schema.org","@graph":[{"@type":"Article","@id":"https:\/\/dana.com.br\/canaldana\/2022\/08\/16\/volksbus-lanca-novos-kits-de-pecas-acessorios-e-servicos\/#article","isPartOf":{"@id":"https:\/\/dana.com.br\/canaldana\/2022\/08\/16\/volksbus-lanca-novos-kits-de-pecas-acessorios-e-servicos\/"},"author":{"name":"Canal Dana","@id":"https:\/\/dana.com.br\/canaldana\/#\/schema\/person\/3c21f22f56fcf3bc46b94bc60ea4fef6"},"headline":"Volksbus lan\u00e7a novos kits de pe\u00e7as, acess\u00f3rios e servi\u00e7os","datePublished":"2022-08-16T11:56:11+00:00","mainEntityOfPage":{"@id":"https:\/\/dana.com.br\/canaldana\/2022\/08\/16\/volksbus-lanca-novos-kits-de-pecas-acessorios-e-servicos\/"},"wordCount":637,"articleSection":["Mercado"],"inLanguage":"pt-BR"},{"@type":"WebPage","@id":"https:\/\/dana.com.br\/canaldana\/2022\/08\/16\/volksbus-lanca-novos-kits-de-pecas-acessorios-e-servicos\/","url":"https:\/\/dana.com.br\/canaldana\/2022\/08\/16\/volksbus-lanca-novos-kits-de-pecas-acessorios-e-servicos\/","name":"Volksbus lan\u00e7a novos kits de pe\u00e7as, acess\u00f3rios e servi\u00e7os - Canal Dana","isPartOf":{"@id":"https:\/\/dana.com.br\/canaldana\/#website"},"datePublished":"2022-08-16T11:56:11+00:00","author":{"@id":"https:\/\/dana.com.br\/canaldana\/#\/schema\/person\/3c21f22f56fcf3bc46b94bc60ea4fef6"},"breadcrumb":{"@id":"https:\/\/dana.com.br\/canaldana\/2022\/08\/16\/volksbus-lanca-novos-kits-de-pecas-acessorios-e-servicos\/#breadcrumb"},"inLanguage":"pt-BR","potentialAction":[{"@type":"ReadAction","target":["https:\/\/dana.com.br\/canaldana\/2022\/08\/16\/volksbus-lanca-novos-kits-de-pecas-acessorios-e-servicos\/"]}]},{"@type":"BreadcrumbList","@id":"https:\/\/dana.com.br\/canaldana\/2022\/08\/16\/volksbus-lanca-novos-kits-de-pecas-acessorios-e-servicos\/#breadcrumb","itemListElement":[{"@type":"ListItem","position":1,"name":"Home","item":"https:\/\/dana.com.br\/canaldana\/"},{"@type":"ListItem","position":2,"name":"Mercado","item":"https:\/\/dana.com.br\/canaldana\/mercado\/"},{"@type":"ListItem","position":3,"name":"Volksbus lan\u00e7a novos kits de pe\u00e7as, acess\u00f3rios e servi\u00e7os"}]},{"@type":"WebSite","@id":"https:\/\/dana.com.br\/canaldana\/#website","url":"https:\/\/dana.com.br\/canaldana\/","name":"Canal Dana","description":"Informativo com as principais not\u00edcias da ind\u00fastria automotiva","potentialAction":[{"@type":"SearchAction","target":{"@type":"EntryPoint","urlTemplate":"https:\/\/dana.com.br\/canaldana\/?s={search_term_string}"},"query-input":{"@type":"PropertyValueSpecification","valueRequired":true,"valueName":"search_term_string"}}],"inLanguage":"pt-BR"},{"@type":"Person","@id":"https:\/\/dana.com.br\/canaldana\/#\/schema\/person\/3c21f22f56fcf3bc46b94bc60ea4fef6","name":"Canal Dana","image":{"@type":"ImageObject","inLanguage":"pt-BR","@id":"https:\/\/secure.gravatar.com\/avatar\/420aaf9278582877d9018637c6817617705899d2858d7572ef0fe59a6b6454b4?s=96&d=mm&r=g","url":"https:\/\/secure.gravatar.com\/avatar\/420aaf9278582877d9018637c6817617705899d2858d7572ef0fe59a6b6454b4?s=96&d=mm&r=g","contentUrl":"https:\/\/secure.gravatar.com\/avatar\/420aaf9278582877d9018637c6817617705899d2858d7572ef0fe59a6b6454b4?s=96&d=mm&r=g","caption":"Canal Dana"},"url":"https:\/\/dana.com.br\/canaldana\/author\/cdeditor\/"}]}},"_links":{"self":[{"href":"https:\/\/dana.com.br\/canaldana\/wp-json\/wp\/v2\/posts\/60330","targetHints":{"allow":["GET"]}}],"collection":[{"href":"https:\/\/dana.com.br\/canaldana\/wp-json\/wp\/v2\/posts"}],"about":[{"href":"https:\/\/dana.com.br\/canaldana\/wp-json\/wp\/v2\/types\/post"}],"author":[{"embeddable":true,"href":"https:\/\/dana.com.br\/canaldana\/wp-json\/wp\/v2\/users\/3"}],"replies":[{"embeddable":true,"href":"https:\/\/dana.com.br\/canaldana\/wp-json\/wp\/v2\/comments?post=60330"}],"version-history":[{"count":0,"href":"https:\/\/dana.com.br\/canaldana\/wp-json\/wp\/v2\/posts\/60330\/revisions"}],"wp:attachment":[{"href":"https:\/\/dana.com.br\/canaldana\/wp-json\/wp\/v2\/media?parent=60330"}],"wp:term":[{"taxonomy":"category","embeddable":true,"href":"https:\/\/dana.com.br\/canaldana\/wp-json\/wp\/v2\/categories?post=60330"},{"taxonomy":"post_tag","embeddable":true,"href":"https:\/\/dana.com.br\/canaldana\/wp-json\/wp\/v2\/tags?post=60330"}],"curies":[{"name":"wp","href":"https:\/\/api.w.org\/{rel}","templated":true}]}}