{"id":60268,"date":"2022-08-12T09:11:14","date_gmt":"2022-08-12T12:11:14","guid":{"rendered":"https:\/\/dana.com.br\/canaldana\/?p=60268"},"modified":"2022-08-12T09:11:14","modified_gmt":"2022-08-12T12:11:14","slug":"carros-eletricos-sao-paulo-tem-445-carregadores-publicos-e-semipublicos","status":"publish","type":"post","link":"https:\/\/dana.com.br\/canaldana\/2022\/08\/12\/carros-eletricos-sao-paulo-tem-445-carregadores-publicos-e-semipublicos\/","title":{"rendered":"Carros el\u00e9tricos: S\u00e3o Paulo tem 445 carregadores p\u00fablicos e semip\u00fablicos"},"content":{"rendered":"<p><em>Jornal do Carro <\/em><\/p>\n<p>&nbsp;<\/p>\n<p>Um levantamento da Elev, startup de mobilidade, traz os n\u00fameros atuais dos carregadores p\u00fablicos e semip\u00fablicos para carros el\u00e9tricos e h\u00edbridos plug-in no Brasil. Ao todo, j\u00e1 s\u00e3o 1.300 pontos de recarga no Pa\u00eds. A cidade de S\u00e3o Paulo se destaca com 445 pontos &#8211; ou seja, 34% dos eletropostos. Al\u00e9m disso, o crescimento de julho para agosto deste ano foi de 11,25%. O aumento faz sentindo, afinal, o segmento de ve\u00edculos eletrificados acumula recordes.<\/p>\n<p>&nbsp;<\/p>\n<p>Segundo dados da Associa\u00e7\u00e3o Brasileira do Ve\u00edculo El\u00e9trico (ABVE), o Pa\u00eds superou a marca dos 100 mil carros eletrificados em circula\u00e7\u00e3o em julho. S\u00f3 neste m\u00eas, emplacou 4.703 ve\u00edculos do tipo. No semestre, s\u00e3o 20.427 unidades. Entretanto, o foco vai para os carros el\u00e9tricos que, nos primeiros seis meses, venderam 3.395 unidades &#8211; 19% acima do total de BEVs vendidos em 2021. E o primeiro nesse ranking foi o Volvo XC40, com 629 unidades.<\/p>\n<p>&nbsp;<\/p>\n<p>Mas, embora a frota de eletrificados esteja crescente, vale ressaltar que o Brasil est\u00e1 longe de ter a quantidade ideal de carregadores p\u00fablicos. Para o diretor da Elev, Ricardo David, ainda falta um investimento estrutural importante.<\/p>\n<p>&nbsp;<\/p>\n<p>&#8220;Tivemos um crescimento importante no n\u00famero de postos na principal capital do pa\u00eds, S\u00e3o Paulo. Ao mesmo tempo, o n\u00famero \u00e9 baixo quando consideramos outras grandes capitais, como \u00e9 o caso de Oslo, na Noruega, onde os postos de gasolina est\u00e3o se convertendo em eletropostos. Ainda s\u00e3o necess\u00e1rios mais investimentos no Brasil&#8221;, afirmou.<\/p>\n<p>&nbsp;<\/p>\n<p>Nesse caminho, outras solu\u00e7\u00f5es v\u00eam surgindo desde 2021. A Shell, por exemplo, inaugurou recentemente o primeiro eletroposto de carga r\u00e1pida para carros el\u00e9tricos em S\u00e3o Paulo. Com pot\u00eancia de 50 kW, a esta\u00e7\u00e3o fica em uma unidade localizada na zona Norte, \u00e0s margens da Marginal do Tiet\u00ea, uma das vias mais movimentadas da capital.<\/p>\n<p>&nbsp;<\/p>\n<p>Mas, diferente das demais esta\u00e7\u00f5es de recarga dispon\u00edveis em locais p\u00fablicos e estabelecimentos, como estacionamentos, mercados e shoppings, este eletroposto cobra pela recarga. J\u00e1 dispon\u00edvel para uso pelos clientes, o carregador de alta pot\u00eancia cobra tarifa de R$ 1,90 por kWh. Assim, permite fazer a recarga completa de um ve\u00edculo el\u00e9trico com bateria de 40 kWh por R$ 78. Segundo a Ra\u00edzen, empresa licenciada da Shell no Brasil, o custo \u00e9 50% menor na compara\u00e7\u00e3o com os combust\u00edveis tradicionais, como diesel, gasolina e etanol.<\/p>\n<p>&nbsp;<\/p>\n<p><strong>Great Wall vai investir em rede de carregadores<\/strong><\/p>\n<p>&nbsp;<\/p>\n<p>Quem pretende investir nesse segmento \u00e9 a chinesa Great Wall Motors. A montadora ainda n\u00e3o vende seus carros el\u00e9tricos e h\u00edbridos no Brasil, mas prepara sua estreia no Pa\u00eds. Por isso, anunciou em mar\u00e7o que vai investir na cria\u00e7\u00e3o de esta\u00e7\u00f5es de recarga para carros eletrificados. Inicialmente, ser\u00e3o 100 pontos no estado de S\u00e3o Paulo e principais cidades.<\/p>\n<p>&nbsp;<\/p>\n<p>De acordo com a GWM, a rede de carregamento ter\u00e1 energia limpa. Dessa forma, \u00e9 prov\u00e1vel que a montadora instale placas fotovoltaicas nas infraestruturas. Al\u00e9m disso, o uso dos carregadores ser\u00e1 gratuito para modelos de qualquer fabricante nos locais de vendas e servi\u00e7os. A previs\u00e3o \u00e9 de que todos estejam funcionando em 2023.<\/p>\n<p>&nbsp;<\/p>\n<p><strong>Great Wall<\/strong><\/p>\n<p>&nbsp;<\/p>\n<p>Vale dizer que os carregadores tamb\u00e9m ser\u00e3o instalados em pontos estrat\u00e9gicos, como, por exemplo, supermercados, estacionamentos e shoppings. A iniciativa, segundo a marca chinesa, ocorrer\u00e1 por a\u00e7\u00e3o direta, mas tamb\u00e9m por meio de parcerias. Em um segundo momento, esses pontos de recarga chegar\u00e3o em outros estados do Pa\u00eds. (Jornal do Carro\/Jady Peroni)<\/p>\n","protected":false},"excerpt":{"rendered":"<p>Jornal do Carro &nbsp; Um levantamento da Elev, startup de mobilidade, traz os n\u00fameros atuais dos carregadores p\u00fablicos e semip\u00fablicos para carros el\u00e9tricos e h\u00edbridos plug-in no Brasil. Ao todo, j\u00e1 s\u00e3o 1.300 pontos de recarga no Pa\u00eds. A cidade de S\u00e3o Paulo se destaca com 445 pontos &#8211; ou seja, 34% dos eletropostos. Al\u00e9m\u2026 <a class=\"readmore\" href=\"https:\/\/dana.com.br\/canaldana\/2022\/08\/12\/carros-eletricos-sao-paulo-tem-445-carregadores-publicos-e-semipublicos\/\">Leia mais \u00bb<\/a><\/p>\n","protected":false},"author":3,"featured_media":0,"comment_status":"closed","ping_status":"closed","sticky":false,"template":"","format":"standard","meta":{"_acf_changed":false,"footnotes":""},"categories":[61],"tags":[],"class_list":["post-60268","post","type-post","status-publish","format-standard","hentry","category-destaques"],"acf":[],"yoast_head":"<!-- This site is optimized with the Yoast SEO plugin v27.3 - https:\/\/yoast.com\/product\/yoast-seo-wordpress\/ -->\n<title>Carros el\u00e9tricos: S\u00e3o Paulo tem 445 carregadores p\u00fablicos e semip\u00fablicos - Canal Dana<\/title>\n<meta name=\"robots\" content=\"index, follow, max-snippet:-1, max-image-preview:large, max-video-preview:-1\" \/>\n<link rel=\"canonical\" href=\"https:\/\/dana.com.br\/canaldana\/2022\/08\/12\/carros-eletricos-sao-paulo-tem-445-carregadores-publicos-e-semipublicos\/\" \/>\n<meta property=\"og:locale\" content=\"pt_BR\" \/>\n<meta property=\"og:type\" content=\"article\" \/>\n<meta property=\"og:title\" content=\"Carros el\u00e9tricos: S\u00e3o Paulo tem 445 carregadores p\u00fablicos e semip\u00fablicos - Canal Dana\" \/>\n<meta property=\"og:description\" content=\"Jornal do Carro &nbsp; Um levantamento da Elev, startup de mobilidade, traz os n\u00fameros atuais dos carregadores p\u00fablicos e semip\u00fablicos para carros el\u00e9tricos e h\u00edbridos plug-in no Brasil. Ao todo, j\u00e1 s\u00e3o 1.300 pontos de recarga no Pa\u00eds. A cidade de S\u00e3o Paulo se destaca com 445 pontos &#8211; ou seja, 34% dos eletropostos. Al\u00e9m\u2026 Leia mais \u00bb\" \/>\n<meta property=\"og:url\" content=\"https:\/\/dana.com.br\/canaldana\/2022\/08\/12\/carros-eletricos-sao-paulo-tem-445-carregadores-publicos-e-semipublicos\/\" \/>\n<meta property=\"og:site_name\" content=\"Canal Dana\" \/>\n<meta property=\"article:published_time\" content=\"2022-08-12T12:11:14+00:00\" \/>\n<meta name=\"author\" content=\"Canal Dana\" \/>\n<meta name=\"twitter:card\" content=\"summary_large_image\" \/>\n<meta name=\"twitter:label1\" content=\"Escrito por\" \/>\n\t<meta name=\"twitter:data1\" content=\"Canal Dana\" \/>\n\t<meta name=\"twitter:label2\" content=\"Est. tempo de leitura\" \/>\n\t<meta name=\"twitter:data2\" content=\"3 minutos\" \/>\n<script type=\"application\/ld+json\" class=\"yoast-schema-graph\">{\"@context\":\"https:\\\/\\\/schema.org\",\"@graph\":[{\"@type\":\"Article\",\"@id\":\"https:\\\/\\\/dana.com.br\\\/canaldana\\\/2022\\\/08\\\/12\\\/carros-eletricos-sao-paulo-tem-445-carregadores-publicos-e-semipublicos\\\/#article\",\"isPartOf\":{\"@id\":\"https:\\\/\\\/dana.com.br\\\/canaldana\\\/2022\\\/08\\\/12\\\/carros-eletricos-sao-paulo-tem-445-carregadores-publicos-e-semipublicos\\\/\"},\"author\":{\"name\":\"Canal Dana\",\"@id\":\"https:\\\/\\\/dana.com.br\\\/canaldana\\\/#\\\/schema\\\/person\\\/3c21f22f56fcf3bc46b94bc60ea4fef6\"},\"headline\":\"Carros el\u00e9tricos: S\u00e3o Paulo tem 445 carregadores p\u00fablicos e semip\u00fablicos\",\"datePublished\":\"2022-08-12T12:11:14+00:00\",\"mainEntityOfPage\":{\"@id\":\"https:\\\/\\\/dana.com.br\\\/canaldana\\\/2022\\\/08\\\/12\\\/carros-eletricos-sao-paulo-tem-445-carregadores-publicos-e-semipublicos\\\/\"},\"wordCount\":616,\"articleSection\":[\"Destaques\"],\"inLanguage\":\"pt-BR\"},{\"@type\":\"WebPage\",\"@id\":\"https:\\\/\\\/dana.com.br\\\/canaldana\\\/2022\\\/08\\\/12\\\/carros-eletricos-sao-paulo-tem-445-carregadores-publicos-e-semipublicos\\\/\",\"url\":\"https:\\\/\\\/dana.com.br\\\/canaldana\\\/2022\\\/08\\\/12\\\/carros-eletricos-sao-paulo-tem-445-carregadores-publicos-e-semipublicos\\\/\",\"name\":\"Carros el\u00e9tricos: S\u00e3o Paulo tem 445 carregadores p\u00fablicos e semip\u00fablicos - Canal Dana\",\"isPartOf\":{\"@id\":\"https:\\\/\\\/dana.com.br\\\/canaldana\\\/#website\"},\"datePublished\":\"2022-08-12T12:11:14+00:00\",\"author\":{\"@id\":\"https:\\\/\\\/dana.com.br\\\/canaldana\\\/#\\\/schema\\\/person\\\/3c21f22f56fcf3bc46b94bc60ea4fef6\"},\"breadcrumb\":{\"@id\":\"https:\\\/\\\/dana.com.br\\\/canaldana\\\/2022\\\/08\\\/12\\\/carros-eletricos-sao-paulo-tem-445-carregadores-publicos-e-semipublicos\\\/#breadcrumb\"},\"inLanguage\":\"pt-BR\",\"potentialAction\":[{\"@type\":\"ReadAction\",\"target\":[\"https:\\\/\\\/dana.com.br\\\/canaldana\\\/2022\\\/08\\\/12\\\/carros-eletricos-sao-paulo-tem-445-carregadores-publicos-e-semipublicos\\\/\"]}]},{\"@type\":\"BreadcrumbList\",\"@id\":\"https:\\\/\\\/dana.com.br\\\/canaldana\\\/2022\\\/08\\\/12\\\/carros-eletricos-sao-paulo-tem-445-carregadores-publicos-e-semipublicos\\\/#breadcrumb\",\"itemListElement\":[{\"@type\":\"ListItem\",\"position\":1,\"name\":\"Home\",\"item\":\"https:\\\/\\\/dana.com.br\\\/canaldana\\\/\"},{\"@type\":\"ListItem\",\"position\":2,\"name\":\"Destaques\",\"item\":\"https:\\\/\\\/dana.com.br\\\/canaldana\\\/destaques\\\/\"},{\"@type\":\"ListItem\",\"position\":3,\"name\":\"Carros el\u00e9tricos: S\u00e3o Paulo tem 445 carregadores p\u00fablicos e semip\u00fablicos\"}]},{\"@type\":\"WebSite\",\"@id\":\"https:\\\/\\\/dana.com.br\\\/canaldana\\\/#website\",\"url\":\"https:\\\/\\\/dana.com.br\\\/canaldana\\\/\",\"name\":\"Canal Dana\",\"description\":\"Informativo com as principais not\u00edcias da ind\u00fastria automotiva\",\"potentialAction\":[{\"@type\":\"SearchAction\",\"target\":{\"@type\":\"EntryPoint\",\"urlTemplate\":\"https:\\\/\\\/dana.com.br\\\/canaldana\\\/?s={search_term_string}\"},\"query-input\":{\"@type\":\"PropertyValueSpecification\",\"valueRequired\":true,\"valueName\":\"search_term_string\"}}],\"inLanguage\":\"pt-BR\"},{\"@type\":\"Person\",\"@id\":\"https:\\\/\\\/dana.com.br\\\/canaldana\\\/#\\\/schema\\\/person\\\/3c21f22f56fcf3bc46b94bc60ea4fef6\",\"name\":\"Canal Dana\",\"image\":{\"@type\":\"ImageObject\",\"inLanguage\":\"pt-BR\",\"@id\":\"https:\\\/\\\/secure.gravatar.com\\\/avatar\\\/420aaf9278582877d9018637c6817617705899d2858d7572ef0fe59a6b6454b4?s=96&d=mm&r=g\",\"url\":\"https:\\\/\\\/secure.gravatar.com\\\/avatar\\\/420aaf9278582877d9018637c6817617705899d2858d7572ef0fe59a6b6454b4?s=96&d=mm&r=g\",\"contentUrl\":\"https:\\\/\\\/secure.gravatar.com\\\/avatar\\\/420aaf9278582877d9018637c6817617705899d2858d7572ef0fe59a6b6454b4?s=96&d=mm&r=g\",\"caption\":\"Canal Dana\"},\"url\":\"https:\\\/\\\/dana.com.br\\\/canaldana\\\/author\\\/cdeditor\\\/\"}]}<\/script>\n<!-- \/ Yoast SEO plugin. -->","yoast_head_json":{"title":"Carros el\u00e9tricos: S\u00e3o Paulo tem 445 carregadores p\u00fablicos e semip\u00fablicos - Canal Dana","robots":{"index":"index","follow":"follow","max-snippet":"max-snippet:-1","max-image-preview":"max-image-preview:large","max-video-preview":"max-video-preview:-1"},"canonical":"https:\/\/dana.com.br\/canaldana\/2022\/08\/12\/carros-eletricos-sao-paulo-tem-445-carregadores-publicos-e-semipublicos\/","og_locale":"pt_BR","og_type":"article","og_title":"Carros el\u00e9tricos: S\u00e3o Paulo tem 445 carregadores p\u00fablicos e semip\u00fablicos - Canal Dana","og_description":"Jornal do Carro &nbsp; Um levantamento da Elev, startup de mobilidade, traz os n\u00fameros atuais dos carregadores p\u00fablicos e semip\u00fablicos para carros el\u00e9tricos e h\u00edbridos plug-in no Brasil. Ao todo, j\u00e1 s\u00e3o 1.300 pontos de recarga no Pa\u00eds. A cidade de S\u00e3o Paulo se destaca com 445 pontos &#8211; ou seja, 34% dos eletropostos. Al\u00e9m\u2026 Leia mais \u00bb","og_url":"https:\/\/dana.com.br\/canaldana\/2022\/08\/12\/carros-eletricos-sao-paulo-tem-445-carregadores-publicos-e-semipublicos\/","og_site_name":"Canal Dana","article_published_time":"2022-08-12T12:11:14+00:00","author":"Canal Dana","twitter_card":"summary_large_image","twitter_misc":{"Escrito por":"Canal Dana","Est. tempo de leitura":"3 minutos"},"schema":{"@context":"https:\/\/schema.org","@graph":[{"@type":"Article","@id":"https:\/\/dana.com.br\/canaldana\/2022\/08\/12\/carros-eletricos-sao-paulo-tem-445-carregadores-publicos-e-semipublicos\/#article","isPartOf":{"@id":"https:\/\/dana.com.br\/canaldana\/2022\/08\/12\/carros-eletricos-sao-paulo-tem-445-carregadores-publicos-e-semipublicos\/"},"author":{"name":"Canal Dana","@id":"https:\/\/dana.com.br\/canaldana\/#\/schema\/person\/3c21f22f56fcf3bc46b94bc60ea4fef6"},"headline":"Carros el\u00e9tricos: S\u00e3o Paulo tem 445 carregadores p\u00fablicos e semip\u00fablicos","datePublished":"2022-08-12T12:11:14+00:00","mainEntityOfPage":{"@id":"https:\/\/dana.com.br\/canaldana\/2022\/08\/12\/carros-eletricos-sao-paulo-tem-445-carregadores-publicos-e-semipublicos\/"},"wordCount":616,"articleSection":["Destaques"],"inLanguage":"pt-BR"},{"@type":"WebPage","@id":"https:\/\/dana.com.br\/canaldana\/2022\/08\/12\/carros-eletricos-sao-paulo-tem-445-carregadores-publicos-e-semipublicos\/","url":"https:\/\/dana.com.br\/canaldana\/2022\/08\/12\/carros-eletricos-sao-paulo-tem-445-carregadores-publicos-e-semipublicos\/","name":"Carros el\u00e9tricos: S\u00e3o Paulo tem 445 carregadores p\u00fablicos e semip\u00fablicos - Canal Dana","isPartOf":{"@id":"https:\/\/dana.com.br\/canaldana\/#website"},"datePublished":"2022-08-12T12:11:14+00:00","author":{"@id":"https:\/\/dana.com.br\/canaldana\/#\/schema\/person\/3c21f22f56fcf3bc46b94bc60ea4fef6"},"breadcrumb":{"@id":"https:\/\/dana.com.br\/canaldana\/2022\/08\/12\/carros-eletricos-sao-paulo-tem-445-carregadores-publicos-e-semipublicos\/#breadcrumb"},"inLanguage":"pt-BR","potentialAction":[{"@type":"ReadAction","target":["https:\/\/dana.com.br\/canaldana\/2022\/08\/12\/carros-eletricos-sao-paulo-tem-445-carregadores-publicos-e-semipublicos\/"]}]},{"@type":"BreadcrumbList","@id":"https:\/\/dana.com.br\/canaldana\/2022\/08\/12\/carros-eletricos-sao-paulo-tem-445-carregadores-publicos-e-semipublicos\/#breadcrumb","itemListElement":[{"@type":"ListItem","position":1,"name":"Home","item":"https:\/\/dana.com.br\/canaldana\/"},{"@type":"ListItem","position":2,"name":"Destaques","item":"https:\/\/dana.com.br\/canaldana\/destaques\/"},{"@type":"ListItem","position":3,"name":"Carros el\u00e9tricos: S\u00e3o Paulo tem 445 carregadores p\u00fablicos e semip\u00fablicos"}]},{"@type":"WebSite","@id":"https:\/\/dana.com.br\/canaldana\/#website","url":"https:\/\/dana.com.br\/canaldana\/","name":"Canal Dana","description":"Informativo com as principais not\u00edcias da ind\u00fastria automotiva","potentialAction":[{"@type":"SearchAction","target":{"@type":"EntryPoint","urlTemplate":"https:\/\/dana.com.br\/canaldana\/?s={search_term_string}"},"query-input":{"@type":"PropertyValueSpecification","valueRequired":true,"valueName":"search_term_string"}}],"inLanguage":"pt-BR"},{"@type":"Person","@id":"https:\/\/dana.com.br\/canaldana\/#\/schema\/person\/3c21f22f56fcf3bc46b94bc60ea4fef6","name":"Canal Dana","image":{"@type":"ImageObject","inLanguage":"pt-BR","@id":"https:\/\/secure.gravatar.com\/avatar\/420aaf9278582877d9018637c6817617705899d2858d7572ef0fe59a6b6454b4?s=96&d=mm&r=g","url":"https:\/\/secure.gravatar.com\/avatar\/420aaf9278582877d9018637c6817617705899d2858d7572ef0fe59a6b6454b4?s=96&d=mm&r=g","contentUrl":"https:\/\/secure.gravatar.com\/avatar\/420aaf9278582877d9018637c6817617705899d2858d7572ef0fe59a6b6454b4?s=96&d=mm&r=g","caption":"Canal Dana"},"url":"https:\/\/dana.com.br\/canaldana\/author\/cdeditor\/"}]}},"_links":{"self":[{"href":"https:\/\/dana.com.br\/canaldana\/wp-json\/wp\/v2\/posts\/60268","targetHints":{"allow":["GET"]}}],"collection":[{"href":"https:\/\/dana.com.br\/canaldana\/wp-json\/wp\/v2\/posts"}],"about":[{"href":"https:\/\/dana.com.br\/canaldana\/wp-json\/wp\/v2\/types\/post"}],"author":[{"embeddable":true,"href":"https:\/\/dana.com.br\/canaldana\/wp-json\/wp\/v2\/users\/3"}],"replies":[{"embeddable":true,"href":"https:\/\/dana.com.br\/canaldana\/wp-json\/wp\/v2\/comments?post=60268"}],"version-history":[{"count":0,"href":"https:\/\/dana.com.br\/canaldana\/wp-json\/wp\/v2\/posts\/60268\/revisions"}],"wp:attachment":[{"href":"https:\/\/dana.com.br\/canaldana\/wp-json\/wp\/v2\/media?parent=60268"}],"wp:term":[{"taxonomy":"category","embeddable":true,"href":"https:\/\/dana.com.br\/canaldana\/wp-json\/wp\/v2\/categories?post=60268"},{"taxonomy":"post_tag","embeddable":true,"href":"https:\/\/dana.com.br\/canaldana\/wp-json\/wp\/v2\/tags?post=60268"}],"curies":[{"name":"wp","href":"https:\/\/api.w.org\/{rel}","templated":true}]}}