{"id":60266,"date":"2022-08-12T09:10:39","date_gmt":"2022-08-12T12:10:39","guid":{"rendered":"https:\/\/dana.com.br\/canaldana\/?p=60266"},"modified":"2022-08-12T09:10:39","modified_gmt":"2022-08-12T12:10:39","slug":"industria-se-une-contra-decisao-de-moraes-que-suspende-reducao-do-ipi","status":"publish","type":"post","link":"https:\/\/dana.com.br\/canaldana\/2022\/08\/12\/industria-se-une-contra-decisao-de-moraes-que-suspende-reducao-do-ipi\/","title":{"rendered":"Ind\u00fastria se une contra decis\u00e3o de Moraes que suspende redu\u00e7\u00e3o do IPI"},"content":{"rendered":"<p><em>O Estado de S. Paulo<\/em><\/p>\n<p>&nbsp;<\/p>\n<p>A Confedera\u00e7\u00e3o Nacional da Ind\u00fastria (CNI), federa\u00e7\u00f5es e associa\u00e7\u00f5es de todos os segmentos industriais do Pa\u00eds se uniram contra a suspens\u00e3o pelo ministro do Supremo Tribunal Federal (STF), Alexandre de Moraes, do novo decreto do governo federal que reduziu em 35% a al\u00edquota do Imposto sobre Produtos Industrializados (IPI).<\/p>\n<p>&nbsp;<\/p>\n<p>No manifesto \u201cInd\u00fastria pede solu\u00e7\u00e3o imediata para impasse do IPI\u201d, publicado nesta quinta-feira no Estad\u00e3o e nos principais jornais do Pa\u00eds, os empres\u00e1rios sobem o tom, afirmam que o decreto suspenso pelo STF resolvia o problema da inseguran\u00e7a jur\u00eddica e apelam \u00e0 corte para uma solu\u00e7\u00e3o r\u00e1pida.<\/p>\n<p>&nbsp;<\/p>\n<p>\u201cA decis\u00e3o liminar do ministro Alexandre de Moraes traz um ambiente de incertezas quanto ao recolhimento IPI, impacta diretamente a redu\u00e7\u00e3o do pre\u00e7o dos produtos ao consumidor, adiciona graves dificuldades \u00e0 retomada econ\u00f4mica\u201d, diz o manifesto divulgado no mesmo dia do ato em defesa pela democracia, organizado pela Faculdade de Direito da Universidade de S\u00e3o Paulo (USP).<\/p>\n<p>&nbsp;<\/p>\n<p>Na segunda-feira, Moraes suspendeu o decreto 11.158, editado pelo governo federal em 29 de julho, que especificou os produtos fabricados no Brasil que teriam a redu\u00e7\u00e3o de 35% do IPI.<\/p>\n<p>&nbsp;<\/p>\n<p>Moraes determinou que a redu\u00e7\u00e3o n\u00e3o vale para produtos produzidos pelas ind\u00fastrias da Zona Franca de Manaus que possuem o Processo Produtivo B\u00e1sico (PPB) v\u00e1lido. \u00c9 por meio da aprova\u00e7\u00e3o e do PPB e do seu controle da execu\u00e7\u00e3o que as empresas da Zona Franca se habilitam a receber os benef\u00edcios da regi\u00e3o. Segundo apurou o Estad\u00e3o, por tr\u00e1s do impasse jur\u00eddico est\u00e1 a falta de informa\u00e7\u00e3o da lista dos PPBs v\u00e1lidos e atualizados.<\/p>\n<p>&nbsp;<\/p>\n<p>O ponto \u00e9 que a Superintend\u00eancia da Zona Franca de Manaus (Suframa) n\u00e3o consegue fornecer a lista de PPB existentes, v\u00e1lidos, fiscalizados e regulares. Essa aus\u00eancia de informa\u00e7\u00f5es \u00e9 que trava a redu\u00e7\u00e3o do IPI. No PPB, a empresa instalada na Zona Franca apresenta a proposta de agrega\u00e7\u00e3o de valor na regi\u00e3o amaz\u00f4nica para ganhar o incentivo. A empresa descreve em detalhes como vai produzir o bem, como por exemplo, que mat\u00e9ria-prima utilizar\u00e1. Com base nesses dados, a Suframa avalia se a empresa pode receber o benef\u00edcio.<\/p>\n<p>&nbsp;<\/p>\n<p>O imbr\u00f3glio em torno do IPI come\u00e7ou em fevereiro, quando o Minist\u00e9rio da Economia fez uma primeira redu\u00e7\u00e3o de 25% no tributo, valendo para todos os produtos, inclusive para a Zona Franca. O caso foi parar no STF. Para sair do impasse jur\u00eddico, o governo editou o novo decreto, agora suspenso por Moraes.<\/p>\n<p>&nbsp;<\/p>\n<p>A decis\u00e3o do ministro atende recurso apresentado pelo partido Solidariedade com a justificativa de que a norma prejudica a competitividade dos produtos fabricados na Zona Franca, onde as empresas se beneficiam da isen\u00e7\u00e3o do IPI. A alega\u00e7\u00e3o do partido \u00e9 de que os decretos diminuem a vantagem comparativa da Zona Franca em rela\u00e7\u00e3o aos produtos produzidos no resto do Pa\u00eds, amea\u00e7ando esse modelo econ\u00f4mico diferenciado que se beneficia de incentivos tribut\u00e1rios.<\/p>\n<p>&nbsp;<\/p>\n<p>Segundo o governo federal, o corte do IPI beneficiava quatro mil produtos que n\u00e3o s\u00e3o fabricados na Zona Franca de Manaus. Na regi\u00e3o s\u00e3o produzidos eletrodom\u00e9sticos, ve\u00edculos, motocicletas, bicicletas, TVs, celulares, aparelhos de ar-condicionado, computadores, entre outros produtos.<\/p>\n<p>&nbsp;<\/p>\n<p>Segundo Paulo Petroni, presidente da Associa\u00e7\u00e3o Brasileira da Ind\u00fastria da Cerveja (CERVBrasil), signat\u00e1rio do manifesto, a raiz do impasse jur\u00eddico est\u00e1 na falta de controle adequado da Suframa sobre a execu\u00e7\u00e3o dos PPBs.<\/p>\n<p>&nbsp;<\/p>\n<p>Um exemplo, disse ele, s\u00e3o os PPBs dos concentrados para refrigerantes, que possuem autua\u00e7\u00f5es de dezenas de bilh\u00f5es de reais feitas pela Receita Federal em raz\u00e3o de planejamento tribut\u00e1rio abusivo dentre outros il\u00edcitos tribut\u00e1rios. \u201cQual a raz\u00e3o da Suframa n\u00e3o disponibilizar a lista dos PPB v\u00e1lidos e que est\u00e3o sendo (ou n\u00e3o) cumpridos?\u201d, questiona Petroni.<\/p>\n<p>&nbsp;<\/p>\n<p>O presidente da Associa\u00e7\u00e3o Brasileira da Ind\u00fastria de Pl\u00e1stico, Ricardo Roriz Coelho, criticou a suspens\u00e3o do decreto. Segundo ele, os decretos publicados buscavam a harmoniza\u00e7\u00e3o da queda de IPI para a ind\u00fastria nacional, preservando os benef\u00edcios. Ele defende que o ministro chame uma concilia\u00e7\u00e3o de modo. \u201cO problema \u00e9 que a Suframa n\u00e3o conhece nem os produtos que ela produz e quer bloquear o desconto do IPI para o Brasil inteiro\u201d, reclamou Roriz. Na sua avalia\u00e7\u00e3o, o ministro do STF \u201cacatou sem ter perguntado \u00e0 ind\u00fastria\u201d.<\/p>\n<p>&nbsp;<\/p>\n<p>No manifesto, a ind\u00fastria diz que o decreto que est\u00e1 suspenso reduzia o IPI em R$ 15,6 bilh\u00f5es e preservava a competitividade dos produtos fabricados na Zona Franca.<\/p>\n<p>&nbsp;<\/p>\n<p>No caso da ind\u00fastria do pl\u00e1stico, o 4\u00ba principal empregador brasileiro da ind\u00fastria de transforma\u00e7\u00e3o, por exemplo, a cada m\u00eas de suspens\u00e3o da redu\u00e7\u00e3o de IPI implica em uma ren\u00fancia ao ganho de competitividade setorial de aproximadamente R$ 125 milh\u00f5es, e a n\u00e3o cria\u00e7\u00e3o de 3,6 mil novos empregos. O ministro da Economia. Paulo Guedes, se reuniu com Moraes e outros ministros do Supremo para buscar uma sa\u00edda para o impasse. (O Estado de S. Paulo\/Adriana Fernandes)<\/p>\n","protected":false},"excerpt":{"rendered":"<p>O Estado de S. Paulo &nbsp; A Confedera\u00e7\u00e3o Nacional da Ind\u00fastria (CNI), federa\u00e7\u00f5es e associa\u00e7\u00f5es de todos os segmentos industriais do Pa\u00eds se uniram contra a suspens\u00e3o pelo ministro do Supremo Tribunal Federal (STF), Alexandre de Moraes, do novo decreto do governo federal que reduziu em 35% a al\u00edquota do Imposto sobre Produtos Industrializados (IPI).\u2026 <a class=\"readmore\" href=\"https:\/\/dana.com.br\/canaldana\/2022\/08\/12\/industria-se-une-contra-decisao-de-moraes-que-suspende-reducao-do-ipi\/\">Leia mais \u00bb<\/a><\/p>\n","protected":false},"author":3,"featured_media":0,"comment_status":"closed","ping_status":"closed","sticky":false,"template":"","format":"standard","meta":{"_acf_changed":false,"footnotes":""},"categories":[79],"tags":[],"class_list":["post-60266","post","type-post","status-publish","format-standard","hentry","category-mercado"],"acf":[],"yoast_head":"<!-- This site is optimized with the Yoast SEO plugin v27.3 - https:\/\/yoast.com\/product\/yoast-seo-wordpress\/ -->\n<title>Ind\u00fastria se une contra decis\u00e3o de Moraes que suspende redu\u00e7\u00e3o do IPI - Canal Dana<\/title>\n<meta name=\"robots\" content=\"index, follow, max-snippet:-1, max-image-preview:large, max-video-preview:-1\" \/>\n<link rel=\"canonical\" href=\"https:\/\/dana.com.br\/canaldana\/2022\/08\/12\/industria-se-une-contra-decisao-de-moraes-que-suspende-reducao-do-ipi\/\" \/>\n<meta property=\"og:locale\" content=\"pt_BR\" \/>\n<meta property=\"og:type\" content=\"article\" \/>\n<meta property=\"og:title\" content=\"Ind\u00fastria se une contra decis\u00e3o de Moraes que suspende redu\u00e7\u00e3o do IPI - Canal Dana\" \/>\n<meta property=\"og:description\" content=\"O Estado de S. Paulo &nbsp; A Confedera\u00e7\u00e3o Nacional da Ind\u00fastria (CNI), federa\u00e7\u00f5es e associa\u00e7\u00f5es de todos os segmentos industriais do Pa\u00eds se uniram contra a suspens\u00e3o pelo ministro do Supremo Tribunal Federal (STF), Alexandre de Moraes, do novo decreto do governo federal que reduziu em 35% a al\u00edquota do Imposto sobre Produtos Industrializados (IPI).\u2026 Leia mais \u00bb\" \/>\n<meta property=\"og:url\" content=\"https:\/\/dana.com.br\/canaldana\/2022\/08\/12\/industria-se-une-contra-decisao-de-moraes-que-suspende-reducao-do-ipi\/\" \/>\n<meta property=\"og:site_name\" content=\"Canal Dana\" \/>\n<meta property=\"article:published_time\" content=\"2022-08-12T12:10:39+00:00\" \/>\n<meta name=\"author\" content=\"Canal Dana\" \/>\n<meta name=\"twitter:card\" content=\"summary_large_image\" \/>\n<meta name=\"twitter:label1\" content=\"Escrito por\" \/>\n\t<meta name=\"twitter:data1\" content=\"Canal Dana\" \/>\n\t<meta name=\"twitter:label2\" content=\"Est. tempo de leitura\" \/>\n\t<meta name=\"twitter:data2\" content=\"4 minutos\" \/>\n<script type=\"application\/ld+json\" class=\"yoast-schema-graph\">{\"@context\":\"https:\\\/\\\/schema.org\",\"@graph\":[{\"@type\":\"Article\",\"@id\":\"https:\\\/\\\/dana.com.br\\\/canaldana\\\/2022\\\/08\\\/12\\\/industria-se-une-contra-decisao-de-moraes-que-suspende-reducao-do-ipi\\\/#article\",\"isPartOf\":{\"@id\":\"https:\\\/\\\/dana.com.br\\\/canaldana\\\/2022\\\/08\\\/12\\\/industria-se-une-contra-decisao-de-moraes-que-suspende-reducao-do-ipi\\\/\"},\"author\":{\"name\":\"Canal Dana\",\"@id\":\"https:\\\/\\\/dana.com.br\\\/canaldana\\\/#\\\/schema\\\/person\\\/3c21f22f56fcf3bc46b94bc60ea4fef6\"},\"headline\":\"Ind\u00fastria se une contra decis\u00e3o de Moraes que suspende redu\u00e7\u00e3o do IPI\",\"datePublished\":\"2022-08-12T12:10:39+00:00\",\"mainEntityOfPage\":{\"@id\":\"https:\\\/\\\/dana.com.br\\\/canaldana\\\/2022\\\/08\\\/12\\\/industria-se-une-contra-decisao-de-moraes-que-suspende-reducao-do-ipi\\\/\"},\"wordCount\":911,\"articleSection\":[\"Mercado\"],\"inLanguage\":\"pt-BR\"},{\"@type\":\"WebPage\",\"@id\":\"https:\\\/\\\/dana.com.br\\\/canaldana\\\/2022\\\/08\\\/12\\\/industria-se-une-contra-decisao-de-moraes-que-suspende-reducao-do-ipi\\\/\",\"url\":\"https:\\\/\\\/dana.com.br\\\/canaldana\\\/2022\\\/08\\\/12\\\/industria-se-une-contra-decisao-de-moraes-que-suspende-reducao-do-ipi\\\/\",\"name\":\"Ind\u00fastria se une contra decis\u00e3o de Moraes que suspende redu\u00e7\u00e3o do IPI - Canal Dana\",\"isPartOf\":{\"@id\":\"https:\\\/\\\/dana.com.br\\\/canaldana\\\/#website\"},\"datePublished\":\"2022-08-12T12:10:39+00:00\",\"author\":{\"@id\":\"https:\\\/\\\/dana.com.br\\\/canaldana\\\/#\\\/schema\\\/person\\\/3c21f22f56fcf3bc46b94bc60ea4fef6\"},\"breadcrumb\":{\"@id\":\"https:\\\/\\\/dana.com.br\\\/canaldana\\\/2022\\\/08\\\/12\\\/industria-se-une-contra-decisao-de-moraes-que-suspende-reducao-do-ipi\\\/#breadcrumb\"},\"inLanguage\":\"pt-BR\",\"potentialAction\":[{\"@type\":\"ReadAction\",\"target\":[\"https:\\\/\\\/dana.com.br\\\/canaldana\\\/2022\\\/08\\\/12\\\/industria-se-une-contra-decisao-de-moraes-que-suspende-reducao-do-ipi\\\/\"]}]},{\"@type\":\"BreadcrumbList\",\"@id\":\"https:\\\/\\\/dana.com.br\\\/canaldana\\\/2022\\\/08\\\/12\\\/industria-se-une-contra-decisao-de-moraes-que-suspende-reducao-do-ipi\\\/#breadcrumb\",\"itemListElement\":[{\"@type\":\"ListItem\",\"position\":1,\"name\":\"Home\",\"item\":\"https:\\\/\\\/dana.com.br\\\/canaldana\\\/\"},{\"@type\":\"ListItem\",\"position\":2,\"name\":\"Mercado\",\"item\":\"https:\\\/\\\/dana.com.br\\\/canaldana\\\/mercado\\\/\"},{\"@type\":\"ListItem\",\"position\":3,\"name\":\"Ind\u00fastria se une contra decis\u00e3o de Moraes que suspende redu\u00e7\u00e3o do IPI\"}]},{\"@type\":\"WebSite\",\"@id\":\"https:\\\/\\\/dana.com.br\\\/canaldana\\\/#website\",\"url\":\"https:\\\/\\\/dana.com.br\\\/canaldana\\\/\",\"name\":\"Canal Dana\",\"description\":\"Informativo com as principais not\u00edcias da ind\u00fastria automotiva\",\"potentialAction\":[{\"@type\":\"SearchAction\",\"target\":{\"@type\":\"EntryPoint\",\"urlTemplate\":\"https:\\\/\\\/dana.com.br\\\/canaldana\\\/?s={search_term_string}\"},\"query-input\":{\"@type\":\"PropertyValueSpecification\",\"valueRequired\":true,\"valueName\":\"search_term_string\"}}],\"inLanguage\":\"pt-BR\"},{\"@type\":\"Person\",\"@id\":\"https:\\\/\\\/dana.com.br\\\/canaldana\\\/#\\\/schema\\\/person\\\/3c21f22f56fcf3bc46b94bc60ea4fef6\",\"name\":\"Canal Dana\",\"image\":{\"@type\":\"ImageObject\",\"inLanguage\":\"pt-BR\",\"@id\":\"https:\\\/\\\/secure.gravatar.com\\\/avatar\\\/420aaf9278582877d9018637c6817617705899d2858d7572ef0fe59a6b6454b4?s=96&d=mm&r=g\",\"url\":\"https:\\\/\\\/secure.gravatar.com\\\/avatar\\\/420aaf9278582877d9018637c6817617705899d2858d7572ef0fe59a6b6454b4?s=96&d=mm&r=g\",\"contentUrl\":\"https:\\\/\\\/secure.gravatar.com\\\/avatar\\\/420aaf9278582877d9018637c6817617705899d2858d7572ef0fe59a6b6454b4?s=96&d=mm&r=g\",\"caption\":\"Canal Dana\"},\"url\":\"https:\\\/\\\/dana.com.br\\\/canaldana\\\/author\\\/cdeditor\\\/\"}]}<\/script>\n<!-- \/ Yoast SEO plugin. -->","yoast_head_json":{"title":"Ind\u00fastria se une contra decis\u00e3o de Moraes que suspende redu\u00e7\u00e3o do IPI - Canal Dana","robots":{"index":"index","follow":"follow","max-snippet":"max-snippet:-1","max-image-preview":"max-image-preview:large","max-video-preview":"max-video-preview:-1"},"canonical":"https:\/\/dana.com.br\/canaldana\/2022\/08\/12\/industria-se-une-contra-decisao-de-moraes-que-suspende-reducao-do-ipi\/","og_locale":"pt_BR","og_type":"article","og_title":"Ind\u00fastria se une contra decis\u00e3o de Moraes que suspende redu\u00e7\u00e3o do IPI - Canal Dana","og_description":"O Estado de S. Paulo &nbsp; A Confedera\u00e7\u00e3o Nacional da Ind\u00fastria (CNI), federa\u00e7\u00f5es e associa\u00e7\u00f5es de todos os segmentos industriais do Pa\u00eds se uniram contra a suspens\u00e3o pelo ministro do Supremo Tribunal Federal (STF), Alexandre de Moraes, do novo decreto do governo federal que reduziu em 35% a al\u00edquota do Imposto sobre Produtos Industrializados (IPI).\u2026 Leia mais \u00bb","og_url":"https:\/\/dana.com.br\/canaldana\/2022\/08\/12\/industria-se-une-contra-decisao-de-moraes-que-suspende-reducao-do-ipi\/","og_site_name":"Canal Dana","article_published_time":"2022-08-12T12:10:39+00:00","author":"Canal Dana","twitter_card":"summary_large_image","twitter_misc":{"Escrito por":"Canal Dana","Est. tempo de leitura":"4 minutos"},"schema":{"@context":"https:\/\/schema.org","@graph":[{"@type":"Article","@id":"https:\/\/dana.com.br\/canaldana\/2022\/08\/12\/industria-se-une-contra-decisao-de-moraes-que-suspende-reducao-do-ipi\/#article","isPartOf":{"@id":"https:\/\/dana.com.br\/canaldana\/2022\/08\/12\/industria-se-une-contra-decisao-de-moraes-que-suspende-reducao-do-ipi\/"},"author":{"name":"Canal Dana","@id":"https:\/\/dana.com.br\/canaldana\/#\/schema\/person\/3c21f22f56fcf3bc46b94bc60ea4fef6"},"headline":"Ind\u00fastria se une contra decis\u00e3o de Moraes que suspende redu\u00e7\u00e3o do IPI","datePublished":"2022-08-12T12:10:39+00:00","mainEntityOfPage":{"@id":"https:\/\/dana.com.br\/canaldana\/2022\/08\/12\/industria-se-une-contra-decisao-de-moraes-que-suspende-reducao-do-ipi\/"},"wordCount":911,"articleSection":["Mercado"],"inLanguage":"pt-BR"},{"@type":"WebPage","@id":"https:\/\/dana.com.br\/canaldana\/2022\/08\/12\/industria-se-une-contra-decisao-de-moraes-que-suspende-reducao-do-ipi\/","url":"https:\/\/dana.com.br\/canaldana\/2022\/08\/12\/industria-se-une-contra-decisao-de-moraes-que-suspende-reducao-do-ipi\/","name":"Ind\u00fastria se une contra decis\u00e3o de Moraes que suspende redu\u00e7\u00e3o do IPI - Canal Dana","isPartOf":{"@id":"https:\/\/dana.com.br\/canaldana\/#website"},"datePublished":"2022-08-12T12:10:39+00:00","author":{"@id":"https:\/\/dana.com.br\/canaldana\/#\/schema\/person\/3c21f22f56fcf3bc46b94bc60ea4fef6"},"breadcrumb":{"@id":"https:\/\/dana.com.br\/canaldana\/2022\/08\/12\/industria-se-une-contra-decisao-de-moraes-que-suspende-reducao-do-ipi\/#breadcrumb"},"inLanguage":"pt-BR","potentialAction":[{"@type":"ReadAction","target":["https:\/\/dana.com.br\/canaldana\/2022\/08\/12\/industria-se-une-contra-decisao-de-moraes-que-suspende-reducao-do-ipi\/"]}]},{"@type":"BreadcrumbList","@id":"https:\/\/dana.com.br\/canaldana\/2022\/08\/12\/industria-se-une-contra-decisao-de-moraes-que-suspende-reducao-do-ipi\/#breadcrumb","itemListElement":[{"@type":"ListItem","position":1,"name":"Home","item":"https:\/\/dana.com.br\/canaldana\/"},{"@type":"ListItem","position":2,"name":"Mercado","item":"https:\/\/dana.com.br\/canaldana\/mercado\/"},{"@type":"ListItem","position":3,"name":"Ind\u00fastria se une contra decis\u00e3o de Moraes que suspende redu\u00e7\u00e3o do IPI"}]},{"@type":"WebSite","@id":"https:\/\/dana.com.br\/canaldana\/#website","url":"https:\/\/dana.com.br\/canaldana\/","name":"Canal Dana","description":"Informativo com as principais not\u00edcias da ind\u00fastria automotiva","potentialAction":[{"@type":"SearchAction","target":{"@type":"EntryPoint","urlTemplate":"https:\/\/dana.com.br\/canaldana\/?s={search_term_string}"},"query-input":{"@type":"PropertyValueSpecification","valueRequired":true,"valueName":"search_term_string"}}],"inLanguage":"pt-BR"},{"@type":"Person","@id":"https:\/\/dana.com.br\/canaldana\/#\/schema\/person\/3c21f22f56fcf3bc46b94bc60ea4fef6","name":"Canal Dana","image":{"@type":"ImageObject","inLanguage":"pt-BR","@id":"https:\/\/secure.gravatar.com\/avatar\/420aaf9278582877d9018637c6817617705899d2858d7572ef0fe59a6b6454b4?s=96&d=mm&r=g","url":"https:\/\/secure.gravatar.com\/avatar\/420aaf9278582877d9018637c6817617705899d2858d7572ef0fe59a6b6454b4?s=96&d=mm&r=g","contentUrl":"https:\/\/secure.gravatar.com\/avatar\/420aaf9278582877d9018637c6817617705899d2858d7572ef0fe59a6b6454b4?s=96&d=mm&r=g","caption":"Canal Dana"},"url":"https:\/\/dana.com.br\/canaldana\/author\/cdeditor\/"}]}},"_links":{"self":[{"href":"https:\/\/dana.com.br\/canaldana\/wp-json\/wp\/v2\/posts\/60266","targetHints":{"allow":["GET"]}}],"collection":[{"href":"https:\/\/dana.com.br\/canaldana\/wp-json\/wp\/v2\/posts"}],"about":[{"href":"https:\/\/dana.com.br\/canaldana\/wp-json\/wp\/v2\/types\/post"}],"author":[{"embeddable":true,"href":"https:\/\/dana.com.br\/canaldana\/wp-json\/wp\/v2\/users\/3"}],"replies":[{"embeddable":true,"href":"https:\/\/dana.com.br\/canaldana\/wp-json\/wp\/v2\/comments?post=60266"}],"version-history":[{"count":0,"href":"https:\/\/dana.com.br\/canaldana\/wp-json\/wp\/v2\/posts\/60266\/revisions"}],"wp:attachment":[{"href":"https:\/\/dana.com.br\/canaldana\/wp-json\/wp\/v2\/media?parent=60266"}],"wp:term":[{"taxonomy":"category","embeddable":true,"href":"https:\/\/dana.com.br\/canaldana\/wp-json\/wp\/v2\/categories?post=60266"},{"taxonomy":"post_tag","embeddable":true,"href":"https:\/\/dana.com.br\/canaldana\/wp-json\/wp\/v2\/tags?post=60266"}],"curies":[{"name":"wp","href":"https:\/\/api.w.org\/{rel}","templated":true}]}}