{"id":60239,"date":"2022-08-11T09:17:14","date_gmt":"2022-08-11T12:17:14","guid":{"rendered":"https:\/\/dana.com.br\/canaldana\/?p=60239"},"modified":"2022-08-11T09:17:14","modified_gmt":"2022-08-11T12:17:14","slug":"proconve-p8-eleva-potencia-do-onibus-rodoviario-no-pais","status":"publish","type":"post","link":"https:\/\/dana.com.br\/canaldana\/2022\/08\/11\/proconve-p8-eleva-potencia-do-onibus-rodoviario-no-pais\/","title":{"rendered":"Proconve P8 eleva pot\u00eancia do \u00f4nibus rodovi\u00e1rio no Pa\u00eds"},"content":{"rendered":"<p><em>AutoInd\u00fastria <\/em><\/p>\n<p>&nbsp;<\/p>\n<p>Al\u00e9m de tornar mais severos os limites de emiss\u00e3o de poluentes, a nova fase do Proconve para ve\u00edculos pesados, equivalentes ao Euro 6, em vigor partir de janeiro de 2023, tamb\u00e9m elevou a faixa de pot\u00eancia de motores no segmento de \u00f4nibus, em especial os rodovi\u00e1rios<\/p>\n<p>&nbsp;<\/p>\n<p>H\u00e1 algumas semanas, na apresenta\u00e7\u00e3o de nova gera\u00e7\u00e3o de chassi da Scania, o K 500 8\u00d72 surgiu naquele momento como o mais potente do Brasil, constru\u00eddo com motor de 500 cv. O t\u00edtulo, no entanto, durou pouco. Ao lan\u00e7ar a linha de rodovi\u00e1rios Euro 6, na LatBus 2022, na ter\u00e7a-feira, 9, a concorrente Volvo anunciou o B510R, modelo com motor de 510 cv. Cabe lembrar, que as ofertas atuais n\u00e3o ultrapassam os 450 cv.<\/p>\n<p>&nbsp;<\/p>\n<p>Independentemente de qualquer rivalidade que possa existir, ganha mesmo \u00e9 o operador. Os mais potentes \u00f4nibus de ambas as marcas prometem n\u00e3o s\u00f3 mais desempenho, mas tamb\u00e9m se comprometem com mais economia, seguran\u00e7a e controle na opera\u00e7\u00e3o.<\/p>\n<p>&nbsp;<\/p>\n<p>Ambas garantem consumo menor em rela\u00e7\u00e3o aos ve\u00edculos atuais. No caso da Scania, s\u00e3o 8% em fun\u00e7\u00e3o da tecnologia de inje\u00e7\u00e3o combust\u00edvel XPI associada \u00e0 caixa automatizada Opticruiser com trocas 45% mais r\u00e1pidas. J\u00e1 a Volvo fala de 9%, economia tamb\u00e9m proveniente de mais efici\u00eancia na queima de combust\u00edvel, do recurso denominado Acelera\u00e7\u00e3o Inteligente (gera torque na medida para melhor desempenho), bem como da caixa de transmiss\u00e3o I-Shift de s\u00e9tima gera\u00e7\u00e3o.<\/p>\n<p>&nbsp;<\/p>\n<p>Al\u00e9m de mais potente, a Volvo define o B510R tamb\u00e9m como o mais inovador j\u00e1 criado pela marca. O produto \u00e9 baseado em recente lan\u00e7amento europeu e incorpora o trem de for\u00e7a do caminh\u00e3o FH da fabricante, principal argumento que o faz o mais vendido do Pa\u00eds.<\/p>\n<p>&nbsp;<\/p>\n<p>Com o desempenho aprimorado para as viagens, ambas as marcas tamb\u00e9m refor\u00e7am pacote de seguran\u00e7a sofisticado. O transportador poder\u00e1 equipar o \u00f4nibus com um arsenal de assistentes de dire\u00e7\u00e3o semiaut\u00f4nomos, al\u00e9m de recursos de conectividade.<\/p>\n<p>&nbsp;<\/p>\n<p>Est\u00e3o na prateleira de ambas as marcas para embarcar em seus respectivos chassis recursos como piloto autom\u00e1tico adaptativo, frenagem de emerg\u00eancia, aviso de mudan\u00e7a de faixa involunt\u00e1ria e controles eletr\u00f4nicos de estabilidade e tra\u00e7\u00e3o. Garante ainda mais seguran\u00e7a sistema que permite limitar a velocidade de maneira remota em determinadas regi\u00f5es ou mesmo trechos da viagem, por exemplo, zonas urbanas, serra ou curvas. (AutoInd\u00fastria\/D\u00e9cio Costa)<\/p>\n","protected":false},"excerpt":{"rendered":"<p>AutoInd\u00fastria &nbsp; Al\u00e9m de tornar mais severos os limites de emiss\u00e3o de poluentes, a nova fase do Proconve para ve\u00edculos pesados, equivalentes ao Euro 6, em vigor partir de janeiro de 2023, tamb\u00e9m elevou a faixa de pot\u00eancia de motores no segmento de \u00f4nibus, em especial os rodovi\u00e1rios &nbsp; H\u00e1 algumas semanas, na apresenta\u00e7\u00e3o de\u2026 <a class=\"readmore\" href=\"https:\/\/dana.com.br\/canaldana\/2022\/08\/11\/proconve-p8-eleva-potencia-do-onibus-rodoviario-no-pais\/\">Leia mais \u00bb<\/a><\/p>\n","protected":false},"author":3,"featured_media":0,"comment_status":"closed","ping_status":"closed","sticky":false,"template":"","format":"standard","meta":{"_acf_changed":false,"footnotes":""},"categories":[61],"tags":[],"class_list":["post-60239","post","type-post","status-publish","format-standard","hentry","category-destaques"],"acf":[],"yoast_head":"<!-- This site is optimized with the Yoast SEO plugin v27.3 - https:\/\/yoast.com\/product\/yoast-seo-wordpress\/ -->\n<title>Proconve P8 eleva pot\u00eancia do \u00f4nibus rodovi\u00e1rio no Pa\u00eds - Canal Dana<\/title>\n<meta name=\"robots\" content=\"index, follow, max-snippet:-1, max-image-preview:large, max-video-preview:-1\" \/>\n<link rel=\"canonical\" href=\"https:\/\/dana.com.br\/canaldana\/2022\/08\/11\/proconve-p8-eleva-potencia-do-onibus-rodoviario-no-pais\/\" \/>\n<meta property=\"og:locale\" content=\"pt_BR\" \/>\n<meta property=\"og:type\" content=\"article\" \/>\n<meta property=\"og:title\" content=\"Proconve P8 eleva pot\u00eancia do \u00f4nibus rodovi\u00e1rio no Pa\u00eds - Canal Dana\" \/>\n<meta property=\"og:description\" content=\"AutoInd\u00fastria &nbsp; Al\u00e9m de tornar mais severos os limites de emiss\u00e3o de poluentes, a nova fase do Proconve para ve\u00edculos pesados, equivalentes ao Euro 6, em vigor partir de janeiro de 2023, tamb\u00e9m elevou a faixa de pot\u00eancia de motores no segmento de \u00f4nibus, em especial os rodovi\u00e1rios &nbsp; H\u00e1 algumas semanas, na apresenta\u00e7\u00e3o de\u2026 Leia mais \u00bb\" \/>\n<meta property=\"og:url\" content=\"https:\/\/dana.com.br\/canaldana\/2022\/08\/11\/proconve-p8-eleva-potencia-do-onibus-rodoviario-no-pais\/\" \/>\n<meta property=\"og:site_name\" content=\"Canal Dana\" \/>\n<meta property=\"article:published_time\" content=\"2022-08-11T12:17:14+00:00\" \/>\n<meta name=\"author\" content=\"Canal Dana\" \/>\n<meta name=\"twitter:card\" content=\"summary_large_image\" \/>\n<meta name=\"twitter:label1\" content=\"Escrito por\" \/>\n\t<meta name=\"twitter:data1\" content=\"Canal Dana\" \/>\n\t<meta name=\"twitter:label2\" content=\"Est. tempo de leitura\" \/>\n\t<meta name=\"twitter:data2\" content=\"2 minutos\" \/>\n<script type=\"application\/ld+json\" class=\"yoast-schema-graph\">{\"@context\":\"https:\\\/\\\/schema.org\",\"@graph\":[{\"@type\":\"Article\",\"@id\":\"https:\\\/\\\/dana.com.br\\\/canaldana\\\/2022\\\/08\\\/11\\\/proconve-p8-eleva-potencia-do-onibus-rodoviario-no-pais\\\/#article\",\"isPartOf\":{\"@id\":\"https:\\\/\\\/dana.com.br\\\/canaldana\\\/2022\\\/08\\\/11\\\/proconve-p8-eleva-potencia-do-onibus-rodoviario-no-pais\\\/\"},\"author\":{\"name\":\"Canal Dana\",\"@id\":\"https:\\\/\\\/dana.com.br\\\/canaldana\\\/#\\\/schema\\\/person\\\/3c21f22f56fcf3bc46b94bc60ea4fef6\"},\"headline\":\"Proconve P8 eleva pot\u00eancia do \u00f4nibus rodovi\u00e1rio no Pa\u00eds\",\"datePublished\":\"2022-08-11T12:17:14+00:00\",\"mainEntityOfPage\":{\"@id\":\"https:\\\/\\\/dana.com.br\\\/canaldana\\\/2022\\\/08\\\/11\\\/proconve-p8-eleva-potencia-do-onibus-rodoviario-no-pais\\\/\"},\"wordCount\":437,\"articleSection\":[\"Destaques\"],\"inLanguage\":\"pt-BR\"},{\"@type\":\"WebPage\",\"@id\":\"https:\\\/\\\/dana.com.br\\\/canaldana\\\/2022\\\/08\\\/11\\\/proconve-p8-eleva-potencia-do-onibus-rodoviario-no-pais\\\/\",\"url\":\"https:\\\/\\\/dana.com.br\\\/canaldana\\\/2022\\\/08\\\/11\\\/proconve-p8-eleva-potencia-do-onibus-rodoviario-no-pais\\\/\",\"name\":\"Proconve P8 eleva pot\u00eancia do \u00f4nibus rodovi\u00e1rio no Pa\u00eds - Canal Dana\",\"isPartOf\":{\"@id\":\"https:\\\/\\\/dana.com.br\\\/canaldana\\\/#website\"},\"datePublished\":\"2022-08-11T12:17:14+00:00\",\"author\":{\"@id\":\"https:\\\/\\\/dana.com.br\\\/canaldana\\\/#\\\/schema\\\/person\\\/3c21f22f56fcf3bc46b94bc60ea4fef6\"},\"breadcrumb\":{\"@id\":\"https:\\\/\\\/dana.com.br\\\/canaldana\\\/2022\\\/08\\\/11\\\/proconve-p8-eleva-potencia-do-onibus-rodoviario-no-pais\\\/#breadcrumb\"},\"inLanguage\":\"pt-BR\",\"potentialAction\":[{\"@type\":\"ReadAction\",\"target\":[\"https:\\\/\\\/dana.com.br\\\/canaldana\\\/2022\\\/08\\\/11\\\/proconve-p8-eleva-potencia-do-onibus-rodoviario-no-pais\\\/\"]}]},{\"@type\":\"BreadcrumbList\",\"@id\":\"https:\\\/\\\/dana.com.br\\\/canaldana\\\/2022\\\/08\\\/11\\\/proconve-p8-eleva-potencia-do-onibus-rodoviario-no-pais\\\/#breadcrumb\",\"itemListElement\":[{\"@type\":\"ListItem\",\"position\":1,\"name\":\"Home\",\"item\":\"https:\\\/\\\/dana.com.br\\\/canaldana\\\/\"},{\"@type\":\"ListItem\",\"position\":2,\"name\":\"Destaques\",\"item\":\"https:\\\/\\\/dana.com.br\\\/canaldana\\\/destaques\\\/\"},{\"@type\":\"ListItem\",\"position\":3,\"name\":\"Proconve P8 eleva pot\u00eancia do \u00f4nibus rodovi\u00e1rio no Pa\u00eds\"}]},{\"@type\":\"WebSite\",\"@id\":\"https:\\\/\\\/dana.com.br\\\/canaldana\\\/#website\",\"url\":\"https:\\\/\\\/dana.com.br\\\/canaldana\\\/\",\"name\":\"Canal Dana\",\"description\":\"Informativo com as principais not\u00edcias da ind\u00fastria automotiva\",\"potentialAction\":[{\"@type\":\"SearchAction\",\"target\":{\"@type\":\"EntryPoint\",\"urlTemplate\":\"https:\\\/\\\/dana.com.br\\\/canaldana\\\/?s={search_term_string}\"},\"query-input\":{\"@type\":\"PropertyValueSpecification\",\"valueRequired\":true,\"valueName\":\"search_term_string\"}}],\"inLanguage\":\"pt-BR\"},{\"@type\":\"Person\",\"@id\":\"https:\\\/\\\/dana.com.br\\\/canaldana\\\/#\\\/schema\\\/person\\\/3c21f22f56fcf3bc46b94bc60ea4fef6\",\"name\":\"Canal Dana\",\"image\":{\"@type\":\"ImageObject\",\"inLanguage\":\"pt-BR\",\"@id\":\"https:\\\/\\\/secure.gravatar.com\\\/avatar\\\/420aaf9278582877d9018637c6817617705899d2858d7572ef0fe59a6b6454b4?s=96&d=mm&r=g\",\"url\":\"https:\\\/\\\/secure.gravatar.com\\\/avatar\\\/420aaf9278582877d9018637c6817617705899d2858d7572ef0fe59a6b6454b4?s=96&d=mm&r=g\",\"contentUrl\":\"https:\\\/\\\/secure.gravatar.com\\\/avatar\\\/420aaf9278582877d9018637c6817617705899d2858d7572ef0fe59a6b6454b4?s=96&d=mm&r=g\",\"caption\":\"Canal Dana\"},\"url\":\"https:\\\/\\\/dana.com.br\\\/canaldana\\\/author\\\/cdeditor\\\/\"}]}<\/script>\n<!-- \/ Yoast SEO plugin. -->","yoast_head_json":{"title":"Proconve P8 eleva pot\u00eancia do \u00f4nibus rodovi\u00e1rio no Pa\u00eds - Canal Dana","robots":{"index":"index","follow":"follow","max-snippet":"max-snippet:-1","max-image-preview":"max-image-preview:large","max-video-preview":"max-video-preview:-1"},"canonical":"https:\/\/dana.com.br\/canaldana\/2022\/08\/11\/proconve-p8-eleva-potencia-do-onibus-rodoviario-no-pais\/","og_locale":"pt_BR","og_type":"article","og_title":"Proconve P8 eleva pot\u00eancia do \u00f4nibus rodovi\u00e1rio no Pa\u00eds - Canal Dana","og_description":"AutoInd\u00fastria &nbsp; Al\u00e9m de tornar mais severos os limites de emiss\u00e3o de poluentes, a nova fase do Proconve para ve\u00edculos pesados, equivalentes ao Euro 6, em vigor partir de janeiro de 2023, tamb\u00e9m elevou a faixa de pot\u00eancia de motores no segmento de \u00f4nibus, em especial os rodovi\u00e1rios &nbsp; H\u00e1 algumas semanas, na apresenta\u00e7\u00e3o de\u2026 Leia mais \u00bb","og_url":"https:\/\/dana.com.br\/canaldana\/2022\/08\/11\/proconve-p8-eleva-potencia-do-onibus-rodoviario-no-pais\/","og_site_name":"Canal Dana","article_published_time":"2022-08-11T12:17:14+00:00","author":"Canal Dana","twitter_card":"summary_large_image","twitter_misc":{"Escrito por":"Canal Dana","Est. tempo de leitura":"2 minutos"},"schema":{"@context":"https:\/\/schema.org","@graph":[{"@type":"Article","@id":"https:\/\/dana.com.br\/canaldana\/2022\/08\/11\/proconve-p8-eleva-potencia-do-onibus-rodoviario-no-pais\/#article","isPartOf":{"@id":"https:\/\/dana.com.br\/canaldana\/2022\/08\/11\/proconve-p8-eleva-potencia-do-onibus-rodoviario-no-pais\/"},"author":{"name":"Canal Dana","@id":"https:\/\/dana.com.br\/canaldana\/#\/schema\/person\/3c21f22f56fcf3bc46b94bc60ea4fef6"},"headline":"Proconve P8 eleva pot\u00eancia do \u00f4nibus rodovi\u00e1rio no Pa\u00eds","datePublished":"2022-08-11T12:17:14+00:00","mainEntityOfPage":{"@id":"https:\/\/dana.com.br\/canaldana\/2022\/08\/11\/proconve-p8-eleva-potencia-do-onibus-rodoviario-no-pais\/"},"wordCount":437,"articleSection":["Destaques"],"inLanguage":"pt-BR"},{"@type":"WebPage","@id":"https:\/\/dana.com.br\/canaldana\/2022\/08\/11\/proconve-p8-eleva-potencia-do-onibus-rodoviario-no-pais\/","url":"https:\/\/dana.com.br\/canaldana\/2022\/08\/11\/proconve-p8-eleva-potencia-do-onibus-rodoviario-no-pais\/","name":"Proconve P8 eleva pot\u00eancia do \u00f4nibus rodovi\u00e1rio no Pa\u00eds - Canal Dana","isPartOf":{"@id":"https:\/\/dana.com.br\/canaldana\/#website"},"datePublished":"2022-08-11T12:17:14+00:00","author":{"@id":"https:\/\/dana.com.br\/canaldana\/#\/schema\/person\/3c21f22f56fcf3bc46b94bc60ea4fef6"},"breadcrumb":{"@id":"https:\/\/dana.com.br\/canaldana\/2022\/08\/11\/proconve-p8-eleva-potencia-do-onibus-rodoviario-no-pais\/#breadcrumb"},"inLanguage":"pt-BR","potentialAction":[{"@type":"ReadAction","target":["https:\/\/dana.com.br\/canaldana\/2022\/08\/11\/proconve-p8-eleva-potencia-do-onibus-rodoviario-no-pais\/"]}]},{"@type":"BreadcrumbList","@id":"https:\/\/dana.com.br\/canaldana\/2022\/08\/11\/proconve-p8-eleva-potencia-do-onibus-rodoviario-no-pais\/#breadcrumb","itemListElement":[{"@type":"ListItem","position":1,"name":"Home","item":"https:\/\/dana.com.br\/canaldana\/"},{"@type":"ListItem","position":2,"name":"Destaques","item":"https:\/\/dana.com.br\/canaldana\/destaques\/"},{"@type":"ListItem","position":3,"name":"Proconve P8 eleva pot\u00eancia do \u00f4nibus rodovi\u00e1rio no Pa\u00eds"}]},{"@type":"WebSite","@id":"https:\/\/dana.com.br\/canaldana\/#website","url":"https:\/\/dana.com.br\/canaldana\/","name":"Canal Dana","description":"Informativo com as principais not\u00edcias da ind\u00fastria automotiva","potentialAction":[{"@type":"SearchAction","target":{"@type":"EntryPoint","urlTemplate":"https:\/\/dana.com.br\/canaldana\/?s={search_term_string}"},"query-input":{"@type":"PropertyValueSpecification","valueRequired":true,"valueName":"search_term_string"}}],"inLanguage":"pt-BR"},{"@type":"Person","@id":"https:\/\/dana.com.br\/canaldana\/#\/schema\/person\/3c21f22f56fcf3bc46b94bc60ea4fef6","name":"Canal Dana","image":{"@type":"ImageObject","inLanguage":"pt-BR","@id":"https:\/\/secure.gravatar.com\/avatar\/420aaf9278582877d9018637c6817617705899d2858d7572ef0fe59a6b6454b4?s=96&d=mm&r=g","url":"https:\/\/secure.gravatar.com\/avatar\/420aaf9278582877d9018637c6817617705899d2858d7572ef0fe59a6b6454b4?s=96&d=mm&r=g","contentUrl":"https:\/\/secure.gravatar.com\/avatar\/420aaf9278582877d9018637c6817617705899d2858d7572ef0fe59a6b6454b4?s=96&d=mm&r=g","caption":"Canal Dana"},"url":"https:\/\/dana.com.br\/canaldana\/author\/cdeditor\/"}]}},"_links":{"self":[{"href":"https:\/\/dana.com.br\/canaldana\/wp-json\/wp\/v2\/posts\/60239","targetHints":{"allow":["GET"]}}],"collection":[{"href":"https:\/\/dana.com.br\/canaldana\/wp-json\/wp\/v2\/posts"}],"about":[{"href":"https:\/\/dana.com.br\/canaldana\/wp-json\/wp\/v2\/types\/post"}],"author":[{"embeddable":true,"href":"https:\/\/dana.com.br\/canaldana\/wp-json\/wp\/v2\/users\/3"}],"replies":[{"embeddable":true,"href":"https:\/\/dana.com.br\/canaldana\/wp-json\/wp\/v2\/comments?post=60239"}],"version-history":[{"count":0,"href":"https:\/\/dana.com.br\/canaldana\/wp-json\/wp\/v2\/posts\/60239\/revisions"}],"wp:attachment":[{"href":"https:\/\/dana.com.br\/canaldana\/wp-json\/wp\/v2\/media?parent=60239"}],"wp:term":[{"taxonomy":"category","embeddable":true,"href":"https:\/\/dana.com.br\/canaldana\/wp-json\/wp\/v2\/categories?post=60239"},{"taxonomy":"post_tag","embeddable":true,"href":"https:\/\/dana.com.br\/canaldana\/wp-json\/wp\/v2\/tags?post=60239"}],"curies":[{"name":"wp","href":"https:\/\/api.w.org\/{rel}","templated":true}]}}