{"id":60237,"date":"2022-08-11T09:16:38","date_gmt":"2022-08-11T12:16:38","guid":{"rendered":"https:\/\/dana.com.br\/canaldana\/?p=60237"},"modified":"2022-08-11T09:16:38","modified_gmt":"2022-08-11T12:16:38","slug":"venda-de-importados-cresce-8-e-de-nacionais-cai-152","status":"publish","type":"post","link":"https:\/\/dana.com.br\/canaldana\/2022\/08\/11\/venda-de-importados-cresce-8-e-de-nacionais-cai-152\/","title":{"rendered":"Venda de importados cresce 8% e de nacionais cai 15,2%"},"content":{"rendered":"<p><em>AutoInd\u00fastria <\/em><\/p>\n<p>&nbsp;<\/p>\n<p>Apesar dos n\u00fameros negativos dos associados da Abeifa quando o tema \u00e9 importado, o balan\u00e7o da venda de ve\u00edculos que v\u00eam de outros pa\u00edses incluindo os trazidos pelas montadoras aqui instaladas, \u00e9 positivo no ano, enquanto o de emplacamentos de ve\u00edculos leves produzidos no pa\u00eds registra queda.<\/p>\n<p>&nbsp;<\/p>\n<p>Foram comercializados de janeiro a julho total de 139.295 autom\u00f3veis e comerciais leves importados, uma alta de 8% sobre os 128.943 do mesmo per\u00edodo de 2021. J\u00e1 a demanda pelos modelos nacionais caiu 15,2%, de 1.041.171 para 883,029, conforme dados divulgados semana passada pela Anfavea. No comparativo interanual, a participa\u00e7\u00e3o dos importados no segmento de leves cresceu de 11% para 13,6%.<\/p>\n<p>&nbsp;<\/p>\n<p>Na m\u00e9dia, as vendas de autom\u00f3veis e comerciais leves ca\u00edram 12,6%, de 1.170.114 para 1.022.324, ou seja, os importados contribu\u00edram para o tombo deste ano n\u00e3o ser maior. O que explica o aumento da venda de importados \u00e9 basicamente a troca de modelos entre Brasil e Argentina por parte das montadoras com opera\u00e7\u00f5es nos dois pa\u00edses.<\/p>\n<p>&nbsp;<\/p>\n<p>S\u00e3o n\u00fameros que n\u00e3o constam dos dados da Abeifa, uma entidade que hoje mistura importadores independentes, como Kia, Ferrari, Lamborguini e Volvo Car, e empresas com produ\u00e7\u00e3o local, caso da Caoa Chery e Jaguar Land Rover.<\/p>\n<p>&nbsp;<\/p>\n<p>Entre as suas representadas, a Kia, que sobrevive apenas de ve\u00edculos importados da Coreia, ampliou vendas em 3,7% este ano, com 2.815 licenciamentos at\u00e9 julho.\u00a0 J\u00e1 a Land Rover, que tem f\u00e1brica em Itatiaia, RJ, reduziu importa\u00e7\u00f5es em 59,3%, de 1.946 para apenas 792 unidades<\/p>\n<p>&nbsp;<\/p>\n<p>J\u00e1 os fabricantes com opera\u00e7\u00f5es no Brasil e Argentina, como Volkswagen, Toyota e Nissan, v\u00eam ampliando as compras no pa\u00eds vizinho. Um dos motivos, certamente, \u00e9 a forte retra\u00e7\u00e3o no mercado argentino, que enfrenta crise econ\u00f4mica com recess\u00e3o geral na economia.<\/p>\n<p>&nbsp;<\/p>\n<p>A marca alem\u00e3 come\u00e7ou a trazer o SUV Taos de l\u00e1 no final do primeiro semestre do ano passado, totalizando at\u00e9 julho de 2021 apenas 1.490 unidades importadas. J\u00e1 no acumulado dos primeiros sete meses deste ano, emplacou 5.018 unidades do modelo produzido no pa\u00eds vizinho.<\/p>\n<p>&nbsp;<\/p>\n<p>Tamb\u00e9m a Toyota ampliou as compras da picape Hilux na Argentina, assim como suas vendas no mercado brasileiro. At\u00e9 julho foram emplacadas 25.666 unidades do modelo, at\u00e9 as 23.818 de id\u00eantico per\u00edodo de 2021.<\/p>\n<p>&nbsp;<\/p>\n<p>A Nissan Frontier tem volume menor este ano \u2013 4.741 ante as 5.678 de janeiro a julho do ano passado -, o que \u00e9 explicado pela mudan\u00e7a recente do modelo, que reduziu sua produ\u00e7\u00e3o por um tempo. A tend\u00eancia \u00e9 de crescimento a partir de agora, at\u00e9 porque h\u00e1 filas de espera para a sua compra no Brasil, segundo revelaram executivos da marca no m\u00eas passado. (AutoInd\u00fastria\/Alzira Rodrigues)<\/p>\n","protected":false},"excerpt":{"rendered":"<p>AutoInd\u00fastria &nbsp; Apesar dos n\u00fameros negativos dos associados da Abeifa quando o tema \u00e9 importado, o balan\u00e7o da venda de ve\u00edculos que v\u00eam de outros pa\u00edses incluindo os trazidos pelas montadoras aqui instaladas, \u00e9 positivo no ano, enquanto o de emplacamentos de ve\u00edculos leves produzidos no pa\u00eds registra queda. &nbsp; Foram comercializados de janeiro a\u2026 <a class=\"readmore\" href=\"https:\/\/dana.com.br\/canaldana\/2022\/08\/11\/venda-de-importados-cresce-8-e-de-nacionais-cai-152\/\">Leia mais \u00bb<\/a><\/p>\n","protected":false},"author":3,"featured_media":0,"comment_status":"closed","ping_status":"closed","sticky":false,"template":"","format":"standard","meta":{"_acf_changed":false,"footnotes":""},"categories":[61],"tags":[],"class_list":["post-60237","post","type-post","status-publish","format-standard","hentry","category-destaques"],"acf":[],"yoast_head":"<!-- This site is optimized with the Yoast SEO plugin v27.3 - https:\/\/yoast.com\/product\/yoast-seo-wordpress\/ -->\n<title>Venda de importados cresce 8% e de nacionais cai 15,2% - Canal Dana<\/title>\n<meta name=\"robots\" content=\"index, follow, max-snippet:-1, max-image-preview:large, max-video-preview:-1\" \/>\n<link rel=\"canonical\" href=\"https:\/\/dana.com.br\/canaldana\/2022\/08\/11\/venda-de-importados-cresce-8-e-de-nacionais-cai-152\/\" \/>\n<meta property=\"og:locale\" content=\"pt_BR\" \/>\n<meta property=\"og:type\" content=\"article\" \/>\n<meta property=\"og:title\" content=\"Venda de importados cresce 8% e de nacionais cai 15,2% - Canal Dana\" \/>\n<meta property=\"og:description\" content=\"AutoInd\u00fastria &nbsp; Apesar dos n\u00fameros negativos dos associados da Abeifa quando o tema \u00e9 importado, o balan\u00e7o da venda de ve\u00edculos que v\u00eam de outros pa\u00edses incluindo os trazidos pelas montadoras aqui instaladas, \u00e9 positivo no ano, enquanto o de emplacamentos de ve\u00edculos leves produzidos no pa\u00eds registra queda. &nbsp; Foram comercializados de janeiro a\u2026 Leia mais \u00bb\" \/>\n<meta property=\"og:url\" content=\"https:\/\/dana.com.br\/canaldana\/2022\/08\/11\/venda-de-importados-cresce-8-e-de-nacionais-cai-152\/\" \/>\n<meta property=\"og:site_name\" content=\"Canal Dana\" \/>\n<meta property=\"article:published_time\" content=\"2022-08-11T12:16:38+00:00\" \/>\n<meta name=\"author\" content=\"Canal Dana\" \/>\n<meta name=\"twitter:card\" content=\"summary_large_image\" \/>\n<meta name=\"twitter:label1\" content=\"Escrito por\" \/>\n\t<meta name=\"twitter:data1\" content=\"Canal Dana\" \/>\n\t<meta name=\"twitter:label2\" content=\"Est. tempo de leitura\" \/>\n\t<meta name=\"twitter:data2\" content=\"2 minutos\" \/>\n<script type=\"application\/ld+json\" class=\"yoast-schema-graph\">{\"@context\":\"https:\\\/\\\/schema.org\",\"@graph\":[{\"@type\":\"Article\",\"@id\":\"https:\\\/\\\/dana.com.br\\\/canaldana\\\/2022\\\/08\\\/11\\\/venda-de-importados-cresce-8-e-de-nacionais-cai-152\\\/#article\",\"isPartOf\":{\"@id\":\"https:\\\/\\\/dana.com.br\\\/canaldana\\\/2022\\\/08\\\/11\\\/venda-de-importados-cresce-8-e-de-nacionais-cai-152\\\/\"},\"author\":{\"name\":\"Canal Dana\",\"@id\":\"https:\\\/\\\/dana.com.br\\\/canaldana\\\/#\\\/schema\\\/person\\\/3c21f22f56fcf3bc46b94bc60ea4fef6\"},\"headline\":\"Venda de importados cresce 8% e de nacionais cai 15,2%\",\"datePublished\":\"2022-08-11T12:16:38+00:00\",\"mainEntityOfPage\":{\"@id\":\"https:\\\/\\\/dana.com.br\\\/canaldana\\\/2022\\\/08\\\/11\\\/venda-de-importados-cresce-8-e-de-nacionais-cai-152\\\/\"},\"wordCount\":462,\"articleSection\":[\"Destaques\"],\"inLanguage\":\"pt-BR\"},{\"@type\":\"WebPage\",\"@id\":\"https:\\\/\\\/dana.com.br\\\/canaldana\\\/2022\\\/08\\\/11\\\/venda-de-importados-cresce-8-e-de-nacionais-cai-152\\\/\",\"url\":\"https:\\\/\\\/dana.com.br\\\/canaldana\\\/2022\\\/08\\\/11\\\/venda-de-importados-cresce-8-e-de-nacionais-cai-152\\\/\",\"name\":\"Venda de importados cresce 8% e de nacionais cai 15,2% - Canal Dana\",\"isPartOf\":{\"@id\":\"https:\\\/\\\/dana.com.br\\\/canaldana\\\/#website\"},\"datePublished\":\"2022-08-11T12:16:38+00:00\",\"author\":{\"@id\":\"https:\\\/\\\/dana.com.br\\\/canaldana\\\/#\\\/schema\\\/person\\\/3c21f22f56fcf3bc46b94bc60ea4fef6\"},\"breadcrumb\":{\"@id\":\"https:\\\/\\\/dana.com.br\\\/canaldana\\\/2022\\\/08\\\/11\\\/venda-de-importados-cresce-8-e-de-nacionais-cai-152\\\/#breadcrumb\"},\"inLanguage\":\"pt-BR\",\"potentialAction\":[{\"@type\":\"ReadAction\",\"target\":[\"https:\\\/\\\/dana.com.br\\\/canaldana\\\/2022\\\/08\\\/11\\\/venda-de-importados-cresce-8-e-de-nacionais-cai-152\\\/\"]}]},{\"@type\":\"BreadcrumbList\",\"@id\":\"https:\\\/\\\/dana.com.br\\\/canaldana\\\/2022\\\/08\\\/11\\\/venda-de-importados-cresce-8-e-de-nacionais-cai-152\\\/#breadcrumb\",\"itemListElement\":[{\"@type\":\"ListItem\",\"position\":1,\"name\":\"Home\",\"item\":\"https:\\\/\\\/dana.com.br\\\/canaldana\\\/\"},{\"@type\":\"ListItem\",\"position\":2,\"name\":\"Destaques\",\"item\":\"https:\\\/\\\/dana.com.br\\\/canaldana\\\/destaques\\\/\"},{\"@type\":\"ListItem\",\"position\":3,\"name\":\"Venda de importados cresce 8% e de nacionais cai 15,2%\"}]},{\"@type\":\"WebSite\",\"@id\":\"https:\\\/\\\/dana.com.br\\\/canaldana\\\/#website\",\"url\":\"https:\\\/\\\/dana.com.br\\\/canaldana\\\/\",\"name\":\"Canal Dana\",\"description\":\"Informativo com as principais not\u00edcias da ind\u00fastria automotiva\",\"potentialAction\":[{\"@type\":\"SearchAction\",\"target\":{\"@type\":\"EntryPoint\",\"urlTemplate\":\"https:\\\/\\\/dana.com.br\\\/canaldana\\\/?s={search_term_string}\"},\"query-input\":{\"@type\":\"PropertyValueSpecification\",\"valueRequired\":true,\"valueName\":\"search_term_string\"}}],\"inLanguage\":\"pt-BR\"},{\"@type\":\"Person\",\"@id\":\"https:\\\/\\\/dana.com.br\\\/canaldana\\\/#\\\/schema\\\/person\\\/3c21f22f56fcf3bc46b94bc60ea4fef6\",\"name\":\"Canal Dana\",\"image\":{\"@type\":\"ImageObject\",\"inLanguage\":\"pt-BR\",\"@id\":\"https:\\\/\\\/secure.gravatar.com\\\/avatar\\\/420aaf9278582877d9018637c6817617705899d2858d7572ef0fe59a6b6454b4?s=96&d=mm&r=g\",\"url\":\"https:\\\/\\\/secure.gravatar.com\\\/avatar\\\/420aaf9278582877d9018637c6817617705899d2858d7572ef0fe59a6b6454b4?s=96&d=mm&r=g\",\"contentUrl\":\"https:\\\/\\\/secure.gravatar.com\\\/avatar\\\/420aaf9278582877d9018637c6817617705899d2858d7572ef0fe59a6b6454b4?s=96&d=mm&r=g\",\"caption\":\"Canal Dana\"},\"url\":\"https:\\\/\\\/dana.com.br\\\/canaldana\\\/author\\\/cdeditor\\\/\"}]}<\/script>\n<!-- \/ Yoast SEO plugin. -->","yoast_head_json":{"title":"Venda de importados cresce 8% e de nacionais cai 15,2% - Canal Dana","robots":{"index":"index","follow":"follow","max-snippet":"max-snippet:-1","max-image-preview":"max-image-preview:large","max-video-preview":"max-video-preview:-1"},"canonical":"https:\/\/dana.com.br\/canaldana\/2022\/08\/11\/venda-de-importados-cresce-8-e-de-nacionais-cai-152\/","og_locale":"pt_BR","og_type":"article","og_title":"Venda de importados cresce 8% e de nacionais cai 15,2% - Canal Dana","og_description":"AutoInd\u00fastria &nbsp; Apesar dos n\u00fameros negativos dos associados da Abeifa quando o tema \u00e9 importado, o balan\u00e7o da venda de ve\u00edculos que v\u00eam de outros pa\u00edses incluindo os trazidos pelas montadoras aqui instaladas, \u00e9 positivo no ano, enquanto o de emplacamentos de ve\u00edculos leves produzidos no pa\u00eds registra queda. &nbsp; Foram comercializados de janeiro a\u2026 Leia mais \u00bb","og_url":"https:\/\/dana.com.br\/canaldana\/2022\/08\/11\/venda-de-importados-cresce-8-e-de-nacionais-cai-152\/","og_site_name":"Canal Dana","article_published_time":"2022-08-11T12:16:38+00:00","author":"Canal Dana","twitter_card":"summary_large_image","twitter_misc":{"Escrito por":"Canal Dana","Est. tempo de leitura":"2 minutos"},"schema":{"@context":"https:\/\/schema.org","@graph":[{"@type":"Article","@id":"https:\/\/dana.com.br\/canaldana\/2022\/08\/11\/venda-de-importados-cresce-8-e-de-nacionais-cai-152\/#article","isPartOf":{"@id":"https:\/\/dana.com.br\/canaldana\/2022\/08\/11\/venda-de-importados-cresce-8-e-de-nacionais-cai-152\/"},"author":{"name":"Canal Dana","@id":"https:\/\/dana.com.br\/canaldana\/#\/schema\/person\/3c21f22f56fcf3bc46b94bc60ea4fef6"},"headline":"Venda de importados cresce 8% e de nacionais cai 15,2%","datePublished":"2022-08-11T12:16:38+00:00","mainEntityOfPage":{"@id":"https:\/\/dana.com.br\/canaldana\/2022\/08\/11\/venda-de-importados-cresce-8-e-de-nacionais-cai-152\/"},"wordCount":462,"articleSection":["Destaques"],"inLanguage":"pt-BR"},{"@type":"WebPage","@id":"https:\/\/dana.com.br\/canaldana\/2022\/08\/11\/venda-de-importados-cresce-8-e-de-nacionais-cai-152\/","url":"https:\/\/dana.com.br\/canaldana\/2022\/08\/11\/venda-de-importados-cresce-8-e-de-nacionais-cai-152\/","name":"Venda de importados cresce 8% e de nacionais cai 15,2% - Canal Dana","isPartOf":{"@id":"https:\/\/dana.com.br\/canaldana\/#website"},"datePublished":"2022-08-11T12:16:38+00:00","author":{"@id":"https:\/\/dana.com.br\/canaldana\/#\/schema\/person\/3c21f22f56fcf3bc46b94bc60ea4fef6"},"breadcrumb":{"@id":"https:\/\/dana.com.br\/canaldana\/2022\/08\/11\/venda-de-importados-cresce-8-e-de-nacionais-cai-152\/#breadcrumb"},"inLanguage":"pt-BR","potentialAction":[{"@type":"ReadAction","target":["https:\/\/dana.com.br\/canaldana\/2022\/08\/11\/venda-de-importados-cresce-8-e-de-nacionais-cai-152\/"]}]},{"@type":"BreadcrumbList","@id":"https:\/\/dana.com.br\/canaldana\/2022\/08\/11\/venda-de-importados-cresce-8-e-de-nacionais-cai-152\/#breadcrumb","itemListElement":[{"@type":"ListItem","position":1,"name":"Home","item":"https:\/\/dana.com.br\/canaldana\/"},{"@type":"ListItem","position":2,"name":"Destaques","item":"https:\/\/dana.com.br\/canaldana\/destaques\/"},{"@type":"ListItem","position":3,"name":"Venda de importados cresce 8% e de nacionais cai 15,2%"}]},{"@type":"WebSite","@id":"https:\/\/dana.com.br\/canaldana\/#website","url":"https:\/\/dana.com.br\/canaldana\/","name":"Canal Dana","description":"Informativo com as principais not\u00edcias da ind\u00fastria automotiva","potentialAction":[{"@type":"SearchAction","target":{"@type":"EntryPoint","urlTemplate":"https:\/\/dana.com.br\/canaldana\/?s={search_term_string}"},"query-input":{"@type":"PropertyValueSpecification","valueRequired":true,"valueName":"search_term_string"}}],"inLanguage":"pt-BR"},{"@type":"Person","@id":"https:\/\/dana.com.br\/canaldana\/#\/schema\/person\/3c21f22f56fcf3bc46b94bc60ea4fef6","name":"Canal Dana","image":{"@type":"ImageObject","inLanguage":"pt-BR","@id":"https:\/\/secure.gravatar.com\/avatar\/420aaf9278582877d9018637c6817617705899d2858d7572ef0fe59a6b6454b4?s=96&d=mm&r=g","url":"https:\/\/secure.gravatar.com\/avatar\/420aaf9278582877d9018637c6817617705899d2858d7572ef0fe59a6b6454b4?s=96&d=mm&r=g","contentUrl":"https:\/\/secure.gravatar.com\/avatar\/420aaf9278582877d9018637c6817617705899d2858d7572ef0fe59a6b6454b4?s=96&d=mm&r=g","caption":"Canal Dana"},"url":"https:\/\/dana.com.br\/canaldana\/author\/cdeditor\/"}]}},"_links":{"self":[{"href":"https:\/\/dana.com.br\/canaldana\/wp-json\/wp\/v2\/posts\/60237","targetHints":{"allow":["GET"]}}],"collection":[{"href":"https:\/\/dana.com.br\/canaldana\/wp-json\/wp\/v2\/posts"}],"about":[{"href":"https:\/\/dana.com.br\/canaldana\/wp-json\/wp\/v2\/types\/post"}],"author":[{"embeddable":true,"href":"https:\/\/dana.com.br\/canaldana\/wp-json\/wp\/v2\/users\/3"}],"replies":[{"embeddable":true,"href":"https:\/\/dana.com.br\/canaldana\/wp-json\/wp\/v2\/comments?post=60237"}],"version-history":[{"count":0,"href":"https:\/\/dana.com.br\/canaldana\/wp-json\/wp\/v2\/posts\/60237\/revisions"}],"wp:attachment":[{"href":"https:\/\/dana.com.br\/canaldana\/wp-json\/wp\/v2\/media?parent=60237"}],"wp:term":[{"taxonomy":"category","embeddable":true,"href":"https:\/\/dana.com.br\/canaldana\/wp-json\/wp\/v2\/categories?post=60237"},{"taxonomy":"post_tag","embeddable":true,"href":"https:\/\/dana.com.br\/canaldana\/wp-json\/wp\/v2\/tags?post=60237"}],"curies":[{"name":"wp","href":"https:\/\/api.w.org\/{rel}","templated":true}]}}