{"id":60235,"date":"2022-08-11T09:15:32","date_gmt":"2022-08-11T12:15:32","guid":{"rendered":"https:\/\/dana.com.br\/canaldana\/?p=60235"},"modified":"2022-08-11T09:15:32","modified_gmt":"2022-08-11T12:15:32","slug":"venda-de-combustiveis-no-brasil-deve-se-manter-aquecida-no-2o-semestre","status":"publish","type":"post","link":"https:\/\/dana.com.br\/canaldana\/2022\/08\/11\/venda-de-combustiveis-no-brasil-deve-se-manter-aquecida-no-2o-semestre\/","title":{"rendered":"Venda de combust\u00edveis no Brasil deve se manter aquecida no 2\u00ba semestre"},"content":{"rendered":"<p><em>Frota &amp; Cia <\/em><\/p>\n<p>&nbsp;<\/p>\n<p>Uma pesquisa da StoneX mostrou otimismo na venda de combust\u00edveis no Brasil. A tend\u00eancia \u00e9 um aquecimento no 2\u00ba semestre, principalmente por conta da desonera\u00e7\u00e3o tribut\u00e1ria e redu\u00e7\u00e3o de pre\u00e7os internacionais.<\/p>\n<p>&nbsp;<\/p>\n<p>Segundo a consultoria, a redu\u00e7\u00e3o dos pre\u00e7os na gasolina proporcionada pela limita\u00e7\u00e3o do ICMS nos Estados a 17% ou 18% e pela isen\u00e7\u00e3o dos impostos federais tende a continuar impulsionando a demanda, al\u00e9m das duas redu\u00e7\u00f5es feitas em julho pela Petrobras nas refinarias.<\/p>\n<p>&nbsp;<\/p>\n<p>Al\u00e9m disso, com o aumento da oferta no mercado, o consumo de etanol hidratado tamb\u00e9m deve ganhar mais espa\u00e7o, segundo a StoneX. O biocombust\u00edvel recuperou a competitividade frente a gasolina a partir de junho, depois de tamb\u00e9m ter tido impostos reduzidos pelo Congresso Nacional.<\/p>\n<p>&nbsp;<\/p>\n<p>\u201cCom a safra 2022\/23 de cana-de-a\u00e7\u00facar entrando nos meses de maior moagem, a oferta de etanol no mercado deve continuar aumentando, de modo a gerar um cen\u00e1rio baixista para o biocombust\u00edvel\u201d, acrescentou a consultoria.<\/p>\n<p>&nbsp;<\/p>\n<p>O relat\u00f3rio chama a aten\u00e7\u00e3o, por\u00e9m, para a possibilidade de a perspectiva de aumento na venda de combust\u00edveis n\u00e3o se concretizar no caso de uma desacelera\u00e7\u00e3o da economia global e de dificuldades log\u00edsticas impostas pela guerra na Ucr\u00e2nia. (Frota &amp; Cia\/Victor Fagarassi)<\/p>\n","protected":false},"excerpt":{"rendered":"<p>Frota &amp; Cia &nbsp; Uma pesquisa da StoneX mostrou otimismo na venda de combust\u00edveis no Brasil. A tend\u00eancia \u00e9 um aquecimento no 2\u00ba semestre, principalmente por conta da desonera\u00e7\u00e3o tribut\u00e1ria e redu\u00e7\u00e3o de pre\u00e7os internacionais. &nbsp; Segundo a consultoria, a redu\u00e7\u00e3o dos pre\u00e7os na gasolina proporcionada pela limita\u00e7\u00e3o do ICMS nos Estados a 17% ou\u2026 <a class=\"readmore\" href=\"https:\/\/dana.com.br\/canaldana\/2022\/08\/11\/venda-de-combustiveis-no-brasil-deve-se-manter-aquecida-no-2o-semestre\/\">Leia mais \u00bb<\/a><\/p>\n","protected":false},"author":3,"featured_media":0,"comment_status":"closed","ping_status":"closed","sticky":false,"template":"","format":"standard","meta":{"_acf_changed":false,"footnotes":""},"categories":[79],"tags":[],"class_list":["post-60235","post","type-post","status-publish","format-standard","hentry","category-mercado"],"acf":[],"yoast_head":"<!-- This site is optimized with the Yoast SEO plugin v27.3 - https:\/\/yoast.com\/product\/yoast-seo-wordpress\/ -->\n<title>Venda de combust\u00edveis no Brasil deve se manter aquecida no 2\u00ba semestre - Canal Dana<\/title>\n<meta name=\"robots\" content=\"index, follow, max-snippet:-1, max-image-preview:large, max-video-preview:-1\" \/>\n<link rel=\"canonical\" href=\"https:\/\/dana.com.br\/canaldana\/2022\/08\/11\/venda-de-combustiveis-no-brasil-deve-se-manter-aquecida-no-2o-semestre\/\" \/>\n<meta property=\"og:locale\" content=\"pt_BR\" \/>\n<meta property=\"og:type\" content=\"article\" \/>\n<meta property=\"og:title\" content=\"Venda de combust\u00edveis no Brasil deve se manter aquecida no 2\u00ba semestre - Canal Dana\" \/>\n<meta property=\"og:description\" content=\"Frota &amp; Cia &nbsp; Uma pesquisa da StoneX mostrou otimismo na venda de combust\u00edveis no Brasil. A tend\u00eancia \u00e9 um aquecimento no 2\u00ba semestre, principalmente por conta da desonera\u00e7\u00e3o tribut\u00e1ria e redu\u00e7\u00e3o de pre\u00e7os internacionais. &nbsp; Segundo a consultoria, a redu\u00e7\u00e3o dos pre\u00e7os na gasolina proporcionada pela limita\u00e7\u00e3o do ICMS nos Estados a 17% ou\u2026 Leia mais \u00bb\" \/>\n<meta property=\"og:url\" content=\"https:\/\/dana.com.br\/canaldana\/2022\/08\/11\/venda-de-combustiveis-no-brasil-deve-se-manter-aquecida-no-2o-semestre\/\" \/>\n<meta property=\"og:site_name\" content=\"Canal Dana\" \/>\n<meta property=\"article:published_time\" content=\"2022-08-11T12:15:32+00:00\" \/>\n<meta name=\"author\" content=\"Canal Dana\" \/>\n<meta name=\"twitter:card\" content=\"summary_large_image\" \/>\n<meta name=\"twitter:label1\" content=\"Escrito por\" \/>\n\t<meta name=\"twitter:data1\" content=\"Canal Dana\" \/>\n\t<meta name=\"twitter:label2\" content=\"Est. tempo de leitura\" \/>\n\t<meta name=\"twitter:data2\" content=\"1 minuto\" \/>\n<script type=\"application\/ld+json\" class=\"yoast-schema-graph\">{\"@context\":\"https:\\\/\\\/schema.org\",\"@graph\":[{\"@type\":\"Article\",\"@id\":\"https:\\\/\\\/dana.com.br\\\/canaldana\\\/2022\\\/08\\\/11\\\/venda-de-combustiveis-no-brasil-deve-se-manter-aquecida-no-2o-semestre\\\/#article\",\"isPartOf\":{\"@id\":\"https:\\\/\\\/dana.com.br\\\/canaldana\\\/2022\\\/08\\\/11\\\/venda-de-combustiveis-no-brasil-deve-se-manter-aquecida-no-2o-semestre\\\/\"},\"author\":{\"name\":\"Canal Dana\",\"@id\":\"https:\\\/\\\/dana.com.br\\\/canaldana\\\/#\\\/schema\\\/person\\\/3c21f22f56fcf3bc46b94bc60ea4fef6\"},\"headline\":\"Venda de combust\u00edveis no Brasil deve se manter aquecida no 2\u00ba semestre\",\"datePublished\":\"2022-08-11T12:15:32+00:00\",\"mainEntityOfPage\":{\"@id\":\"https:\\\/\\\/dana.com.br\\\/canaldana\\\/2022\\\/08\\\/11\\\/venda-de-combustiveis-no-brasil-deve-se-manter-aquecida-no-2o-semestre\\\/\"},\"wordCount\":238,\"articleSection\":[\"Mercado\"],\"inLanguage\":\"pt-BR\"},{\"@type\":\"WebPage\",\"@id\":\"https:\\\/\\\/dana.com.br\\\/canaldana\\\/2022\\\/08\\\/11\\\/venda-de-combustiveis-no-brasil-deve-se-manter-aquecida-no-2o-semestre\\\/\",\"url\":\"https:\\\/\\\/dana.com.br\\\/canaldana\\\/2022\\\/08\\\/11\\\/venda-de-combustiveis-no-brasil-deve-se-manter-aquecida-no-2o-semestre\\\/\",\"name\":\"Venda de combust\u00edveis no Brasil deve se manter aquecida no 2\u00ba semestre - Canal Dana\",\"isPartOf\":{\"@id\":\"https:\\\/\\\/dana.com.br\\\/canaldana\\\/#website\"},\"datePublished\":\"2022-08-11T12:15:32+00:00\",\"author\":{\"@id\":\"https:\\\/\\\/dana.com.br\\\/canaldana\\\/#\\\/schema\\\/person\\\/3c21f22f56fcf3bc46b94bc60ea4fef6\"},\"breadcrumb\":{\"@id\":\"https:\\\/\\\/dana.com.br\\\/canaldana\\\/2022\\\/08\\\/11\\\/venda-de-combustiveis-no-brasil-deve-se-manter-aquecida-no-2o-semestre\\\/#breadcrumb\"},\"inLanguage\":\"pt-BR\",\"potentialAction\":[{\"@type\":\"ReadAction\",\"target\":[\"https:\\\/\\\/dana.com.br\\\/canaldana\\\/2022\\\/08\\\/11\\\/venda-de-combustiveis-no-brasil-deve-se-manter-aquecida-no-2o-semestre\\\/\"]}]},{\"@type\":\"BreadcrumbList\",\"@id\":\"https:\\\/\\\/dana.com.br\\\/canaldana\\\/2022\\\/08\\\/11\\\/venda-de-combustiveis-no-brasil-deve-se-manter-aquecida-no-2o-semestre\\\/#breadcrumb\",\"itemListElement\":[{\"@type\":\"ListItem\",\"position\":1,\"name\":\"Home\",\"item\":\"https:\\\/\\\/dana.com.br\\\/canaldana\\\/\"},{\"@type\":\"ListItem\",\"position\":2,\"name\":\"Mercado\",\"item\":\"https:\\\/\\\/dana.com.br\\\/canaldana\\\/mercado\\\/\"},{\"@type\":\"ListItem\",\"position\":3,\"name\":\"Venda de combust\u00edveis no Brasil deve se manter aquecida no 2\u00ba semestre\"}]},{\"@type\":\"WebSite\",\"@id\":\"https:\\\/\\\/dana.com.br\\\/canaldana\\\/#website\",\"url\":\"https:\\\/\\\/dana.com.br\\\/canaldana\\\/\",\"name\":\"Canal Dana\",\"description\":\"Informativo com as principais not\u00edcias da ind\u00fastria automotiva\",\"potentialAction\":[{\"@type\":\"SearchAction\",\"target\":{\"@type\":\"EntryPoint\",\"urlTemplate\":\"https:\\\/\\\/dana.com.br\\\/canaldana\\\/?s={search_term_string}\"},\"query-input\":{\"@type\":\"PropertyValueSpecification\",\"valueRequired\":true,\"valueName\":\"search_term_string\"}}],\"inLanguage\":\"pt-BR\"},{\"@type\":\"Person\",\"@id\":\"https:\\\/\\\/dana.com.br\\\/canaldana\\\/#\\\/schema\\\/person\\\/3c21f22f56fcf3bc46b94bc60ea4fef6\",\"name\":\"Canal Dana\",\"image\":{\"@type\":\"ImageObject\",\"inLanguage\":\"pt-BR\",\"@id\":\"https:\\\/\\\/secure.gravatar.com\\\/avatar\\\/420aaf9278582877d9018637c6817617705899d2858d7572ef0fe59a6b6454b4?s=96&d=mm&r=g\",\"url\":\"https:\\\/\\\/secure.gravatar.com\\\/avatar\\\/420aaf9278582877d9018637c6817617705899d2858d7572ef0fe59a6b6454b4?s=96&d=mm&r=g\",\"contentUrl\":\"https:\\\/\\\/secure.gravatar.com\\\/avatar\\\/420aaf9278582877d9018637c6817617705899d2858d7572ef0fe59a6b6454b4?s=96&d=mm&r=g\",\"caption\":\"Canal Dana\"},\"url\":\"https:\\\/\\\/dana.com.br\\\/canaldana\\\/author\\\/cdeditor\\\/\"}]}<\/script>\n<!-- \/ Yoast SEO plugin. -->","yoast_head_json":{"title":"Venda de combust\u00edveis no Brasil deve se manter aquecida no 2\u00ba semestre - Canal Dana","robots":{"index":"index","follow":"follow","max-snippet":"max-snippet:-1","max-image-preview":"max-image-preview:large","max-video-preview":"max-video-preview:-1"},"canonical":"https:\/\/dana.com.br\/canaldana\/2022\/08\/11\/venda-de-combustiveis-no-brasil-deve-se-manter-aquecida-no-2o-semestre\/","og_locale":"pt_BR","og_type":"article","og_title":"Venda de combust\u00edveis no Brasil deve se manter aquecida no 2\u00ba semestre - Canal Dana","og_description":"Frota &amp; Cia &nbsp; Uma pesquisa da StoneX mostrou otimismo na venda de combust\u00edveis no Brasil. A tend\u00eancia \u00e9 um aquecimento no 2\u00ba semestre, principalmente por conta da desonera\u00e7\u00e3o tribut\u00e1ria e redu\u00e7\u00e3o de pre\u00e7os internacionais. &nbsp; Segundo a consultoria, a redu\u00e7\u00e3o dos pre\u00e7os na gasolina proporcionada pela limita\u00e7\u00e3o do ICMS nos Estados a 17% ou\u2026 Leia mais \u00bb","og_url":"https:\/\/dana.com.br\/canaldana\/2022\/08\/11\/venda-de-combustiveis-no-brasil-deve-se-manter-aquecida-no-2o-semestre\/","og_site_name":"Canal Dana","article_published_time":"2022-08-11T12:15:32+00:00","author":"Canal Dana","twitter_card":"summary_large_image","twitter_misc":{"Escrito por":"Canal Dana","Est. tempo de leitura":"1 minuto"},"schema":{"@context":"https:\/\/schema.org","@graph":[{"@type":"Article","@id":"https:\/\/dana.com.br\/canaldana\/2022\/08\/11\/venda-de-combustiveis-no-brasil-deve-se-manter-aquecida-no-2o-semestre\/#article","isPartOf":{"@id":"https:\/\/dana.com.br\/canaldana\/2022\/08\/11\/venda-de-combustiveis-no-brasil-deve-se-manter-aquecida-no-2o-semestre\/"},"author":{"name":"Canal Dana","@id":"https:\/\/dana.com.br\/canaldana\/#\/schema\/person\/3c21f22f56fcf3bc46b94bc60ea4fef6"},"headline":"Venda de combust\u00edveis no Brasil deve se manter aquecida no 2\u00ba semestre","datePublished":"2022-08-11T12:15:32+00:00","mainEntityOfPage":{"@id":"https:\/\/dana.com.br\/canaldana\/2022\/08\/11\/venda-de-combustiveis-no-brasil-deve-se-manter-aquecida-no-2o-semestre\/"},"wordCount":238,"articleSection":["Mercado"],"inLanguage":"pt-BR"},{"@type":"WebPage","@id":"https:\/\/dana.com.br\/canaldana\/2022\/08\/11\/venda-de-combustiveis-no-brasil-deve-se-manter-aquecida-no-2o-semestre\/","url":"https:\/\/dana.com.br\/canaldana\/2022\/08\/11\/venda-de-combustiveis-no-brasil-deve-se-manter-aquecida-no-2o-semestre\/","name":"Venda de combust\u00edveis no Brasil deve se manter aquecida no 2\u00ba semestre - Canal Dana","isPartOf":{"@id":"https:\/\/dana.com.br\/canaldana\/#website"},"datePublished":"2022-08-11T12:15:32+00:00","author":{"@id":"https:\/\/dana.com.br\/canaldana\/#\/schema\/person\/3c21f22f56fcf3bc46b94bc60ea4fef6"},"breadcrumb":{"@id":"https:\/\/dana.com.br\/canaldana\/2022\/08\/11\/venda-de-combustiveis-no-brasil-deve-se-manter-aquecida-no-2o-semestre\/#breadcrumb"},"inLanguage":"pt-BR","potentialAction":[{"@type":"ReadAction","target":["https:\/\/dana.com.br\/canaldana\/2022\/08\/11\/venda-de-combustiveis-no-brasil-deve-se-manter-aquecida-no-2o-semestre\/"]}]},{"@type":"BreadcrumbList","@id":"https:\/\/dana.com.br\/canaldana\/2022\/08\/11\/venda-de-combustiveis-no-brasil-deve-se-manter-aquecida-no-2o-semestre\/#breadcrumb","itemListElement":[{"@type":"ListItem","position":1,"name":"Home","item":"https:\/\/dana.com.br\/canaldana\/"},{"@type":"ListItem","position":2,"name":"Mercado","item":"https:\/\/dana.com.br\/canaldana\/mercado\/"},{"@type":"ListItem","position":3,"name":"Venda de combust\u00edveis no Brasil deve se manter aquecida no 2\u00ba semestre"}]},{"@type":"WebSite","@id":"https:\/\/dana.com.br\/canaldana\/#website","url":"https:\/\/dana.com.br\/canaldana\/","name":"Canal Dana","description":"Informativo com as principais not\u00edcias da ind\u00fastria automotiva","potentialAction":[{"@type":"SearchAction","target":{"@type":"EntryPoint","urlTemplate":"https:\/\/dana.com.br\/canaldana\/?s={search_term_string}"},"query-input":{"@type":"PropertyValueSpecification","valueRequired":true,"valueName":"search_term_string"}}],"inLanguage":"pt-BR"},{"@type":"Person","@id":"https:\/\/dana.com.br\/canaldana\/#\/schema\/person\/3c21f22f56fcf3bc46b94bc60ea4fef6","name":"Canal Dana","image":{"@type":"ImageObject","inLanguage":"pt-BR","@id":"https:\/\/secure.gravatar.com\/avatar\/420aaf9278582877d9018637c6817617705899d2858d7572ef0fe59a6b6454b4?s=96&d=mm&r=g","url":"https:\/\/secure.gravatar.com\/avatar\/420aaf9278582877d9018637c6817617705899d2858d7572ef0fe59a6b6454b4?s=96&d=mm&r=g","contentUrl":"https:\/\/secure.gravatar.com\/avatar\/420aaf9278582877d9018637c6817617705899d2858d7572ef0fe59a6b6454b4?s=96&d=mm&r=g","caption":"Canal Dana"},"url":"https:\/\/dana.com.br\/canaldana\/author\/cdeditor\/"}]}},"_links":{"self":[{"href":"https:\/\/dana.com.br\/canaldana\/wp-json\/wp\/v2\/posts\/60235","targetHints":{"allow":["GET"]}}],"collection":[{"href":"https:\/\/dana.com.br\/canaldana\/wp-json\/wp\/v2\/posts"}],"about":[{"href":"https:\/\/dana.com.br\/canaldana\/wp-json\/wp\/v2\/types\/post"}],"author":[{"embeddable":true,"href":"https:\/\/dana.com.br\/canaldana\/wp-json\/wp\/v2\/users\/3"}],"replies":[{"embeddable":true,"href":"https:\/\/dana.com.br\/canaldana\/wp-json\/wp\/v2\/comments?post=60235"}],"version-history":[{"count":0,"href":"https:\/\/dana.com.br\/canaldana\/wp-json\/wp\/v2\/posts\/60235\/revisions"}],"wp:attachment":[{"href":"https:\/\/dana.com.br\/canaldana\/wp-json\/wp\/v2\/media?parent=60235"}],"wp:term":[{"taxonomy":"category","embeddable":true,"href":"https:\/\/dana.com.br\/canaldana\/wp-json\/wp\/v2\/categories?post=60235"},{"taxonomy":"post_tag","embeddable":true,"href":"https:\/\/dana.com.br\/canaldana\/wp-json\/wp\/v2\/tags?post=60235"}],"curies":[{"name":"wp","href":"https:\/\/api.w.org\/{rel}","templated":true}]}}