{"id":60225,"date":"2022-08-11T09:10:32","date_gmt":"2022-08-11T12:10:32","guid":{"rendered":"https:\/\/dana.com.br\/canaldana\/?p=60225"},"modified":"2022-08-11T09:10:32","modified_gmt":"2022-08-11T12:10:32","slug":"porsche-taycan-bate-novo-recorde-em-nurburgring","status":"publish","type":"post","link":"https:\/\/dana.com.br\/canaldana\/2022\/08\/11\/porsche-taycan-bate-novo-recorde-em-nurburgring\/","title":{"rendered":"Porsche Taycan bate novo recorde em N\u00fcrburgring"},"content":{"rendered":"<p><em>Revista Torque<\/em><\/p>\n<p>&nbsp;<\/p>\n<p>Nunca antes um carro el\u00e9trico produzido em s\u00e9rie fez uma volta t\u00e3o r\u00e1pida em N\u00fcrburgring Nordschleife: O piloto de desenvolvimento da Porsche, Lars Kern, levou sete minutos e 33 segundos para fazer uma volta com o Taycan Turbo S. O sed\u00e3 esportivo foi equipado com o novo kit de performance e o Controle de Chassi Din\u00e2mico Porsche (PDCC) e \u2013 com exce\u00e7\u00e3o da gaiola de prote\u00e7\u00e3o e do banco de competi\u00e7\u00e3o \u2013 era um ve\u00edculo padr\u00e3o produzido em s\u00e9rie. N\u00e3o houve desvios na medi\u00e7\u00e3o de peso do ve\u00edculo. Um not\u00e1rio verificou o novo tempo recorde no circuito de 20,8 quil\u00f4metros na regi\u00e3o de Eifel na Alemanha, enquanto o instituto T\u00dcV Rheinland auferiu que o carro utilizado era um ve\u00edculo produzido em s\u00e9rie, sem altera\u00e7\u00f5es em seus padr\u00f5es e configura\u00e7\u00e3o.<\/p>\n<p>&nbsp;<\/p>\n<p>O kit de performance inclui rodas de 21 polegadas do tipo RS-Spyder aprovadas para uso em vias p\u00fabicas e pneus esportivos Pirelli P Zero Corsa, agora dispon\u00edveis para o Taycan. O composto do pneu \u00e9 similar ao dos pneus de corrida. Outro elemento do kit de desempenho \u00e9 uma atualiza\u00e7\u00e3o do software para o Controle de Chassi 4D Porsche, de modo que ele funcione em harmonia com os pneus esportivos. O sistema analisa e sincroniza todos os sistemas do chassi do Taycan em tempo real . \u201cNo passado, somente carros superesportivos de pedigree atingiam a faixa de 7:33,\u201d disse Kern. \u201cCom o novo kit de performance, consegui exigir ainda mais do carro. Ele estava ainda mais preciso e respondeu com agilidade.\u201d<\/p>\n<p>&nbsp;<\/p>\n<p>O kit de performance \u00e9 oferecido atrav\u00e9s da Porsche Tequipment. Atualmente, ele est\u00e1 dispon\u00edvel apenas na Alemanha e somente para o ano modelo 2023 do sed\u00e3 esportivo Taycan Turbo S. A produ\u00e7\u00e3o desses carros teve in\u00edcio no final de julho de 2022, e espera-se que o kit esteja dispon\u00edvel a partir do fim do ano. O plano \u00e9 que a instala\u00e7\u00e3o dos kits seja realizada depois da entrega inicial do ve\u00edculo, nas oficinas Porsche em Zuffenhausen. O servi\u00e7o incluir\u00e1 tamb\u00e9m o transporte (ida e volta) para a f\u00e1brica, assim os processos legais para registo das modifica\u00e7\u00f5es. O kit de performance tem pre\u00e7o de \u20ac13.377,32, incluindo os impostos. A garantia do produto n\u00e3o ser\u00e1 afetada.<\/p>\n<p>&nbsp;<\/p>\n<p>Os pneus esportivos s\u00e3o projetados principalmente para condu\u00e7\u00e3o em pista. Desta forma, os compradores poder\u00e3o retornar aos pneus para uso normal em vias p\u00fablicas a qualquer momento.<\/p>\n<p>&nbsp;<\/p>\n<p>\u201cEstamos muito felizes porque o recorde em N\u00fcrburgring para carros el\u00e9tricos voltou para nossas m\u00e3os aqui na Porsche,\u201d comentou Kevin Giek, vice-presidente da Linha Modelo Taycan. \u201cEsse tempo de volta n\u00e3o somente mostra o potencial de nosso novo kit de performance, mas tamb\u00e9m confirma mais uma vez o gene de carro esportivo do Taycan.\u201d A consider\u00e1vel pot\u00eancia do Turbo S, de at\u00e9 460 kW (625 cv), foi um fator essencial do sucesso. Com o controle de largada ativo, o carro entrega at\u00e9 560 kW (761 cv). (Revista Torque)<\/p>\n","protected":false},"excerpt":{"rendered":"<p>Revista Torque &nbsp; Nunca antes um carro el\u00e9trico produzido em s\u00e9rie fez uma volta t\u00e3o r\u00e1pida em N\u00fcrburgring Nordschleife: O piloto de desenvolvimento da Porsche, Lars Kern, levou sete minutos e 33 segundos para fazer uma volta com o Taycan Turbo S. O sed\u00e3 esportivo foi equipado com o novo kit de performance e o\u2026 <a class=\"readmore\" href=\"https:\/\/dana.com.br\/canaldana\/2022\/08\/11\/porsche-taycan-bate-novo-recorde-em-nurburgring\/\">Leia mais \u00bb<\/a><\/p>\n","protected":false},"author":3,"featured_media":0,"comment_status":"closed","ping_status":"closed","sticky":false,"template":"","format":"standard","meta":{"_acf_changed":false,"footnotes":""},"categories":[110],"tags":[],"class_list":["post-60225","post","type-post","status-publish","format-standard","hentry","category-eletricos"],"acf":[],"yoast_head":"<!-- This site is optimized with the Yoast SEO plugin v27.3 - https:\/\/yoast.com\/product\/yoast-seo-wordpress\/ -->\n<title>Porsche Taycan bate novo recorde em N\u00fcrburgring - Canal Dana<\/title>\n<meta name=\"robots\" content=\"index, follow, max-snippet:-1, max-image-preview:large, max-video-preview:-1\" \/>\n<link rel=\"canonical\" href=\"https:\/\/dana.com.br\/canaldana\/2022\/08\/11\/porsche-taycan-bate-novo-recorde-em-nurburgring\/\" \/>\n<meta property=\"og:locale\" content=\"pt_BR\" \/>\n<meta property=\"og:type\" content=\"article\" \/>\n<meta property=\"og:title\" content=\"Porsche Taycan bate novo recorde em N\u00fcrburgring - Canal Dana\" \/>\n<meta property=\"og:description\" content=\"Revista Torque &nbsp; Nunca antes um carro el\u00e9trico produzido em s\u00e9rie fez uma volta t\u00e3o r\u00e1pida em N\u00fcrburgring Nordschleife: O piloto de desenvolvimento da Porsche, Lars Kern, levou sete minutos e 33 segundos para fazer uma volta com o Taycan Turbo S. O sed\u00e3 esportivo foi equipado com o novo kit de performance e o\u2026 Leia mais \u00bb\" \/>\n<meta property=\"og:url\" content=\"https:\/\/dana.com.br\/canaldana\/2022\/08\/11\/porsche-taycan-bate-novo-recorde-em-nurburgring\/\" \/>\n<meta property=\"og:site_name\" content=\"Canal Dana\" \/>\n<meta property=\"article:published_time\" content=\"2022-08-11T12:10:32+00:00\" \/>\n<meta name=\"author\" content=\"Canal Dana\" \/>\n<meta name=\"twitter:card\" content=\"summary_large_image\" \/>\n<meta name=\"twitter:label1\" content=\"Escrito por\" \/>\n\t<meta name=\"twitter:data1\" content=\"Canal Dana\" \/>\n\t<meta name=\"twitter:label2\" content=\"Est. tempo de leitura\" \/>\n\t<meta name=\"twitter:data2\" content=\"3 minutos\" \/>\n<script type=\"application\/ld+json\" class=\"yoast-schema-graph\">{\"@context\":\"https:\\\/\\\/schema.org\",\"@graph\":[{\"@type\":\"Article\",\"@id\":\"https:\\\/\\\/dana.com.br\\\/canaldana\\\/2022\\\/08\\\/11\\\/porsche-taycan-bate-novo-recorde-em-nurburgring\\\/#article\",\"isPartOf\":{\"@id\":\"https:\\\/\\\/dana.com.br\\\/canaldana\\\/2022\\\/08\\\/11\\\/porsche-taycan-bate-novo-recorde-em-nurburgring\\\/\"},\"author\":{\"name\":\"Canal Dana\",\"@id\":\"https:\\\/\\\/dana.com.br\\\/canaldana\\\/#\\\/schema\\\/person\\\/3c21f22f56fcf3bc46b94bc60ea4fef6\"},\"headline\":\"Porsche Taycan bate novo recorde em N\u00fcrburgring\",\"datePublished\":\"2022-08-11T12:10:32+00:00\",\"mainEntityOfPage\":{\"@id\":\"https:\\\/\\\/dana.com.br\\\/canaldana\\\/2022\\\/08\\\/11\\\/porsche-taycan-bate-novo-recorde-em-nurburgring\\\/\"},\"wordCount\":527,\"articleSection\":[\"El\u00e9tricos\"],\"inLanguage\":\"pt-BR\"},{\"@type\":\"WebPage\",\"@id\":\"https:\\\/\\\/dana.com.br\\\/canaldana\\\/2022\\\/08\\\/11\\\/porsche-taycan-bate-novo-recorde-em-nurburgring\\\/\",\"url\":\"https:\\\/\\\/dana.com.br\\\/canaldana\\\/2022\\\/08\\\/11\\\/porsche-taycan-bate-novo-recorde-em-nurburgring\\\/\",\"name\":\"Porsche Taycan bate novo recorde em N\u00fcrburgring - Canal Dana\",\"isPartOf\":{\"@id\":\"https:\\\/\\\/dana.com.br\\\/canaldana\\\/#website\"},\"datePublished\":\"2022-08-11T12:10:32+00:00\",\"author\":{\"@id\":\"https:\\\/\\\/dana.com.br\\\/canaldana\\\/#\\\/schema\\\/person\\\/3c21f22f56fcf3bc46b94bc60ea4fef6\"},\"breadcrumb\":{\"@id\":\"https:\\\/\\\/dana.com.br\\\/canaldana\\\/2022\\\/08\\\/11\\\/porsche-taycan-bate-novo-recorde-em-nurburgring\\\/#breadcrumb\"},\"inLanguage\":\"pt-BR\",\"potentialAction\":[{\"@type\":\"ReadAction\",\"target\":[\"https:\\\/\\\/dana.com.br\\\/canaldana\\\/2022\\\/08\\\/11\\\/porsche-taycan-bate-novo-recorde-em-nurburgring\\\/\"]}]},{\"@type\":\"BreadcrumbList\",\"@id\":\"https:\\\/\\\/dana.com.br\\\/canaldana\\\/2022\\\/08\\\/11\\\/porsche-taycan-bate-novo-recorde-em-nurburgring\\\/#breadcrumb\",\"itemListElement\":[{\"@type\":\"ListItem\",\"position\":1,\"name\":\"Home\",\"item\":\"https:\\\/\\\/dana.com.br\\\/canaldana\\\/\"},{\"@type\":\"ListItem\",\"position\":2,\"name\":\"El\u00e9tricos\",\"item\":\"https:\\\/\\\/dana.com.br\\\/canaldana\\\/eletricos\\\/\"},{\"@type\":\"ListItem\",\"position\":3,\"name\":\"Porsche Taycan bate novo recorde em N\u00fcrburgring\"}]},{\"@type\":\"WebSite\",\"@id\":\"https:\\\/\\\/dana.com.br\\\/canaldana\\\/#website\",\"url\":\"https:\\\/\\\/dana.com.br\\\/canaldana\\\/\",\"name\":\"Canal Dana\",\"description\":\"Informativo com as principais not\u00edcias da ind\u00fastria automotiva\",\"potentialAction\":[{\"@type\":\"SearchAction\",\"target\":{\"@type\":\"EntryPoint\",\"urlTemplate\":\"https:\\\/\\\/dana.com.br\\\/canaldana\\\/?s={search_term_string}\"},\"query-input\":{\"@type\":\"PropertyValueSpecification\",\"valueRequired\":true,\"valueName\":\"search_term_string\"}}],\"inLanguage\":\"pt-BR\"},{\"@type\":\"Person\",\"@id\":\"https:\\\/\\\/dana.com.br\\\/canaldana\\\/#\\\/schema\\\/person\\\/3c21f22f56fcf3bc46b94bc60ea4fef6\",\"name\":\"Canal Dana\",\"image\":{\"@type\":\"ImageObject\",\"inLanguage\":\"pt-BR\",\"@id\":\"https:\\\/\\\/secure.gravatar.com\\\/avatar\\\/420aaf9278582877d9018637c6817617705899d2858d7572ef0fe59a6b6454b4?s=96&d=mm&r=g\",\"url\":\"https:\\\/\\\/secure.gravatar.com\\\/avatar\\\/420aaf9278582877d9018637c6817617705899d2858d7572ef0fe59a6b6454b4?s=96&d=mm&r=g\",\"contentUrl\":\"https:\\\/\\\/secure.gravatar.com\\\/avatar\\\/420aaf9278582877d9018637c6817617705899d2858d7572ef0fe59a6b6454b4?s=96&d=mm&r=g\",\"caption\":\"Canal Dana\"},\"url\":\"https:\\\/\\\/dana.com.br\\\/canaldana\\\/author\\\/cdeditor\\\/\"}]}<\/script>\n<!-- \/ Yoast SEO plugin. -->","yoast_head_json":{"title":"Porsche Taycan bate novo recorde em N\u00fcrburgring - Canal Dana","robots":{"index":"index","follow":"follow","max-snippet":"max-snippet:-1","max-image-preview":"max-image-preview:large","max-video-preview":"max-video-preview:-1"},"canonical":"https:\/\/dana.com.br\/canaldana\/2022\/08\/11\/porsche-taycan-bate-novo-recorde-em-nurburgring\/","og_locale":"pt_BR","og_type":"article","og_title":"Porsche Taycan bate novo recorde em N\u00fcrburgring - Canal Dana","og_description":"Revista Torque &nbsp; Nunca antes um carro el\u00e9trico produzido em s\u00e9rie fez uma volta t\u00e3o r\u00e1pida em N\u00fcrburgring Nordschleife: O piloto de desenvolvimento da Porsche, Lars Kern, levou sete minutos e 33 segundos para fazer uma volta com o Taycan Turbo S. O sed\u00e3 esportivo foi equipado com o novo kit de performance e o\u2026 Leia mais \u00bb","og_url":"https:\/\/dana.com.br\/canaldana\/2022\/08\/11\/porsche-taycan-bate-novo-recorde-em-nurburgring\/","og_site_name":"Canal Dana","article_published_time":"2022-08-11T12:10:32+00:00","author":"Canal Dana","twitter_card":"summary_large_image","twitter_misc":{"Escrito por":"Canal Dana","Est. tempo de leitura":"3 minutos"},"schema":{"@context":"https:\/\/schema.org","@graph":[{"@type":"Article","@id":"https:\/\/dana.com.br\/canaldana\/2022\/08\/11\/porsche-taycan-bate-novo-recorde-em-nurburgring\/#article","isPartOf":{"@id":"https:\/\/dana.com.br\/canaldana\/2022\/08\/11\/porsche-taycan-bate-novo-recorde-em-nurburgring\/"},"author":{"name":"Canal Dana","@id":"https:\/\/dana.com.br\/canaldana\/#\/schema\/person\/3c21f22f56fcf3bc46b94bc60ea4fef6"},"headline":"Porsche Taycan bate novo recorde em N\u00fcrburgring","datePublished":"2022-08-11T12:10:32+00:00","mainEntityOfPage":{"@id":"https:\/\/dana.com.br\/canaldana\/2022\/08\/11\/porsche-taycan-bate-novo-recorde-em-nurburgring\/"},"wordCount":527,"articleSection":["El\u00e9tricos"],"inLanguage":"pt-BR"},{"@type":"WebPage","@id":"https:\/\/dana.com.br\/canaldana\/2022\/08\/11\/porsche-taycan-bate-novo-recorde-em-nurburgring\/","url":"https:\/\/dana.com.br\/canaldana\/2022\/08\/11\/porsche-taycan-bate-novo-recorde-em-nurburgring\/","name":"Porsche Taycan bate novo recorde em N\u00fcrburgring - Canal Dana","isPartOf":{"@id":"https:\/\/dana.com.br\/canaldana\/#website"},"datePublished":"2022-08-11T12:10:32+00:00","author":{"@id":"https:\/\/dana.com.br\/canaldana\/#\/schema\/person\/3c21f22f56fcf3bc46b94bc60ea4fef6"},"breadcrumb":{"@id":"https:\/\/dana.com.br\/canaldana\/2022\/08\/11\/porsche-taycan-bate-novo-recorde-em-nurburgring\/#breadcrumb"},"inLanguage":"pt-BR","potentialAction":[{"@type":"ReadAction","target":["https:\/\/dana.com.br\/canaldana\/2022\/08\/11\/porsche-taycan-bate-novo-recorde-em-nurburgring\/"]}]},{"@type":"BreadcrumbList","@id":"https:\/\/dana.com.br\/canaldana\/2022\/08\/11\/porsche-taycan-bate-novo-recorde-em-nurburgring\/#breadcrumb","itemListElement":[{"@type":"ListItem","position":1,"name":"Home","item":"https:\/\/dana.com.br\/canaldana\/"},{"@type":"ListItem","position":2,"name":"El\u00e9tricos","item":"https:\/\/dana.com.br\/canaldana\/eletricos\/"},{"@type":"ListItem","position":3,"name":"Porsche Taycan bate novo recorde em N\u00fcrburgring"}]},{"@type":"WebSite","@id":"https:\/\/dana.com.br\/canaldana\/#website","url":"https:\/\/dana.com.br\/canaldana\/","name":"Canal Dana","description":"Informativo com as principais not\u00edcias da ind\u00fastria automotiva","potentialAction":[{"@type":"SearchAction","target":{"@type":"EntryPoint","urlTemplate":"https:\/\/dana.com.br\/canaldana\/?s={search_term_string}"},"query-input":{"@type":"PropertyValueSpecification","valueRequired":true,"valueName":"search_term_string"}}],"inLanguage":"pt-BR"},{"@type":"Person","@id":"https:\/\/dana.com.br\/canaldana\/#\/schema\/person\/3c21f22f56fcf3bc46b94bc60ea4fef6","name":"Canal Dana","image":{"@type":"ImageObject","inLanguage":"pt-BR","@id":"https:\/\/secure.gravatar.com\/avatar\/420aaf9278582877d9018637c6817617705899d2858d7572ef0fe59a6b6454b4?s=96&d=mm&r=g","url":"https:\/\/secure.gravatar.com\/avatar\/420aaf9278582877d9018637c6817617705899d2858d7572ef0fe59a6b6454b4?s=96&d=mm&r=g","contentUrl":"https:\/\/secure.gravatar.com\/avatar\/420aaf9278582877d9018637c6817617705899d2858d7572ef0fe59a6b6454b4?s=96&d=mm&r=g","caption":"Canal Dana"},"url":"https:\/\/dana.com.br\/canaldana\/author\/cdeditor\/"}]}},"_links":{"self":[{"href":"https:\/\/dana.com.br\/canaldana\/wp-json\/wp\/v2\/posts\/60225","targetHints":{"allow":["GET"]}}],"collection":[{"href":"https:\/\/dana.com.br\/canaldana\/wp-json\/wp\/v2\/posts"}],"about":[{"href":"https:\/\/dana.com.br\/canaldana\/wp-json\/wp\/v2\/types\/post"}],"author":[{"embeddable":true,"href":"https:\/\/dana.com.br\/canaldana\/wp-json\/wp\/v2\/users\/3"}],"replies":[{"embeddable":true,"href":"https:\/\/dana.com.br\/canaldana\/wp-json\/wp\/v2\/comments?post=60225"}],"version-history":[{"count":0,"href":"https:\/\/dana.com.br\/canaldana\/wp-json\/wp\/v2\/posts\/60225\/revisions"}],"wp:attachment":[{"href":"https:\/\/dana.com.br\/canaldana\/wp-json\/wp\/v2\/media?parent=60225"}],"wp:term":[{"taxonomy":"category","embeddable":true,"href":"https:\/\/dana.com.br\/canaldana\/wp-json\/wp\/v2\/categories?post=60225"},{"taxonomy":"post_tag","embeddable":true,"href":"https:\/\/dana.com.br\/canaldana\/wp-json\/wp\/v2\/tags?post=60225"}],"curies":[{"name":"wp","href":"https:\/\/api.w.org\/{rel}","templated":true}]}}