{"id":60205,"date":"2022-08-10T09:07:26","date_gmt":"2022-08-10T12:07:26","guid":{"rendered":"https:\/\/dana.com.br\/canaldana\/?p=60205"},"modified":"2022-08-10T09:07:26","modified_gmt":"2022-08-10T12:07:26","slug":"julho-tem-deflacao-e-nova-queda-do-ipca-e-prevista-para-agosto","status":"publish","type":"post","link":"https:\/\/dana.com.br\/canaldana\/2022\/08\/10\/julho-tem-deflacao-e-nova-queda-do-ipca-e-prevista-para-agosto\/","title":{"rendered":"Julho tem defla\u00e7\u00e3o e nova queda do IPCA \u00e9 prevista para agosto"},"content":{"rendered":"<p><em>O Estado de S. Paulo\u00a0 <\/em><\/p>\n<p>&nbsp;<\/p>\n<p>Aqueda no pre\u00e7o de combust\u00edveis e energia el\u00e9trica, ap\u00f3s a redu\u00e7\u00e3o do ICMS, fez com que o IPCA registrasse defla\u00e7\u00e3o de 0,68% em julho, a maior da s\u00e9rie hist\u00f3rica iniciada em 1980. Alguns economistas preveem nova baixa no \u00edndice em agosto \u2013 embora menos intensa \u2013, ainda decorrente da redu\u00e7\u00e3o nos pre\u00e7os administrados pelo governo. Apesar disso, 63% dos itens investigados em julho mostraram alta, com destaque para o leite longa-vida, que subiu 25,46% no m\u00eas. Os servi\u00e7os ficaram 0,8% mais caros.<\/p>\n<p>&nbsp;<\/p>\n<p>A redu\u00e7\u00e3o do ICMS sobre combust\u00edveis e energia el\u00e9trica levou a uma defla\u00e7\u00e3o de 0,68% em julho. O recuo do \u00cdndice Nacional de Pre\u00e7os ao Consumidor Amplo (IPCA) \u00e9 o maior registrado em um m\u00eas na s\u00e9rie hist\u00f3rica iniciada em janeiro de 1980 pelo Instituto Brasileiro de Geografia e Estat\u00edstica (IBGE). Alguns economistas preveem nova defla\u00e7\u00e3o em agosto, embora menos intensa, ainda decorrente da queda dos pre\u00e7os administrados pelo governo.<\/p>\n<p>&nbsp;<\/p>\n<p>\u201cPela nossa proje\u00e7\u00e3o, a infla\u00e7\u00e3o acumulada em 12 meses volta para o patamar de um d\u00edgito em agosto, quando o IPCA deve ter mais uma defla\u00e7\u00e3o, de 0,32%. No entanto, esta redu\u00e7\u00e3o \u00e9 pontual\u201d, avaliou Claudia Moreno, economista do C6 Bank, em nota. \u201cOu seja, se excluirmos os fatores pontuais, a infla\u00e7\u00e3o segue alta\u201d, completou.<\/p>\n<p>&nbsp;<\/p>\n<p>O IPCA acumulado em 12 meses recuou para 10,07% em julho, mas permanece no patamar de dois d\u00edgitos h\u00e1 11 meses consecutivos e muito acima da meta de infla\u00e7\u00e3o que deveria ser alcan\u00e7ada pelo Banco Central no ano, de 3,5% (com teto de toler\u00e2ncia de 5%).<\/p>\n<p>&nbsp;<\/p>\n<p>O economista Luis Menon, da gestora de recursos Garde Asset Management, prev\u00ea queda de 0,20% do IPCA de agosto e alta de 0,40% em setembro. \u201cUma infla\u00e7\u00e3o mais pr\u00f3xima de 0,50%, e n\u00e3o acima de 1%, como foi no primeiro semestre\u201d, comparou, \u201cteremos alguns efeitos defasados do corte de ICMS, porque alguns estados aderiram ao longo de julho, e efeitos dos cortes da Petrobras (nos pre\u00e7os dos combust\u00edveis), que devem impactar majoritariamente em agosto.\u201d<\/p>\n<p>&nbsp;<\/p>\n<p>Em julho, a gasolina ficou 15,48% mais barata; o etanol, 11,38%; e a energia, 5,78%. Juntos, os tr\u00eas itens ajudaram a conter a infla\u00e7\u00e3o em 1,38 ponto porcentual. \u201cSe n\u00e3o fosse essa queda, o IPCA de julho teria uma alta de 0,70%\u201d, calculou Moreno.<\/p>\n<p>&nbsp;<\/p>\n<p>\u201cA redu\u00e7\u00e3o do ICMS contribuiu bastante para a defla\u00e7\u00e3o observada no IPCA de julho\u201d, confirmou Pedro Kislanov, gerente do Sistema Nacional de \u00cdndices de Pre\u00e7os do IBGE. \u201cEsse efeito deve ficar mais concentrado no IPCA de julho\u201d, disse. O \u00fanico combust\u00edvel com alta no m\u00eas foi o \u00f3leo diesel (4,59%) \u2013 sobre o qual o teto de ICMS teve pouco efeito, porque a al\u00edquota j\u00e1 era inferior a 18% na maioria dos Estados. O item influencia os pre\u00e7os de outros produtos, por conta do encarecimento do frete.<\/p>\n<p>&nbsp;<\/p>\n<p><strong>O que ainda pesa<\/strong><\/p>\n<p>&nbsp;<\/p>\n<p>Em julho, 63% dos itens pesquisados mostraram altas de pre\u00e7os. O \u201cvil\u00e3o\u201d foi o leite longa-vida, que subiu 25,46%, depois dos 10,72% em junho. Tamb\u00e9m ficaram mais caros derivados do leite como queijo (5,28%), manteiga (5,75%) e leite condensado (6,66%).<\/p>\n<p>&nbsp;<\/p>\n<p>A infla\u00e7\u00e3o de servi\u00e7os \u2013 term\u00f4metro de press\u00f5es de demanda sobre os pre\u00e7os \u2013 subiu 0,80%. J\u00e1 os pre\u00e7os de itens monitorados pelo governo tiveram um tombo de 4,35%. Houve press\u00e3o em julho de passagens a\u00e9reas (8,02%) e alimenta\u00e7\u00e3o fora de casa (0,82%), al\u00e9m de outros segmentos ligados ao turismo.<\/p>\n<p>&nbsp;<\/p>\n<p>A gestora de recursos K\u00ednitro Capital espera defla\u00e7\u00e3o de 0,25% em agosto, com nova queda de pre\u00e7os administrados e arrefecimento de bens industriais, mas v\u00ea press\u00f5es \u201crelevantes e disseminadas\u201d nos servi\u00e7os. Em nota, Jo\u00e3o Savignon, economista da gestora, lembrou que as expectativas para a infla\u00e7\u00e3o futura seguem acima da meta num ambiente de \u201criscos fiscais dom\u00e9sticos amplificados e o Banco Central dando claros sinais de encerramento do ciclo de eleva\u00e7\u00e3o dos juros\u201d. (O Estado de S. Paulo\/Daniela Amorim e Marianna Gualter)<\/p>\n","protected":false},"excerpt":{"rendered":"<p>O Estado de S. Paulo\u00a0 &nbsp; Aqueda no pre\u00e7o de combust\u00edveis e energia el\u00e9trica, ap\u00f3s a redu\u00e7\u00e3o do ICMS, fez com que o IPCA registrasse defla\u00e7\u00e3o de 0,68% em julho, a maior da s\u00e9rie hist\u00f3rica iniciada em 1980. Alguns economistas preveem nova baixa no \u00edndice em agosto \u2013 embora menos intensa \u2013, ainda decorrente da\u2026 <a class=\"readmore\" href=\"https:\/\/dana.com.br\/canaldana\/2022\/08\/10\/julho-tem-deflacao-e-nova-queda-do-ipca-e-prevista-para-agosto\/\">Leia mais \u00bb<\/a><\/p>\n","protected":false},"author":3,"featured_media":0,"comment_status":"closed","ping_status":"closed","sticky":false,"template":"","format":"standard","meta":{"_acf_changed":false,"footnotes":""},"categories":[79],"tags":[],"class_list":["post-60205","post","type-post","status-publish","format-standard","hentry","category-mercado"],"acf":[],"yoast_head":"<!-- This site is optimized with the Yoast SEO plugin v27.3 - https:\/\/yoast.com\/product\/yoast-seo-wordpress\/ -->\n<title>Julho tem defla\u00e7\u00e3o e nova queda do IPCA \u00e9 prevista para agosto - Canal Dana<\/title>\n<meta name=\"robots\" content=\"index, follow, max-snippet:-1, max-image-preview:large, max-video-preview:-1\" \/>\n<link rel=\"canonical\" href=\"https:\/\/dana.com.br\/canaldana\/2022\/08\/10\/julho-tem-deflacao-e-nova-queda-do-ipca-e-prevista-para-agosto\/\" \/>\n<meta property=\"og:locale\" content=\"pt_BR\" \/>\n<meta property=\"og:type\" content=\"article\" \/>\n<meta property=\"og:title\" content=\"Julho tem defla\u00e7\u00e3o e nova queda do IPCA \u00e9 prevista para agosto - Canal Dana\" \/>\n<meta property=\"og:description\" content=\"O Estado de S. Paulo\u00a0 &nbsp; Aqueda no pre\u00e7o de combust\u00edveis e energia el\u00e9trica, ap\u00f3s a redu\u00e7\u00e3o do ICMS, fez com que o IPCA registrasse defla\u00e7\u00e3o de 0,68% em julho, a maior da s\u00e9rie hist\u00f3rica iniciada em 1980. Alguns economistas preveem nova baixa no \u00edndice em agosto \u2013 embora menos intensa \u2013, ainda decorrente da\u2026 Leia mais \u00bb\" \/>\n<meta property=\"og:url\" content=\"https:\/\/dana.com.br\/canaldana\/2022\/08\/10\/julho-tem-deflacao-e-nova-queda-do-ipca-e-prevista-para-agosto\/\" \/>\n<meta property=\"og:site_name\" content=\"Canal Dana\" \/>\n<meta property=\"article:published_time\" content=\"2022-08-10T12:07:26+00:00\" \/>\n<meta name=\"author\" content=\"Canal Dana\" \/>\n<meta name=\"twitter:card\" content=\"summary_large_image\" \/>\n<meta name=\"twitter:label1\" content=\"Escrito por\" \/>\n\t<meta name=\"twitter:data1\" content=\"Canal Dana\" \/>\n\t<meta name=\"twitter:label2\" content=\"Est. tempo de leitura\" \/>\n\t<meta name=\"twitter:data2\" content=\"3 minutos\" \/>\n<script type=\"application\/ld+json\" class=\"yoast-schema-graph\">{\"@context\":\"https:\\\/\\\/schema.org\",\"@graph\":[{\"@type\":\"Article\",\"@id\":\"https:\\\/\\\/dana.com.br\\\/canaldana\\\/2022\\\/08\\\/10\\\/julho-tem-deflacao-e-nova-queda-do-ipca-e-prevista-para-agosto\\\/#article\",\"isPartOf\":{\"@id\":\"https:\\\/\\\/dana.com.br\\\/canaldana\\\/2022\\\/08\\\/10\\\/julho-tem-deflacao-e-nova-queda-do-ipca-e-prevista-para-agosto\\\/\"},\"author\":{\"name\":\"Canal Dana\",\"@id\":\"https:\\\/\\\/dana.com.br\\\/canaldana\\\/#\\\/schema\\\/person\\\/3c21f22f56fcf3bc46b94bc60ea4fef6\"},\"headline\":\"Julho tem defla\u00e7\u00e3o e nova queda do IPCA \u00e9 prevista para agosto\",\"datePublished\":\"2022-08-10T12:07:26+00:00\",\"mainEntityOfPage\":{\"@id\":\"https:\\\/\\\/dana.com.br\\\/canaldana\\\/2022\\\/08\\\/10\\\/julho-tem-deflacao-e-nova-queda-do-ipca-e-prevista-para-agosto\\\/\"},\"wordCount\":689,\"articleSection\":[\"Mercado\"],\"inLanguage\":\"pt-BR\"},{\"@type\":\"WebPage\",\"@id\":\"https:\\\/\\\/dana.com.br\\\/canaldana\\\/2022\\\/08\\\/10\\\/julho-tem-deflacao-e-nova-queda-do-ipca-e-prevista-para-agosto\\\/\",\"url\":\"https:\\\/\\\/dana.com.br\\\/canaldana\\\/2022\\\/08\\\/10\\\/julho-tem-deflacao-e-nova-queda-do-ipca-e-prevista-para-agosto\\\/\",\"name\":\"Julho tem defla\u00e7\u00e3o e nova queda do IPCA \u00e9 prevista para agosto - Canal Dana\",\"isPartOf\":{\"@id\":\"https:\\\/\\\/dana.com.br\\\/canaldana\\\/#website\"},\"datePublished\":\"2022-08-10T12:07:26+00:00\",\"author\":{\"@id\":\"https:\\\/\\\/dana.com.br\\\/canaldana\\\/#\\\/schema\\\/person\\\/3c21f22f56fcf3bc46b94bc60ea4fef6\"},\"breadcrumb\":{\"@id\":\"https:\\\/\\\/dana.com.br\\\/canaldana\\\/2022\\\/08\\\/10\\\/julho-tem-deflacao-e-nova-queda-do-ipca-e-prevista-para-agosto\\\/#breadcrumb\"},\"inLanguage\":\"pt-BR\",\"potentialAction\":[{\"@type\":\"ReadAction\",\"target\":[\"https:\\\/\\\/dana.com.br\\\/canaldana\\\/2022\\\/08\\\/10\\\/julho-tem-deflacao-e-nova-queda-do-ipca-e-prevista-para-agosto\\\/\"]}]},{\"@type\":\"BreadcrumbList\",\"@id\":\"https:\\\/\\\/dana.com.br\\\/canaldana\\\/2022\\\/08\\\/10\\\/julho-tem-deflacao-e-nova-queda-do-ipca-e-prevista-para-agosto\\\/#breadcrumb\",\"itemListElement\":[{\"@type\":\"ListItem\",\"position\":1,\"name\":\"Home\",\"item\":\"https:\\\/\\\/dana.com.br\\\/canaldana\\\/\"},{\"@type\":\"ListItem\",\"position\":2,\"name\":\"Mercado\",\"item\":\"https:\\\/\\\/dana.com.br\\\/canaldana\\\/mercado\\\/\"},{\"@type\":\"ListItem\",\"position\":3,\"name\":\"Julho tem defla\u00e7\u00e3o e nova queda do IPCA \u00e9 prevista para agosto\"}]},{\"@type\":\"WebSite\",\"@id\":\"https:\\\/\\\/dana.com.br\\\/canaldana\\\/#website\",\"url\":\"https:\\\/\\\/dana.com.br\\\/canaldana\\\/\",\"name\":\"Canal Dana\",\"description\":\"Informativo com as principais not\u00edcias da ind\u00fastria automotiva\",\"potentialAction\":[{\"@type\":\"SearchAction\",\"target\":{\"@type\":\"EntryPoint\",\"urlTemplate\":\"https:\\\/\\\/dana.com.br\\\/canaldana\\\/?s={search_term_string}\"},\"query-input\":{\"@type\":\"PropertyValueSpecification\",\"valueRequired\":true,\"valueName\":\"search_term_string\"}}],\"inLanguage\":\"pt-BR\"},{\"@type\":\"Person\",\"@id\":\"https:\\\/\\\/dana.com.br\\\/canaldana\\\/#\\\/schema\\\/person\\\/3c21f22f56fcf3bc46b94bc60ea4fef6\",\"name\":\"Canal Dana\",\"image\":{\"@type\":\"ImageObject\",\"inLanguage\":\"pt-BR\",\"@id\":\"https:\\\/\\\/secure.gravatar.com\\\/avatar\\\/420aaf9278582877d9018637c6817617705899d2858d7572ef0fe59a6b6454b4?s=96&d=mm&r=g\",\"url\":\"https:\\\/\\\/secure.gravatar.com\\\/avatar\\\/420aaf9278582877d9018637c6817617705899d2858d7572ef0fe59a6b6454b4?s=96&d=mm&r=g\",\"contentUrl\":\"https:\\\/\\\/secure.gravatar.com\\\/avatar\\\/420aaf9278582877d9018637c6817617705899d2858d7572ef0fe59a6b6454b4?s=96&d=mm&r=g\",\"caption\":\"Canal Dana\"},\"url\":\"https:\\\/\\\/dana.com.br\\\/canaldana\\\/author\\\/cdeditor\\\/\"}]}<\/script>\n<!-- \/ Yoast SEO plugin. -->","yoast_head_json":{"title":"Julho tem defla\u00e7\u00e3o e nova queda do IPCA \u00e9 prevista para agosto - Canal Dana","robots":{"index":"index","follow":"follow","max-snippet":"max-snippet:-1","max-image-preview":"max-image-preview:large","max-video-preview":"max-video-preview:-1"},"canonical":"https:\/\/dana.com.br\/canaldana\/2022\/08\/10\/julho-tem-deflacao-e-nova-queda-do-ipca-e-prevista-para-agosto\/","og_locale":"pt_BR","og_type":"article","og_title":"Julho tem defla\u00e7\u00e3o e nova queda do IPCA \u00e9 prevista para agosto - Canal Dana","og_description":"O Estado de S. Paulo\u00a0 &nbsp; Aqueda no pre\u00e7o de combust\u00edveis e energia el\u00e9trica, ap\u00f3s a redu\u00e7\u00e3o do ICMS, fez com que o IPCA registrasse defla\u00e7\u00e3o de 0,68% em julho, a maior da s\u00e9rie hist\u00f3rica iniciada em 1980. Alguns economistas preveem nova baixa no \u00edndice em agosto \u2013 embora menos intensa \u2013, ainda decorrente da\u2026 Leia mais \u00bb","og_url":"https:\/\/dana.com.br\/canaldana\/2022\/08\/10\/julho-tem-deflacao-e-nova-queda-do-ipca-e-prevista-para-agosto\/","og_site_name":"Canal Dana","article_published_time":"2022-08-10T12:07:26+00:00","author":"Canal Dana","twitter_card":"summary_large_image","twitter_misc":{"Escrito por":"Canal Dana","Est. tempo de leitura":"3 minutos"},"schema":{"@context":"https:\/\/schema.org","@graph":[{"@type":"Article","@id":"https:\/\/dana.com.br\/canaldana\/2022\/08\/10\/julho-tem-deflacao-e-nova-queda-do-ipca-e-prevista-para-agosto\/#article","isPartOf":{"@id":"https:\/\/dana.com.br\/canaldana\/2022\/08\/10\/julho-tem-deflacao-e-nova-queda-do-ipca-e-prevista-para-agosto\/"},"author":{"name":"Canal Dana","@id":"https:\/\/dana.com.br\/canaldana\/#\/schema\/person\/3c21f22f56fcf3bc46b94bc60ea4fef6"},"headline":"Julho tem defla\u00e7\u00e3o e nova queda do IPCA \u00e9 prevista para agosto","datePublished":"2022-08-10T12:07:26+00:00","mainEntityOfPage":{"@id":"https:\/\/dana.com.br\/canaldana\/2022\/08\/10\/julho-tem-deflacao-e-nova-queda-do-ipca-e-prevista-para-agosto\/"},"wordCount":689,"articleSection":["Mercado"],"inLanguage":"pt-BR"},{"@type":"WebPage","@id":"https:\/\/dana.com.br\/canaldana\/2022\/08\/10\/julho-tem-deflacao-e-nova-queda-do-ipca-e-prevista-para-agosto\/","url":"https:\/\/dana.com.br\/canaldana\/2022\/08\/10\/julho-tem-deflacao-e-nova-queda-do-ipca-e-prevista-para-agosto\/","name":"Julho tem defla\u00e7\u00e3o e nova queda do IPCA \u00e9 prevista para agosto - Canal Dana","isPartOf":{"@id":"https:\/\/dana.com.br\/canaldana\/#website"},"datePublished":"2022-08-10T12:07:26+00:00","author":{"@id":"https:\/\/dana.com.br\/canaldana\/#\/schema\/person\/3c21f22f56fcf3bc46b94bc60ea4fef6"},"breadcrumb":{"@id":"https:\/\/dana.com.br\/canaldana\/2022\/08\/10\/julho-tem-deflacao-e-nova-queda-do-ipca-e-prevista-para-agosto\/#breadcrumb"},"inLanguage":"pt-BR","potentialAction":[{"@type":"ReadAction","target":["https:\/\/dana.com.br\/canaldana\/2022\/08\/10\/julho-tem-deflacao-e-nova-queda-do-ipca-e-prevista-para-agosto\/"]}]},{"@type":"BreadcrumbList","@id":"https:\/\/dana.com.br\/canaldana\/2022\/08\/10\/julho-tem-deflacao-e-nova-queda-do-ipca-e-prevista-para-agosto\/#breadcrumb","itemListElement":[{"@type":"ListItem","position":1,"name":"Home","item":"https:\/\/dana.com.br\/canaldana\/"},{"@type":"ListItem","position":2,"name":"Mercado","item":"https:\/\/dana.com.br\/canaldana\/mercado\/"},{"@type":"ListItem","position":3,"name":"Julho tem defla\u00e7\u00e3o e nova queda do IPCA \u00e9 prevista para agosto"}]},{"@type":"WebSite","@id":"https:\/\/dana.com.br\/canaldana\/#website","url":"https:\/\/dana.com.br\/canaldana\/","name":"Canal Dana","description":"Informativo com as principais not\u00edcias da ind\u00fastria automotiva","potentialAction":[{"@type":"SearchAction","target":{"@type":"EntryPoint","urlTemplate":"https:\/\/dana.com.br\/canaldana\/?s={search_term_string}"},"query-input":{"@type":"PropertyValueSpecification","valueRequired":true,"valueName":"search_term_string"}}],"inLanguage":"pt-BR"},{"@type":"Person","@id":"https:\/\/dana.com.br\/canaldana\/#\/schema\/person\/3c21f22f56fcf3bc46b94bc60ea4fef6","name":"Canal Dana","image":{"@type":"ImageObject","inLanguage":"pt-BR","@id":"https:\/\/secure.gravatar.com\/avatar\/420aaf9278582877d9018637c6817617705899d2858d7572ef0fe59a6b6454b4?s=96&d=mm&r=g","url":"https:\/\/secure.gravatar.com\/avatar\/420aaf9278582877d9018637c6817617705899d2858d7572ef0fe59a6b6454b4?s=96&d=mm&r=g","contentUrl":"https:\/\/secure.gravatar.com\/avatar\/420aaf9278582877d9018637c6817617705899d2858d7572ef0fe59a6b6454b4?s=96&d=mm&r=g","caption":"Canal Dana"},"url":"https:\/\/dana.com.br\/canaldana\/author\/cdeditor\/"}]}},"_links":{"self":[{"href":"https:\/\/dana.com.br\/canaldana\/wp-json\/wp\/v2\/posts\/60205","targetHints":{"allow":["GET"]}}],"collection":[{"href":"https:\/\/dana.com.br\/canaldana\/wp-json\/wp\/v2\/posts"}],"about":[{"href":"https:\/\/dana.com.br\/canaldana\/wp-json\/wp\/v2\/types\/post"}],"author":[{"embeddable":true,"href":"https:\/\/dana.com.br\/canaldana\/wp-json\/wp\/v2\/users\/3"}],"replies":[{"embeddable":true,"href":"https:\/\/dana.com.br\/canaldana\/wp-json\/wp\/v2\/comments?post=60205"}],"version-history":[{"count":0,"href":"https:\/\/dana.com.br\/canaldana\/wp-json\/wp\/v2\/posts\/60205\/revisions"}],"wp:attachment":[{"href":"https:\/\/dana.com.br\/canaldana\/wp-json\/wp\/v2\/media?parent=60205"}],"wp:term":[{"taxonomy":"category","embeddable":true,"href":"https:\/\/dana.com.br\/canaldana\/wp-json\/wp\/v2\/categories?post=60205"},{"taxonomy":"post_tag","embeddable":true,"href":"https:\/\/dana.com.br\/canaldana\/wp-json\/wp\/v2\/tags?post=60205"}],"curies":[{"name":"wp","href":"https:\/\/api.w.org\/{rel}","templated":true}]}}