{"id":60197,"date":"2022-08-10T08:58:27","date_gmt":"2022-08-10T11:58:27","guid":{"rendered":"https:\/\/dana.com.br\/canaldana\/?p=60197"},"modified":"2022-08-10T08:58:27","modified_gmt":"2022-08-10T11:58:27","slug":"uma-luz-sobre-o-rota-2030","status":"publish","type":"post","link":"https:\/\/dana.com.br\/canaldana\/2022\/08\/10\/uma-luz-sobre-o-rota-2030\/","title":{"rendered":"Uma luz sobre o Rota 2030"},"content":{"rendered":"<p><em>O Estado de S\u00e3o Paulo\/Mobilidade<\/em><\/p>\n<p>&nbsp;<\/p>\n<p>O Rota 2030 \u00e9 um programa criado pelo governo brasileiro para organizar toda a cadeia automotiva, e visa buscar conex\u00f5es entre os v\u00e1rios setores do segmento, assim como fomentar a inova\u00e7\u00e3o e o desenvolvimento de novas tecnologias. O Rota substitui o Inovar Auto, que vigorou de 2012 a 2017 e criou metas ambiciosas de produ\u00e7\u00e3o e melhoria da efici\u00eancia energ\u00e9tica dos ve\u00edculos vendidos, atualmente, no Pa\u00eds, trata-se de um tema complexo, repleto de regras, condi\u00e7\u00f5es e contrapartidas. Mas que, na pr\u00e1tica, \u00e9 uma ferramenta poderosa para que montadoras, sistemistas e centros de desenvolvimento se unam para estimular o crescimento do setor.<\/p>\n<p>&nbsp;<\/p>\n<p>As principais premissas do Rota 2030 est\u00e3o na Lei no 13.755, publicada no fim de 2018. Assim, define normas para a fabrica\u00e7\u00e3o e comercializa\u00e7\u00e3o de ve\u00edculos, nos pr\u00f3ximos 15 anos \u2013 per\u00edodo que deve ser dividido em tr\u00eas ciclos quinquenais para que possa haver revis\u00e3o das metas e aferi\u00e7\u00e3o de resultados.<\/p>\n<p>&nbsp;<\/p>\n<p>Al\u00e9m disso, tr\u00eas pilares organizam as demandas e os crit\u00e9rios de coopera\u00e7\u00e3o: requisitos obrigat\u00f3rios para a comercializa\u00e7\u00e3o de ve\u00edculos, isen\u00e7\u00e3o fiscal para aquisi\u00e7\u00e3o de pe\u00e7as que n\u00e3o s\u00e3o produzidas localmente e benef\u00edcio tribut\u00e1rio \u00e0s empresas que realizarem investimentos em pesquisa, desenvolvimento e inova\u00e7\u00e3o (PD&amp;I).<\/p>\n<p>&nbsp;<\/p>\n<p>Segundo Andressa Melo, gerente de inova\u00e7\u00e3o do FI Group (consultoria especializada no setor de financiamento de PD&amp;I), existem projetos incr\u00edveis, mas, devido \u00e0 complexidade de compreens\u00e3o e adequa\u00e7\u00e3o ao Rota 2030, muitas empresas acabam desistindo de buscar o incentivo. \u201cElas nem sabem por onde come\u00e7ar. Nosso papel \u00e9 ajudar a organizar as ideias, verificar em quais linhas ou verticais elas melhor se encaixam, formalizar suas propostas e submeter ao coordenador\u201d, diz.<\/p>\n<p>&nbsp;<\/p>\n<p><strong>Projetos relacionados \u00e0 eletromobilidade <\/strong><\/p>\n<p>&nbsp;<\/p>\n<p>No Rota 2030, a transi\u00e7\u00e3o energ\u00e9tica est\u00e1 contemplada na chamada Linha V, que engloba temas nas \u00e1reas de biocombust\u00edveis, seguran\u00e7a veicular e propuls\u00e3o alternativa a combust\u00e3o, e ficou sob a coordena\u00e7\u00e3o geral da Funda\u00e7\u00e3o do Desenvolvimento da Pesquisa (Fundep). A Linha V prev\u00ea a concess\u00e3o de incentivos \u00e0s empresas que realizarem investimentos em P&amp;D, entre 0,25% e 1,20% da receita bruta total.<\/p>\n<p>&nbsp;<\/p>\n<p>Para a curadoria desses projetos, a Fundep conta com um conselho t\u00e9cnico, formado por representantes de tr\u00eas universidades: a Estadual de Campinas (Unicamp), a FEI e a Estadual do Cear\u00e1 (Uece). Do conselho de governan\u00e7a fazem parte a Associa\u00e7\u00e3o Nacional dos Fabricantes de Ve\u00edculos Automotores (Anfavea), a Associa\u00e7\u00e3o Brasileira de Engenharia Automotiva (AEA), o Sindicato Nacional da Ind\u00fastria de Componentes para Ve\u00edculos Automotores (Sindipe\u00e7as) e a SAE Brasil.<\/p>\n<p>&nbsp;<\/p>\n<p>\u201cDesde a assinatura do acordo de contribui\u00e7\u00e3o com o Minist\u00e9rio da Economia, em outubro de 2019, a Linha V j\u00e1 captou R$ 205 milh\u00f5es, com aprova\u00e7\u00e3o e execu\u00e7\u00e3o de 55 projetos na \u00e1rea de PD&amp;I. Entre eles, est\u00e3o 14 estudos que envolvem eletrifica\u00e7\u00e3o, desde o desenvolvimento de componentes at\u00e9 as esta\u00e7\u00f5es de recarga\u201d, informa a coordenadora Ana Eliza Braga.<\/p>\n<p>&nbsp;<\/p>\n<p><strong>Confira, abaixo, alguns desses projetos:<\/strong><\/p>\n<p><strong>\u00a0<\/strong><\/p>\n<ul>\n<li><strong> Powertrain el\u00e9trico de alto desempenho<\/strong><\/li>\n<\/ul>\n<p>&nbsp;<\/p>\n<p>Desenvolvido pelas Universidades Federal do Rio Grande do Sul (UFRGS) e Federal de Santa Maria (UFSM), al\u00e9m da empresa Fueltech, o projeto busca desenvolver m\u00e1quina el\u00e9trica, inversor e BMS (sistema de controle de bateria) para compor um powertrain el\u00e9trico veicular que seja de alto desempenho, principalmente no que diz respeito \u00e0 densidade de pot\u00eancia e conjugado, ao rendimento, \u00e0 toler\u00e2ncia a falhas e \u00e0 seguran\u00e7a.<\/p>\n<p>&nbsp;<\/p>\n<ul>\n<li><strong> Pack de baterias de \u00edons de l\u00edtio<\/strong><\/li>\n<\/ul>\n<p>&nbsp;<\/p>\n<p>Renault, Clarios Energy Solutions, Universidade Tecnol\u00f3gica Federal do Paran\u00e1 e Senai-pr se uniram para criar um pack, com tecnologia 100% nacional, de baterias de \u00edons de l\u00edtio, com um dispositivo acoplado ao sistema BMS para ve\u00edculos urbanos de pequeno porte.<\/p>\n<p>&nbsp;<\/p>\n<ul>\n<li><strong> Eletrifica\u00e7\u00e3o de ve\u00edculo pesado<\/strong><\/li>\n<\/ul>\n<p>&nbsp;<\/p>\n<p>A parceria entre a Universidade Federal de Minas Gerais e a CNH Industrial visa a convers\u00e3o de retroescavadeira em ve\u00edculo h\u00edbrido para utiliza\u00e7\u00e3o em atividades agr\u00edcolas e de constru\u00e7\u00e3o. Ser\u00e1 desenvolvido um sistema de acionamento el\u00e9trico capaz de operar, solidariamente, ao motor a diesel, al\u00e9m de um banco de armazenadores de energia.<\/p>\n<p>&nbsp;<\/p>\n<ul>\n<li><strong> Sistema Propulsor Regenerativo<\/strong><\/li>\n<\/ul>\n<p>&nbsp;<\/p>\n<p>A Universidade de S\u00e3o Paulo (USP) e as empresas Modelworks e DS Ind\u00fastria v\u00e3o desenvolver, fazer um prot\u00f3tipo e testar um sistema el\u00e9trico propulsor e regenerador integral confi\u00e1vel e inteligente, capaz de proporcionar alta efici\u00eancia energ\u00e9tica a ve\u00edculos leves subcompactos.<\/p>\n<p>&nbsp;<\/p>\n<p>Para conhecer mais sobre os pilares e projetos coordenados pela Fundep, acesse rota2030.fundep.ufmg.br e rota2030. fundep.ufmg.br\/ebook. (O Estado de S\u00e3o Paulo\/Mobilidade\/Ju Cabrini)<\/p>\n","protected":false},"excerpt":{"rendered":"<p>O Estado de S\u00e3o Paulo\/Mobilidade &nbsp; O Rota 2030 \u00e9 um programa criado pelo governo brasileiro para organizar toda a cadeia automotiva, e visa buscar conex\u00f5es entre os v\u00e1rios setores do segmento, assim como fomentar a inova\u00e7\u00e3o e o desenvolvimento de novas tecnologias. O Rota substitui o Inovar Auto, que vigorou de 2012 a 2017\u2026 <a class=\"readmore\" href=\"https:\/\/dana.com.br\/canaldana\/2022\/08\/10\/uma-luz-sobre-o-rota-2030\/\">Leia mais \u00bb<\/a><\/p>\n","protected":false},"author":3,"featured_media":0,"comment_status":"closed","ping_status":"closed","sticky":false,"template":"","format":"standard","meta":{"_acf_changed":false,"footnotes":""},"categories":[79],"tags":[],"class_list":["post-60197","post","type-post","status-publish","format-standard","hentry","category-mercado"],"acf":[],"yoast_head":"<!-- This site is optimized with the Yoast SEO plugin v27.3 - https:\/\/yoast.com\/product\/yoast-seo-wordpress\/ -->\n<title>Uma luz sobre o Rota 2030 - Canal Dana<\/title>\n<meta name=\"robots\" content=\"index, follow, max-snippet:-1, max-image-preview:large, max-video-preview:-1\" \/>\n<link rel=\"canonical\" href=\"https:\/\/dana.com.br\/canaldana\/2022\/08\/10\/uma-luz-sobre-o-rota-2030\/\" \/>\n<meta property=\"og:locale\" content=\"pt_BR\" \/>\n<meta property=\"og:type\" content=\"article\" \/>\n<meta property=\"og:title\" content=\"Uma luz sobre o Rota 2030 - Canal Dana\" \/>\n<meta property=\"og:description\" content=\"O Estado de S\u00e3o Paulo\/Mobilidade &nbsp; O Rota 2030 \u00e9 um programa criado pelo governo brasileiro para organizar toda a cadeia automotiva, e visa buscar conex\u00f5es entre os v\u00e1rios setores do segmento, assim como fomentar a inova\u00e7\u00e3o e o desenvolvimento de novas tecnologias. O Rota substitui o Inovar Auto, que vigorou de 2012 a 2017\u2026 Leia mais \u00bb\" \/>\n<meta property=\"og:url\" content=\"https:\/\/dana.com.br\/canaldana\/2022\/08\/10\/uma-luz-sobre-o-rota-2030\/\" \/>\n<meta property=\"og:site_name\" content=\"Canal Dana\" \/>\n<meta property=\"article:published_time\" content=\"2022-08-10T11:58:27+00:00\" \/>\n<meta name=\"author\" content=\"Canal Dana\" \/>\n<meta name=\"twitter:card\" content=\"summary_large_image\" \/>\n<meta name=\"twitter:label1\" content=\"Escrito por\" \/>\n\t<meta name=\"twitter:data1\" content=\"Canal Dana\" \/>\n\t<meta name=\"twitter:label2\" content=\"Est. tempo de leitura\" \/>\n\t<meta name=\"twitter:data2\" content=\"4 minutos\" \/>\n<script type=\"application\/ld+json\" class=\"yoast-schema-graph\">{\"@context\":\"https:\\\/\\\/schema.org\",\"@graph\":[{\"@type\":\"Article\",\"@id\":\"https:\\\/\\\/dana.com.br\\\/canaldana\\\/2022\\\/08\\\/10\\\/uma-luz-sobre-o-rota-2030\\\/#article\",\"isPartOf\":{\"@id\":\"https:\\\/\\\/dana.com.br\\\/canaldana\\\/2022\\\/08\\\/10\\\/uma-luz-sobre-o-rota-2030\\\/\"},\"author\":{\"name\":\"Canal Dana\",\"@id\":\"https:\\\/\\\/dana.com.br\\\/canaldana\\\/#\\\/schema\\\/person\\\/3c21f22f56fcf3bc46b94bc60ea4fef6\"},\"headline\":\"Uma luz sobre o Rota 2030\",\"datePublished\":\"2022-08-10T11:58:27+00:00\",\"mainEntityOfPage\":{\"@id\":\"https:\\\/\\\/dana.com.br\\\/canaldana\\\/2022\\\/08\\\/10\\\/uma-luz-sobre-o-rota-2030\\\/\"},\"wordCount\":820,\"articleSection\":[\"Mercado\"],\"inLanguage\":\"pt-BR\"},{\"@type\":\"WebPage\",\"@id\":\"https:\\\/\\\/dana.com.br\\\/canaldana\\\/2022\\\/08\\\/10\\\/uma-luz-sobre-o-rota-2030\\\/\",\"url\":\"https:\\\/\\\/dana.com.br\\\/canaldana\\\/2022\\\/08\\\/10\\\/uma-luz-sobre-o-rota-2030\\\/\",\"name\":\"Uma luz sobre o Rota 2030 - Canal Dana\",\"isPartOf\":{\"@id\":\"https:\\\/\\\/dana.com.br\\\/canaldana\\\/#website\"},\"datePublished\":\"2022-08-10T11:58:27+00:00\",\"author\":{\"@id\":\"https:\\\/\\\/dana.com.br\\\/canaldana\\\/#\\\/schema\\\/person\\\/3c21f22f56fcf3bc46b94bc60ea4fef6\"},\"breadcrumb\":{\"@id\":\"https:\\\/\\\/dana.com.br\\\/canaldana\\\/2022\\\/08\\\/10\\\/uma-luz-sobre-o-rota-2030\\\/#breadcrumb\"},\"inLanguage\":\"pt-BR\",\"potentialAction\":[{\"@type\":\"ReadAction\",\"target\":[\"https:\\\/\\\/dana.com.br\\\/canaldana\\\/2022\\\/08\\\/10\\\/uma-luz-sobre-o-rota-2030\\\/\"]}]},{\"@type\":\"BreadcrumbList\",\"@id\":\"https:\\\/\\\/dana.com.br\\\/canaldana\\\/2022\\\/08\\\/10\\\/uma-luz-sobre-o-rota-2030\\\/#breadcrumb\",\"itemListElement\":[{\"@type\":\"ListItem\",\"position\":1,\"name\":\"Home\",\"item\":\"https:\\\/\\\/dana.com.br\\\/canaldana\\\/\"},{\"@type\":\"ListItem\",\"position\":2,\"name\":\"Mercado\",\"item\":\"https:\\\/\\\/dana.com.br\\\/canaldana\\\/mercado\\\/\"},{\"@type\":\"ListItem\",\"position\":3,\"name\":\"Uma luz sobre o Rota 2030\"}]},{\"@type\":\"WebSite\",\"@id\":\"https:\\\/\\\/dana.com.br\\\/canaldana\\\/#website\",\"url\":\"https:\\\/\\\/dana.com.br\\\/canaldana\\\/\",\"name\":\"Canal Dana\",\"description\":\"Informativo com as principais not\u00edcias da ind\u00fastria automotiva\",\"potentialAction\":[{\"@type\":\"SearchAction\",\"target\":{\"@type\":\"EntryPoint\",\"urlTemplate\":\"https:\\\/\\\/dana.com.br\\\/canaldana\\\/?s={search_term_string}\"},\"query-input\":{\"@type\":\"PropertyValueSpecification\",\"valueRequired\":true,\"valueName\":\"search_term_string\"}}],\"inLanguage\":\"pt-BR\"},{\"@type\":\"Person\",\"@id\":\"https:\\\/\\\/dana.com.br\\\/canaldana\\\/#\\\/schema\\\/person\\\/3c21f22f56fcf3bc46b94bc60ea4fef6\",\"name\":\"Canal Dana\",\"image\":{\"@type\":\"ImageObject\",\"inLanguage\":\"pt-BR\",\"@id\":\"https:\\\/\\\/secure.gravatar.com\\\/avatar\\\/420aaf9278582877d9018637c6817617705899d2858d7572ef0fe59a6b6454b4?s=96&d=mm&r=g\",\"url\":\"https:\\\/\\\/secure.gravatar.com\\\/avatar\\\/420aaf9278582877d9018637c6817617705899d2858d7572ef0fe59a6b6454b4?s=96&d=mm&r=g\",\"contentUrl\":\"https:\\\/\\\/secure.gravatar.com\\\/avatar\\\/420aaf9278582877d9018637c6817617705899d2858d7572ef0fe59a6b6454b4?s=96&d=mm&r=g\",\"caption\":\"Canal Dana\"},\"url\":\"https:\\\/\\\/dana.com.br\\\/canaldana\\\/author\\\/cdeditor\\\/\"}]}<\/script>\n<!-- \/ Yoast SEO plugin. -->","yoast_head_json":{"title":"Uma luz sobre o Rota 2030 - Canal Dana","robots":{"index":"index","follow":"follow","max-snippet":"max-snippet:-1","max-image-preview":"max-image-preview:large","max-video-preview":"max-video-preview:-1"},"canonical":"https:\/\/dana.com.br\/canaldana\/2022\/08\/10\/uma-luz-sobre-o-rota-2030\/","og_locale":"pt_BR","og_type":"article","og_title":"Uma luz sobre o Rota 2030 - Canal Dana","og_description":"O Estado de S\u00e3o Paulo\/Mobilidade &nbsp; O Rota 2030 \u00e9 um programa criado pelo governo brasileiro para organizar toda a cadeia automotiva, e visa buscar conex\u00f5es entre os v\u00e1rios setores do segmento, assim como fomentar a inova\u00e7\u00e3o e o desenvolvimento de novas tecnologias. O Rota substitui o Inovar Auto, que vigorou de 2012 a 2017\u2026 Leia mais \u00bb","og_url":"https:\/\/dana.com.br\/canaldana\/2022\/08\/10\/uma-luz-sobre-o-rota-2030\/","og_site_name":"Canal Dana","article_published_time":"2022-08-10T11:58:27+00:00","author":"Canal Dana","twitter_card":"summary_large_image","twitter_misc":{"Escrito por":"Canal Dana","Est. tempo de leitura":"4 minutos"},"schema":{"@context":"https:\/\/schema.org","@graph":[{"@type":"Article","@id":"https:\/\/dana.com.br\/canaldana\/2022\/08\/10\/uma-luz-sobre-o-rota-2030\/#article","isPartOf":{"@id":"https:\/\/dana.com.br\/canaldana\/2022\/08\/10\/uma-luz-sobre-o-rota-2030\/"},"author":{"name":"Canal Dana","@id":"https:\/\/dana.com.br\/canaldana\/#\/schema\/person\/3c21f22f56fcf3bc46b94bc60ea4fef6"},"headline":"Uma luz sobre o Rota 2030","datePublished":"2022-08-10T11:58:27+00:00","mainEntityOfPage":{"@id":"https:\/\/dana.com.br\/canaldana\/2022\/08\/10\/uma-luz-sobre-o-rota-2030\/"},"wordCount":820,"articleSection":["Mercado"],"inLanguage":"pt-BR"},{"@type":"WebPage","@id":"https:\/\/dana.com.br\/canaldana\/2022\/08\/10\/uma-luz-sobre-o-rota-2030\/","url":"https:\/\/dana.com.br\/canaldana\/2022\/08\/10\/uma-luz-sobre-o-rota-2030\/","name":"Uma luz sobre o Rota 2030 - Canal Dana","isPartOf":{"@id":"https:\/\/dana.com.br\/canaldana\/#website"},"datePublished":"2022-08-10T11:58:27+00:00","author":{"@id":"https:\/\/dana.com.br\/canaldana\/#\/schema\/person\/3c21f22f56fcf3bc46b94bc60ea4fef6"},"breadcrumb":{"@id":"https:\/\/dana.com.br\/canaldana\/2022\/08\/10\/uma-luz-sobre-o-rota-2030\/#breadcrumb"},"inLanguage":"pt-BR","potentialAction":[{"@type":"ReadAction","target":["https:\/\/dana.com.br\/canaldana\/2022\/08\/10\/uma-luz-sobre-o-rota-2030\/"]}]},{"@type":"BreadcrumbList","@id":"https:\/\/dana.com.br\/canaldana\/2022\/08\/10\/uma-luz-sobre-o-rota-2030\/#breadcrumb","itemListElement":[{"@type":"ListItem","position":1,"name":"Home","item":"https:\/\/dana.com.br\/canaldana\/"},{"@type":"ListItem","position":2,"name":"Mercado","item":"https:\/\/dana.com.br\/canaldana\/mercado\/"},{"@type":"ListItem","position":3,"name":"Uma luz sobre o Rota 2030"}]},{"@type":"WebSite","@id":"https:\/\/dana.com.br\/canaldana\/#website","url":"https:\/\/dana.com.br\/canaldana\/","name":"Canal Dana","description":"Informativo com as principais not\u00edcias da ind\u00fastria automotiva","potentialAction":[{"@type":"SearchAction","target":{"@type":"EntryPoint","urlTemplate":"https:\/\/dana.com.br\/canaldana\/?s={search_term_string}"},"query-input":{"@type":"PropertyValueSpecification","valueRequired":true,"valueName":"search_term_string"}}],"inLanguage":"pt-BR"},{"@type":"Person","@id":"https:\/\/dana.com.br\/canaldana\/#\/schema\/person\/3c21f22f56fcf3bc46b94bc60ea4fef6","name":"Canal Dana","image":{"@type":"ImageObject","inLanguage":"pt-BR","@id":"https:\/\/secure.gravatar.com\/avatar\/420aaf9278582877d9018637c6817617705899d2858d7572ef0fe59a6b6454b4?s=96&d=mm&r=g","url":"https:\/\/secure.gravatar.com\/avatar\/420aaf9278582877d9018637c6817617705899d2858d7572ef0fe59a6b6454b4?s=96&d=mm&r=g","contentUrl":"https:\/\/secure.gravatar.com\/avatar\/420aaf9278582877d9018637c6817617705899d2858d7572ef0fe59a6b6454b4?s=96&d=mm&r=g","caption":"Canal Dana"},"url":"https:\/\/dana.com.br\/canaldana\/author\/cdeditor\/"}]}},"_links":{"self":[{"href":"https:\/\/dana.com.br\/canaldana\/wp-json\/wp\/v2\/posts\/60197","targetHints":{"allow":["GET"]}}],"collection":[{"href":"https:\/\/dana.com.br\/canaldana\/wp-json\/wp\/v2\/posts"}],"about":[{"href":"https:\/\/dana.com.br\/canaldana\/wp-json\/wp\/v2\/types\/post"}],"author":[{"embeddable":true,"href":"https:\/\/dana.com.br\/canaldana\/wp-json\/wp\/v2\/users\/3"}],"replies":[{"embeddable":true,"href":"https:\/\/dana.com.br\/canaldana\/wp-json\/wp\/v2\/comments?post=60197"}],"version-history":[{"count":0,"href":"https:\/\/dana.com.br\/canaldana\/wp-json\/wp\/v2\/posts\/60197\/revisions"}],"wp:attachment":[{"href":"https:\/\/dana.com.br\/canaldana\/wp-json\/wp\/v2\/media?parent=60197"}],"wp:term":[{"taxonomy":"category","embeddable":true,"href":"https:\/\/dana.com.br\/canaldana\/wp-json\/wp\/v2\/categories?post=60197"},{"taxonomy":"post_tag","embeddable":true,"href":"https:\/\/dana.com.br\/canaldana\/wp-json\/wp\/v2\/tags?post=60197"}],"curies":[{"name":"wp","href":"https:\/\/api.w.org\/{rel}","templated":true}]}}