{"id":60193,"date":"2022-08-10T08:53:03","date_gmt":"2022-08-10T11:53:03","guid":{"rendered":"https:\/\/dana.com.br\/canaldana\/?p=60193"},"modified":"2022-08-10T08:53:03","modified_gmt":"2022-08-10T11:53:03","slug":"em-parceria-com-a-sem-parar-novos-iveco-vem-com-tag-com-mensalidade-gratis","status":"publish","type":"post","link":"https:\/\/dana.com.br\/canaldana\/2022\/08\/10\/em-parceria-com-a-sem-parar-novos-iveco-vem-com-tag-com-mensalidade-gratis\/","title":{"rendered":"Em parceria com a SEM PARAR, novos Iveco vem com tag com mensalidade gr\u00e1tis"},"content":{"rendered":"<p><em>M\u00eddia Truck Brasil <\/em><\/p>\n<p>&nbsp;<\/p>\n<p>A IVECO, montadora que mais cresce no Brasil, e o Sem Parar Empresas, pioneiro em pagamento autom\u00e1tico de ped\u00e1gio e refer\u00eancia em gest\u00e3o de frotas, firmaram uma parceria com vantagens especiais para transportadores e motoristas que adquirirem ve\u00edculos zero quil\u00f4metro da marca do Iveco Group.<\/p>\n<p>&nbsp;<\/p>\n<p>A partir de 2 de agosto, todos os ve\u00edculos de carga e de transporte de passageiros da IVECO sair\u00e3o de f\u00e1brica com a tag Sem Parar Empresas j\u00e1 instalada. O cliente que ativar a etiqueta ter\u00e1 1 ano de mensalidade gratuita.<\/p>\n<p>&nbsp;<\/p>\n<p>&#8220;A gente n\u00e3o para e, por isso, somos a primeira montadora de ve\u00edculos comerciais a oferecer o servi\u00e7o com o Sem Parar, um parceiro que otimiza a opera\u00e7\u00e3o dos clientes com agilidade e tecnologia. Essa \u00e9 mais uma a\u00e7\u00e3o que segue nossa estrat\u00e9gia de ter o foco total no cliente, um dos pilares que nos mant\u00eam em crescimento sustent\u00e1vel no mercado desde 2020&#8221;, diz Maur\u00edcio Correa, gerente de Marketing da IVECO.<\/p>\n<p>&nbsp;<\/p>\n<p>&#8220;Estamos estendendo esse formato inovador de parceria, que come\u00e7ou em 2019 com fabricantes de ve\u00edculos leves. Ao nos aliarmos com a IVECO neste projeto, al\u00e9m de ampliarmos a nossa participa\u00e7\u00e3o no mercado, passaremos a atender um novo p\u00fablico que busca por ve\u00edculos pesados e semipesados&#8221;, afirma Max Guimer, diretor de Marketing e Produtos do Sem Parar Empresas, que est\u00e1 presente em 100% da malha pedagiada.<\/p>\n<p>&nbsp;<\/p>\n<p>Os clientes que saem da concession\u00e1ria com a tag instalada t\u00eam acesso \u00e0 maior rede de uso do Brasil em ped\u00e1gios, estacionamentos e postos de combust\u00edveis, sem precisar enfrentar filas para pagamento. Tudo muito r\u00e1pido e eficiente. (M\u00eddia Truck Brasil\/\u00c9rico Pimenta)<\/p>\n","protected":false},"excerpt":{"rendered":"<p>M\u00eddia Truck Brasil &nbsp; A IVECO, montadora que mais cresce no Brasil, e o Sem Parar Empresas, pioneiro em pagamento autom\u00e1tico de ped\u00e1gio e refer\u00eancia em gest\u00e3o de frotas, firmaram uma parceria com vantagens especiais para transportadores e motoristas que adquirirem ve\u00edculos zero quil\u00f4metro da marca do Iveco Group. &nbsp; A partir de 2 de\u2026 <a class=\"readmore\" href=\"https:\/\/dana.com.br\/canaldana\/2022\/08\/10\/em-parceria-com-a-sem-parar-novos-iveco-vem-com-tag-com-mensalidade-gratis\/\">Leia mais \u00bb<\/a><\/p>\n","protected":false},"author":3,"featured_media":0,"comment_status":"closed","ping_status":"closed","sticky":false,"template":"","format":"standard","meta":{"_acf_changed":false,"footnotes":""},"categories":[79],"tags":[],"class_list":["post-60193","post","type-post","status-publish","format-standard","hentry","category-mercado"],"acf":[],"yoast_head":"<!-- This site is optimized with the Yoast SEO plugin v27.3 - https:\/\/yoast.com\/product\/yoast-seo-wordpress\/ -->\n<title>Em parceria com a SEM PARAR, novos Iveco vem com tag com mensalidade gr\u00e1tis - Canal Dana<\/title>\n<meta name=\"robots\" content=\"index, follow, max-snippet:-1, max-image-preview:large, max-video-preview:-1\" \/>\n<link rel=\"canonical\" href=\"https:\/\/dana.com.br\/canaldana\/2022\/08\/10\/em-parceria-com-a-sem-parar-novos-iveco-vem-com-tag-com-mensalidade-gratis\/\" \/>\n<meta property=\"og:locale\" content=\"pt_BR\" \/>\n<meta property=\"og:type\" content=\"article\" \/>\n<meta property=\"og:title\" content=\"Em parceria com a SEM PARAR, novos Iveco vem com tag com mensalidade gr\u00e1tis - Canal Dana\" \/>\n<meta property=\"og:description\" content=\"M\u00eddia Truck Brasil &nbsp; A IVECO, montadora que mais cresce no Brasil, e o Sem Parar Empresas, pioneiro em pagamento autom\u00e1tico de ped\u00e1gio e refer\u00eancia em gest\u00e3o de frotas, firmaram uma parceria com vantagens especiais para transportadores e motoristas que adquirirem ve\u00edculos zero quil\u00f4metro da marca do Iveco Group. &nbsp; A partir de 2 de\u2026 Leia mais \u00bb\" \/>\n<meta property=\"og:url\" content=\"https:\/\/dana.com.br\/canaldana\/2022\/08\/10\/em-parceria-com-a-sem-parar-novos-iveco-vem-com-tag-com-mensalidade-gratis\/\" \/>\n<meta property=\"og:site_name\" content=\"Canal Dana\" \/>\n<meta property=\"article:published_time\" content=\"2022-08-10T11:53:03+00:00\" \/>\n<meta name=\"author\" content=\"Canal Dana\" \/>\n<meta name=\"twitter:card\" content=\"summary_large_image\" \/>\n<meta name=\"twitter:label1\" content=\"Escrito por\" \/>\n\t<meta name=\"twitter:data1\" content=\"Canal Dana\" \/>\n\t<meta name=\"twitter:label2\" content=\"Est. tempo de leitura\" \/>\n\t<meta name=\"twitter:data2\" content=\"1 minuto\" \/>\n<script type=\"application\/ld+json\" class=\"yoast-schema-graph\">{\"@context\":\"https:\\\/\\\/schema.org\",\"@graph\":[{\"@type\":\"Article\",\"@id\":\"https:\\\/\\\/dana.com.br\\\/canaldana\\\/2022\\\/08\\\/10\\\/em-parceria-com-a-sem-parar-novos-iveco-vem-com-tag-com-mensalidade-gratis\\\/#article\",\"isPartOf\":{\"@id\":\"https:\\\/\\\/dana.com.br\\\/canaldana\\\/2022\\\/08\\\/10\\\/em-parceria-com-a-sem-parar-novos-iveco-vem-com-tag-com-mensalidade-gratis\\\/\"},\"author\":{\"name\":\"Canal Dana\",\"@id\":\"https:\\\/\\\/dana.com.br\\\/canaldana\\\/#\\\/schema\\\/person\\\/3c21f22f56fcf3bc46b94bc60ea4fef6\"},\"headline\":\"Em parceria com a SEM PARAR, novos Iveco vem com tag com mensalidade gr\u00e1tis\",\"datePublished\":\"2022-08-10T11:53:03+00:00\",\"mainEntityOfPage\":{\"@id\":\"https:\\\/\\\/dana.com.br\\\/canaldana\\\/2022\\\/08\\\/10\\\/em-parceria-com-a-sem-parar-novos-iveco-vem-com-tag-com-mensalidade-gratis\\\/\"},\"wordCount\":311,\"articleSection\":[\"Mercado\"],\"inLanguage\":\"pt-BR\"},{\"@type\":\"WebPage\",\"@id\":\"https:\\\/\\\/dana.com.br\\\/canaldana\\\/2022\\\/08\\\/10\\\/em-parceria-com-a-sem-parar-novos-iveco-vem-com-tag-com-mensalidade-gratis\\\/\",\"url\":\"https:\\\/\\\/dana.com.br\\\/canaldana\\\/2022\\\/08\\\/10\\\/em-parceria-com-a-sem-parar-novos-iveco-vem-com-tag-com-mensalidade-gratis\\\/\",\"name\":\"Em parceria com a SEM PARAR, novos Iveco vem com tag com mensalidade gr\u00e1tis - Canal Dana\",\"isPartOf\":{\"@id\":\"https:\\\/\\\/dana.com.br\\\/canaldana\\\/#website\"},\"datePublished\":\"2022-08-10T11:53:03+00:00\",\"author\":{\"@id\":\"https:\\\/\\\/dana.com.br\\\/canaldana\\\/#\\\/schema\\\/person\\\/3c21f22f56fcf3bc46b94bc60ea4fef6\"},\"breadcrumb\":{\"@id\":\"https:\\\/\\\/dana.com.br\\\/canaldana\\\/2022\\\/08\\\/10\\\/em-parceria-com-a-sem-parar-novos-iveco-vem-com-tag-com-mensalidade-gratis\\\/#breadcrumb\"},\"inLanguage\":\"pt-BR\",\"potentialAction\":[{\"@type\":\"ReadAction\",\"target\":[\"https:\\\/\\\/dana.com.br\\\/canaldana\\\/2022\\\/08\\\/10\\\/em-parceria-com-a-sem-parar-novos-iveco-vem-com-tag-com-mensalidade-gratis\\\/\"]}]},{\"@type\":\"BreadcrumbList\",\"@id\":\"https:\\\/\\\/dana.com.br\\\/canaldana\\\/2022\\\/08\\\/10\\\/em-parceria-com-a-sem-parar-novos-iveco-vem-com-tag-com-mensalidade-gratis\\\/#breadcrumb\",\"itemListElement\":[{\"@type\":\"ListItem\",\"position\":1,\"name\":\"Home\",\"item\":\"https:\\\/\\\/dana.com.br\\\/canaldana\\\/\"},{\"@type\":\"ListItem\",\"position\":2,\"name\":\"Mercado\",\"item\":\"https:\\\/\\\/dana.com.br\\\/canaldana\\\/mercado\\\/\"},{\"@type\":\"ListItem\",\"position\":3,\"name\":\"Em parceria com a SEM PARAR, novos Iveco vem com tag com mensalidade gr\u00e1tis\"}]},{\"@type\":\"WebSite\",\"@id\":\"https:\\\/\\\/dana.com.br\\\/canaldana\\\/#website\",\"url\":\"https:\\\/\\\/dana.com.br\\\/canaldana\\\/\",\"name\":\"Canal Dana\",\"description\":\"Informativo com as principais not\u00edcias da ind\u00fastria automotiva\",\"potentialAction\":[{\"@type\":\"SearchAction\",\"target\":{\"@type\":\"EntryPoint\",\"urlTemplate\":\"https:\\\/\\\/dana.com.br\\\/canaldana\\\/?s={search_term_string}\"},\"query-input\":{\"@type\":\"PropertyValueSpecification\",\"valueRequired\":true,\"valueName\":\"search_term_string\"}}],\"inLanguage\":\"pt-BR\"},{\"@type\":\"Person\",\"@id\":\"https:\\\/\\\/dana.com.br\\\/canaldana\\\/#\\\/schema\\\/person\\\/3c21f22f56fcf3bc46b94bc60ea4fef6\",\"name\":\"Canal Dana\",\"image\":{\"@type\":\"ImageObject\",\"inLanguage\":\"pt-BR\",\"@id\":\"https:\\\/\\\/secure.gravatar.com\\\/avatar\\\/420aaf9278582877d9018637c6817617705899d2858d7572ef0fe59a6b6454b4?s=96&d=mm&r=g\",\"url\":\"https:\\\/\\\/secure.gravatar.com\\\/avatar\\\/420aaf9278582877d9018637c6817617705899d2858d7572ef0fe59a6b6454b4?s=96&d=mm&r=g\",\"contentUrl\":\"https:\\\/\\\/secure.gravatar.com\\\/avatar\\\/420aaf9278582877d9018637c6817617705899d2858d7572ef0fe59a6b6454b4?s=96&d=mm&r=g\",\"caption\":\"Canal Dana\"},\"url\":\"https:\\\/\\\/dana.com.br\\\/canaldana\\\/author\\\/cdeditor\\\/\"}]}<\/script>\n<!-- \/ Yoast SEO plugin. -->","yoast_head_json":{"title":"Em parceria com a SEM PARAR, novos Iveco vem com tag com mensalidade gr\u00e1tis - Canal Dana","robots":{"index":"index","follow":"follow","max-snippet":"max-snippet:-1","max-image-preview":"max-image-preview:large","max-video-preview":"max-video-preview:-1"},"canonical":"https:\/\/dana.com.br\/canaldana\/2022\/08\/10\/em-parceria-com-a-sem-parar-novos-iveco-vem-com-tag-com-mensalidade-gratis\/","og_locale":"pt_BR","og_type":"article","og_title":"Em parceria com a SEM PARAR, novos Iveco vem com tag com mensalidade gr\u00e1tis - Canal Dana","og_description":"M\u00eddia Truck Brasil &nbsp; A IVECO, montadora que mais cresce no Brasil, e o Sem Parar Empresas, pioneiro em pagamento autom\u00e1tico de ped\u00e1gio e refer\u00eancia em gest\u00e3o de frotas, firmaram uma parceria com vantagens especiais para transportadores e motoristas que adquirirem ve\u00edculos zero quil\u00f4metro da marca do Iveco Group. &nbsp; A partir de 2 de\u2026 Leia mais \u00bb","og_url":"https:\/\/dana.com.br\/canaldana\/2022\/08\/10\/em-parceria-com-a-sem-parar-novos-iveco-vem-com-tag-com-mensalidade-gratis\/","og_site_name":"Canal Dana","article_published_time":"2022-08-10T11:53:03+00:00","author":"Canal Dana","twitter_card":"summary_large_image","twitter_misc":{"Escrito por":"Canal Dana","Est. tempo de leitura":"1 minuto"},"schema":{"@context":"https:\/\/schema.org","@graph":[{"@type":"Article","@id":"https:\/\/dana.com.br\/canaldana\/2022\/08\/10\/em-parceria-com-a-sem-parar-novos-iveco-vem-com-tag-com-mensalidade-gratis\/#article","isPartOf":{"@id":"https:\/\/dana.com.br\/canaldana\/2022\/08\/10\/em-parceria-com-a-sem-parar-novos-iveco-vem-com-tag-com-mensalidade-gratis\/"},"author":{"name":"Canal Dana","@id":"https:\/\/dana.com.br\/canaldana\/#\/schema\/person\/3c21f22f56fcf3bc46b94bc60ea4fef6"},"headline":"Em parceria com a SEM PARAR, novos Iveco vem com tag com mensalidade gr\u00e1tis","datePublished":"2022-08-10T11:53:03+00:00","mainEntityOfPage":{"@id":"https:\/\/dana.com.br\/canaldana\/2022\/08\/10\/em-parceria-com-a-sem-parar-novos-iveco-vem-com-tag-com-mensalidade-gratis\/"},"wordCount":311,"articleSection":["Mercado"],"inLanguage":"pt-BR"},{"@type":"WebPage","@id":"https:\/\/dana.com.br\/canaldana\/2022\/08\/10\/em-parceria-com-a-sem-parar-novos-iveco-vem-com-tag-com-mensalidade-gratis\/","url":"https:\/\/dana.com.br\/canaldana\/2022\/08\/10\/em-parceria-com-a-sem-parar-novos-iveco-vem-com-tag-com-mensalidade-gratis\/","name":"Em parceria com a SEM PARAR, novos Iveco vem com tag com mensalidade gr\u00e1tis - Canal Dana","isPartOf":{"@id":"https:\/\/dana.com.br\/canaldana\/#website"},"datePublished":"2022-08-10T11:53:03+00:00","author":{"@id":"https:\/\/dana.com.br\/canaldana\/#\/schema\/person\/3c21f22f56fcf3bc46b94bc60ea4fef6"},"breadcrumb":{"@id":"https:\/\/dana.com.br\/canaldana\/2022\/08\/10\/em-parceria-com-a-sem-parar-novos-iveco-vem-com-tag-com-mensalidade-gratis\/#breadcrumb"},"inLanguage":"pt-BR","potentialAction":[{"@type":"ReadAction","target":["https:\/\/dana.com.br\/canaldana\/2022\/08\/10\/em-parceria-com-a-sem-parar-novos-iveco-vem-com-tag-com-mensalidade-gratis\/"]}]},{"@type":"BreadcrumbList","@id":"https:\/\/dana.com.br\/canaldana\/2022\/08\/10\/em-parceria-com-a-sem-parar-novos-iveco-vem-com-tag-com-mensalidade-gratis\/#breadcrumb","itemListElement":[{"@type":"ListItem","position":1,"name":"Home","item":"https:\/\/dana.com.br\/canaldana\/"},{"@type":"ListItem","position":2,"name":"Mercado","item":"https:\/\/dana.com.br\/canaldana\/mercado\/"},{"@type":"ListItem","position":3,"name":"Em parceria com a SEM PARAR, novos Iveco vem com tag com mensalidade gr\u00e1tis"}]},{"@type":"WebSite","@id":"https:\/\/dana.com.br\/canaldana\/#website","url":"https:\/\/dana.com.br\/canaldana\/","name":"Canal Dana","description":"Informativo com as principais not\u00edcias da ind\u00fastria automotiva","potentialAction":[{"@type":"SearchAction","target":{"@type":"EntryPoint","urlTemplate":"https:\/\/dana.com.br\/canaldana\/?s={search_term_string}"},"query-input":{"@type":"PropertyValueSpecification","valueRequired":true,"valueName":"search_term_string"}}],"inLanguage":"pt-BR"},{"@type":"Person","@id":"https:\/\/dana.com.br\/canaldana\/#\/schema\/person\/3c21f22f56fcf3bc46b94bc60ea4fef6","name":"Canal Dana","image":{"@type":"ImageObject","inLanguage":"pt-BR","@id":"https:\/\/secure.gravatar.com\/avatar\/420aaf9278582877d9018637c6817617705899d2858d7572ef0fe59a6b6454b4?s=96&d=mm&r=g","url":"https:\/\/secure.gravatar.com\/avatar\/420aaf9278582877d9018637c6817617705899d2858d7572ef0fe59a6b6454b4?s=96&d=mm&r=g","contentUrl":"https:\/\/secure.gravatar.com\/avatar\/420aaf9278582877d9018637c6817617705899d2858d7572ef0fe59a6b6454b4?s=96&d=mm&r=g","caption":"Canal Dana"},"url":"https:\/\/dana.com.br\/canaldana\/author\/cdeditor\/"}]}},"_links":{"self":[{"href":"https:\/\/dana.com.br\/canaldana\/wp-json\/wp\/v2\/posts\/60193","targetHints":{"allow":["GET"]}}],"collection":[{"href":"https:\/\/dana.com.br\/canaldana\/wp-json\/wp\/v2\/posts"}],"about":[{"href":"https:\/\/dana.com.br\/canaldana\/wp-json\/wp\/v2\/types\/post"}],"author":[{"embeddable":true,"href":"https:\/\/dana.com.br\/canaldana\/wp-json\/wp\/v2\/users\/3"}],"replies":[{"embeddable":true,"href":"https:\/\/dana.com.br\/canaldana\/wp-json\/wp\/v2\/comments?post=60193"}],"version-history":[{"count":0,"href":"https:\/\/dana.com.br\/canaldana\/wp-json\/wp\/v2\/posts\/60193\/revisions"}],"wp:attachment":[{"href":"https:\/\/dana.com.br\/canaldana\/wp-json\/wp\/v2\/media?parent=60193"}],"wp:term":[{"taxonomy":"category","embeddable":true,"href":"https:\/\/dana.com.br\/canaldana\/wp-json\/wp\/v2\/categories?post=60193"},{"taxonomy":"post_tag","embeddable":true,"href":"https:\/\/dana.com.br\/canaldana\/wp-json\/wp\/v2\/tags?post=60193"}],"curies":[{"name":"wp","href":"https:\/\/api.w.org\/{rel}","templated":true}]}}