{"id":60111,"date":"2022-08-05T09:20:36","date_gmt":"2022-08-05T12:20:36","guid":{"rendered":"https:\/\/dana.com.br\/canaldana\/?p=60111"},"modified":"2022-08-05T09:20:36","modified_gmt":"2022-08-05T12:20:36","slug":"consorcio-de-maquinas-agricolas-cresce-326-no-brasil-em-5-anos","status":"publish","type":"post","link":"https:\/\/dana.com.br\/canaldana\/2022\/08\/05\/consorcio-de-maquinas-agricolas-cresce-326-no-brasil-em-5-anos\/","title":{"rendered":"Cons\u00f3rcio de m\u00e1quinas agr\u00edcolas cresce 326% no Brasil em 5 anos"},"content":{"rendered":"<p><em>Canal Rural\/Ag\u00eancia Safras <\/em><\/p>\n<p>&nbsp;<\/p>\n<p>Levantamento divulgado pela Associa\u00e7\u00e3o Brasileira de Administradoras de Cons\u00f3rcios (Abac) revelou um aumento de 326% na contrata\u00e7\u00e3o de cons\u00f3rcios para aquisi\u00e7\u00e3o de ve\u00edculos pesados, como tratores, m\u00e1quinas e implementos para o agroneg\u00f3cio nos \u00faltimos 5 anos, partindo de 7 mil cotas negociadas, somando o valor de 2,7 bilh\u00f5es de reais em 2018, para 31 mil neste ano, atingindo a marca de 9,2 bilh\u00f5es reais.<\/p>\n<p>&nbsp;<\/p>\n<p>Os bens mais visados s\u00e3o tratores, com 87,7%, e colheitadeiras, com 8%.<\/p>\n<p>&nbsp;<\/p>\n<p>J\u00e1 na compara\u00e7\u00e3o apenas com os resultados de 2021, a expans\u00e3o \u00e9 de 53,4%, um dos melhores desempenhos do sistema de cons\u00f3rcio como um todo.<\/p>\n<p>&nbsp;<\/p>\n<p>Dados da Abac mostram que na regi\u00e3o Sudeste, que responde por 39,1% dos neg\u00f3cios no Brasil, houve o maior registro de ades\u00f5es. Na sequ\u00eancia aparecem as regi\u00f5es Sul, com 25,1%; Centro-Oeste, com 15,9%; Nordeste, com 11,5%, e Norte, com 8,4%.<\/p>\n<p>&nbsp;<\/p>\n<p><strong>Juros<\/strong><\/p>\n<p>&nbsp;<\/p>\n<p>Segundo Cristiano Marinho, CEO da Citybens, empresa especializada em administrar cons\u00f3rcios para o agroneg\u00f3cio (e que registrou aumento de 55% na negocia\u00e7\u00e3o de cons\u00f3rcios para ve\u00edculos pesados no \u00faltimo ano), esse crescimento \u00e9 resultado de uma jun\u00e7\u00e3o entre a alta na taxa b\u00e1sica de juros (a Selic), que j\u00e1 ultrapassa 13%, com o fato de que cada vez mais empres\u00e1rios do agro est\u00e3o conhecendo essa modalidade de cr\u00e9dito voltada para o setor.<\/p>\n<p>&nbsp;<\/p>\n<p>\u201cInvestir em cons\u00f3rcio \u00e9 uma alternativa para quem deseja adquirir o bem sem taxas abusivas e sem pagar o dobro do valor contratado, como ocorre nos financiamentos, dependendo do prazo a ser financiado. \u00c9 mais vantajoso, principalmente com mais um poss\u00edvel aumento indicado pela Selic para este m\u00eas. E na medida em que se tornam mais conhecidos para financiar projetos no campo, os cons\u00f3rcios v\u00eam contribuindo tamb\u00e9m no desenvolvimento do agro\u201d, diz Marinho.<\/p>\n<p>&nbsp;<\/p>\n<p>A forte presen\u00e7a do cons\u00f3rcio de m\u00e1quinas e implementos agr\u00edcolas tem evolu\u00eddo nos \u00faltimos anos e proporcionado melhor e maior lucratividade na agropecu\u00e1ria.<\/p>\n<p>&nbsp;<\/p>\n<p>Segundo a Abac, os cr\u00e9ditos praticados no segmento de produtos agr\u00edcolas nas administradoras t\u00eam valores que variam de R$ 10 a R$ 945 mil, com m\u00e9dia de R$ 291 mil. A taxa mensal m\u00e9dia de administra\u00e7\u00e3o est\u00e1 em 0,147% e o prazo m\u00e9dio de dura\u00e7\u00e3o dos grupos \u00e9 de 88 meses.<\/p>\n<p>&nbsp;<\/p>\n<p><strong>Cuidados<\/strong><\/p>\n<p>&nbsp;<\/p>\n<p>\u201cOs produtos financeiros orientados para o agroneg\u00f3cio s\u00e3o relativamente novos no Brasil e t\u00eam algumas especificidades. O produtor deve conhecer a administradora e seus representantes. N\u00e3o s\u00e3o todas que oferecerem este tipo de produto. E a pessoa pode estar pagando por algo que no final do contrato n\u00e3o vai poder adquirir\u201d, orienta Cristiano Marinho.<\/p>\n<p>&nbsp;<\/p>\n<p>\u201c\u00c9 importante entender a din\u00e2mica dos grupos de cons\u00f3rcios e pesquisar sobre a administradora nas redes sociais e, tamb\u00e9m no Reclame Aqui. Caso conhe\u00e7a algu\u00e9m que contratou cons\u00f3rcio na mesma empresa, converse para descobrir como foi a experi\u00eancia. Procure saber quanto tempo ela atua com esse mercado e se tem credibilidade no meio\u201d, completa o CEO da Citybens. (Canal Rural\/Ag\u00eancia Safras)<\/p>\n","protected":false},"excerpt":{"rendered":"<p>Canal Rural\/Ag\u00eancia Safras &nbsp; Levantamento divulgado pela Associa\u00e7\u00e3o Brasileira de Administradoras de Cons\u00f3rcios (Abac) revelou um aumento de 326% na contrata\u00e7\u00e3o de cons\u00f3rcios para aquisi\u00e7\u00e3o de ve\u00edculos pesados, como tratores, m\u00e1quinas e implementos para o agroneg\u00f3cio nos \u00faltimos 5 anos, partindo de 7 mil cotas negociadas, somando o valor de 2,7 bilh\u00f5es de reais em\u2026 <a class=\"readmore\" href=\"https:\/\/dana.com.br\/canaldana\/2022\/08\/05\/consorcio-de-maquinas-agricolas-cresce-326-no-brasil-em-5-anos\/\">Leia mais \u00bb<\/a><\/p>\n","protected":false},"author":3,"featured_media":0,"comment_status":"closed","ping_status":"closed","sticky":false,"template":"","format":"standard","meta":{"_acf_changed":false,"footnotes":""},"categories":[61],"tags":[],"class_list":["post-60111","post","type-post","status-publish","format-standard","hentry","category-destaques"],"acf":[],"yoast_head":"<!-- This site is optimized with the Yoast SEO plugin v27.3 - https:\/\/yoast.com\/product\/yoast-seo-wordpress\/ -->\n<title>Cons\u00f3rcio de m\u00e1quinas agr\u00edcolas cresce 326% no Brasil em 5 anos - Canal Dana<\/title>\n<meta name=\"robots\" content=\"index, follow, max-snippet:-1, max-image-preview:large, max-video-preview:-1\" \/>\n<link rel=\"canonical\" href=\"https:\/\/dana.com.br\/canaldana\/2022\/08\/05\/consorcio-de-maquinas-agricolas-cresce-326-no-brasil-em-5-anos\/\" \/>\n<meta property=\"og:locale\" content=\"pt_BR\" \/>\n<meta property=\"og:type\" content=\"article\" \/>\n<meta property=\"og:title\" content=\"Cons\u00f3rcio de m\u00e1quinas agr\u00edcolas cresce 326% no Brasil em 5 anos - Canal Dana\" \/>\n<meta property=\"og:description\" content=\"Canal Rural\/Ag\u00eancia Safras &nbsp; Levantamento divulgado pela Associa\u00e7\u00e3o Brasileira de Administradoras de Cons\u00f3rcios (Abac) revelou um aumento de 326% na contrata\u00e7\u00e3o de cons\u00f3rcios para aquisi\u00e7\u00e3o de ve\u00edculos pesados, como tratores, m\u00e1quinas e implementos para o agroneg\u00f3cio nos \u00faltimos 5 anos, partindo de 7 mil cotas negociadas, somando o valor de 2,7 bilh\u00f5es de reais em\u2026 Leia mais \u00bb\" \/>\n<meta property=\"og:url\" content=\"https:\/\/dana.com.br\/canaldana\/2022\/08\/05\/consorcio-de-maquinas-agricolas-cresce-326-no-brasil-em-5-anos\/\" \/>\n<meta property=\"og:site_name\" content=\"Canal Dana\" \/>\n<meta property=\"article:published_time\" content=\"2022-08-05T12:20:36+00:00\" \/>\n<meta name=\"author\" content=\"Canal Dana\" \/>\n<meta name=\"twitter:card\" content=\"summary_large_image\" \/>\n<meta name=\"twitter:label1\" content=\"Escrito por\" \/>\n\t<meta name=\"twitter:data1\" content=\"Canal Dana\" \/>\n\t<meta name=\"twitter:label2\" content=\"Est. tempo de leitura\" \/>\n\t<meta name=\"twitter:data2\" content=\"3 minutos\" \/>\n<script type=\"application\/ld+json\" class=\"yoast-schema-graph\">{\"@context\":\"https:\\\/\\\/schema.org\",\"@graph\":[{\"@type\":\"Article\",\"@id\":\"https:\\\/\\\/dana.com.br\\\/canaldana\\\/2022\\\/08\\\/05\\\/consorcio-de-maquinas-agricolas-cresce-326-no-brasil-em-5-anos\\\/#article\",\"isPartOf\":{\"@id\":\"https:\\\/\\\/dana.com.br\\\/canaldana\\\/2022\\\/08\\\/05\\\/consorcio-de-maquinas-agricolas-cresce-326-no-brasil-em-5-anos\\\/\"},\"author\":{\"name\":\"Canal Dana\",\"@id\":\"https:\\\/\\\/dana.com.br\\\/canaldana\\\/#\\\/schema\\\/person\\\/3c21f22f56fcf3bc46b94bc60ea4fef6\"},\"headline\":\"Cons\u00f3rcio de m\u00e1quinas agr\u00edcolas cresce 326% no Brasil em 5 anos\",\"datePublished\":\"2022-08-05T12:20:36+00:00\",\"mainEntityOfPage\":{\"@id\":\"https:\\\/\\\/dana.com.br\\\/canaldana\\\/2022\\\/08\\\/05\\\/consorcio-de-maquinas-agricolas-cresce-326-no-brasil-em-5-anos\\\/\"},\"wordCount\":541,\"articleSection\":[\"Destaques\"],\"inLanguage\":\"pt-BR\"},{\"@type\":\"WebPage\",\"@id\":\"https:\\\/\\\/dana.com.br\\\/canaldana\\\/2022\\\/08\\\/05\\\/consorcio-de-maquinas-agricolas-cresce-326-no-brasil-em-5-anos\\\/\",\"url\":\"https:\\\/\\\/dana.com.br\\\/canaldana\\\/2022\\\/08\\\/05\\\/consorcio-de-maquinas-agricolas-cresce-326-no-brasil-em-5-anos\\\/\",\"name\":\"Cons\u00f3rcio de m\u00e1quinas agr\u00edcolas cresce 326% no Brasil em 5 anos - Canal Dana\",\"isPartOf\":{\"@id\":\"https:\\\/\\\/dana.com.br\\\/canaldana\\\/#website\"},\"datePublished\":\"2022-08-05T12:20:36+00:00\",\"author\":{\"@id\":\"https:\\\/\\\/dana.com.br\\\/canaldana\\\/#\\\/schema\\\/person\\\/3c21f22f56fcf3bc46b94bc60ea4fef6\"},\"breadcrumb\":{\"@id\":\"https:\\\/\\\/dana.com.br\\\/canaldana\\\/2022\\\/08\\\/05\\\/consorcio-de-maquinas-agricolas-cresce-326-no-brasil-em-5-anos\\\/#breadcrumb\"},\"inLanguage\":\"pt-BR\",\"potentialAction\":[{\"@type\":\"ReadAction\",\"target\":[\"https:\\\/\\\/dana.com.br\\\/canaldana\\\/2022\\\/08\\\/05\\\/consorcio-de-maquinas-agricolas-cresce-326-no-brasil-em-5-anos\\\/\"]}]},{\"@type\":\"BreadcrumbList\",\"@id\":\"https:\\\/\\\/dana.com.br\\\/canaldana\\\/2022\\\/08\\\/05\\\/consorcio-de-maquinas-agricolas-cresce-326-no-brasil-em-5-anos\\\/#breadcrumb\",\"itemListElement\":[{\"@type\":\"ListItem\",\"position\":1,\"name\":\"Home\",\"item\":\"https:\\\/\\\/dana.com.br\\\/canaldana\\\/\"},{\"@type\":\"ListItem\",\"position\":2,\"name\":\"Destaques\",\"item\":\"https:\\\/\\\/dana.com.br\\\/canaldana\\\/destaques\\\/\"},{\"@type\":\"ListItem\",\"position\":3,\"name\":\"Cons\u00f3rcio de m\u00e1quinas agr\u00edcolas cresce 326% no Brasil em 5 anos\"}]},{\"@type\":\"WebSite\",\"@id\":\"https:\\\/\\\/dana.com.br\\\/canaldana\\\/#website\",\"url\":\"https:\\\/\\\/dana.com.br\\\/canaldana\\\/\",\"name\":\"Canal Dana\",\"description\":\"Informativo com as principais not\u00edcias da ind\u00fastria automotiva\",\"potentialAction\":[{\"@type\":\"SearchAction\",\"target\":{\"@type\":\"EntryPoint\",\"urlTemplate\":\"https:\\\/\\\/dana.com.br\\\/canaldana\\\/?s={search_term_string}\"},\"query-input\":{\"@type\":\"PropertyValueSpecification\",\"valueRequired\":true,\"valueName\":\"search_term_string\"}}],\"inLanguage\":\"pt-BR\"},{\"@type\":\"Person\",\"@id\":\"https:\\\/\\\/dana.com.br\\\/canaldana\\\/#\\\/schema\\\/person\\\/3c21f22f56fcf3bc46b94bc60ea4fef6\",\"name\":\"Canal Dana\",\"image\":{\"@type\":\"ImageObject\",\"inLanguage\":\"pt-BR\",\"@id\":\"https:\\\/\\\/secure.gravatar.com\\\/avatar\\\/420aaf9278582877d9018637c6817617705899d2858d7572ef0fe59a6b6454b4?s=96&d=mm&r=g\",\"url\":\"https:\\\/\\\/secure.gravatar.com\\\/avatar\\\/420aaf9278582877d9018637c6817617705899d2858d7572ef0fe59a6b6454b4?s=96&d=mm&r=g\",\"contentUrl\":\"https:\\\/\\\/secure.gravatar.com\\\/avatar\\\/420aaf9278582877d9018637c6817617705899d2858d7572ef0fe59a6b6454b4?s=96&d=mm&r=g\",\"caption\":\"Canal Dana\"},\"url\":\"https:\\\/\\\/dana.com.br\\\/canaldana\\\/author\\\/cdeditor\\\/\"}]}<\/script>\n<!-- \/ Yoast SEO plugin. -->","yoast_head_json":{"title":"Cons\u00f3rcio de m\u00e1quinas agr\u00edcolas cresce 326% no Brasil em 5 anos - Canal Dana","robots":{"index":"index","follow":"follow","max-snippet":"max-snippet:-1","max-image-preview":"max-image-preview:large","max-video-preview":"max-video-preview:-1"},"canonical":"https:\/\/dana.com.br\/canaldana\/2022\/08\/05\/consorcio-de-maquinas-agricolas-cresce-326-no-brasil-em-5-anos\/","og_locale":"pt_BR","og_type":"article","og_title":"Cons\u00f3rcio de m\u00e1quinas agr\u00edcolas cresce 326% no Brasil em 5 anos - Canal Dana","og_description":"Canal Rural\/Ag\u00eancia Safras &nbsp; Levantamento divulgado pela Associa\u00e7\u00e3o Brasileira de Administradoras de Cons\u00f3rcios (Abac) revelou um aumento de 326% na contrata\u00e7\u00e3o de cons\u00f3rcios para aquisi\u00e7\u00e3o de ve\u00edculos pesados, como tratores, m\u00e1quinas e implementos para o agroneg\u00f3cio nos \u00faltimos 5 anos, partindo de 7 mil cotas negociadas, somando o valor de 2,7 bilh\u00f5es de reais em\u2026 Leia mais \u00bb","og_url":"https:\/\/dana.com.br\/canaldana\/2022\/08\/05\/consorcio-de-maquinas-agricolas-cresce-326-no-brasil-em-5-anos\/","og_site_name":"Canal Dana","article_published_time":"2022-08-05T12:20:36+00:00","author":"Canal Dana","twitter_card":"summary_large_image","twitter_misc":{"Escrito por":"Canal Dana","Est. tempo de leitura":"3 minutos"},"schema":{"@context":"https:\/\/schema.org","@graph":[{"@type":"Article","@id":"https:\/\/dana.com.br\/canaldana\/2022\/08\/05\/consorcio-de-maquinas-agricolas-cresce-326-no-brasil-em-5-anos\/#article","isPartOf":{"@id":"https:\/\/dana.com.br\/canaldana\/2022\/08\/05\/consorcio-de-maquinas-agricolas-cresce-326-no-brasil-em-5-anos\/"},"author":{"name":"Canal Dana","@id":"https:\/\/dana.com.br\/canaldana\/#\/schema\/person\/3c21f22f56fcf3bc46b94bc60ea4fef6"},"headline":"Cons\u00f3rcio de m\u00e1quinas agr\u00edcolas cresce 326% no Brasil em 5 anos","datePublished":"2022-08-05T12:20:36+00:00","mainEntityOfPage":{"@id":"https:\/\/dana.com.br\/canaldana\/2022\/08\/05\/consorcio-de-maquinas-agricolas-cresce-326-no-brasil-em-5-anos\/"},"wordCount":541,"articleSection":["Destaques"],"inLanguage":"pt-BR"},{"@type":"WebPage","@id":"https:\/\/dana.com.br\/canaldana\/2022\/08\/05\/consorcio-de-maquinas-agricolas-cresce-326-no-brasil-em-5-anos\/","url":"https:\/\/dana.com.br\/canaldana\/2022\/08\/05\/consorcio-de-maquinas-agricolas-cresce-326-no-brasil-em-5-anos\/","name":"Cons\u00f3rcio de m\u00e1quinas agr\u00edcolas cresce 326% no Brasil em 5 anos - Canal Dana","isPartOf":{"@id":"https:\/\/dana.com.br\/canaldana\/#website"},"datePublished":"2022-08-05T12:20:36+00:00","author":{"@id":"https:\/\/dana.com.br\/canaldana\/#\/schema\/person\/3c21f22f56fcf3bc46b94bc60ea4fef6"},"breadcrumb":{"@id":"https:\/\/dana.com.br\/canaldana\/2022\/08\/05\/consorcio-de-maquinas-agricolas-cresce-326-no-brasil-em-5-anos\/#breadcrumb"},"inLanguage":"pt-BR","potentialAction":[{"@type":"ReadAction","target":["https:\/\/dana.com.br\/canaldana\/2022\/08\/05\/consorcio-de-maquinas-agricolas-cresce-326-no-brasil-em-5-anos\/"]}]},{"@type":"BreadcrumbList","@id":"https:\/\/dana.com.br\/canaldana\/2022\/08\/05\/consorcio-de-maquinas-agricolas-cresce-326-no-brasil-em-5-anos\/#breadcrumb","itemListElement":[{"@type":"ListItem","position":1,"name":"Home","item":"https:\/\/dana.com.br\/canaldana\/"},{"@type":"ListItem","position":2,"name":"Destaques","item":"https:\/\/dana.com.br\/canaldana\/destaques\/"},{"@type":"ListItem","position":3,"name":"Cons\u00f3rcio de m\u00e1quinas agr\u00edcolas cresce 326% no Brasil em 5 anos"}]},{"@type":"WebSite","@id":"https:\/\/dana.com.br\/canaldana\/#website","url":"https:\/\/dana.com.br\/canaldana\/","name":"Canal Dana","description":"Informativo com as principais not\u00edcias da ind\u00fastria automotiva","potentialAction":[{"@type":"SearchAction","target":{"@type":"EntryPoint","urlTemplate":"https:\/\/dana.com.br\/canaldana\/?s={search_term_string}"},"query-input":{"@type":"PropertyValueSpecification","valueRequired":true,"valueName":"search_term_string"}}],"inLanguage":"pt-BR"},{"@type":"Person","@id":"https:\/\/dana.com.br\/canaldana\/#\/schema\/person\/3c21f22f56fcf3bc46b94bc60ea4fef6","name":"Canal Dana","image":{"@type":"ImageObject","inLanguage":"pt-BR","@id":"https:\/\/secure.gravatar.com\/avatar\/420aaf9278582877d9018637c6817617705899d2858d7572ef0fe59a6b6454b4?s=96&d=mm&r=g","url":"https:\/\/secure.gravatar.com\/avatar\/420aaf9278582877d9018637c6817617705899d2858d7572ef0fe59a6b6454b4?s=96&d=mm&r=g","contentUrl":"https:\/\/secure.gravatar.com\/avatar\/420aaf9278582877d9018637c6817617705899d2858d7572ef0fe59a6b6454b4?s=96&d=mm&r=g","caption":"Canal Dana"},"url":"https:\/\/dana.com.br\/canaldana\/author\/cdeditor\/"}]}},"_links":{"self":[{"href":"https:\/\/dana.com.br\/canaldana\/wp-json\/wp\/v2\/posts\/60111","targetHints":{"allow":["GET"]}}],"collection":[{"href":"https:\/\/dana.com.br\/canaldana\/wp-json\/wp\/v2\/posts"}],"about":[{"href":"https:\/\/dana.com.br\/canaldana\/wp-json\/wp\/v2\/types\/post"}],"author":[{"embeddable":true,"href":"https:\/\/dana.com.br\/canaldana\/wp-json\/wp\/v2\/users\/3"}],"replies":[{"embeddable":true,"href":"https:\/\/dana.com.br\/canaldana\/wp-json\/wp\/v2\/comments?post=60111"}],"version-history":[{"count":0,"href":"https:\/\/dana.com.br\/canaldana\/wp-json\/wp\/v2\/posts\/60111\/revisions"}],"wp:attachment":[{"href":"https:\/\/dana.com.br\/canaldana\/wp-json\/wp\/v2\/media?parent=60111"}],"wp:term":[{"taxonomy":"category","embeddable":true,"href":"https:\/\/dana.com.br\/canaldana\/wp-json\/wp\/v2\/categories?post=60111"},{"taxonomy":"post_tag","embeddable":true,"href":"https:\/\/dana.com.br\/canaldana\/wp-json\/wp\/v2\/tags?post=60111"}],"curies":[{"name":"wp","href":"https:\/\/api.w.org\/{rel}","templated":true}]}}