{"id":60109,"date":"2022-08-05T09:20:05","date_gmt":"2022-08-05T12:20:05","guid":{"rendered":"https:\/\/dana.com.br\/canaldana\/?p=60109"},"modified":"2022-08-05T09:20:05","modified_gmt":"2022-08-05T12:20:05","slug":"industria-cresce-em-faturamento-emprego-e-salario-diz-cni","status":"publish","type":"post","link":"https:\/\/dana.com.br\/canaldana\/2022\/08\/05\/industria-cresce-em-faturamento-emprego-e-salario-diz-cni\/","title":{"rendered":"Ind\u00fastria cresce em faturamento, emprego e sal\u00e1rio, diz CNI"},"content":{"rendered":"<p><em>Jornal Metr\u00f3poles<\/em><\/p>\n<p>&nbsp;<\/p>\n<p>A ind\u00fastria registrou alta no faturamento, no emprego, na massa salarial e no rendimento m\u00e9dio em junho. O panorama foi a divulgado nesta \u00faltima quarta-feira (3\/8) pela Confedera\u00e7\u00e3o Nacional da Ind\u00fastria (CNI), dentro da pesquisa Indicadores Industriais.<\/p>\n<p>&nbsp;<\/p>\n<p>Segundo a entidade, os dados refletem um ambiente econ\u00f4mico mais favor\u00e1vel para a ind\u00fastria de transforma\u00e7\u00e3o, que atingiu o ponto mais alto de 2022.<\/p>\n<p>&nbsp;<\/p>\n<p>De acordo com a pesquisa, a ind\u00fastria de transforma\u00e7\u00e3o ainda enfrenta gargalos que dificultam o aumento da produ\u00e7\u00e3o. Entretanto, na medida em que a atividade econ\u00f4mica se recupera, a ind\u00fastria tem obtido avan\u00e7os graduais.<\/p>\n<p>&nbsp;<\/p>\n<p>Os Indicadores Industriais apontam uma alta do faturamento real da ind\u00fastria de transforma\u00e7\u00e3o de 0,9% em junho, na compara\u00e7\u00e3o com maio. Este foi o segundo aumento consecutivo, levando o \u00edndice para o maior patamar do ano.<\/p>\n<p>&nbsp;<\/p>\n<p>Segundo os dados, o faturamento chegou ao mesmo n\u00edvel de um ano atr\u00e1s, ficando apenas 0,1% abaixo do \u00edndice de junho de 2021.<\/p>\n<p>&nbsp;<\/p>\n<p>O emprego industrial avan\u00e7ou 0,4% na compara\u00e7\u00e3o com maio, acumulando a segunda alta consecutiva depois de tr\u00eas meses de quedas moderadas. Em rela\u00e7\u00e3o a junho do ano passado, o crescimento \u00e9 de 2%.<\/p>\n<p>&nbsp;<\/p>\n<p><strong>Sal\u00e1rios<\/strong><\/p>\n<p>&nbsp;<\/p>\n<p>Outro dado positivo foi o aumento de 2,4% entre junho e maio da massa salarial da ind\u00fastria de transforma\u00e7\u00e3o, que chegou ao seu ponto mais elevado desde mar\u00e7o de 2020. Na compara\u00e7\u00e3o com junho do ano passado, a alta foi de 2,5%.<\/p>\n<p>&nbsp;<\/p>\n<p>Tamb\u00e9m houve alta, em junho de 2022, no rendimento m\u00e9dio real dos trabalhadores da ind\u00fastria \u2013 1,9% em rela\u00e7\u00e3o a maio. Com esse crescimento, o \u00edndice atingiu o n\u00edvel mais alto do ano, chegando pr\u00f3ximo ao patamar do primeiro semestre de 2021. Na compara\u00e7\u00e3o com junho do ano passado, o rendimento m\u00e9dio cresceu 0,5%.<\/p>\n<p>&nbsp;<\/p>\n<p>A pesquisa mostra ainda que as horas trabalhadas na produ\u00e7\u00e3o se mantiveram est\u00e1veis em junho ap\u00f3s o avan\u00e7o de maio. Com a estabilidade, o \u00edndice se mant\u00e9m em patamar pr\u00f3ximo ao do come\u00e7o de 2022 e acima do praticado em 2021. Na compara\u00e7\u00e3o com um ano atr\u00e1s, o crescimento foi de 3,8%.<\/p>\n<p>&nbsp;<\/p>\n<p>A Utiliza\u00e7\u00e3o da Capacidade Instalada (UCI), por sua vez, registrou queda em rela\u00e7\u00e3o a maio, embora permane\u00e7a em n\u00edvel elevado, de 80,4%. O recuo mensal foi de 0,3 ponto percentual. J\u00e1 na compara\u00e7\u00e3o entre junho de 2022 e o mesmo m\u00eas de 2021, o indicador caiu 1,5 ponto percentual. (Jornal Metr\u00f3poles\/Ot\u00e1vio Augusto)<\/p>\n","protected":false},"excerpt":{"rendered":"<p>Jornal Metr\u00f3poles &nbsp; A ind\u00fastria registrou alta no faturamento, no emprego, na massa salarial e no rendimento m\u00e9dio em junho. O panorama foi a divulgado nesta \u00faltima quarta-feira (3\/8) pela Confedera\u00e7\u00e3o Nacional da Ind\u00fastria (CNI), dentro da pesquisa Indicadores Industriais. &nbsp; Segundo a entidade, os dados refletem um ambiente econ\u00f4mico mais favor\u00e1vel para a ind\u00fastria\u2026 <a class=\"readmore\" href=\"https:\/\/dana.com.br\/canaldana\/2022\/08\/05\/industria-cresce-em-faturamento-emprego-e-salario-diz-cni\/\">Leia mais \u00bb<\/a><\/p>\n","protected":false},"author":3,"featured_media":0,"comment_status":"closed","ping_status":"closed","sticky":false,"template":"","format":"standard","meta":{"_acf_changed":false,"footnotes":""},"categories":[79],"tags":[],"class_list":["post-60109","post","type-post","status-publish","format-standard","hentry","category-mercado"],"acf":[],"yoast_head":"<!-- This site is optimized with the Yoast SEO plugin v27.3 - https:\/\/yoast.com\/product\/yoast-seo-wordpress\/ -->\n<title>Ind\u00fastria cresce em faturamento, emprego e sal\u00e1rio, diz CNI - Canal Dana<\/title>\n<meta name=\"robots\" content=\"index, follow, max-snippet:-1, max-image-preview:large, max-video-preview:-1\" \/>\n<link rel=\"canonical\" href=\"https:\/\/dana.com.br\/canaldana\/2022\/08\/05\/industria-cresce-em-faturamento-emprego-e-salario-diz-cni\/\" \/>\n<meta property=\"og:locale\" content=\"pt_BR\" \/>\n<meta property=\"og:type\" content=\"article\" \/>\n<meta property=\"og:title\" content=\"Ind\u00fastria cresce em faturamento, emprego e sal\u00e1rio, diz CNI - Canal Dana\" \/>\n<meta property=\"og:description\" content=\"Jornal Metr\u00f3poles &nbsp; A ind\u00fastria registrou alta no faturamento, no emprego, na massa salarial e no rendimento m\u00e9dio em junho. O panorama foi a divulgado nesta \u00faltima quarta-feira (3\/8) pela Confedera\u00e7\u00e3o Nacional da Ind\u00fastria (CNI), dentro da pesquisa Indicadores Industriais. &nbsp; Segundo a entidade, os dados refletem um ambiente econ\u00f4mico mais favor\u00e1vel para a ind\u00fastria\u2026 Leia mais \u00bb\" \/>\n<meta property=\"og:url\" content=\"https:\/\/dana.com.br\/canaldana\/2022\/08\/05\/industria-cresce-em-faturamento-emprego-e-salario-diz-cni\/\" \/>\n<meta property=\"og:site_name\" content=\"Canal Dana\" \/>\n<meta property=\"article:published_time\" content=\"2022-08-05T12:20:05+00:00\" \/>\n<meta name=\"author\" content=\"Canal Dana\" \/>\n<meta name=\"twitter:card\" content=\"summary_large_image\" \/>\n<meta name=\"twitter:label1\" content=\"Escrito por\" \/>\n\t<meta name=\"twitter:data1\" content=\"Canal Dana\" \/>\n\t<meta name=\"twitter:label2\" content=\"Est. tempo de leitura\" \/>\n\t<meta name=\"twitter:data2\" content=\"2 minutos\" \/>\n<script type=\"application\/ld+json\" class=\"yoast-schema-graph\">{\"@context\":\"https:\\\/\\\/schema.org\",\"@graph\":[{\"@type\":\"Article\",\"@id\":\"https:\\\/\\\/dana.com.br\\\/canaldana\\\/2022\\\/08\\\/05\\\/industria-cresce-em-faturamento-emprego-e-salario-diz-cni\\\/#article\",\"isPartOf\":{\"@id\":\"https:\\\/\\\/dana.com.br\\\/canaldana\\\/2022\\\/08\\\/05\\\/industria-cresce-em-faturamento-emprego-e-salario-diz-cni\\\/\"},\"author\":{\"name\":\"Canal Dana\",\"@id\":\"https:\\\/\\\/dana.com.br\\\/canaldana\\\/#\\\/schema\\\/person\\\/3c21f22f56fcf3bc46b94bc60ea4fef6\"},\"headline\":\"Ind\u00fastria cresce em faturamento, emprego e sal\u00e1rio, diz CNI\",\"datePublished\":\"2022-08-05T12:20:05+00:00\",\"mainEntityOfPage\":{\"@id\":\"https:\\\/\\\/dana.com.br\\\/canaldana\\\/2022\\\/08\\\/05\\\/industria-cresce-em-faturamento-emprego-e-salario-diz-cni\\\/\"},\"wordCount\":443,\"articleSection\":[\"Mercado\"],\"inLanguage\":\"pt-BR\"},{\"@type\":\"WebPage\",\"@id\":\"https:\\\/\\\/dana.com.br\\\/canaldana\\\/2022\\\/08\\\/05\\\/industria-cresce-em-faturamento-emprego-e-salario-diz-cni\\\/\",\"url\":\"https:\\\/\\\/dana.com.br\\\/canaldana\\\/2022\\\/08\\\/05\\\/industria-cresce-em-faturamento-emprego-e-salario-diz-cni\\\/\",\"name\":\"Ind\u00fastria cresce em faturamento, emprego e sal\u00e1rio, diz CNI - Canal Dana\",\"isPartOf\":{\"@id\":\"https:\\\/\\\/dana.com.br\\\/canaldana\\\/#website\"},\"datePublished\":\"2022-08-05T12:20:05+00:00\",\"author\":{\"@id\":\"https:\\\/\\\/dana.com.br\\\/canaldana\\\/#\\\/schema\\\/person\\\/3c21f22f56fcf3bc46b94bc60ea4fef6\"},\"breadcrumb\":{\"@id\":\"https:\\\/\\\/dana.com.br\\\/canaldana\\\/2022\\\/08\\\/05\\\/industria-cresce-em-faturamento-emprego-e-salario-diz-cni\\\/#breadcrumb\"},\"inLanguage\":\"pt-BR\",\"potentialAction\":[{\"@type\":\"ReadAction\",\"target\":[\"https:\\\/\\\/dana.com.br\\\/canaldana\\\/2022\\\/08\\\/05\\\/industria-cresce-em-faturamento-emprego-e-salario-diz-cni\\\/\"]}]},{\"@type\":\"BreadcrumbList\",\"@id\":\"https:\\\/\\\/dana.com.br\\\/canaldana\\\/2022\\\/08\\\/05\\\/industria-cresce-em-faturamento-emprego-e-salario-diz-cni\\\/#breadcrumb\",\"itemListElement\":[{\"@type\":\"ListItem\",\"position\":1,\"name\":\"Home\",\"item\":\"https:\\\/\\\/dana.com.br\\\/canaldana\\\/\"},{\"@type\":\"ListItem\",\"position\":2,\"name\":\"Mercado\",\"item\":\"https:\\\/\\\/dana.com.br\\\/canaldana\\\/mercado\\\/\"},{\"@type\":\"ListItem\",\"position\":3,\"name\":\"Ind\u00fastria cresce em faturamento, emprego e sal\u00e1rio, diz CNI\"}]},{\"@type\":\"WebSite\",\"@id\":\"https:\\\/\\\/dana.com.br\\\/canaldana\\\/#website\",\"url\":\"https:\\\/\\\/dana.com.br\\\/canaldana\\\/\",\"name\":\"Canal Dana\",\"description\":\"Informativo com as principais not\u00edcias da ind\u00fastria automotiva\",\"potentialAction\":[{\"@type\":\"SearchAction\",\"target\":{\"@type\":\"EntryPoint\",\"urlTemplate\":\"https:\\\/\\\/dana.com.br\\\/canaldana\\\/?s={search_term_string}\"},\"query-input\":{\"@type\":\"PropertyValueSpecification\",\"valueRequired\":true,\"valueName\":\"search_term_string\"}}],\"inLanguage\":\"pt-BR\"},{\"@type\":\"Person\",\"@id\":\"https:\\\/\\\/dana.com.br\\\/canaldana\\\/#\\\/schema\\\/person\\\/3c21f22f56fcf3bc46b94bc60ea4fef6\",\"name\":\"Canal Dana\",\"image\":{\"@type\":\"ImageObject\",\"inLanguage\":\"pt-BR\",\"@id\":\"https:\\\/\\\/secure.gravatar.com\\\/avatar\\\/420aaf9278582877d9018637c6817617705899d2858d7572ef0fe59a6b6454b4?s=96&d=mm&r=g\",\"url\":\"https:\\\/\\\/secure.gravatar.com\\\/avatar\\\/420aaf9278582877d9018637c6817617705899d2858d7572ef0fe59a6b6454b4?s=96&d=mm&r=g\",\"contentUrl\":\"https:\\\/\\\/secure.gravatar.com\\\/avatar\\\/420aaf9278582877d9018637c6817617705899d2858d7572ef0fe59a6b6454b4?s=96&d=mm&r=g\",\"caption\":\"Canal Dana\"},\"url\":\"https:\\\/\\\/dana.com.br\\\/canaldana\\\/author\\\/cdeditor\\\/\"}]}<\/script>\n<!-- \/ Yoast SEO plugin. -->","yoast_head_json":{"title":"Ind\u00fastria cresce em faturamento, emprego e sal\u00e1rio, diz CNI - Canal Dana","robots":{"index":"index","follow":"follow","max-snippet":"max-snippet:-1","max-image-preview":"max-image-preview:large","max-video-preview":"max-video-preview:-1"},"canonical":"https:\/\/dana.com.br\/canaldana\/2022\/08\/05\/industria-cresce-em-faturamento-emprego-e-salario-diz-cni\/","og_locale":"pt_BR","og_type":"article","og_title":"Ind\u00fastria cresce em faturamento, emprego e sal\u00e1rio, diz CNI - Canal Dana","og_description":"Jornal Metr\u00f3poles &nbsp; A ind\u00fastria registrou alta no faturamento, no emprego, na massa salarial e no rendimento m\u00e9dio em junho. O panorama foi a divulgado nesta \u00faltima quarta-feira (3\/8) pela Confedera\u00e7\u00e3o Nacional da Ind\u00fastria (CNI), dentro da pesquisa Indicadores Industriais. &nbsp; Segundo a entidade, os dados refletem um ambiente econ\u00f4mico mais favor\u00e1vel para a ind\u00fastria\u2026 Leia mais \u00bb","og_url":"https:\/\/dana.com.br\/canaldana\/2022\/08\/05\/industria-cresce-em-faturamento-emprego-e-salario-diz-cni\/","og_site_name":"Canal Dana","article_published_time":"2022-08-05T12:20:05+00:00","author":"Canal Dana","twitter_card":"summary_large_image","twitter_misc":{"Escrito por":"Canal Dana","Est. tempo de leitura":"2 minutos"},"schema":{"@context":"https:\/\/schema.org","@graph":[{"@type":"Article","@id":"https:\/\/dana.com.br\/canaldana\/2022\/08\/05\/industria-cresce-em-faturamento-emprego-e-salario-diz-cni\/#article","isPartOf":{"@id":"https:\/\/dana.com.br\/canaldana\/2022\/08\/05\/industria-cresce-em-faturamento-emprego-e-salario-diz-cni\/"},"author":{"name":"Canal Dana","@id":"https:\/\/dana.com.br\/canaldana\/#\/schema\/person\/3c21f22f56fcf3bc46b94bc60ea4fef6"},"headline":"Ind\u00fastria cresce em faturamento, emprego e sal\u00e1rio, diz CNI","datePublished":"2022-08-05T12:20:05+00:00","mainEntityOfPage":{"@id":"https:\/\/dana.com.br\/canaldana\/2022\/08\/05\/industria-cresce-em-faturamento-emprego-e-salario-diz-cni\/"},"wordCount":443,"articleSection":["Mercado"],"inLanguage":"pt-BR"},{"@type":"WebPage","@id":"https:\/\/dana.com.br\/canaldana\/2022\/08\/05\/industria-cresce-em-faturamento-emprego-e-salario-diz-cni\/","url":"https:\/\/dana.com.br\/canaldana\/2022\/08\/05\/industria-cresce-em-faturamento-emprego-e-salario-diz-cni\/","name":"Ind\u00fastria cresce em faturamento, emprego e sal\u00e1rio, diz CNI - Canal Dana","isPartOf":{"@id":"https:\/\/dana.com.br\/canaldana\/#website"},"datePublished":"2022-08-05T12:20:05+00:00","author":{"@id":"https:\/\/dana.com.br\/canaldana\/#\/schema\/person\/3c21f22f56fcf3bc46b94bc60ea4fef6"},"breadcrumb":{"@id":"https:\/\/dana.com.br\/canaldana\/2022\/08\/05\/industria-cresce-em-faturamento-emprego-e-salario-diz-cni\/#breadcrumb"},"inLanguage":"pt-BR","potentialAction":[{"@type":"ReadAction","target":["https:\/\/dana.com.br\/canaldana\/2022\/08\/05\/industria-cresce-em-faturamento-emprego-e-salario-diz-cni\/"]}]},{"@type":"BreadcrumbList","@id":"https:\/\/dana.com.br\/canaldana\/2022\/08\/05\/industria-cresce-em-faturamento-emprego-e-salario-diz-cni\/#breadcrumb","itemListElement":[{"@type":"ListItem","position":1,"name":"Home","item":"https:\/\/dana.com.br\/canaldana\/"},{"@type":"ListItem","position":2,"name":"Mercado","item":"https:\/\/dana.com.br\/canaldana\/mercado\/"},{"@type":"ListItem","position":3,"name":"Ind\u00fastria cresce em faturamento, emprego e sal\u00e1rio, diz CNI"}]},{"@type":"WebSite","@id":"https:\/\/dana.com.br\/canaldana\/#website","url":"https:\/\/dana.com.br\/canaldana\/","name":"Canal Dana","description":"Informativo com as principais not\u00edcias da ind\u00fastria automotiva","potentialAction":[{"@type":"SearchAction","target":{"@type":"EntryPoint","urlTemplate":"https:\/\/dana.com.br\/canaldana\/?s={search_term_string}"},"query-input":{"@type":"PropertyValueSpecification","valueRequired":true,"valueName":"search_term_string"}}],"inLanguage":"pt-BR"},{"@type":"Person","@id":"https:\/\/dana.com.br\/canaldana\/#\/schema\/person\/3c21f22f56fcf3bc46b94bc60ea4fef6","name":"Canal Dana","image":{"@type":"ImageObject","inLanguage":"pt-BR","@id":"https:\/\/secure.gravatar.com\/avatar\/420aaf9278582877d9018637c6817617705899d2858d7572ef0fe59a6b6454b4?s=96&d=mm&r=g","url":"https:\/\/secure.gravatar.com\/avatar\/420aaf9278582877d9018637c6817617705899d2858d7572ef0fe59a6b6454b4?s=96&d=mm&r=g","contentUrl":"https:\/\/secure.gravatar.com\/avatar\/420aaf9278582877d9018637c6817617705899d2858d7572ef0fe59a6b6454b4?s=96&d=mm&r=g","caption":"Canal Dana"},"url":"https:\/\/dana.com.br\/canaldana\/author\/cdeditor\/"}]}},"_links":{"self":[{"href":"https:\/\/dana.com.br\/canaldana\/wp-json\/wp\/v2\/posts\/60109","targetHints":{"allow":["GET"]}}],"collection":[{"href":"https:\/\/dana.com.br\/canaldana\/wp-json\/wp\/v2\/posts"}],"about":[{"href":"https:\/\/dana.com.br\/canaldana\/wp-json\/wp\/v2\/types\/post"}],"author":[{"embeddable":true,"href":"https:\/\/dana.com.br\/canaldana\/wp-json\/wp\/v2\/users\/3"}],"replies":[{"embeddable":true,"href":"https:\/\/dana.com.br\/canaldana\/wp-json\/wp\/v2\/comments?post=60109"}],"version-history":[{"count":0,"href":"https:\/\/dana.com.br\/canaldana\/wp-json\/wp\/v2\/posts\/60109\/revisions"}],"wp:attachment":[{"href":"https:\/\/dana.com.br\/canaldana\/wp-json\/wp\/v2\/media?parent=60109"}],"wp:term":[{"taxonomy":"category","embeddable":true,"href":"https:\/\/dana.com.br\/canaldana\/wp-json\/wp\/v2\/categories?post=60109"},{"taxonomy":"post_tag","embeddable":true,"href":"https:\/\/dana.com.br\/canaldana\/wp-json\/wp\/v2\/tags?post=60109"}],"curies":[{"name":"wp","href":"https:\/\/api.w.org\/{rel}","templated":true}]}}