{"id":60095,"date":"2022-08-05T09:15:32","date_gmt":"2022-08-05T12:15:32","guid":{"rendered":"https:\/\/dana.com.br\/canaldana\/?p=60095"},"modified":"2022-08-05T09:15:32","modified_gmt":"2022-08-05T12:15:32","slug":"paccar-parts-lanca-promocao-para-novo-daf-xf-blue","status":"publish","type":"post","link":"https:\/\/dana.com.br\/canaldana\/2022\/08\/05\/paccar-parts-lanca-promocao-para-novo-daf-xf-blue\/","title":{"rendered":"Paccar Parts lan\u00e7a promo\u00e7\u00e3o para novo DAF XF Blue"},"content":{"rendered":"<p><em>Motor Action Brasil<\/em><\/p>\n<p>&nbsp;<\/p>\n<p>A PACCAR Parts lan\u00e7a valor promocional para o Kit Instalado \u201cRevis\u00e3o Y\u201d, exclusivo para o Novo DAF XF Blue. A iniciativa, que \u00e9 nacional e est\u00e1 dispon\u00edvel em toda a rede de concession\u00e1rias DAF, oferece pe\u00e7as e m\u00e3o de obra especializadas para as revis\u00f5es 2022 do caminh\u00e3o, por pre\u00e7os promocionais.<\/p>\n<p>&nbsp;<\/p>\n<p>O servi\u00e7o de revis\u00e3o \u00e9 permanente na rede DAF, mas o valor promocional vai at\u00e9 setembro 2022. Os clientes podem contar com duas op\u00e7\u00f5es: \u201cRevis\u00e3o Y \u2013 Anual\u201d ou \u201cRevis\u00e3o Y \u2013 Adicional\u201d. A vers\u00e3o anual, que tem o valor de R$ 3.990, disponibiliza a troca dos filtros de ar da cabine, do l\u00edquido de arrefecimento, do respirador de c\u00e1rter, de ar, do Ad-Blue, do secador de ar, al\u00e9m da m\u00e3o de obra especializada.<\/p>\n<p>&nbsp;<\/p>\n<p>J\u00e1 a \u201cRevis\u00e3o Y \u2013 Adicional\u201d, no valor de R$ 3.190, conta com os seguintes servi\u00e7os: substitui\u00e7\u00e3o do filtro da caixa de dire\u00e7\u00e3o, da graxa do cubo do eixo dianteiro, do anel de reten\u00e7\u00e3o, da substitui\u00e7\u00e3o do filtro de recircula\u00e7\u00e3o da cabine (interno), da troca da correia poly-V e do pr\u00e9-filtro do Ad-Blue e da m\u00e3o de obra.<\/p>\n<p>&nbsp;<\/p>\n<p>\u201cEstamos oferecendo esse Kit Revis\u00e3o Y como forma de proporcionar maior economia e seguran\u00e7a para os propriet\u00e1rios do Novo DAF XF. Al\u00e9m de incentivarmos a revis\u00e3o em nossa Rede de Concession\u00e1rias, estamos entregando a excel\u00eancia do nosso trabalho. A proposta \u00e9 garantir que o ve\u00edculo siga rodando com o alto n\u00edvel de efici\u00eancia que os modelos DAF oferecem\u201d, afirma Antenor Frasson Jr, Diretor Geral da PACCAR Parts.<\/p>\n<p>&nbsp;<\/p>\n<p>Dentre as revis\u00f5es permanentes do ve\u00edculo XF, a PACCAR Parts disponibiliza tamb\u00e9m a \u201cRevis\u00e3o X\u201d, que possibilita ao cliente um controle do custo operacional do seu caminh\u00e3o. Essa op\u00e7\u00e3o tamb\u00e9m est\u00e1 com condi\u00e7\u00e3o especial dispon\u00edvel, a promo\u00e7\u00e3o foi prorrogada at\u00e9 31 de setembro, com o valor de R$ 3.325.<\/p>\n<p>&nbsp;<\/p>\n<p>Nas revis\u00f5es s\u00e3o realizadas trocas de componentes que sofreram desgastes ou que est\u00e3o com validade em vencimento. Al\u00e9m da promo\u00e7\u00e3o, os concession\u00e1rios tamb\u00e9m oferecem checklist gratuito em mais de 70 itens, possibilitando ao cliente o reparo ou troca de algum componente desgastado. O programa garante que os servi\u00e7os com o caminh\u00e3o DAF XF Blue sejam realizados com pe\u00e7as genu\u00ednas DAF. (Motor Action Brasil)<\/p>\n","protected":false},"excerpt":{"rendered":"<p>Motor Action Brasil &nbsp; A PACCAR Parts lan\u00e7a valor promocional para o Kit Instalado \u201cRevis\u00e3o Y\u201d, exclusivo para o Novo DAF XF Blue. A iniciativa, que \u00e9 nacional e est\u00e1 dispon\u00edvel em toda a rede de concession\u00e1rias DAF, oferece pe\u00e7as e m\u00e3o de obra especializadas para as revis\u00f5es 2022 do caminh\u00e3o, por pre\u00e7os promocionais. &nbsp;\u2026 <a class=\"readmore\" href=\"https:\/\/dana.com.br\/canaldana\/2022\/08\/05\/paccar-parts-lanca-promocao-para-novo-daf-xf-blue\/\">Leia mais \u00bb<\/a><\/p>\n","protected":false},"author":3,"featured_media":0,"comment_status":"closed","ping_status":"closed","sticky":false,"template":"","format":"standard","meta":{"_acf_changed":false,"footnotes":""},"categories":[79],"tags":[],"class_list":["post-60095","post","type-post","status-publish","format-standard","hentry","category-mercado"],"acf":[],"yoast_head":"<!-- This site is optimized with the Yoast SEO plugin v27.3 - https:\/\/yoast.com\/product\/yoast-seo-wordpress\/ -->\n<title>Paccar Parts lan\u00e7a promo\u00e7\u00e3o para novo DAF XF Blue - Canal Dana<\/title>\n<meta name=\"robots\" content=\"index, follow, max-snippet:-1, max-image-preview:large, max-video-preview:-1\" \/>\n<link rel=\"canonical\" href=\"https:\/\/dana.com.br\/canaldana\/2022\/08\/05\/paccar-parts-lanca-promocao-para-novo-daf-xf-blue\/\" \/>\n<meta property=\"og:locale\" content=\"pt_BR\" \/>\n<meta property=\"og:type\" content=\"article\" \/>\n<meta property=\"og:title\" content=\"Paccar Parts lan\u00e7a promo\u00e7\u00e3o para novo DAF XF Blue - Canal Dana\" \/>\n<meta property=\"og:description\" content=\"Motor Action Brasil &nbsp; A PACCAR Parts lan\u00e7a valor promocional para o Kit Instalado \u201cRevis\u00e3o Y\u201d, exclusivo para o Novo DAF XF Blue. A iniciativa, que \u00e9 nacional e est\u00e1 dispon\u00edvel em toda a rede de concession\u00e1rias DAF, oferece pe\u00e7as e m\u00e3o de obra especializadas para as revis\u00f5es 2022 do caminh\u00e3o, por pre\u00e7os promocionais. &nbsp;\u2026 Leia mais \u00bb\" \/>\n<meta property=\"og:url\" content=\"https:\/\/dana.com.br\/canaldana\/2022\/08\/05\/paccar-parts-lanca-promocao-para-novo-daf-xf-blue\/\" \/>\n<meta property=\"og:site_name\" content=\"Canal Dana\" \/>\n<meta property=\"article:published_time\" content=\"2022-08-05T12:15:32+00:00\" \/>\n<meta name=\"author\" content=\"Canal Dana\" \/>\n<meta name=\"twitter:card\" content=\"summary_large_image\" \/>\n<meta name=\"twitter:label1\" content=\"Escrito por\" \/>\n\t<meta name=\"twitter:data1\" content=\"Canal Dana\" \/>\n\t<meta name=\"twitter:label2\" content=\"Est. tempo de leitura\" \/>\n\t<meta name=\"twitter:data2\" content=\"2 minutos\" \/>\n<script type=\"application\/ld+json\" class=\"yoast-schema-graph\">{\"@context\":\"https:\\\/\\\/schema.org\",\"@graph\":[{\"@type\":\"Article\",\"@id\":\"https:\\\/\\\/dana.com.br\\\/canaldana\\\/2022\\\/08\\\/05\\\/paccar-parts-lanca-promocao-para-novo-daf-xf-blue\\\/#article\",\"isPartOf\":{\"@id\":\"https:\\\/\\\/dana.com.br\\\/canaldana\\\/2022\\\/08\\\/05\\\/paccar-parts-lanca-promocao-para-novo-daf-xf-blue\\\/\"},\"author\":{\"name\":\"Canal Dana\",\"@id\":\"https:\\\/\\\/dana.com.br\\\/canaldana\\\/#\\\/schema\\\/person\\\/3c21f22f56fcf3bc46b94bc60ea4fef6\"},\"headline\":\"Paccar Parts lan\u00e7a promo\u00e7\u00e3o para novo DAF XF Blue\",\"datePublished\":\"2022-08-05T12:15:32+00:00\",\"mainEntityOfPage\":{\"@id\":\"https:\\\/\\\/dana.com.br\\\/canaldana\\\/2022\\\/08\\\/05\\\/paccar-parts-lanca-promocao-para-novo-daf-xf-blue\\\/\"},\"wordCount\":427,\"articleSection\":[\"Mercado\"],\"inLanguage\":\"pt-BR\"},{\"@type\":\"WebPage\",\"@id\":\"https:\\\/\\\/dana.com.br\\\/canaldana\\\/2022\\\/08\\\/05\\\/paccar-parts-lanca-promocao-para-novo-daf-xf-blue\\\/\",\"url\":\"https:\\\/\\\/dana.com.br\\\/canaldana\\\/2022\\\/08\\\/05\\\/paccar-parts-lanca-promocao-para-novo-daf-xf-blue\\\/\",\"name\":\"Paccar Parts lan\u00e7a promo\u00e7\u00e3o para novo DAF XF Blue - Canal Dana\",\"isPartOf\":{\"@id\":\"https:\\\/\\\/dana.com.br\\\/canaldana\\\/#website\"},\"datePublished\":\"2022-08-05T12:15:32+00:00\",\"author\":{\"@id\":\"https:\\\/\\\/dana.com.br\\\/canaldana\\\/#\\\/schema\\\/person\\\/3c21f22f56fcf3bc46b94bc60ea4fef6\"},\"breadcrumb\":{\"@id\":\"https:\\\/\\\/dana.com.br\\\/canaldana\\\/2022\\\/08\\\/05\\\/paccar-parts-lanca-promocao-para-novo-daf-xf-blue\\\/#breadcrumb\"},\"inLanguage\":\"pt-BR\",\"potentialAction\":[{\"@type\":\"ReadAction\",\"target\":[\"https:\\\/\\\/dana.com.br\\\/canaldana\\\/2022\\\/08\\\/05\\\/paccar-parts-lanca-promocao-para-novo-daf-xf-blue\\\/\"]}]},{\"@type\":\"BreadcrumbList\",\"@id\":\"https:\\\/\\\/dana.com.br\\\/canaldana\\\/2022\\\/08\\\/05\\\/paccar-parts-lanca-promocao-para-novo-daf-xf-blue\\\/#breadcrumb\",\"itemListElement\":[{\"@type\":\"ListItem\",\"position\":1,\"name\":\"Home\",\"item\":\"https:\\\/\\\/dana.com.br\\\/canaldana\\\/\"},{\"@type\":\"ListItem\",\"position\":2,\"name\":\"Mercado\",\"item\":\"https:\\\/\\\/dana.com.br\\\/canaldana\\\/mercado\\\/\"},{\"@type\":\"ListItem\",\"position\":3,\"name\":\"Paccar Parts lan\u00e7a promo\u00e7\u00e3o para novo DAF XF Blue\"}]},{\"@type\":\"WebSite\",\"@id\":\"https:\\\/\\\/dana.com.br\\\/canaldana\\\/#website\",\"url\":\"https:\\\/\\\/dana.com.br\\\/canaldana\\\/\",\"name\":\"Canal Dana\",\"description\":\"Informativo com as principais not\u00edcias da ind\u00fastria automotiva\",\"potentialAction\":[{\"@type\":\"SearchAction\",\"target\":{\"@type\":\"EntryPoint\",\"urlTemplate\":\"https:\\\/\\\/dana.com.br\\\/canaldana\\\/?s={search_term_string}\"},\"query-input\":{\"@type\":\"PropertyValueSpecification\",\"valueRequired\":true,\"valueName\":\"search_term_string\"}}],\"inLanguage\":\"pt-BR\"},{\"@type\":\"Person\",\"@id\":\"https:\\\/\\\/dana.com.br\\\/canaldana\\\/#\\\/schema\\\/person\\\/3c21f22f56fcf3bc46b94bc60ea4fef6\",\"name\":\"Canal Dana\",\"image\":{\"@type\":\"ImageObject\",\"inLanguage\":\"pt-BR\",\"@id\":\"https:\\\/\\\/secure.gravatar.com\\\/avatar\\\/420aaf9278582877d9018637c6817617705899d2858d7572ef0fe59a6b6454b4?s=96&d=mm&r=g\",\"url\":\"https:\\\/\\\/secure.gravatar.com\\\/avatar\\\/420aaf9278582877d9018637c6817617705899d2858d7572ef0fe59a6b6454b4?s=96&d=mm&r=g\",\"contentUrl\":\"https:\\\/\\\/secure.gravatar.com\\\/avatar\\\/420aaf9278582877d9018637c6817617705899d2858d7572ef0fe59a6b6454b4?s=96&d=mm&r=g\",\"caption\":\"Canal Dana\"},\"url\":\"https:\\\/\\\/dana.com.br\\\/canaldana\\\/author\\\/cdeditor\\\/\"}]}<\/script>\n<!-- \/ Yoast SEO plugin. -->","yoast_head_json":{"title":"Paccar Parts lan\u00e7a promo\u00e7\u00e3o para novo DAF XF Blue - Canal Dana","robots":{"index":"index","follow":"follow","max-snippet":"max-snippet:-1","max-image-preview":"max-image-preview:large","max-video-preview":"max-video-preview:-1"},"canonical":"https:\/\/dana.com.br\/canaldana\/2022\/08\/05\/paccar-parts-lanca-promocao-para-novo-daf-xf-blue\/","og_locale":"pt_BR","og_type":"article","og_title":"Paccar Parts lan\u00e7a promo\u00e7\u00e3o para novo DAF XF Blue - Canal Dana","og_description":"Motor Action Brasil &nbsp; A PACCAR Parts lan\u00e7a valor promocional para o Kit Instalado \u201cRevis\u00e3o Y\u201d, exclusivo para o Novo DAF XF Blue. A iniciativa, que \u00e9 nacional e est\u00e1 dispon\u00edvel em toda a rede de concession\u00e1rias DAF, oferece pe\u00e7as e m\u00e3o de obra especializadas para as revis\u00f5es 2022 do caminh\u00e3o, por pre\u00e7os promocionais. &nbsp;\u2026 Leia mais \u00bb","og_url":"https:\/\/dana.com.br\/canaldana\/2022\/08\/05\/paccar-parts-lanca-promocao-para-novo-daf-xf-blue\/","og_site_name":"Canal Dana","article_published_time":"2022-08-05T12:15:32+00:00","author":"Canal Dana","twitter_card":"summary_large_image","twitter_misc":{"Escrito por":"Canal Dana","Est. tempo de leitura":"2 minutos"},"schema":{"@context":"https:\/\/schema.org","@graph":[{"@type":"Article","@id":"https:\/\/dana.com.br\/canaldana\/2022\/08\/05\/paccar-parts-lanca-promocao-para-novo-daf-xf-blue\/#article","isPartOf":{"@id":"https:\/\/dana.com.br\/canaldana\/2022\/08\/05\/paccar-parts-lanca-promocao-para-novo-daf-xf-blue\/"},"author":{"name":"Canal Dana","@id":"https:\/\/dana.com.br\/canaldana\/#\/schema\/person\/3c21f22f56fcf3bc46b94bc60ea4fef6"},"headline":"Paccar Parts lan\u00e7a promo\u00e7\u00e3o para novo DAF XF Blue","datePublished":"2022-08-05T12:15:32+00:00","mainEntityOfPage":{"@id":"https:\/\/dana.com.br\/canaldana\/2022\/08\/05\/paccar-parts-lanca-promocao-para-novo-daf-xf-blue\/"},"wordCount":427,"articleSection":["Mercado"],"inLanguage":"pt-BR"},{"@type":"WebPage","@id":"https:\/\/dana.com.br\/canaldana\/2022\/08\/05\/paccar-parts-lanca-promocao-para-novo-daf-xf-blue\/","url":"https:\/\/dana.com.br\/canaldana\/2022\/08\/05\/paccar-parts-lanca-promocao-para-novo-daf-xf-blue\/","name":"Paccar Parts lan\u00e7a promo\u00e7\u00e3o para novo DAF XF Blue - Canal Dana","isPartOf":{"@id":"https:\/\/dana.com.br\/canaldana\/#website"},"datePublished":"2022-08-05T12:15:32+00:00","author":{"@id":"https:\/\/dana.com.br\/canaldana\/#\/schema\/person\/3c21f22f56fcf3bc46b94bc60ea4fef6"},"breadcrumb":{"@id":"https:\/\/dana.com.br\/canaldana\/2022\/08\/05\/paccar-parts-lanca-promocao-para-novo-daf-xf-blue\/#breadcrumb"},"inLanguage":"pt-BR","potentialAction":[{"@type":"ReadAction","target":["https:\/\/dana.com.br\/canaldana\/2022\/08\/05\/paccar-parts-lanca-promocao-para-novo-daf-xf-blue\/"]}]},{"@type":"BreadcrumbList","@id":"https:\/\/dana.com.br\/canaldana\/2022\/08\/05\/paccar-parts-lanca-promocao-para-novo-daf-xf-blue\/#breadcrumb","itemListElement":[{"@type":"ListItem","position":1,"name":"Home","item":"https:\/\/dana.com.br\/canaldana\/"},{"@type":"ListItem","position":2,"name":"Mercado","item":"https:\/\/dana.com.br\/canaldana\/mercado\/"},{"@type":"ListItem","position":3,"name":"Paccar Parts lan\u00e7a promo\u00e7\u00e3o para novo DAF XF Blue"}]},{"@type":"WebSite","@id":"https:\/\/dana.com.br\/canaldana\/#website","url":"https:\/\/dana.com.br\/canaldana\/","name":"Canal Dana","description":"Informativo com as principais not\u00edcias da ind\u00fastria automotiva","potentialAction":[{"@type":"SearchAction","target":{"@type":"EntryPoint","urlTemplate":"https:\/\/dana.com.br\/canaldana\/?s={search_term_string}"},"query-input":{"@type":"PropertyValueSpecification","valueRequired":true,"valueName":"search_term_string"}}],"inLanguage":"pt-BR"},{"@type":"Person","@id":"https:\/\/dana.com.br\/canaldana\/#\/schema\/person\/3c21f22f56fcf3bc46b94bc60ea4fef6","name":"Canal Dana","image":{"@type":"ImageObject","inLanguage":"pt-BR","@id":"https:\/\/secure.gravatar.com\/avatar\/420aaf9278582877d9018637c6817617705899d2858d7572ef0fe59a6b6454b4?s=96&d=mm&r=g","url":"https:\/\/secure.gravatar.com\/avatar\/420aaf9278582877d9018637c6817617705899d2858d7572ef0fe59a6b6454b4?s=96&d=mm&r=g","contentUrl":"https:\/\/secure.gravatar.com\/avatar\/420aaf9278582877d9018637c6817617705899d2858d7572ef0fe59a6b6454b4?s=96&d=mm&r=g","caption":"Canal Dana"},"url":"https:\/\/dana.com.br\/canaldana\/author\/cdeditor\/"}]}},"_links":{"self":[{"href":"https:\/\/dana.com.br\/canaldana\/wp-json\/wp\/v2\/posts\/60095","targetHints":{"allow":["GET"]}}],"collection":[{"href":"https:\/\/dana.com.br\/canaldana\/wp-json\/wp\/v2\/posts"}],"about":[{"href":"https:\/\/dana.com.br\/canaldana\/wp-json\/wp\/v2\/types\/post"}],"author":[{"embeddable":true,"href":"https:\/\/dana.com.br\/canaldana\/wp-json\/wp\/v2\/users\/3"}],"replies":[{"embeddable":true,"href":"https:\/\/dana.com.br\/canaldana\/wp-json\/wp\/v2\/comments?post=60095"}],"version-history":[{"count":0,"href":"https:\/\/dana.com.br\/canaldana\/wp-json\/wp\/v2\/posts\/60095\/revisions"}],"wp:attachment":[{"href":"https:\/\/dana.com.br\/canaldana\/wp-json\/wp\/v2\/media?parent=60095"}],"wp:term":[{"taxonomy":"category","embeddable":true,"href":"https:\/\/dana.com.br\/canaldana\/wp-json\/wp\/v2\/categories?post=60095"},{"taxonomy":"post_tag","embeddable":true,"href":"https:\/\/dana.com.br\/canaldana\/wp-json\/wp\/v2\/tags?post=60095"}],"curies":[{"name":"wp","href":"https:\/\/api.w.org\/{rel}","templated":true}]}}