{"id":60068,"date":"2022-08-04T09:22:23","date_gmt":"2022-08-04T12:22:23","guid":{"rendered":"https:\/\/dana.com.br\/canaldana\/?p=60068"},"modified":"2022-08-04T09:22:23","modified_gmt":"2022-08-04T12:22:23","slug":"com-121-volkswagen-tem-menor-participacao-desde-2017","status":"publish","type":"post","link":"https:\/\/dana.com.br\/canaldana\/2022\/08\/04\/com-121-volkswagen-tem-menor-participacao-desde-2017\/","title":{"rendered":"Com 12,1%, Volkswagen tem menor participa\u00e7\u00e3o desde 2017"},"content":{"rendered":"<p><em>AutoInd\u00fastria<\/em><\/p>\n<p>&nbsp;<\/p>\n<p>Com 12,1% de participa\u00e7\u00e3o e 123,6 mil autom\u00f3veis e comercias leves negociados, a Volkswagen come\u00e7a a ver amea\u00e7ada sua terceira coloca\u00e7\u00e3o no mercado brasileiro. Passados os sete primeiros meses de 2022, a vantagem para a atual quarta colocada Toyota (107,6 mil) \u00e9 de apenas 1,6 ponto porcentual e de 1,8 ponto para\u00a0 a quinta, a Hyundai, que alcan\u00e7ou 104,7 mil licenciamentos.<\/p>\n<p>&nbsp;<\/p>\n<p>A atual participa\u00e7\u00e3o \u00e9 a menor da marca alem\u00e3 desde 2017, quando encerrou o ano com 12,3% das vendas, tamb\u00e9m na terceira posi\u00e7\u00e3o no ranking. Em 2018, j\u00e1 com a nova gera\u00e7\u00e3o do Polo, apresentada em 2017, e a chegada do Virtus, a montadora recuperou a segunda posi\u00e7\u00e3o ao deter 14,9% dos licenciamentos.<\/p>\n<p>&nbsp;<\/p>\n<p>Esse \u00edndice foi superado em 2019 (15,6%) e em 2020 a VW atingiu sua maior participa\u00e7\u00e3o depois do j\u00e1 distante 2014: 16,8%. Desde o ano passado, por\u00e9m, apesar da sequ\u00eancia de lan\u00e7amentos importantes como T-Cross (2019), Nivus (2020) e Taos (2021), todos no maior segmento do mercado, o de SUVs, a Volkswagen viu sua fatia recuar para 15,3% e agora transitar na faixa dos 12 pontos.<\/p>\n<p>&nbsp;<\/p>\n<p>A Volkswagen foi a marca de maior queda nas vendas entre as empresas l\u00edderes. Enquanto o mercado encolheu 12,7% no acumulado de janeiro a julho, a primeira colocada Fiat viu suas vendas recuarem 16,7%, GM e Toyota cresceram 7,5% e quase 10%, nesta ordem, e a Volkswagen registrou um tombo de 32,5%.<\/p>\n<p>&nbsp;<\/p>\n<p>O decl\u00ednio mais acentuado em 2022 deve ser creditado, em boa medida, \u00e0s paralisa\u00e7\u00f5es nas linhas de montagem de suas f\u00e1bricas no primeiro semestre, mas cabe tamb\u00e9m a observa\u00e7\u00e3o sobre o portf\u00f3lio de produtos, recheado de modelos em fim de vida, outros em vias de atualiza\u00e7\u00e3o e alguns com desempenho comercial sofr\u00edvel.<\/p>\n<p>&nbsp;<\/p>\n<p>Gol e Voyage sabidamente, cumprem seus \u00faltimos meses no mercado. O veterano hatch, apesar disso, teve desempenho excepcional no \u00faltimo trimestre &#8211; foi o ve\u00edculo mais vendido em julho -, mas muito em fun\u00e7\u00e3o de entregas postergadas pela falta de produ\u00e7\u00e3o no come\u00e7o do ano e direcionadas a empresas, tanto que 80% foram via vendas diretas.<\/p>\n<p>&nbsp;<\/p>\n<p>No segundo grupo est\u00e3o Polo e Virtus, que em breve passar\u00e3o por reformula\u00e7\u00e3o est\u00e9tica e ganhar\u00e3o tamb\u00e9m melhorias mec\u00e2nicas. Os modelos, de fato, carecem de f\u00f4lego novo, est\u00e3o mais que \u201ccansados\u201d, como comprovam os n\u00fameros de vendas de ambos. De janeiro a julho, foram registrados menos de 3,2 mil licenciamentos do Virtus e, pior ainda, 2,2 mil do Polo, que aparece somente na oitava posi\u00e7\u00e3o entre os hatches pequenos mais vendidos.<\/p>\n<p>&nbsp;<\/p>\n<p>Caso que merece maior aten\u00e7\u00e3o \u00e9 do argentino Taos, principal lan\u00e7amento da Volkswagen aqui em 2021 e que, nunca escondeu a empresa, tinha a miss\u00e3o de brigar de forma destacada entre os SUVs m\u00e9dios. Na pr\u00e1tica, por\u00e9m, o modelo n\u00e3o \u201cdecolou\u201d.<\/p>\n<p>&nbsp;<\/p>\n<p>No acumulado de sete meses, somente 5 mil unidades foram licenciadas, enquanto o Jeep Compass e o Toyota Corolla Cross acumularam 35,4 mil e 25,9 mil unidades emplacamentos, respectivamente.<\/p>\n<p>&nbsp;<\/p>\n<p>Al\u00e9m de os principais concorrentes venderem sete e cinco vezes mais, com esse desempenho o Taos aparece somente como o 17\u00ba utilit\u00e1rio esportivo mais vendido no Pa\u00eds, atr\u00e1s de tr\u00eas SUVs da Caoa Chery, novata marca com uma rede de revendas bem menor, e de modelos bem mais caros e de maior porte, como o Jeep Commander e Toyota SW4.<\/p>\n<p>&nbsp;<\/p>\n<p>Com as 7,7 mil unidades vendidas de junho a dezembro do ano passado, menos de 13 mil licenciamentos couberam ao Taos em 13 meses de mercado brasileiro.\u00a0 Vale mais um vez citar o Corolla Cross, que foi lan\u00e7ado um m\u00eas do Volkswagen e que tem mais de 60 mil unidades em circula\u00e7\u00e3o pelas ruas brasileiras. (AutoInd\u00fastria\/George Guimar\u00e3es)<\/p>\n","protected":false},"excerpt":{"rendered":"<p>AutoInd\u00fastria &nbsp; Com 12,1% de participa\u00e7\u00e3o e 123,6 mil autom\u00f3veis e comercias leves negociados, a Volkswagen come\u00e7a a ver amea\u00e7ada sua terceira coloca\u00e7\u00e3o no mercado brasileiro. Passados os sete primeiros meses de 2022, a vantagem para a atual quarta colocada Toyota (107,6 mil) \u00e9 de apenas 1,6 ponto porcentual e de 1,8 ponto para\u00a0 a\u2026 <a class=\"readmore\" href=\"https:\/\/dana.com.br\/canaldana\/2022\/08\/04\/com-121-volkswagen-tem-menor-participacao-desde-2017\/\">Leia mais \u00bb<\/a><\/p>\n","protected":false},"author":3,"featured_media":0,"comment_status":"closed","ping_status":"closed","sticky":false,"template":"","format":"standard","meta":{"_acf_changed":false,"footnotes":""},"categories":[79],"tags":[],"class_list":["post-60068","post","type-post","status-publish","format-standard","hentry","category-mercado"],"acf":[],"yoast_head":"<!-- This site is optimized with the Yoast SEO plugin v27.3 - https:\/\/yoast.com\/product\/yoast-seo-wordpress\/ -->\n<title>Com 12,1%, Volkswagen tem menor participa\u00e7\u00e3o desde 2017 - Canal Dana<\/title>\n<meta name=\"robots\" content=\"index, follow, max-snippet:-1, max-image-preview:large, max-video-preview:-1\" \/>\n<link rel=\"canonical\" href=\"https:\/\/dana.com.br\/canaldana\/2022\/08\/04\/com-121-volkswagen-tem-menor-participacao-desde-2017\/\" \/>\n<meta property=\"og:locale\" content=\"pt_BR\" \/>\n<meta property=\"og:type\" content=\"article\" \/>\n<meta property=\"og:title\" content=\"Com 12,1%, Volkswagen tem menor participa\u00e7\u00e3o desde 2017 - Canal Dana\" \/>\n<meta property=\"og:description\" content=\"AutoInd\u00fastria &nbsp; Com 12,1% de participa\u00e7\u00e3o e 123,6 mil autom\u00f3veis e comercias leves negociados, a Volkswagen come\u00e7a a ver amea\u00e7ada sua terceira coloca\u00e7\u00e3o no mercado brasileiro. Passados os sete primeiros meses de 2022, a vantagem para a atual quarta colocada Toyota (107,6 mil) \u00e9 de apenas 1,6 ponto porcentual e de 1,8 ponto para\u00a0 a\u2026 Leia mais \u00bb\" \/>\n<meta property=\"og:url\" content=\"https:\/\/dana.com.br\/canaldana\/2022\/08\/04\/com-121-volkswagen-tem-menor-participacao-desde-2017\/\" \/>\n<meta property=\"og:site_name\" content=\"Canal Dana\" \/>\n<meta property=\"article:published_time\" content=\"2022-08-04T12:22:23+00:00\" \/>\n<meta name=\"author\" content=\"Canal Dana\" \/>\n<meta name=\"twitter:card\" content=\"summary_large_image\" \/>\n<meta name=\"twitter:label1\" content=\"Escrito por\" \/>\n\t<meta name=\"twitter:data1\" content=\"Canal Dana\" \/>\n\t<meta name=\"twitter:label2\" content=\"Est. tempo de leitura\" \/>\n\t<meta name=\"twitter:data2\" content=\"3 minutos\" \/>\n<script type=\"application\/ld+json\" class=\"yoast-schema-graph\">{\"@context\":\"https:\\\/\\\/schema.org\",\"@graph\":[{\"@type\":\"Article\",\"@id\":\"https:\\\/\\\/dana.com.br\\\/canaldana\\\/2022\\\/08\\\/04\\\/com-121-volkswagen-tem-menor-participacao-desde-2017\\\/#article\",\"isPartOf\":{\"@id\":\"https:\\\/\\\/dana.com.br\\\/canaldana\\\/2022\\\/08\\\/04\\\/com-121-volkswagen-tem-menor-participacao-desde-2017\\\/\"},\"author\":{\"name\":\"Canal Dana\",\"@id\":\"https:\\\/\\\/dana.com.br\\\/canaldana\\\/#\\\/schema\\\/person\\\/3c21f22f56fcf3bc46b94bc60ea4fef6\"},\"headline\":\"Com 12,1%, Volkswagen tem menor participa\u00e7\u00e3o desde 2017\",\"datePublished\":\"2022-08-04T12:22:23+00:00\",\"mainEntityOfPage\":{\"@id\":\"https:\\\/\\\/dana.com.br\\\/canaldana\\\/2022\\\/08\\\/04\\\/com-121-volkswagen-tem-menor-participacao-desde-2017\\\/\"},\"wordCount\":632,\"articleSection\":[\"Mercado\"],\"inLanguage\":\"pt-BR\"},{\"@type\":\"WebPage\",\"@id\":\"https:\\\/\\\/dana.com.br\\\/canaldana\\\/2022\\\/08\\\/04\\\/com-121-volkswagen-tem-menor-participacao-desde-2017\\\/\",\"url\":\"https:\\\/\\\/dana.com.br\\\/canaldana\\\/2022\\\/08\\\/04\\\/com-121-volkswagen-tem-menor-participacao-desde-2017\\\/\",\"name\":\"Com 12,1%, Volkswagen tem menor participa\u00e7\u00e3o desde 2017 - Canal Dana\",\"isPartOf\":{\"@id\":\"https:\\\/\\\/dana.com.br\\\/canaldana\\\/#website\"},\"datePublished\":\"2022-08-04T12:22:23+00:00\",\"author\":{\"@id\":\"https:\\\/\\\/dana.com.br\\\/canaldana\\\/#\\\/schema\\\/person\\\/3c21f22f56fcf3bc46b94bc60ea4fef6\"},\"breadcrumb\":{\"@id\":\"https:\\\/\\\/dana.com.br\\\/canaldana\\\/2022\\\/08\\\/04\\\/com-121-volkswagen-tem-menor-participacao-desde-2017\\\/#breadcrumb\"},\"inLanguage\":\"pt-BR\",\"potentialAction\":[{\"@type\":\"ReadAction\",\"target\":[\"https:\\\/\\\/dana.com.br\\\/canaldana\\\/2022\\\/08\\\/04\\\/com-121-volkswagen-tem-menor-participacao-desde-2017\\\/\"]}]},{\"@type\":\"BreadcrumbList\",\"@id\":\"https:\\\/\\\/dana.com.br\\\/canaldana\\\/2022\\\/08\\\/04\\\/com-121-volkswagen-tem-menor-participacao-desde-2017\\\/#breadcrumb\",\"itemListElement\":[{\"@type\":\"ListItem\",\"position\":1,\"name\":\"Home\",\"item\":\"https:\\\/\\\/dana.com.br\\\/canaldana\\\/\"},{\"@type\":\"ListItem\",\"position\":2,\"name\":\"Mercado\",\"item\":\"https:\\\/\\\/dana.com.br\\\/canaldana\\\/mercado\\\/\"},{\"@type\":\"ListItem\",\"position\":3,\"name\":\"Com 12,1%, Volkswagen tem menor participa\u00e7\u00e3o desde 2017\"}]},{\"@type\":\"WebSite\",\"@id\":\"https:\\\/\\\/dana.com.br\\\/canaldana\\\/#website\",\"url\":\"https:\\\/\\\/dana.com.br\\\/canaldana\\\/\",\"name\":\"Canal Dana\",\"description\":\"Informativo com as principais not\u00edcias da ind\u00fastria automotiva\",\"potentialAction\":[{\"@type\":\"SearchAction\",\"target\":{\"@type\":\"EntryPoint\",\"urlTemplate\":\"https:\\\/\\\/dana.com.br\\\/canaldana\\\/?s={search_term_string}\"},\"query-input\":{\"@type\":\"PropertyValueSpecification\",\"valueRequired\":true,\"valueName\":\"search_term_string\"}}],\"inLanguage\":\"pt-BR\"},{\"@type\":\"Person\",\"@id\":\"https:\\\/\\\/dana.com.br\\\/canaldana\\\/#\\\/schema\\\/person\\\/3c21f22f56fcf3bc46b94bc60ea4fef6\",\"name\":\"Canal Dana\",\"image\":{\"@type\":\"ImageObject\",\"inLanguage\":\"pt-BR\",\"@id\":\"https:\\\/\\\/secure.gravatar.com\\\/avatar\\\/420aaf9278582877d9018637c6817617705899d2858d7572ef0fe59a6b6454b4?s=96&d=mm&r=g\",\"url\":\"https:\\\/\\\/secure.gravatar.com\\\/avatar\\\/420aaf9278582877d9018637c6817617705899d2858d7572ef0fe59a6b6454b4?s=96&d=mm&r=g\",\"contentUrl\":\"https:\\\/\\\/secure.gravatar.com\\\/avatar\\\/420aaf9278582877d9018637c6817617705899d2858d7572ef0fe59a6b6454b4?s=96&d=mm&r=g\",\"caption\":\"Canal Dana\"},\"url\":\"https:\\\/\\\/dana.com.br\\\/canaldana\\\/author\\\/cdeditor\\\/\"}]}<\/script>\n<!-- \/ Yoast SEO plugin. -->","yoast_head_json":{"title":"Com 12,1%, Volkswagen tem menor participa\u00e7\u00e3o desde 2017 - Canal Dana","robots":{"index":"index","follow":"follow","max-snippet":"max-snippet:-1","max-image-preview":"max-image-preview:large","max-video-preview":"max-video-preview:-1"},"canonical":"https:\/\/dana.com.br\/canaldana\/2022\/08\/04\/com-121-volkswagen-tem-menor-participacao-desde-2017\/","og_locale":"pt_BR","og_type":"article","og_title":"Com 12,1%, Volkswagen tem menor participa\u00e7\u00e3o desde 2017 - Canal Dana","og_description":"AutoInd\u00fastria &nbsp; Com 12,1% de participa\u00e7\u00e3o e 123,6 mil autom\u00f3veis e comercias leves negociados, a Volkswagen come\u00e7a a ver amea\u00e7ada sua terceira coloca\u00e7\u00e3o no mercado brasileiro. Passados os sete primeiros meses de 2022, a vantagem para a atual quarta colocada Toyota (107,6 mil) \u00e9 de apenas 1,6 ponto porcentual e de 1,8 ponto para\u00a0 a\u2026 Leia mais \u00bb","og_url":"https:\/\/dana.com.br\/canaldana\/2022\/08\/04\/com-121-volkswagen-tem-menor-participacao-desde-2017\/","og_site_name":"Canal Dana","article_published_time":"2022-08-04T12:22:23+00:00","author":"Canal Dana","twitter_card":"summary_large_image","twitter_misc":{"Escrito por":"Canal Dana","Est. tempo de leitura":"3 minutos"},"schema":{"@context":"https:\/\/schema.org","@graph":[{"@type":"Article","@id":"https:\/\/dana.com.br\/canaldana\/2022\/08\/04\/com-121-volkswagen-tem-menor-participacao-desde-2017\/#article","isPartOf":{"@id":"https:\/\/dana.com.br\/canaldana\/2022\/08\/04\/com-121-volkswagen-tem-menor-participacao-desde-2017\/"},"author":{"name":"Canal Dana","@id":"https:\/\/dana.com.br\/canaldana\/#\/schema\/person\/3c21f22f56fcf3bc46b94bc60ea4fef6"},"headline":"Com 12,1%, Volkswagen tem menor participa\u00e7\u00e3o desde 2017","datePublished":"2022-08-04T12:22:23+00:00","mainEntityOfPage":{"@id":"https:\/\/dana.com.br\/canaldana\/2022\/08\/04\/com-121-volkswagen-tem-menor-participacao-desde-2017\/"},"wordCount":632,"articleSection":["Mercado"],"inLanguage":"pt-BR"},{"@type":"WebPage","@id":"https:\/\/dana.com.br\/canaldana\/2022\/08\/04\/com-121-volkswagen-tem-menor-participacao-desde-2017\/","url":"https:\/\/dana.com.br\/canaldana\/2022\/08\/04\/com-121-volkswagen-tem-menor-participacao-desde-2017\/","name":"Com 12,1%, Volkswagen tem menor participa\u00e7\u00e3o desde 2017 - Canal Dana","isPartOf":{"@id":"https:\/\/dana.com.br\/canaldana\/#website"},"datePublished":"2022-08-04T12:22:23+00:00","author":{"@id":"https:\/\/dana.com.br\/canaldana\/#\/schema\/person\/3c21f22f56fcf3bc46b94bc60ea4fef6"},"breadcrumb":{"@id":"https:\/\/dana.com.br\/canaldana\/2022\/08\/04\/com-121-volkswagen-tem-menor-participacao-desde-2017\/#breadcrumb"},"inLanguage":"pt-BR","potentialAction":[{"@type":"ReadAction","target":["https:\/\/dana.com.br\/canaldana\/2022\/08\/04\/com-121-volkswagen-tem-menor-participacao-desde-2017\/"]}]},{"@type":"BreadcrumbList","@id":"https:\/\/dana.com.br\/canaldana\/2022\/08\/04\/com-121-volkswagen-tem-menor-participacao-desde-2017\/#breadcrumb","itemListElement":[{"@type":"ListItem","position":1,"name":"Home","item":"https:\/\/dana.com.br\/canaldana\/"},{"@type":"ListItem","position":2,"name":"Mercado","item":"https:\/\/dana.com.br\/canaldana\/mercado\/"},{"@type":"ListItem","position":3,"name":"Com 12,1%, Volkswagen tem menor participa\u00e7\u00e3o desde 2017"}]},{"@type":"WebSite","@id":"https:\/\/dana.com.br\/canaldana\/#website","url":"https:\/\/dana.com.br\/canaldana\/","name":"Canal Dana","description":"Informativo com as principais not\u00edcias da ind\u00fastria automotiva","potentialAction":[{"@type":"SearchAction","target":{"@type":"EntryPoint","urlTemplate":"https:\/\/dana.com.br\/canaldana\/?s={search_term_string}"},"query-input":{"@type":"PropertyValueSpecification","valueRequired":true,"valueName":"search_term_string"}}],"inLanguage":"pt-BR"},{"@type":"Person","@id":"https:\/\/dana.com.br\/canaldana\/#\/schema\/person\/3c21f22f56fcf3bc46b94bc60ea4fef6","name":"Canal Dana","image":{"@type":"ImageObject","inLanguage":"pt-BR","@id":"https:\/\/secure.gravatar.com\/avatar\/420aaf9278582877d9018637c6817617705899d2858d7572ef0fe59a6b6454b4?s=96&d=mm&r=g","url":"https:\/\/secure.gravatar.com\/avatar\/420aaf9278582877d9018637c6817617705899d2858d7572ef0fe59a6b6454b4?s=96&d=mm&r=g","contentUrl":"https:\/\/secure.gravatar.com\/avatar\/420aaf9278582877d9018637c6817617705899d2858d7572ef0fe59a6b6454b4?s=96&d=mm&r=g","caption":"Canal Dana"},"url":"https:\/\/dana.com.br\/canaldana\/author\/cdeditor\/"}]}},"_links":{"self":[{"href":"https:\/\/dana.com.br\/canaldana\/wp-json\/wp\/v2\/posts\/60068","targetHints":{"allow":["GET"]}}],"collection":[{"href":"https:\/\/dana.com.br\/canaldana\/wp-json\/wp\/v2\/posts"}],"about":[{"href":"https:\/\/dana.com.br\/canaldana\/wp-json\/wp\/v2\/types\/post"}],"author":[{"embeddable":true,"href":"https:\/\/dana.com.br\/canaldana\/wp-json\/wp\/v2\/users\/3"}],"replies":[{"embeddable":true,"href":"https:\/\/dana.com.br\/canaldana\/wp-json\/wp\/v2\/comments?post=60068"}],"version-history":[{"count":0,"href":"https:\/\/dana.com.br\/canaldana\/wp-json\/wp\/v2\/posts\/60068\/revisions"}],"wp:attachment":[{"href":"https:\/\/dana.com.br\/canaldana\/wp-json\/wp\/v2\/media?parent=60068"}],"wp:term":[{"taxonomy":"category","embeddable":true,"href":"https:\/\/dana.com.br\/canaldana\/wp-json\/wp\/v2\/categories?post=60068"},{"taxonomy":"post_tag","embeddable":true,"href":"https:\/\/dana.com.br\/canaldana\/wp-json\/wp\/v2\/tags?post=60068"}],"curies":[{"name":"wp","href":"https:\/\/api.w.org\/{rel}","templated":true}]}}