{"id":60066,"date":"2022-08-04T09:21:45","date_gmt":"2022-08-04T12:21:45","guid":{"rendered":"https:\/\/dana.com.br\/canaldana\/?p=60066"},"modified":"2022-08-04T09:21:45","modified_gmt":"2022-08-04T12:21:45","slug":"honda-abre-pre-venda-do-novo-hr-v-no-brasil","status":"publish","type":"post","link":"https:\/\/dana.com.br\/canaldana\/2022\/08\/04\/honda-abre-pre-venda-do-novo-hr-v-no-brasil\/","title":{"rendered":"Honda abre pr\u00e9-venda do novo HR-V no Brasil"},"content":{"rendered":"<p><em>WebMotors <\/em><\/p>\n<p>&nbsp;<\/p>\n<p>A Honda iniciou oficialmente nesta \u00faltima ter\u00e7a-feira (2) a pr\u00e9-venda no Brasil do novo HR-V. Inicialmente o modelo chega nas vers\u00f5es EX e EXL, que partem de R$ 142.500 e R$ 149.900. J\u00e1 as configura\u00e7\u00f5es Advance e Touring, turbinadas, j\u00e1 t\u00eam pre\u00e7o (saem por R$ 176.800 e R$ 184.500, respectivamente) mas a comercializa\u00e7\u00e3o ter\u00e1 in\u00edcio apenas em outubro.<\/p>\n<p>&nbsp;<\/p>\n<p>Nas vers\u00f5es EX e EXL, o novo Honda HR-V usa o motor 1.5 DI i-Vtec flex de 126 cv, aspirado de inje\u00e7\u00e3o direta, que tamb\u00e9m \u00e9 utilizado pela fam\u00edlia City. J\u00e1 as configura\u00e7\u00f5es que chegam mais para o final do ano ter\u00e3o como destaque o in\u00e9dito 1.5 DI VTec turboflex, ainda sem pot\u00eancia e torque revelados.<\/p>\n<p>&nbsp;<\/p>\n<p>Todas ser\u00e3o equipadas com o pacote Honda Sensing, com c\u00e2mera, radares e sensores frontais; sistema de frenagem aut\u00f4noma de emerg\u00eancia; ACC com Stop &amp; Go; alerta e corretor de perman\u00eancia na faixa e ajuste autom\u00e1tico do facho dos far\u00f3is baixo e alto.<\/p>\n<p>&nbsp;<\/p>\n<p><strong>Vers\u00f5es e equipamentos do novo Honda HR-V<\/strong><\/p>\n<p>&nbsp;<\/p>\n<p><strong>HR-V 1.5 EX (R$ 142.500)<\/strong><\/p>\n<p>Vem de s\u00e9rie com ar-condicionado com fun\u00e7\u00e3o autom\u00e1tica e dire\u00e7\u00e3o com assist\u00eancia el\u00e9trica; vidros e travas el\u00e9tricos; os vers\u00e1teis bancos traseiros &#8220;Magic Seat&#8221;; bot\u00e3o de partida; central multim\u00eddia com tela colorida t\u00e1til de 8 polegadas; seis airbags; far\u00f3is e lanternas full-LED; rodas aro 17&#8243;; duas entradas USB traseiras; controle de descida (HDC); c\u00e2mera no retrovisor direito e c\u00e2mera de r\u00e9, al\u00e9m do pacote Honda Sensing que cont\u00e9m diversos itens de condu\u00e7\u00e3o semi-aut\u00f4noma.<\/p>\n<p>&nbsp;<\/p>\n<p><strong>HR-V 1.5 EXL (R$ 149.900)<\/strong><\/p>\n<p>Acrescenta ao pacote da vers\u00e3o EX os seguintes itens: apoio de bra\u00e7o traseiro; bancos de couro; far\u00f3is de neblina; chave presencial; retrovisor eletrocr\u00f4mico; rodas com pintura grafite; volante com revestimento de couro e aletas para troca de marcha; dois tweeters dianteiros adicionais e sensor de estacionamento traseiro.<\/p>\n<p>&nbsp;<\/p>\n<p><strong>HR-V 1.5T Advance (R$ 176.800)<\/strong><\/p>\n<p>Al\u00e9m do motor turbinado e mais forte (a pot\u00eancia e o torque n\u00e3o foram revelados oficialmente pela Honda, mas estimamos algo pr\u00f3ximo a 177 cv e 24,4 kgf.m de torque), ele recebe tudo que j\u00e1 foi citado e ainda conex\u00e3o com o app MyHonda Connect; carregador de celular sem fio no console; quadro de instrumentos em TFT; ar-condicionado de duas zonas; modo Sport no seletor de modo de condu\u00e7\u00e3o; grade e para-choques frontais diferentes; ponteira dupla de escape; retrovisores com rebatimento e fun\u00e7\u00e3o tilt-down e sensor de estacionamento dianteiro.<\/p>\n<p>&nbsp;<\/p>\n<p><strong>HR-V 1.5T Touring (R$ 184.500)<\/strong><\/p>\n<p>Vers\u00e3o topo de gama, como o carro que voc\u00eas conferem nas imagens desta reportagem, ter\u00e1 tudo que foi citado at\u00e9 agora com o acr\u00e9scimo dos seguintes equipamentos: ajuste el\u00e9trico do banco do motorista; molduras das caixas de rodas pintadas de preto; partida remota do motor; mais dois tweeters traseiros adicionais; rodas com design exclusivo e abertura autom\u00e1tica do porta-malas. (WebMotors\/Evandro Enoshita)<\/p>\n","protected":false},"excerpt":{"rendered":"<p>WebMotors &nbsp; A Honda iniciou oficialmente nesta \u00faltima ter\u00e7a-feira (2) a pr\u00e9-venda no Brasil do novo HR-V. Inicialmente o modelo chega nas vers\u00f5es EX e EXL, que partem de R$ 142.500 e R$ 149.900. J\u00e1 as configura\u00e7\u00f5es Advance e Touring, turbinadas, j\u00e1 t\u00eam pre\u00e7o (saem por R$ 176.800 e R$ 184.500, respectivamente) mas a comercializa\u00e7\u00e3o\u2026 <a class=\"readmore\" href=\"https:\/\/dana.com.br\/canaldana\/2022\/08\/04\/honda-abre-pre-venda-do-novo-hr-v-no-brasil\/\">Leia mais \u00bb<\/a><\/p>\n","protected":false},"author":3,"featured_media":0,"comment_status":"closed","ping_status":"closed","sticky":false,"template":"","format":"standard","meta":{"_acf_changed":false,"footnotes":""},"categories":[79],"tags":[],"class_list":["post-60066","post","type-post","status-publish","format-standard","hentry","category-mercado"],"acf":[],"yoast_head":"<!-- This site is optimized with the Yoast SEO plugin v27.3 - https:\/\/yoast.com\/product\/yoast-seo-wordpress\/ -->\n<title>Honda abre pr\u00e9-venda do novo HR-V no Brasil - Canal Dana<\/title>\n<meta name=\"robots\" content=\"index, follow, max-snippet:-1, max-image-preview:large, max-video-preview:-1\" \/>\n<link rel=\"canonical\" href=\"https:\/\/dana.com.br\/canaldana\/2022\/08\/04\/honda-abre-pre-venda-do-novo-hr-v-no-brasil\/\" \/>\n<meta property=\"og:locale\" content=\"pt_BR\" \/>\n<meta property=\"og:type\" content=\"article\" \/>\n<meta property=\"og:title\" content=\"Honda abre pr\u00e9-venda do novo HR-V no Brasil - Canal Dana\" \/>\n<meta property=\"og:description\" content=\"WebMotors &nbsp; A Honda iniciou oficialmente nesta \u00faltima ter\u00e7a-feira (2) a pr\u00e9-venda no Brasil do novo HR-V. Inicialmente o modelo chega nas vers\u00f5es EX e EXL, que partem de R$ 142.500 e R$ 149.900. J\u00e1 as configura\u00e7\u00f5es Advance e Touring, turbinadas, j\u00e1 t\u00eam pre\u00e7o (saem por R$ 176.800 e R$ 184.500, respectivamente) mas a comercializa\u00e7\u00e3o\u2026 Leia mais \u00bb\" \/>\n<meta property=\"og:url\" content=\"https:\/\/dana.com.br\/canaldana\/2022\/08\/04\/honda-abre-pre-venda-do-novo-hr-v-no-brasil\/\" \/>\n<meta property=\"og:site_name\" content=\"Canal Dana\" \/>\n<meta property=\"article:published_time\" content=\"2022-08-04T12:21:45+00:00\" \/>\n<meta name=\"author\" content=\"Canal Dana\" \/>\n<meta name=\"twitter:card\" content=\"summary_large_image\" \/>\n<meta name=\"twitter:label1\" content=\"Escrito por\" \/>\n\t<meta name=\"twitter:data1\" content=\"Canal Dana\" \/>\n\t<meta name=\"twitter:label2\" content=\"Est. tempo de leitura\" \/>\n\t<meta name=\"twitter:data2\" content=\"3 minutos\" \/>\n<script type=\"application\/ld+json\" class=\"yoast-schema-graph\">{\"@context\":\"https:\\\/\\\/schema.org\",\"@graph\":[{\"@type\":\"Article\",\"@id\":\"https:\\\/\\\/dana.com.br\\\/canaldana\\\/2022\\\/08\\\/04\\\/honda-abre-pre-venda-do-novo-hr-v-no-brasil\\\/#article\",\"isPartOf\":{\"@id\":\"https:\\\/\\\/dana.com.br\\\/canaldana\\\/2022\\\/08\\\/04\\\/honda-abre-pre-venda-do-novo-hr-v-no-brasil\\\/\"},\"author\":{\"name\":\"Canal Dana\",\"@id\":\"https:\\\/\\\/dana.com.br\\\/canaldana\\\/#\\\/schema\\\/person\\\/3c21f22f56fcf3bc46b94bc60ea4fef6\"},\"headline\":\"Honda abre pr\u00e9-venda do novo HR-V no Brasil\",\"datePublished\":\"2022-08-04T12:21:45+00:00\",\"mainEntityOfPage\":{\"@id\":\"https:\\\/\\\/dana.com.br\\\/canaldana\\\/2022\\\/08\\\/04\\\/honda-abre-pre-venda-do-novo-hr-v-no-brasil\\\/\"},\"wordCount\":511,\"articleSection\":[\"Mercado\"],\"inLanguage\":\"pt-BR\"},{\"@type\":\"WebPage\",\"@id\":\"https:\\\/\\\/dana.com.br\\\/canaldana\\\/2022\\\/08\\\/04\\\/honda-abre-pre-venda-do-novo-hr-v-no-brasil\\\/\",\"url\":\"https:\\\/\\\/dana.com.br\\\/canaldana\\\/2022\\\/08\\\/04\\\/honda-abre-pre-venda-do-novo-hr-v-no-brasil\\\/\",\"name\":\"Honda abre pr\u00e9-venda do novo HR-V no Brasil - Canal Dana\",\"isPartOf\":{\"@id\":\"https:\\\/\\\/dana.com.br\\\/canaldana\\\/#website\"},\"datePublished\":\"2022-08-04T12:21:45+00:00\",\"author\":{\"@id\":\"https:\\\/\\\/dana.com.br\\\/canaldana\\\/#\\\/schema\\\/person\\\/3c21f22f56fcf3bc46b94bc60ea4fef6\"},\"breadcrumb\":{\"@id\":\"https:\\\/\\\/dana.com.br\\\/canaldana\\\/2022\\\/08\\\/04\\\/honda-abre-pre-venda-do-novo-hr-v-no-brasil\\\/#breadcrumb\"},\"inLanguage\":\"pt-BR\",\"potentialAction\":[{\"@type\":\"ReadAction\",\"target\":[\"https:\\\/\\\/dana.com.br\\\/canaldana\\\/2022\\\/08\\\/04\\\/honda-abre-pre-venda-do-novo-hr-v-no-brasil\\\/\"]}]},{\"@type\":\"BreadcrumbList\",\"@id\":\"https:\\\/\\\/dana.com.br\\\/canaldana\\\/2022\\\/08\\\/04\\\/honda-abre-pre-venda-do-novo-hr-v-no-brasil\\\/#breadcrumb\",\"itemListElement\":[{\"@type\":\"ListItem\",\"position\":1,\"name\":\"Home\",\"item\":\"https:\\\/\\\/dana.com.br\\\/canaldana\\\/\"},{\"@type\":\"ListItem\",\"position\":2,\"name\":\"Mercado\",\"item\":\"https:\\\/\\\/dana.com.br\\\/canaldana\\\/mercado\\\/\"},{\"@type\":\"ListItem\",\"position\":3,\"name\":\"Honda abre pr\u00e9-venda do novo HR-V no Brasil\"}]},{\"@type\":\"WebSite\",\"@id\":\"https:\\\/\\\/dana.com.br\\\/canaldana\\\/#website\",\"url\":\"https:\\\/\\\/dana.com.br\\\/canaldana\\\/\",\"name\":\"Canal Dana\",\"description\":\"Informativo com as principais not\u00edcias da ind\u00fastria automotiva\",\"potentialAction\":[{\"@type\":\"SearchAction\",\"target\":{\"@type\":\"EntryPoint\",\"urlTemplate\":\"https:\\\/\\\/dana.com.br\\\/canaldana\\\/?s={search_term_string}\"},\"query-input\":{\"@type\":\"PropertyValueSpecification\",\"valueRequired\":true,\"valueName\":\"search_term_string\"}}],\"inLanguage\":\"pt-BR\"},{\"@type\":\"Person\",\"@id\":\"https:\\\/\\\/dana.com.br\\\/canaldana\\\/#\\\/schema\\\/person\\\/3c21f22f56fcf3bc46b94bc60ea4fef6\",\"name\":\"Canal Dana\",\"image\":{\"@type\":\"ImageObject\",\"inLanguage\":\"pt-BR\",\"@id\":\"https:\\\/\\\/secure.gravatar.com\\\/avatar\\\/420aaf9278582877d9018637c6817617705899d2858d7572ef0fe59a6b6454b4?s=96&d=mm&r=g\",\"url\":\"https:\\\/\\\/secure.gravatar.com\\\/avatar\\\/420aaf9278582877d9018637c6817617705899d2858d7572ef0fe59a6b6454b4?s=96&d=mm&r=g\",\"contentUrl\":\"https:\\\/\\\/secure.gravatar.com\\\/avatar\\\/420aaf9278582877d9018637c6817617705899d2858d7572ef0fe59a6b6454b4?s=96&d=mm&r=g\",\"caption\":\"Canal Dana\"},\"url\":\"https:\\\/\\\/dana.com.br\\\/canaldana\\\/author\\\/cdeditor\\\/\"}]}<\/script>\n<!-- \/ Yoast SEO plugin. -->","yoast_head_json":{"title":"Honda abre pr\u00e9-venda do novo HR-V no Brasil - Canal Dana","robots":{"index":"index","follow":"follow","max-snippet":"max-snippet:-1","max-image-preview":"max-image-preview:large","max-video-preview":"max-video-preview:-1"},"canonical":"https:\/\/dana.com.br\/canaldana\/2022\/08\/04\/honda-abre-pre-venda-do-novo-hr-v-no-brasil\/","og_locale":"pt_BR","og_type":"article","og_title":"Honda abre pr\u00e9-venda do novo HR-V no Brasil - Canal Dana","og_description":"WebMotors &nbsp; A Honda iniciou oficialmente nesta \u00faltima ter\u00e7a-feira (2) a pr\u00e9-venda no Brasil do novo HR-V. Inicialmente o modelo chega nas vers\u00f5es EX e EXL, que partem de R$ 142.500 e R$ 149.900. J\u00e1 as configura\u00e7\u00f5es Advance e Touring, turbinadas, j\u00e1 t\u00eam pre\u00e7o (saem por R$ 176.800 e R$ 184.500, respectivamente) mas a comercializa\u00e7\u00e3o\u2026 Leia mais \u00bb","og_url":"https:\/\/dana.com.br\/canaldana\/2022\/08\/04\/honda-abre-pre-venda-do-novo-hr-v-no-brasil\/","og_site_name":"Canal Dana","article_published_time":"2022-08-04T12:21:45+00:00","author":"Canal Dana","twitter_card":"summary_large_image","twitter_misc":{"Escrito por":"Canal Dana","Est. tempo de leitura":"3 minutos"},"schema":{"@context":"https:\/\/schema.org","@graph":[{"@type":"Article","@id":"https:\/\/dana.com.br\/canaldana\/2022\/08\/04\/honda-abre-pre-venda-do-novo-hr-v-no-brasil\/#article","isPartOf":{"@id":"https:\/\/dana.com.br\/canaldana\/2022\/08\/04\/honda-abre-pre-venda-do-novo-hr-v-no-brasil\/"},"author":{"name":"Canal Dana","@id":"https:\/\/dana.com.br\/canaldana\/#\/schema\/person\/3c21f22f56fcf3bc46b94bc60ea4fef6"},"headline":"Honda abre pr\u00e9-venda do novo HR-V no Brasil","datePublished":"2022-08-04T12:21:45+00:00","mainEntityOfPage":{"@id":"https:\/\/dana.com.br\/canaldana\/2022\/08\/04\/honda-abre-pre-venda-do-novo-hr-v-no-brasil\/"},"wordCount":511,"articleSection":["Mercado"],"inLanguage":"pt-BR"},{"@type":"WebPage","@id":"https:\/\/dana.com.br\/canaldana\/2022\/08\/04\/honda-abre-pre-venda-do-novo-hr-v-no-brasil\/","url":"https:\/\/dana.com.br\/canaldana\/2022\/08\/04\/honda-abre-pre-venda-do-novo-hr-v-no-brasil\/","name":"Honda abre pr\u00e9-venda do novo HR-V no Brasil - Canal Dana","isPartOf":{"@id":"https:\/\/dana.com.br\/canaldana\/#website"},"datePublished":"2022-08-04T12:21:45+00:00","author":{"@id":"https:\/\/dana.com.br\/canaldana\/#\/schema\/person\/3c21f22f56fcf3bc46b94bc60ea4fef6"},"breadcrumb":{"@id":"https:\/\/dana.com.br\/canaldana\/2022\/08\/04\/honda-abre-pre-venda-do-novo-hr-v-no-brasil\/#breadcrumb"},"inLanguage":"pt-BR","potentialAction":[{"@type":"ReadAction","target":["https:\/\/dana.com.br\/canaldana\/2022\/08\/04\/honda-abre-pre-venda-do-novo-hr-v-no-brasil\/"]}]},{"@type":"BreadcrumbList","@id":"https:\/\/dana.com.br\/canaldana\/2022\/08\/04\/honda-abre-pre-venda-do-novo-hr-v-no-brasil\/#breadcrumb","itemListElement":[{"@type":"ListItem","position":1,"name":"Home","item":"https:\/\/dana.com.br\/canaldana\/"},{"@type":"ListItem","position":2,"name":"Mercado","item":"https:\/\/dana.com.br\/canaldana\/mercado\/"},{"@type":"ListItem","position":3,"name":"Honda abre pr\u00e9-venda do novo HR-V no Brasil"}]},{"@type":"WebSite","@id":"https:\/\/dana.com.br\/canaldana\/#website","url":"https:\/\/dana.com.br\/canaldana\/","name":"Canal Dana","description":"Informativo com as principais not\u00edcias da ind\u00fastria automotiva","potentialAction":[{"@type":"SearchAction","target":{"@type":"EntryPoint","urlTemplate":"https:\/\/dana.com.br\/canaldana\/?s={search_term_string}"},"query-input":{"@type":"PropertyValueSpecification","valueRequired":true,"valueName":"search_term_string"}}],"inLanguage":"pt-BR"},{"@type":"Person","@id":"https:\/\/dana.com.br\/canaldana\/#\/schema\/person\/3c21f22f56fcf3bc46b94bc60ea4fef6","name":"Canal Dana","image":{"@type":"ImageObject","inLanguage":"pt-BR","@id":"https:\/\/secure.gravatar.com\/avatar\/420aaf9278582877d9018637c6817617705899d2858d7572ef0fe59a6b6454b4?s=96&d=mm&r=g","url":"https:\/\/secure.gravatar.com\/avatar\/420aaf9278582877d9018637c6817617705899d2858d7572ef0fe59a6b6454b4?s=96&d=mm&r=g","contentUrl":"https:\/\/secure.gravatar.com\/avatar\/420aaf9278582877d9018637c6817617705899d2858d7572ef0fe59a6b6454b4?s=96&d=mm&r=g","caption":"Canal Dana"},"url":"https:\/\/dana.com.br\/canaldana\/author\/cdeditor\/"}]}},"_links":{"self":[{"href":"https:\/\/dana.com.br\/canaldana\/wp-json\/wp\/v2\/posts\/60066","targetHints":{"allow":["GET"]}}],"collection":[{"href":"https:\/\/dana.com.br\/canaldana\/wp-json\/wp\/v2\/posts"}],"about":[{"href":"https:\/\/dana.com.br\/canaldana\/wp-json\/wp\/v2\/types\/post"}],"author":[{"embeddable":true,"href":"https:\/\/dana.com.br\/canaldana\/wp-json\/wp\/v2\/users\/3"}],"replies":[{"embeddable":true,"href":"https:\/\/dana.com.br\/canaldana\/wp-json\/wp\/v2\/comments?post=60066"}],"version-history":[{"count":0,"href":"https:\/\/dana.com.br\/canaldana\/wp-json\/wp\/v2\/posts\/60066\/revisions"}],"wp:attachment":[{"href":"https:\/\/dana.com.br\/canaldana\/wp-json\/wp\/v2\/media?parent=60066"}],"wp:term":[{"taxonomy":"category","embeddable":true,"href":"https:\/\/dana.com.br\/canaldana\/wp-json\/wp\/v2\/categories?post=60066"},{"taxonomy":"post_tag","embeddable":true,"href":"https:\/\/dana.com.br\/canaldana\/wp-json\/wp\/v2\/tags?post=60066"}],"curies":[{"name":"wp","href":"https:\/\/api.w.org\/{rel}","templated":true}]}}