{"id":60064,"date":"2022-08-04T09:21:08","date_gmt":"2022-08-04T12:21:08","guid":{"rendered":"https:\/\/dana.com.br\/canaldana\/?p=60064"},"modified":"2022-08-04T09:21:08","modified_gmt":"2022-08-04T12:21:08","slug":"volkswagen-firma-parceria-para-desenvolvimento-tecnologico-com-instituto-eldorado","status":"publish","type":"post","link":"https:\/\/dana.com.br\/canaldana\/2022\/08\/04\/volkswagen-firma-parceria-para-desenvolvimento-tecnologico-com-instituto-eldorado\/","title":{"rendered":"Volkswagen firma parceria para desenvolvimento tecnol\u00f3gico com Instituto Eldorado"},"content":{"rendered":"<p><em>Coisas de Agora<\/em><\/p>\n<p>&nbsp;<\/p>\n<p>A Volkswagen anuncia a parceria com o Instituto de Pesquisas Eldorado para aprofundar ainda mais as pesquisas e o desenvolvimento de novas tecnologias e Software in House. O acordo estrat\u00e9gico prev\u00ea, entre outras frentes de inova\u00e7\u00e3o, apoio ao desenvolvimento da segunda gera\u00e7\u00e3o do VW Play, sistema de infotainment que marcou o in\u00edcio de uma nova era em conectividade, streaming e servi\u00e7os.<\/p>\n<p>&nbsp;<\/p>\n<p>O termo de coopera\u00e7\u00e3o foi assinado nesta quarta-feira (3), em Campinas (SP), na sede do Instituto Eldorado, e contou com a participa\u00e7\u00e3o do Ciro Possobom, COO da Volkswagen do Brasil e vice-presidente de Finan\u00e7as e Estrat\u00e9gia de TI da Volkswagen do Brasil e Regi\u00e3o SAM, Roberto Soboll, Superintendente do Instituto Eldorado, Igor Nazareth, diretor de planejamento e rela\u00e7\u00f5es institucionais da Embrapi e Matthias Michniacki, vice-presidente de Desenvolvimento do Produto &amp; Baureihe da Volkswagen do Brasil e Regi\u00e3o SAM.<\/p>\n<p>&nbsp;<\/p>\n<p>\u201cEsse acordo \u00e9 mais um passo importante que a Volkswagen d\u00e1 na dire\u00e7\u00e3o de se tornar uma empresa provedora de tecnologia. Tudo isso aproveitando o conhecimento local. Isso j\u00e1 ocorreu quando lan\u00e7amos o VW Play e, com a segunda gera\u00e7\u00e3o desse sistema, vamos al\u00e9m. Ser\u00e1 uma evolu\u00e7\u00e3o baseada na experi\u00eancia dos usu\u00e1rios e pensada nos benef\u00edcios reais do cliente\u201d afirma Ciro Possobom.<\/p>\n<p>&nbsp;<\/p>\n<p>O VW Play estreou mundialmente em 2020, com o Nivus, e sua nova gera\u00e7\u00e3o trar\u00e1 novidades como o carro conectado, telas maiores e com mais resolu\u00e7\u00e3o e ainda mais capacidade de processamento.<\/p>\n<p>&nbsp;<\/p>\n<p>Desenvolvido na Am\u00e9rica Latina, o VW Play \u00e9 um projeto global, presente em ve\u00edculos do Grupo Volkswagen em mais de 70 pa\u00edses. O desenvolvimento da nova gera\u00e7\u00e3o da plataforma contar\u00e1 com um time de cerca de 20 pessoas e tem como objetivo oferecer mais autonomia de software e maior n\u00edvel de nacionaliza\u00e7\u00e3o do sistema.<\/p>\n<p>&nbsp;<\/p>\n<p>\u201cO sistema de infotainment VW Play foi o primeiro infotainment a oferecer um ambiente virtual exclusivo para os clientes Volkswagen, com aplicativos e servi\u00e7os in\u00e9ditos em um ve\u00edculo, sempre com o objetivo de oferecer uma experi\u00eancia digital simples, segura e divertida. A evolu\u00e7\u00e3o desse sistema faz parte de uma estrat\u00e9gia robusta da Volkswagen em oferecer ainda mais tecnologia, inova\u00e7\u00e3o e conveni\u00eancia para os clientes da marca\u201d, explica Matthias Michniacki.<\/p>\n<p>&nbsp;<\/p>\n<p>Roberto Soboll2, do Instituto Eldorado, acrescenta: \u201ca parceria demonstra a relev\u00e2ncia do Brasil no desenvolvimento de plataformas globais de software. Junto com a Volkswagen, o Eldorado far\u00e1 uso de sua ampla experi\u00eancia em pesquisa e desenvolvimento de tecnologias inovadoras, trabalhando na evolu\u00e7\u00e3o do sistema de infotainment VW Play\u201d.<\/p>\n<p>&nbsp;<\/p>\n<p>No mercado brasileiro, o VW Play est\u00e1 presente atualmente nos modelos Polo, Virtus, Nivus, T-Cross, Taos e Jetta GLI.<\/p>\n<p>&nbsp;<\/p>\n<p><strong>Volkswagen do Brasil <\/strong><\/p>\n<p>&nbsp;<\/p>\n<p>Presente na vida, no cora\u00e7\u00e3o e na garagem dos brasileiros h\u00e1 69 anos, a Volkswagen \u00e9 a maior produtora de autom\u00f3veis do Brasil, com mais de 24 milh\u00f5es de ve\u00edculos fabricados, e a maior exportadora da hist\u00f3ria, ultrapassando a marca de quatro milh\u00f5es de carros embarcados. Com capacidade para desenvolver e produzir ve\u00edculos de forma completa, seus produtos se destacam pela seguran\u00e7a, tecnologia e design, como o novo Polo, Virtus, Taos, Nivus e T-Cross, estes \u00faltimos modelos juntos alcan\u00e7aram a lideran\u00e7a no segmento SUVs compactos no mercado brasileiro em 2021. No Brasil, a empresa possui quatro f\u00e1bricas e um centro de distribui\u00e7\u00e3o de pe\u00e7as e acess\u00f3rios, al\u00e9m de cerca de 500 concession\u00e1rias. Em constante evolu\u00e7\u00e3o tecnol\u00f3gica, a empresa investe permanentemente na mobilidade sustent\u00e1vel, na conectividade e na digitaliza\u00e7\u00e3o como temas estrat\u00e9gicos para o futuro.<\/p>\n<p>&nbsp;<\/p>\n<p><strong>Instituto de Pesquisas Eldorado <\/strong><\/p>\n<p><strong>\u00a0<\/strong><\/p>\n<p>Refer\u00eancia em Pesquisa, Desenvolvimento e Inova\u00e7\u00e3o no Brasil, o Eldorado possui 23 anos de experi\u00eancia na cria\u00e7\u00e3o de solu\u00e7\u00f5es inovadoras para empresas nacionais e internacionais nos segmentos de Tecnologia da Informa\u00e7\u00e3o e Comunica\u00e7\u00e3o, Automotivo, Agro, Energia, \u00d3leo &amp; G\u00e1s, Sa\u00fade e Ind\u00fastria 4.0. Presente em Campinas, Manaus, Porto Alegre e Bras\u00edlia, o Eldorado possui laborat\u00f3rios de classe mundial, sendo protagonista em inova\u00e7\u00e3o aberta e na catalisa\u00e7\u00e3o de fomentos e incentivos para execu\u00e7\u00e3o de projetos. O Instituto conta com mais de 1.600 profissionais especializados em \u00e1reas chaves como Microeletr\u00f4nica, Desenvolvimento de Solu\u00e7\u00f5es em Hardware e Software, Testes e Certifica\u00e7\u00f5es, al\u00e9m de Capacita\u00e7\u00e3o Tecnol\u00f3gica. O Eldorado investe intensamente na gera\u00e7\u00e3o de conhecimento e na capacita\u00e7\u00e3o de sua equipe para promover resultados diferenciados para seus clientes.<\/p>\n<p>&nbsp;<\/p>\n<p>A Embrapi \u00e9 uma Organiza\u00e7\u00e3o Social com Contrato de Gest\u00e3o com os Minist\u00e9rios de Ci\u00eancia, Tecnologia e Inova\u00e7\u00f5es (MCTI), Educa\u00e7\u00e3o (MEC), Economia (ME) e Sa\u00fade (MS). A institui\u00e7\u00e3o garante, com recursos n\u00e3o reembols\u00e1veis, parte do valor total do projeto da empresa que deseja inovar. Para viabilizar o desenvolvimento, coloca \u00e0 disposi\u00e7\u00e3o 76 Unidades EMBRAPII, centros de pesquisa de ponta credenciados e distribu\u00eddos pelo pa\u00eds. Mais de 1600 projetos j\u00e1 receberam o apoio da EMBRAPII, totalizando mais de R\uff04 2,2 bilh\u00f5es em investimentos. (Coisas de Agora)<\/p>\n","protected":false},"excerpt":{"rendered":"<p>Coisas de Agora &nbsp; A Volkswagen anuncia a parceria com o Instituto de Pesquisas Eldorado para aprofundar ainda mais as pesquisas e o desenvolvimento de novas tecnologias e Software in House. O acordo estrat\u00e9gico prev\u00ea, entre outras frentes de inova\u00e7\u00e3o, apoio ao desenvolvimento da segunda gera\u00e7\u00e3o do VW Play, sistema de infotainment que marcou o\u2026 <a class=\"readmore\" href=\"https:\/\/dana.com.br\/canaldana\/2022\/08\/04\/volkswagen-firma-parceria-para-desenvolvimento-tecnologico-com-instituto-eldorado\/\">Leia mais \u00bb<\/a><\/p>\n","protected":false},"author":3,"featured_media":0,"comment_status":"closed","ping_status":"closed","sticky":false,"template":"","format":"standard","meta":{"_acf_changed":false,"footnotes":""},"categories":[79],"tags":[],"class_list":["post-60064","post","type-post","status-publish","format-standard","hentry","category-mercado"],"acf":[],"yoast_head":"<!-- This site is optimized with the Yoast SEO plugin v27.3 - https:\/\/yoast.com\/product\/yoast-seo-wordpress\/ -->\n<title>Volkswagen firma parceria para desenvolvimento tecnol\u00f3gico com Instituto Eldorado - Canal Dana<\/title>\n<meta name=\"robots\" content=\"index, follow, max-snippet:-1, max-image-preview:large, max-video-preview:-1\" \/>\n<link rel=\"canonical\" href=\"https:\/\/dana.com.br\/canaldana\/2022\/08\/04\/volkswagen-firma-parceria-para-desenvolvimento-tecnologico-com-instituto-eldorado\/\" \/>\n<meta property=\"og:locale\" content=\"pt_BR\" \/>\n<meta property=\"og:type\" content=\"article\" \/>\n<meta property=\"og:title\" content=\"Volkswagen firma parceria para desenvolvimento tecnol\u00f3gico com Instituto Eldorado - Canal Dana\" \/>\n<meta property=\"og:description\" content=\"Coisas de Agora &nbsp; A Volkswagen anuncia a parceria com o Instituto de Pesquisas Eldorado para aprofundar ainda mais as pesquisas e o desenvolvimento de novas tecnologias e Software in House. O acordo estrat\u00e9gico prev\u00ea, entre outras frentes de inova\u00e7\u00e3o, apoio ao desenvolvimento da segunda gera\u00e7\u00e3o do VW Play, sistema de infotainment que marcou o\u2026 Leia mais \u00bb\" \/>\n<meta property=\"og:url\" content=\"https:\/\/dana.com.br\/canaldana\/2022\/08\/04\/volkswagen-firma-parceria-para-desenvolvimento-tecnologico-com-instituto-eldorado\/\" \/>\n<meta property=\"og:site_name\" content=\"Canal Dana\" \/>\n<meta property=\"article:published_time\" content=\"2022-08-04T12:21:08+00:00\" \/>\n<meta name=\"author\" content=\"Canal Dana\" \/>\n<meta name=\"twitter:card\" content=\"summary_large_image\" \/>\n<meta name=\"twitter:label1\" content=\"Escrito por\" \/>\n\t<meta name=\"twitter:data1\" content=\"Canal Dana\" \/>\n\t<meta name=\"twitter:label2\" content=\"Est. tempo de leitura\" \/>\n\t<meta name=\"twitter:data2\" content=\"4 minutos\" \/>\n<script type=\"application\/ld+json\" class=\"yoast-schema-graph\">{\"@context\":\"https:\\\/\\\/schema.org\",\"@graph\":[{\"@type\":\"Article\",\"@id\":\"https:\\\/\\\/dana.com.br\\\/canaldana\\\/2022\\\/08\\\/04\\\/volkswagen-firma-parceria-para-desenvolvimento-tecnologico-com-instituto-eldorado\\\/#article\",\"isPartOf\":{\"@id\":\"https:\\\/\\\/dana.com.br\\\/canaldana\\\/2022\\\/08\\\/04\\\/volkswagen-firma-parceria-para-desenvolvimento-tecnologico-com-instituto-eldorado\\\/\"},\"author\":{\"name\":\"Canal Dana\",\"@id\":\"https:\\\/\\\/dana.com.br\\\/canaldana\\\/#\\\/schema\\\/person\\\/3c21f22f56fcf3bc46b94bc60ea4fef6\"},\"headline\":\"Volkswagen firma parceria para desenvolvimento tecnol\u00f3gico com Instituto Eldorado\",\"datePublished\":\"2022-08-04T12:21:08+00:00\",\"mainEntityOfPage\":{\"@id\":\"https:\\\/\\\/dana.com.br\\\/canaldana\\\/2022\\\/08\\\/04\\\/volkswagen-firma-parceria-para-desenvolvimento-tecnologico-com-instituto-eldorado\\\/\"},\"wordCount\":875,\"articleSection\":[\"Mercado\"],\"inLanguage\":\"pt-BR\"},{\"@type\":\"WebPage\",\"@id\":\"https:\\\/\\\/dana.com.br\\\/canaldana\\\/2022\\\/08\\\/04\\\/volkswagen-firma-parceria-para-desenvolvimento-tecnologico-com-instituto-eldorado\\\/\",\"url\":\"https:\\\/\\\/dana.com.br\\\/canaldana\\\/2022\\\/08\\\/04\\\/volkswagen-firma-parceria-para-desenvolvimento-tecnologico-com-instituto-eldorado\\\/\",\"name\":\"Volkswagen firma parceria para desenvolvimento tecnol\u00f3gico com Instituto Eldorado - Canal Dana\",\"isPartOf\":{\"@id\":\"https:\\\/\\\/dana.com.br\\\/canaldana\\\/#website\"},\"datePublished\":\"2022-08-04T12:21:08+00:00\",\"author\":{\"@id\":\"https:\\\/\\\/dana.com.br\\\/canaldana\\\/#\\\/schema\\\/person\\\/3c21f22f56fcf3bc46b94bc60ea4fef6\"},\"breadcrumb\":{\"@id\":\"https:\\\/\\\/dana.com.br\\\/canaldana\\\/2022\\\/08\\\/04\\\/volkswagen-firma-parceria-para-desenvolvimento-tecnologico-com-instituto-eldorado\\\/#breadcrumb\"},\"inLanguage\":\"pt-BR\",\"potentialAction\":[{\"@type\":\"ReadAction\",\"target\":[\"https:\\\/\\\/dana.com.br\\\/canaldana\\\/2022\\\/08\\\/04\\\/volkswagen-firma-parceria-para-desenvolvimento-tecnologico-com-instituto-eldorado\\\/\"]}]},{\"@type\":\"BreadcrumbList\",\"@id\":\"https:\\\/\\\/dana.com.br\\\/canaldana\\\/2022\\\/08\\\/04\\\/volkswagen-firma-parceria-para-desenvolvimento-tecnologico-com-instituto-eldorado\\\/#breadcrumb\",\"itemListElement\":[{\"@type\":\"ListItem\",\"position\":1,\"name\":\"Home\",\"item\":\"https:\\\/\\\/dana.com.br\\\/canaldana\\\/\"},{\"@type\":\"ListItem\",\"position\":2,\"name\":\"Mercado\",\"item\":\"https:\\\/\\\/dana.com.br\\\/canaldana\\\/mercado\\\/\"},{\"@type\":\"ListItem\",\"position\":3,\"name\":\"Volkswagen firma parceria para desenvolvimento tecnol\u00f3gico com Instituto Eldorado\"}]},{\"@type\":\"WebSite\",\"@id\":\"https:\\\/\\\/dana.com.br\\\/canaldana\\\/#website\",\"url\":\"https:\\\/\\\/dana.com.br\\\/canaldana\\\/\",\"name\":\"Canal Dana\",\"description\":\"Informativo com as principais not\u00edcias da ind\u00fastria automotiva\",\"potentialAction\":[{\"@type\":\"SearchAction\",\"target\":{\"@type\":\"EntryPoint\",\"urlTemplate\":\"https:\\\/\\\/dana.com.br\\\/canaldana\\\/?s={search_term_string}\"},\"query-input\":{\"@type\":\"PropertyValueSpecification\",\"valueRequired\":true,\"valueName\":\"search_term_string\"}}],\"inLanguage\":\"pt-BR\"},{\"@type\":\"Person\",\"@id\":\"https:\\\/\\\/dana.com.br\\\/canaldana\\\/#\\\/schema\\\/person\\\/3c21f22f56fcf3bc46b94bc60ea4fef6\",\"name\":\"Canal Dana\",\"image\":{\"@type\":\"ImageObject\",\"inLanguage\":\"pt-BR\",\"@id\":\"https:\\\/\\\/secure.gravatar.com\\\/avatar\\\/420aaf9278582877d9018637c6817617705899d2858d7572ef0fe59a6b6454b4?s=96&d=mm&r=g\",\"url\":\"https:\\\/\\\/secure.gravatar.com\\\/avatar\\\/420aaf9278582877d9018637c6817617705899d2858d7572ef0fe59a6b6454b4?s=96&d=mm&r=g\",\"contentUrl\":\"https:\\\/\\\/secure.gravatar.com\\\/avatar\\\/420aaf9278582877d9018637c6817617705899d2858d7572ef0fe59a6b6454b4?s=96&d=mm&r=g\",\"caption\":\"Canal Dana\"},\"url\":\"https:\\\/\\\/dana.com.br\\\/canaldana\\\/author\\\/cdeditor\\\/\"}]}<\/script>\n<!-- \/ Yoast SEO plugin. -->","yoast_head_json":{"title":"Volkswagen firma parceria para desenvolvimento tecnol\u00f3gico com Instituto Eldorado - Canal Dana","robots":{"index":"index","follow":"follow","max-snippet":"max-snippet:-1","max-image-preview":"max-image-preview:large","max-video-preview":"max-video-preview:-1"},"canonical":"https:\/\/dana.com.br\/canaldana\/2022\/08\/04\/volkswagen-firma-parceria-para-desenvolvimento-tecnologico-com-instituto-eldorado\/","og_locale":"pt_BR","og_type":"article","og_title":"Volkswagen firma parceria para desenvolvimento tecnol\u00f3gico com Instituto Eldorado - Canal Dana","og_description":"Coisas de Agora &nbsp; A Volkswagen anuncia a parceria com o Instituto de Pesquisas Eldorado para aprofundar ainda mais as pesquisas e o desenvolvimento de novas tecnologias e Software in House. O acordo estrat\u00e9gico prev\u00ea, entre outras frentes de inova\u00e7\u00e3o, apoio ao desenvolvimento da segunda gera\u00e7\u00e3o do VW Play, sistema de infotainment que marcou o\u2026 Leia mais \u00bb","og_url":"https:\/\/dana.com.br\/canaldana\/2022\/08\/04\/volkswagen-firma-parceria-para-desenvolvimento-tecnologico-com-instituto-eldorado\/","og_site_name":"Canal Dana","article_published_time":"2022-08-04T12:21:08+00:00","author":"Canal Dana","twitter_card":"summary_large_image","twitter_misc":{"Escrito por":"Canal Dana","Est. tempo de leitura":"4 minutos"},"schema":{"@context":"https:\/\/schema.org","@graph":[{"@type":"Article","@id":"https:\/\/dana.com.br\/canaldana\/2022\/08\/04\/volkswagen-firma-parceria-para-desenvolvimento-tecnologico-com-instituto-eldorado\/#article","isPartOf":{"@id":"https:\/\/dana.com.br\/canaldana\/2022\/08\/04\/volkswagen-firma-parceria-para-desenvolvimento-tecnologico-com-instituto-eldorado\/"},"author":{"name":"Canal Dana","@id":"https:\/\/dana.com.br\/canaldana\/#\/schema\/person\/3c21f22f56fcf3bc46b94bc60ea4fef6"},"headline":"Volkswagen firma parceria para desenvolvimento tecnol\u00f3gico com Instituto Eldorado","datePublished":"2022-08-04T12:21:08+00:00","mainEntityOfPage":{"@id":"https:\/\/dana.com.br\/canaldana\/2022\/08\/04\/volkswagen-firma-parceria-para-desenvolvimento-tecnologico-com-instituto-eldorado\/"},"wordCount":875,"articleSection":["Mercado"],"inLanguage":"pt-BR"},{"@type":"WebPage","@id":"https:\/\/dana.com.br\/canaldana\/2022\/08\/04\/volkswagen-firma-parceria-para-desenvolvimento-tecnologico-com-instituto-eldorado\/","url":"https:\/\/dana.com.br\/canaldana\/2022\/08\/04\/volkswagen-firma-parceria-para-desenvolvimento-tecnologico-com-instituto-eldorado\/","name":"Volkswagen firma parceria para desenvolvimento tecnol\u00f3gico com Instituto Eldorado - Canal Dana","isPartOf":{"@id":"https:\/\/dana.com.br\/canaldana\/#website"},"datePublished":"2022-08-04T12:21:08+00:00","author":{"@id":"https:\/\/dana.com.br\/canaldana\/#\/schema\/person\/3c21f22f56fcf3bc46b94bc60ea4fef6"},"breadcrumb":{"@id":"https:\/\/dana.com.br\/canaldana\/2022\/08\/04\/volkswagen-firma-parceria-para-desenvolvimento-tecnologico-com-instituto-eldorado\/#breadcrumb"},"inLanguage":"pt-BR","potentialAction":[{"@type":"ReadAction","target":["https:\/\/dana.com.br\/canaldana\/2022\/08\/04\/volkswagen-firma-parceria-para-desenvolvimento-tecnologico-com-instituto-eldorado\/"]}]},{"@type":"BreadcrumbList","@id":"https:\/\/dana.com.br\/canaldana\/2022\/08\/04\/volkswagen-firma-parceria-para-desenvolvimento-tecnologico-com-instituto-eldorado\/#breadcrumb","itemListElement":[{"@type":"ListItem","position":1,"name":"Home","item":"https:\/\/dana.com.br\/canaldana\/"},{"@type":"ListItem","position":2,"name":"Mercado","item":"https:\/\/dana.com.br\/canaldana\/mercado\/"},{"@type":"ListItem","position":3,"name":"Volkswagen firma parceria para desenvolvimento tecnol\u00f3gico com Instituto Eldorado"}]},{"@type":"WebSite","@id":"https:\/\/dana.com.br\/canaldana\/#website","url":"https:\/\/dana.com.br\/canaldana\/","name":"Canal Dana","description":"Informativo com as principais not\u00edcias da ind\u00fastria automotiva","potentialAction":[{"@type":"SearchAction","target":{"@type":"EntryPoint","urlTemplate":"https:\/\/dana.com.br\/canaldana\/?s={search_term_string}"},"query-input":{"@type":"PropertyValueSpecification","valueRequired":true,"valueName":"search_term_string"}}],"inLanguage":"pt-BR"},{"@type":"Person","@id":"https:\/\/dana.com.br\/canaldana\/#\/schema\/person\/3c21f22f56fcf3bc46b94bc60ea4fef6","name":"Canal Dana","image":{"@type":"ImageObject","inLanguage":"pt-BR","@id":"https:\/\/secure.gravatar.com\/avatar\/420aaf9278582877d9018637c6817617705899d2858d7572ef0fe59a6b6454b4?s=96&d=mm&r=g","url":"https:\/\/secure.gravatar.com\/avatar\/420aaf9278582877d9018637c6817617705899d2858d7572ef0fe59a6b6454b4?s=96&d=mm&r=g","contentUrl":"https:\/\/secure.gravatar.com\/avatar\/420aaf9278582877d9018637c6817617705899d2858d7572ef0fe59a6b6454b4?s=96&d=mm&r=g","caption":"Canal Dana"},"url":"https:\/\/dana.com.br\/canaldana\/author\/cdeditor\/"}]}},"_links":{"self":[{"href":"https:\/\/dana.com.br\/canaldana\/wp-json\/wp\/v2\/posts\/60064","targetHints":{"allow":["GET"]}}],"collection":[{"href":"https:\/\/dana.com.br\/canaldana\/wp-json\/wp\/v2\/posts"}],"about":[{"href":"https:\/\/dana.com.br\/canaldana\/wp-json\/wp\/v2\/types\/post"}],"author":[{"embeddable":true,"href":"https:\/\/dana.com.br\/canaldana\/wp-json\/wp\/v2\/users\/3"}],"replies":[{"embeddable":true,"href":"https:\/\/dana.com.br\/canaldana\/wp-json\/wp\/v2\/comments?post=60064"}],"version-history":[{"count":0,"href":"https:\/\/dana.com.br\/canaldana\/wp-json\/wp\/v2\/posts\/60064\/revisions"}],"wp:attachment":[{"href":"https:\/\/dana.com.br\/canaldana\/wp-json\/wp\/v2\/media?parent=60064"}],"wp:term":[{"taxonomy":"category","embeddable":true,"href":"https:\/\/dana.com.br\/canaldana\/wp-json\/wp\/v2\/categories?post=60064"},{"taxonomy":"post_tag","embeddable":true,"href":"https:\/\/dana.com.br\/canaldana\/wp-json\/wp\/v2\/tags?post=60064"}],"curies":[{"name":"wp","href":"https:\/\/api.w.org\/{rel}","templated":true}]}}