{"id":59978,"date":"2022-08-01T09:01:55","date_gmt":"2022-08-01T12:01:55","guid":{"rendered":"https:\/\/dana.com.br\/canaldana\/?p=59978"},"modified":"2022-08-01T09:01:55","modified_gmt":"2022-08-01T12:01:55","slug":"gasolina-tem-queda-de-25-apos-nova-reducao-de-preco-pela-petrobras","status":"publish","type":"post","link":"https:\/\/dana.com.br\/canaldana\/2022\/08\/01\/gasolina-tem-queda-de-25-apos-nova-reducao-de-preco-pela-petrobras\/","title":{"rendered":"Gasolina tem queda de 2,5% ap\u00f3s nova redu\u00e7\u00e3o de pre\u00e7o pela Petrobras"},"content":{"rendered":"<p><em>O Estado de S. Paulo <\/em><\/p>\n<p>&nbsp;<\/p>\n<p>O pre\u00e7o da gasolina continua em trajet\u00f3ria de queda e caiu 2,5% na semana de 24 a 30 de julho, segundo levantamento da Ag\u00eancia Nacional do Petr\u00f3leo, G\u00e1s Natural e Biocombust\u00edveis (ANP). O litro do combust\u00edvel recuou em m\u00e9dia de R$ 5,89 para R$ 5,74 no per\u00edodo.<\/p>\n<p>&nbsp;<\/p>\n<p>No primeiro dia da vig\u00eancia da redu\u00e7\u00e3o de 3,9% no pre\u00e7o da gasolina nas refinarias da Petrobras, que segue outro corte feito na semana passada, de 4,9%, o combust\u00edvel se mantinha 3% acima do pre\u00e7o praticado no mercado internacional, segundo a Associa\u00e7\u00e3o Brasileira dos Importadores de Combust\u00edveis (Abicom).<\/p>\n<p>&nbsp;<\/p>\n<p>Segundo a entidade, para atingir a paridade o pre\u00e7o poderia cair mais R$ 0,15 por litro.<\/p>\n<p>&nbsp;<\/p>\n<p>Veja o pre\u00e7o m\u00e9dio do litro da gasolina por Estado:<\/p>\n<p>&nbsp;<\/p>\n<p>Acre &#8211; R$ 6,10<\/p>\n<p>Alagoas &#8211; R$ 5,87<\/p>\n<p>Amap\u00e1 &#8211; R$ 5,22<\/p>\n<p>Amazonas &#8211; R$ 5,86<\/p>\n<p>Bahia &#8211; R$ 6,04<\/p>\n<p>Cear\u00e1 &#8211; R$ 6,01<\/p>\n<p>Distrito Federal &#8211; R$ 5,91<\/p>\n<p>Esp\u00edrito Santo &#8211; R$ 5,83<\/p>\n<p>Goi\u00e1s &#8211; R$ 5,6<\/p>\n<p>Maranh\u00e3o- R$ 5,76<\/p>\n<p>Mato Grosso &#8211; R$ 5,79<\/p>\n<p>Mato Grosso do Sul &#8211; R$ 5,37<\/p>\n<p>Minas Gerais &#8211; R$ 5,61<\/p>\n<p>Par\u00e1 &#8211; R$ 5,82<\/p>\n<p>Para\u00edba &#8211; R$ 5,72<\/p>\n<p>Paran\u00e1 &#8211; R$ 5,66<\/p>\n<p>Pernambuco &#8211; R$ 5,89<\/p>\n<p>Piau\u00ed &#8211; R$ 5,94<\/p>\n<p>Rio de Janeiro &#8211; R$ 5,84<\/p>\n<p>Rio Grande do Norte &#8211; R$ 6,21<\/p>\n<p>Rio Grande do Sul &#8211; R$ 5,65<\/p>\n<p>Rond\u00f4nia &#8211; R$ 5,73<\/p>\n<p>Roraima &#8211; R$ 5,95<\/p>\n<p>Santa Catarina &#8211; R$ 5,68<\/p>\n<p>S\u00e3o Paulo &#8211; R$ 5,65<\/p>\n<p>Sergipe &#8211; R$ 5,57<\/p>\n<p>Tocantins &#8211; R$ 6,01<\/p>\n<p>&nbsp;<\/p>\n<p><strong>Diesel<\/strong><\/p>\n<p>&nbsp;<\/p>\n<p>J\u00e1 o pre\u00e7o m\u00e9dio do \u00f3leo diesel S10, que se encontra pressionado no mercado internacional, devido ao aumento da demanda, se manteve praticamente est\u00e1vel, com ligeira redu\u00e7\u00e3o de R$ 7,55 para R$ 7,51 o litro na mesma semana. O diesel S10, menos poluente, \u00e9 o tipo de diesel mais consumido no Pa\u00eds.<\/p>\n<p>&nbsp;<\/p>\n<p>O pre\u00e7o do combust\u00edvel no Brasil est\u00e1 5% acima do pre\u00e7o externo, informa a Abicom, e poderia haver uma redu\u00e7\u00e3o de R$ 0,24 por litro.<\/p>\n<p>&nbsp;<\/p>\n<p>O pre\u00e7o do G\u00e1s Liquefeito de Petr\u00f3leo (GLP) de 13 quilos, o g\u00e1s de cozinha, tamb\u00e9m n\u00e3o teve altera\u00e7\u00e3o expressiva. Em m\u00e9dia, o botij\u00e3o foi encontrado pela ag\u00eancia a R$ 111,75 contra R$ 111,80 na semana anterior.<\/p>\n<p>&nbsp;<\/p>\n<p>J\u00e1 pre\u00e7o m\u00e9dio do litro de etanol chegou a R$ 4,21 na semana de 24 a 30 de julho. O valor representa um recuo de 2,55%, em rela\u00e7\u00e3o ao pre\u00e7o m\u00e9dio do litro do combust\u00edvel, de R$ 4,32, registrado na semana anterior (17 a 23 de julho). (O Estado de S. Paulo\/Denise Luna)<\/p>\n","protected":false},"excerpt":{"rendered":"<p>O Estado de S. Paulo &nbsp; O pre\u00e7o da gasolina continua em trajet\u00f3ria de queda e caiu 2,5% na semana de 24 a 30 de julho, segundo levantamento da Ag\u00eancia Nacional do Petr\u00f3leo, G\u00e1s Natural e Biocombust\u00edveis (ANP). O litro do combust\u00edvel recuou em m\u00e9dia de R$ 5,89 para R$ 5,74 no per\u00edodo. &nbsp; No\u2026 <a class=\"readmore\" href=\"https:\/\/dana.com.br\/canaldana\/2022\/08\/01\/gasolina-tem-queda-de-25-apos-nova-reducao-de-preco-pela-petrobras\/\">Leia mais \u00bb<\/a><\/p>\n","protected":false},"author":3,"featured_media":0,"comment_status":"closed","ping_status":"closed","sticky":false,"template":"","format":"standard","meta":{"_acf_changed":false,"footnotes":""},"categories":[79],"tags":[],"class_list":["post-59978","post","type-post","status-publish","format-standard","hentry","category-mercado"],"acf":[],"yoast_head":"<!-- This site is optimized with the Yoast SEO plugin v27.3 - https:\/\/yoast.com\/product\/yoast-seo-wordpress\/ -->\n<title>Gasolina tem queda de 2,5% ap\u00f3s nova redu\u00e7\u00e3o de pre\u00e7o pela Petrobras - Canal Dana<\/title>\n<meta name=\"robots\" content=\"index, follow, max-snippet:-1, max-image-preview:large, max-video-preview:-1\" \/>\n<link rel=\"canonical\" href=\"https:\/\/dana.com.br\/canaldana\/2022\/08\/01\/gasolina-tem-queda-de-25-apos-nova-reducao-de-preco-pela-petrobras\/\" \/>\n<meta property=\"og:locale\" content=\"pt_BR\" \/>\n<meta property=\"og:type\" content=\"article\" \/>\n<meta property=\"og:title\" content=\"Gasolina tem queda de 2,5% ap\u00f3s nova redu\u00e7\u00e3o de pre\u00e7o pela Petrobras - Canal Dana\" \/>\n<meta property=\"og:description\" content=\"O Estado de S. Paulo &nbsp; O pre\u00e7o da gasolina continua em trajet\u00f3ria de queda e caiu 2,5% na semana de 24 a 30 de julho, segundo levantamento da Ag\u00eancia Nacional do Petr\u00f3leo, G\u00e1s Natural e Biocombust\u00edveis (ANP). O litro do combust\u00edvel recuou em m\u00e9dia de R$ 5,89 para R$ 5,74 no per\u00edodo. &nbsp; No\u2026 Leia mais \u00bb\" \/>\n<meta property=\"og:url\" content=\"https:\/\/dana.com.br\/canaldana\/2022\/08\/01\/gasolina-tem-queda-de-25-apos-nova-reducao-de-preco-pela-petrobras\/\" \/>\n<meta property=\"og:site_name\" content=\"Canal Dana\" \/>\n<meta property=\"article:published_time\" content=\"2022-08-01T12:01:55+00:00\" \/>\n<meta name=\"author\" content=\"Canal Dana\" \/>\n<meta name=\"twitter:card\" content=\"summary_large_image\" \/>\n<meta name=\"twitter:label1\" content=\"Escrito por\" \/>\n\t<meta name=\"twitter:data1\" content=\"Canal Dana\" \/>\n\t<meta name=\"twitter:label2\" content=\"Est. tempo de leitura\" \/>\n\t<meta name=\"twitter:data2\" content=\"2 minutos\" \/>\n<script type=\"application\/ld+json\" class=\"yoast-schema-graph\">{\"@context\":\"https:\\\/\\\/schema.org\",\"@graph\":[{\"@type\":\"Article\",\"@id\":\"https:\\\/\\\/dana.com.br\\\/canaldana\\\/2022\\\/08\\\/01\\\/gasolina-tem-queda-de-25-apos-nova-reducao-de-preco-pela-petrobras\\\/#article\",\"isPartOf\":{\"@id\":\"https:\\\/\\\/dana.com.br\\\/canaldana\\\/2022\\\/08\\\/01\\\/gasolina-tem-queda-de-25-apos-nova-reducao-de-preco-pela-petrobras\\\/\"},\"author\":{\"name\":\"Canal Dana\",\"@id\":\"https:\\\/\\\/dana.com.br\\\/canaldana\\\/#\\\/schema\\\/person\\\/3c21f22f56fcf3bc46b94bc60ea4fef6\"},\"headline\":\"Gasolina tem queda de 2,5% ap\u00f3s nova redu\u00e7\u00e3o de pre\u00e7o pela Petrobras\",\"datePublished\":\"2022-08-01T12:01:55+00:00\",\"mainEntityOfPage\":{\"@id\":\"https:\\\/\\\/dana.com.br\\\/canaldana\\\/2022\\\/08\\\/01\\\/gasolina-tem-queda-de-25-apos-nova-reducao-de-preco-pela-petrobras\\\/\"},\"wordCount\":442,\"articleSection\":[\"Mercado\"],\"inLanguage\":\"pt-BR\"},{\"@type\":\"WebPage\",\"@id\":\"https:\\\/\\\/dana.com.br\\\/canaldana\\\/2022\\\/08\\\/01\\\/gasolina-tem-queda-de-25-apos-nova-reducao-de-preco-pela-petrobras\\\/\",\"url\":\"https:\\\/\\\/dana.com.br\\\/canaldana\\\/2022\\\/08\\\/01\\\/gasolina-tem-queda-de-25-apos-nova-reducao-de-preco-pela-petrobras\\\/\",\"name\":\"Gasolina tem queda de 2,5% ap\u00f3s nova redu\u00e7\u00e3o de pre\u00e7o pela Petrobras - Canal Dana\",\"isPartOf\":{\"@id\":\"https:\\\/\\\/dana.com.br\\\/canaldana\\\/#website\"},\"datePublished\":\"2022-08-01T12:01:55+00:00\",\"author\":{\"@id\":\"https:\\\/\\\/dana.com.br\\\/canaldana\\\/#\\\/schema\\\/person\\\/3c21f22f56fcf3bc46b94bc60ea4fef6\"},\"breadcrumb\":{\"@id\":\"https:\\\/\\\/dana.com.br\\\/canaldana\\\/2022\\\/08\\\/01\\\/gasolina-tem-queda-de-25-apos-nova-reducao-de-preco-pela-petrobras\\\/#breadcrumb\"},\"inLanguage\":\"pt-BR\",\"potentialAction\":[{\"@type\":\"ReadAction\",\"target\":[\"https:\\\/\\\/dana.com.br\\\/canaldana\\\/2022\\\/08\\\/01\\\/gasolina-tem-queda-de-25-apos-nova-reducao-de-preco-pela-petrobras\\\/\"]}]},{\"@type\":\"BreadcrumbList\",\"@id\":\"https:\\\/\\\/dana.com.br\\\/canaldana\\\/2022\\\/08\\\/01\\\/gasolina-tem-queda-de-25-apos-nova-reducao-de-preco-pela-petrobras\\\/#breadcrumb\",\"itemListElement\":[{\"@type\":\"ListItem\",\"position\":1,\"name\":\"Home\",\"item\":\"https:\\\/\\\/dana.com.br\\\/canaldana\\\/\"},{\"@type\":\"ListItem\",\"position\":2,\"name\":\"Mercado\",\"item\":\"https:\\\/\\\/dana.com.br\\\/canaldana\\\/mercado\\\/\"},{\"@type\":\"ListItem\",\"position\":3,\"name\":\"Gasolina tem queda de 2,5% ap\u00f3s nova redu\u00e7\u00e3o de pre\u00e7o pela Petrobras\"}]},{\"@type\":\"WebSite\",\"@id\":\"https:\\\/\\\/dana.com.br\\\/canaldana\\\/#website\",\"url\":\"https:\\\/\\\/dana.com.br\\\/canaldana\\\/\",\"name\":\"Canal Dana\",\"description\":\"Informativo com as principais not\u00edcias da ind\u00fastria automotiva\",\"potentialAction\":[{\"@type\":\"SearchAction\",\"target\":{\"@type\":\"EntryPoint\",\"urlTemplate\":\"https:\\\/\\\/dana.com.br\\\/canaldana\\\/?s={search_term_string}\"},\"query-input\":{\"@type\":\"PropertyValueSpecification\",\"valueRequired\":true,\"valueName\":\"search_term_string\"}}],\"inLanguage\":\"pt-BR\"},{\"@type\":\"Person\",\"@id\":\"https:\\\/\\\/dana.com.br\\\/canaldana\\\/#\\\/schema\\\/person\\\/3c21f22f56fcf3bc46b94bc60ea4fef6\",\"name\":\"Canal Dana\",\"image\":{\"@type\":\"ImageObject\",\"inLanguage\":\"pt-BR\",\"@id\":\"https:\\\/\\\/secure.gravatar.com\\\/avatar\\\/420aaf9278582877d9018637c6817617705899d2858d7572ef0fe59a6b6454b4?s=96&d=mm&r=g\",\"url\":\"https:\\\/\\\/secure.gravatar.com\\\/avatar\\\/420aaf9278582877d9018637c6817617705899d2858d7572ef0fe59a6b6454b4?s=96&d=mm&r=g\",\"contentUrl\":\"https:\\\/\\\/secure.gravatar.com\\\/avatar\\\/420aaf9278582877d9018637c6817617705899d2858d7572ef0fe59a6b6454b4?s=96&d=mm&r=g\",\"caption\":\"Canal Dana\"},\"url\":\"https:\\\/\\\/dana.com.br\\\/canaldana\\\/author\\\/cdeditor\\\/\"}]}<\/script>\n<!-- \/ Yoast SEO plugin. -->","yoast_head_json":{"title":"Gasolina tem queda de 2,5% ap\u00f3s nova redu\u00e7\u00e3o de pre\u00e7o pela Petrobras - Canal Dana","robots":{"index":"index","follow":"follow","max-snippet":"max-snippet:-1","max-image-preview":"max-image-preview:large","max-video-preview":"max-video-preview:-1"},"canonical":"https:\/\/dana.com.br\/canaldana\/2022\/08\/01\/gasolina-tem-queda-de-25-apos-nova-reducao-de-preco-pela-petrobras\/","og_locale":"pt_BR","og_type":"article","og_title":"Gasolina tem queda de 2,5% ap\u00f3s nova redu\u00e7\u00e3o de pre\u00e7o pela Petrobras - Canal Dana","og_description":"O Estado de S. Paulo &nbsp; O pre\u00e7o da gasolina continua em trajet\u00f3ria de queda e caiu 2,5% na semana de 24 a 30 de julho, segundo levantamento da Ag\u00eancia Nacional do Petr\u00f3leo, G\u00e1s Natural e Biocombust\u00edveis (ANP). O litro do combust\u00edvel recuou em m\u00e9dia de R$ 5,89 para R$ 5,74 no per\u00edodo. &nbsp; No\u2026 Leia mais \u00bb","og_url":"https:\/\/dana.com.br\/canaldana\/2022\/08\/01\/gasolina-tem-queda-de-25-apos-nova-reducao-de-preco-pela-petrobras\/","og_site_name":"Canal Dana","article_published_time":"2022-08-01T12:01:55+00:00","author":"Canal Dana","twitter_card":"summary_large_image","twitter_misc":{"Escrito por":"Canal Dana","Est. tempo de leitura":"2 minutos"},"schema":{"@context":"https:\/\/schema.org","@graph":[{"@type":"Article","@id":"https:\/\/dana.com.br\/canaldana\/2022\/08\/01\/gasolina-tem-queda-de-25-apos-nova-reducao-de-preco-pela-petrobras\/#article","isPartOf":{"@id":"https:\/\/dana.com.br\/canaldana\/2022\/08\/01\/gasolina-tem-queda-de-25-apos-nova-reducao-de-preco-pela-petrobras\/"},"author":{"name":"Canal Dana","@id":"https:\/\/dana.com.br\/canaldana\/#\/schema\/person\/3c21f22f56fcf3bc46b94bc60ea4fef6"},"headline":"Gasolina tem queda de 2,5% ap\u00f3s nova redu\u00e7\u00e3o de pre\u00e7o pela Petrobras","datePublished":"2022-08-01T12:01:55+00:00","mainEntityOfPage":{"@id":"https:\/\/dana.com.br\/canaldana\/2022\/08\/01\/gasolina-tem-queda-de-25-apos-nova-reducao-de-preco-pela-petrobras\/"},"wordCount":442,"articleSection":["Mercado"],"inLanguage":"pt-BR"},{"@type":"WebPage","@id":"https:\/\/dana.com.br\/canaldana\/2022\/08\/01\/gasolina-tem-queda-de-25-apos-nova-reducao-de-preco-pela-petrobras\/","url":"https:\/\/dana.com.br\/canaldana\/2022\/08\/01\/gasolina-tem-queda-de-25-apos-nova-reducao-de-preco-pela-petrobras\/","name":"Gasolina tem queda de 2,5% ap\u00f3s nova redu\u00e7\u00e3o de pre\u00e7o pela Petrobras - Canal Dana","isPartOf":{"@id":"https:\/\/dana.com.br\/canaldana\/#website"},"datePublished":"2022-08-01T12:01:55+00:00","author":{"@id":"https:\/\/dana.com.br\/canaldana\/#\/schema\/person\/3c21f22f56fcf3bc46b94bc60ea4fef6"},"breadcrumb":{"@id":"https:\/\/dana.com.br\/canaldana\/2022\/08\/01\/gasolina-tem-queda-de-25-apos-nova-reducao-de-preco-pela-petrobras\/#breadcrumb"},"inLanguage":"pt-BR","potentialAction":[{"@type":"ReadAction","target":["https:\/\/dana.com.br\/canaldana\/2022\/08\/01\/gasolina-tem-queda-de-25-apos-nova-reducao-de-preco-pela-petrobras\/"]}]},{"@type":"BreadcrumbList","@id":"https:\/\/dana.com.br\/canaldana\/2022\/08\/01\/gasolina-tem-queda-de-25-apos-nova-reducao-de-preco-pela-petrobras\/#breadcrumb","itemListElement":[{"@type":"ListItem","position":1,"name":"Home","item":"https:\/\/dana.com.br\/canaldana\/"},{"@type":"ListItem","position":2,"name":"Mercado","item":"https:\/\/dana.com.br\/canaldana\/mercado\/"},{"@type":"ListItem","position":3,"name":"Gasolina tem queda de 2,5% ap\u00f3s nova redu\u00e7\u00e3o de pre\u00e7o pela Petrobras"}]},{"@type":"WebSite","@id":"https:\/\/dana.com.br\/canaldana\/#website","url":"https:\/\/dana.com.br\/canaldana\/","name":"Canal Dana","description":"Informativo com as principais not\u00edcias da ind\u00fastria automotiva","potentialAction":[{"@type":"SearchAction","target":{"@type":"EntryPoint","urlTemplate":"https:\/\/dana.com.br\/canaldana\/?s={search_term_string}"},"query-input":{"@type":"PropertyValueSpecification","valueRequired":true,"valueName":"search_term_string"}}],"inLanguage":"pt-BR"},{"@type":"Person","@id":"https:\/\/dana.com.br\/canaldana\/#\/schema\/person\/3c21f22f56fcf3bc46b94bc60ea4fef6","name":"Canal Dana","image":{"@type":"ImageObject","inLanguage":"pt-BR","@id":"https:\/\/secure.gravatar.com\/avatar\/420aaf9278582877d9018637c6817617705899d2858d7572ef0fe59a6b6454b4?s=96&d=mm&r=g","url":"https:\/\/secure.gravatar.com\/avatar\/420aaf9278582877d9018637c6817617705899d2858d7572ef0fe59a6b6454b4?s=96&d=mm&r=g","contentUrl":"https:\/\/secure.gravatar.com\/avatar\/420aaf9278582877d9018637c6817617705899d2858d7572ef0fe59a6b6454b4?s=96&d=mm&r=g","caption":"Canal Dana"},"url":"https:\/\/dana.com.br\/canaldana\/author\/cdeditor\/"}]}},"_links":{"self":[{"href":"https:\/\/dana.com.br\/canaldana\/wp-json\/wp\/v2\/posts\/59978","targetHints":{"allow":["GET"]}}],"collection":[{"href":"https:\/\/dana.com.br\/canaldana\/wp-json\/wp\/v2\/posts"}],"about":[{"href":"https:\/\/dana.com.br\/canaldana\/wp-json\/wp\/v2\/types\/post"}],"author":[{"embeddable":true,"href":"https:\/\/dana.com.br\/canaldana\/wp-json\/wp\/v2\/users\/3"}],"replies":[{"embeddable":true,"href":"https:\/\/dana.com.br\/canaldana\/wp-json\/wp\/v2\/comments?post=59978"}],"version-history":[{"count":0,"href":"https:\/\/dana.com.br\/canaldana\/wp-json\/wp\/v2\/posts\/59978\/revisions"}],"wp:attachment":[{"href":"https:\/\/dana.com.br\/canaldana\/wp-json\/wp\/v2\/media?parent=59978"}],"wp:term":[{"taxonomy":"category","embeddable":true,"href":"https:\/\/dana.com.br\/canaldana\/wp-json\/wp\/v2\/categories?post=59978"},{"taxonomy":"post_tag","embeddable":true,"href":"https:\/\/dana.com.br\/canaldana\/wp-json\/wp\/v2\/tags?post=59978"}],"curies":[{"name":"wp","href":"https:\/\/api.w.org\/{rel}","templated":true}]}}