{"id":59976,"date":"2022-08-01T09:01:16","date_gmt":"2022-08-01T12:01:16","guid":{"rendered":"https:\/\/dana.com.br\/canaldana\/?p=59976"},"modified":"2022-08-01T09:01:16","modified_gmt":"2022-08-01T12:01:16","slug":"exportacoes-do-brasil-a-vizinhos-na-america-do-sul-disparam-na-retomada-pos-pandemia","status":"publish","type":"post","link":"https:\/\/dana.com.br\/canaldana\/2022\/08\/01\/exportacoes-do-brasil-a-vizinhos-na-america-do-sul-disparam-na-retomada-pos-pandemia\/","title":{"rendered":"Exporta\u00e7\u00f5es do Brasil a vizinhos na Am\u00e9rica do Sul disparam na retomada p\u00f3s-pandemia"},"content":{"rendered":"<p><em>O Estado de S. Paulo <\/em><\/p>\n<p>&nbsp;<\/p>\n<p>Com a recupera\u00e7\u00e3o da economia global ap\u00f3s ser atingida pela covid-19, o saldo comercial do Brasil com os pa\u00edses vizinhos na Am\u00e9rica do Sul saltou 64,7% em 2021, para US$ 7,3 bilh\u00f5es, e dever\u00e1 ter nova alta este ano.<\/p>\n<p>&nbsp;<\/p>\n<p>No primeiro semestre, a balan\u00e7a com os vizinhos sul-americanos teve super\u00e1vit de US$ 6,2 bilh\u00f5es, pr\u00f3ximo do valor de todo o ano passado, mostra levantamento da Associa\u00e7\u00e3o de Com\u00e9rcio Exterior do Brasil (AEB) com base nos dados do governo federal. A expectativa \u00e9 de alta do super\u00e1vit este ano.<\/p>\n<p>&nbsp;<\/p>\n<p>No ano passado, o Brasil exportou US$ 33,9 bilh\u00f5es para os pa\u00edses sul-americanos, e a AEB projeta que as vendas poder\u00e3o chegar a US$ 41 bilh\u00f5es em 2022. Se confirmado o valor, representar\u00e1 crescimento de 21% ante 2021. No primeiro semestre, foram US$ 20,3 bilh\u00f5es.<\/p>\n<p>&nbsp;<\/p>\n<p>O presidente executivo da AEB, Jos\u00e9 Augusto de Castro, v\u00ea o crescimento do super\u00e1vit comercial com os vizinhos como uma oportunidade para a ind\u00fastria nacional. Essa quest\u00e3o ser\u00e1 um dos temas de debate da 41.\u00aa edi\u00e7\u00e3o do Encontro Nacional de Com\u00e9rcio Exterior (Enaex), organizado pela entidade e marcado para novembro, em formato virtual.<\/p>\n<p>&nbsp;<\/p>\n<p>\u201cO Brasil importa 85% da ind\u00fastria de transforma\u00e7\u00e3o. Ao contr\u00e1rio, nas exporta\u00e7\u00f5es, o principal produto s\u00e3o \u2018commodities\u2019, mas o mercado da Am\u00e9rica do Sul comporta outros produtos\u201d, afirma Castro.<\/p>\n<p>&nbsp;<\/p>\n<p>As exporta\u00e7\u00f5es para a Am\u00e9rica do Sul s\u00e3o formadas, principalmente, por manufaturados \u2013 autom\u00f3veis, m\u00e1quinas e equipamentos e alimentos. As importa\u00e7\u00f5es se concentram nas mat\u00e9rias-primas \u2013 trigo da Argentina, cobre do Chile, eletricidade do Paraguai (por causa da usina hidrel\u00e9trica binacional de Itaipu) e g\u00e1s natural da Bol\u00edvia.<\/p>\n<p>&nbsp;<\/p>\n<p><strong>Recess\u00e3o global<\/strong><\/p>\n<p>&nbsp;<\/p>\n<p>Conforme Castro, o super\u00e1vit tende a ser maior do que em 2021 porque \u00e9 prov\u00e1vel que haja alguma estabilidade nas importa\u00e7\u00f5es, diante da esperada acomoda\u00e7\u00e3o, ou at\u00e9 redu\u00e7\u00e3o, nos pre\u00e7os das mat\u00e9rias-primas, como trigo e cobre, por causa da expectativa de recess\u00e3o global.<\/p>\n<p>&nbsp;<\/p>\n<p>At\u00e9 agora, a conjuntura da economia global em meio aos desequil\u00edbrios provocados pela pandemia e refor\u00e7ados pela guerra na Ucr\u00e2nia foi favor\u00e1vel para as trocas comerciais com a Am\u00e9rica do Sul. Assim como o Brasil, os pa\u00edses vizinhos s\u00e3o, primordialmente, exportadores de mat\u00e9rias-primas, cujos pre\u00e7os saltaram desde meados de 2020, apesar da volatilidade. Com mais divisas por causa dos bons pre\u00e7os de exporta\u00e7\u00e3o, esses pa\u00edses vizinhos puderam comprar mais manufaturados exportados pelo Brasil.<\/p>\n<p>&nbsp;<\/p>\n<p>Ao mesmo tempo, os gargalos log\u00edsticos do com\u00e9rcio internacional elevaram os custos de frete em todo mundo. Com isso, a proximidade geogr\u00e1fica ofereceu competitividade \u00e0 ind\u00fastria brasileira como fornecedora de manufaturados para os mercados sul-americanos. \u201cPela proximidade geogr\u00e1fica, pela log\u00edstica ser mais barata, pelo fato de termos disponibilidade de exportar via rodovi\u00e1ria e, em alguns casos, ferrovi\u00e1ria, para alguns pa\u00edses, o Brasil pode estar mais presente na Am\u00e9rica do Sul\u201d, diz Castro.<\/p>\n<p>&nbsp;<\/p>\n<p>A conjuntura favor\u00e1vel n\u00e3o pode ser vista como garantida, pondera o presidente da AEB. \u201cN\u00e3o podemos nos esquecer de que os outros pa\u00edses continuam se movimentando\u201d, afirma Castro. \u201cA China j\u00e1 ultrapassou o Brasil como principal fornecedor para a Argentina. No Chile, a mesma coisa. A China est\u00e1 muito mais presente no Chile do que o Brasil, e esse sempre foi um mercado cativo do Brasil\u201d, afirma. (O Estado de S. Paulo\/Vinicius Neder)<\/p>\n","protected":false},"excerpt":{"rendered":"<p>O Estado de S. Paulo &nbsp; Com a recupera\u00e7\u00e3o da economia global ap\u00f3s ser atingida pela covid-19, o saldo comercial do Brasil com os pa\u00edses vizinhos na Am\u00e9rica do Sul saltou 64,7% em 2021, para US$ 7,3 bilh\u00f5es, e dever\u00e1 ter nova alta este ano. &nbsp; No primeiro semestre, a balan\u00e7a com os vizinhos sul-americanos\u2026 <a class=\"readmore\" href=\"https:\/\/dana.com.br\/canaldana\/2022\/08\/01\/exportacoes-do-brasil-a-vizinhos-na-america-do-sul-disparam-na-retomada-pos-pandemia\/\">Leia mais \u00bb<\/a><\/p>\n","protected":false},"author":3,"featured_media":0,"comment_status":"closed","ping_status":"closed","sticky":false,"template":"","format":"standard","meta":{"_acf_changed":false,"footnotes":""},"categories":[79],"tags":[],"class_list":["post-59976","post","type-post","status-publish","format-standard","hentry","category-mercado"],"acf":[],"yoast_head":"<!-- This site is optimized with the Yoast SEO plugin v27.3 - https:\/\/yoast.com\/product\/yoast-seo-wordpress\/ -->\n<title>Exporta\u00e7\u00f5es do Brasil a vizinhos na Am\u00e9rica do Sul disparam na retomada p\u00f3s-pandemia - Canal Dana<\/title>\n<meta name=\"robots\" content=\"index, follow, max-snippet:-1, max-image-preview:large, max-video-preview:-1\" \/>\n<link rel=\"canonical\" href=\"https:\/\/dana.com.br\/canaldana\/2022\/08\/01\/exportacoes-do-brasil-a-vizinhos-na-america-do-sul-disparam-na-retomada-pos-pandemia\/\" \/>\n<meta property=\"og:locale\" content=\"pt_BR\" \/>\n<meta property=\"og:type\" content=\"article\" \/>\n<meta property=\"og:title\" content=\"Exporta\u00e7\u00f5es do Brasil a vizinhos na Am\u00e9rica do Sul disparam na retomada p\u00f3s-pandemia - Canal Dana\" \/>\n<meta property=\"og:description\" content=\"O Estado de S. Paulo &nbsp; Com a recupera\u00e7\u00e3o da economia global ap\u00f3s ser atingida pela covid-19, o saldo comercial do Brasil com os pa\u00edses vizinhos na Am\u00e9rica do Sul saltou 64,7% em 2021, para US$ 7,3 bilh\u00f5es, e dever\u00e1 ter nova alta este ano. &nbsp; No primeiro semestre, a balan\u00e7a com os vizinhos sul-americanos\u2026 Leia mais \u00bb\" \/>\n<meta property=\"og:url\" content=\"https:\/\/dana.com.br\/canaldana\/2022\/08\/01\/exportacoes-do-brasil-a-vizinhos-na-america-do-sul-disparam-na-retomada-pos-pandemia\/\" \/>\n<meta property=\"og:site_name\" content=\"Canal Dana\" \/>\n<meta property=\"article:published_time\" content=\"2022-08-01T12:01:16+00:00\" \/>\n<meta name=\"author\" content=\"Canal Dana\" \/>\n<meta name=\"twitter:card\" content=\"summary_large_image\" \/>\n<meta name=\"twitter:label1\" content=\"Escrito por\" \/>\n\t<meta name=\"twitter:data1\" content=\"Canal Dana\" \/>\n\t<meta name=\"twitter:label2\" content=\"Est. tempo de leitura\" \/>\n\t<meta name=\"twitter:data2\" content=\"3 minutos\" \/>\n<script type=\"application\/ld+json\" class=\"yoast-schema-graph\">{\"@context\":\"https:\\\/\\\/schema.org\",\"@graph\":[{\"@type\":\"Article\",\"@id\":\"https:\\\/\\\/dana.com.br\\\/canaldana\\\/2022\\\/08\\\/01\\\/exportacoes-do-brasil-a-vizinhos-na-america-do-sul-disparam-na-retomada-pos-pandemia\\\/#article\",\"isPartOf\":{\"@id\":\"https:\\\/\\\/dana.com.br\\\/canaldana\\\/2022\\\/08\\\/01\\\/exportacoes-do-brasil-a-vizinhos-na-america-do-sul-disparam-na-retomada-pos-pandemia\\\/\"},\"author\":{\"name\":\"Canal Dana\",\"@id\":\"https:\\\/\\\/dana.com.br\\\/canaldana\\\/#\\\/schema\\\/person\\\/3c21f22f56fcf3bc46b94bc60ea4fef6\"},\"headline\":\"Exporta\u00e7\u00f5es do Brasil a vizinhos na Am\u00e9rica do Sul disparam na retomada p\u00f3s-pandemia\",\"datePublished\":\"2022-08-01T12:01:16+00:00\",\"mainEntityOfPage\":{\"@id\":\"https:\\\/\\\/dana.com.br\\\/canaldana\\\/2022\\\/08\\\/01\\\/exportacoes-do-brasil-a-vizinhos-na-america-do-sul-disparam-na-retomada-pos-pandemia\\\/\"},\"wordCount\":613,\"articleSection\":[\"Mercado\"],\"inLanguage\":\"pt-BR\"},{\"@type\":\"WebPage\",\"@id\":\"https:\\\/\\\/dana.com.br\\\/canaldana\\\/2022\\\/08\\\/01\\\/exportacoes-do-brasil-a-vizinhos-na-america-do-sul-disparam-na-retomada-pos-pandemia\\\/\",\"url\":\"https:\\\/\\\/dana.com.br\\\/canaldana\\\/2022\\\/08\\\/01\\\/exportacoes-do-brasil-a-vizinhos-na-america-do-sul-disparam-na-retomada-pos-pandemia\\\/\",\"name\":\"Exporta\u00e7\u00f5es do Brasil a vizinhos na Am\u00e9rica do Sul disparam na retomada p\u00f3s-pandemia - Canal Dana\",\"isPartOf\":{\"@id\":\"https:\\\/\\\/dana.com.br\\\/canaldana\\\/#website\"},\"datePublished\":\"2022-08-01T12:01:16+00:00\",\"author\":{\"@id\":\"https:\\\/\\\/dana.com.br\\\/canaldana\\\/#\\\/schema\\\/person\\\/3c21f22f56fcf3bc46b94bc60ea4fef6\"},\"breadcrumb\":{\"@id\":\"https:\\\/\\\/dana.com.br\\\/canaldana\\\/2022\\\/08\\\/01\\\/exportacoes-do-brasil-a-vizinhos-na-america-do-sul-disparam-na-retomada-pos-pandemia\\\/#breadcrumb\"},\"inLanguage\":\"pt-BR\",\"potentialAction\":[{\"@type\":\"ReadAction\",\"target\":[\"https:\\\/\\\/dana.com.br\\\/canaldana\\\/2022\\\/08\\\/01\\\/exportacoes-do-brasil-a-vizinhos-na-america-do-sul-disparam-na-retomada-pos-pandemia\\\/\"]}]},{\"@type\":\"BreadcrumbList\",\"@id\":\"https:\\\/\\\/dana.com.br\\\/canaldana\\\/2022\\\/08\\\/01\\\/exportacoes-do-brasil-a-vizinhos-na-america-do-sul-disparam-na-retomada-pos-pandemia\\\/#breadcrumb\",\"itemListElement\":[{\"@type\":\"ListItem\",\"position\":1,\"name\":\"Home\",\"item\":\"https:\\\/\\\/dana.com.br\\\/canaldana\\\/\"},{\"@type\":\"ListItem\",\"position\":2,\"name\":\"Mercado\",\"item\":\"https:\\\/\\\/dana.com.br\\\/canaldana\\\/mercado\\\/\"},{\"@type\":\"ListItem\",\"position\":3,\"name\":\"Exporta\u00e7\u00f5es do Brasil a vizinhos na Am\u00e9rica do Sul disparam na retomada p\u00f3s-pandemia\"}]},{\"@type\":\"WebSite\",\"@id\":\"https:\\\/\\\/dana.com.br\\\/canaldana\\\/#website\",\"url\":\"https:\\\/\\\/dana.com.br\\\/canaldana\\\/\",\"name\":\"Canal Dana\",\"description\":\"Informativo com as principais not\u00edcias da ind\u00fastria automotiva\",\"potentialAction\":[{\"@type\":\"SearchAction\",\"target\":{\"@type\":\"EntryPoint\",\"urlTemplate\":\"https:\\\/\\\/dana.com.br\\\/canaldana\\\/?s={search_term_string}\"},\"query-input\":{\"@type\":\"PropertyValueSpecification\",\"valueRequired\":true,\"valueName\":\"search_term_string\"}}],\"inLanguage\":\"pt-BR\"},{\"@type\":\"Person\",\"@id\":\"https:\\\/\\\/dana.com.br\\\/canaldana\\\/#\\\/schema\\\/person\\\/3c21f22f56fcf3bc46b94bc60ea4fef6\",\"name\":\"Canal Dana\",\"image\":{\"@type\":\"ImageObject\",\"inLanguage\":\"pt-BR\",\"@id\":\"https:\\\/\\\/secure.gravatar.com\\\/avatar\\\/420aaf9278582877d9018637c6817617705899d2858d7572ef0fe59a6b6454b4?s=96&d=mm&r=g\",\"url\":\"https:\\\/\\\/secure.gravatar.com\\\/avatar\\\/420aaf9278582877d9018637c6817617705899d2858d7572ef0fe59a6b6454b4?s=96&d=mm&r=g\",\"contentUrl\":\"https:\\\/\\\/secure.gravatar.com\\\/avatar\\\/420aaf9278582877d9018637c6817617705899d2858d7572ef0fe59a6b6454b4?s=96&d=mm&r=g\",\"caption\":\"Canal Dana\"},\"url\":\"https:\\\/\\\/dana.com.br\\\/canaldana\\\/author\\\/cdeditor\\\/\"}]}<\/script>\n<!-- \/ Yoast SEO plugin. -->","yoast_head_json":{"title":"Exporta\u00e7\u00f5es do Brasil a vizinhos na Am\u00e9rica do Sul disparam na retomada p\u00f3s-pandemia - Canal Dana","robots":{"index":"index","follow":"follow","max-snippet":"max-snippet:-1","max-image-preview":"max-image-preview:large","max-video-preview":"max-video-preview:-1"},"canonical":"https:\/\/dana.com.br\/canaldana\/2022\/08\/01\/exportacoes-do-brasil-a-vizinhos-na-america-do-sul-disparam-na-retomada-pos-pandemia\/","og_locale":"pt_BR","og_type":"article","og_title":"Exporta\u00e7\u00f5es do Brasil a vizinhos na Am\u00e9rica do Sul disparam na retomada p\u00f3s-pandemia - Canal Dana","og_description":"O Estado de S. Paulo &nbsp; Com a recupera\u00e7\u00e3o da economia global ap\u00f3s ser atingida pela covid-19, o saldo comercial do Brasil com os pa\u00edses vizinhos na Am\u00e9rica do Sul saltou 64,7% em 2021, para US$ 7,3 bilh\u00f5es, e dever\u00e1 ter nova alta este ano. &nbsp; No primeiro semestre, a balan\u00e7a com os vizinhos sul-americanos\u2026 Leia mais \u00bb","og_url":"https:\/\/dana.com.br\/canaldana\/2022\/08\/01\/exportacoes-do-brasil-a-vizinhos-na-america-do-sul-disparam-na-retomada-pos-pandemia\/","og_site_name":"Canal Dana","article_published_time":"2022-08-01T12:01:16+00:00","author":"Canal Dana","twitter_card":"summary_large_image","twitter_misc":{"Escrito por":"Canal Dana","Est. tempo de leitura":"3 minutos"},"schema":{"@context":"https:\/\/schema.org","@graph":[{"@type":"Article","@id":"https:\/\/dana.com.br\/canaldana\/2022\/08\/01\/exportacoes-do-brasil-a-vizinhos-na-america-do-sul-disparam-na-retomada-pos-pandemia\/#article","isPartOf":{"@id":"https:\/\/dana.com.br\/canaldana\/2022\/08\/01\/exportacoes-do-brasil-a-vizinhos-na-america-do-sul-disparam-na-retomada-pos-pandemia\/"},"author":{"name":"Canal Dana","@id":"https:\/\/dana.com.br\/canaldana\/#\/schema\/person\/3c21f22f56fcf3bc46b94bc60ea4fef6"},"headline":"Exporta\u00e7\u00f5es do Brasil a vizinhos na Am\u00e9rica do Sul disparam na retomada p\u00f3s-pandemia","datePublished":"2022-08-01T12:01:16+00:00","mainEntityOfPage":{"@id":"https:\/\/dana.com.br\/canaldana\/2022\/08\/01\/exportacoes-do-brasil-a-vizinhos-na-america-do-sul-disparam-na-retomada-pos-pandemia\/"},"wordCount":613,"articleSection":["Mercado"],"inLanguage":"pt-BR"},{"@type":"WebPage","@id":"https:\/\/dana.com.br\/canaldana\/2022\/08\/01\/exportacoes-do-brasil-a-vizinhos-na-america-do-sul-disparam-na-retomada-pos-pandemia\/","url":"https:\/\/dana.com.br\/canaldana\/2022\/08\/01\/exportacoes-do-brasil-a-vizinhos-na-america-do-sul-disparam-na-retomada-pos-pandemia\/","name":"Exporta\u00e7\u00f5es do Brasil a vizinhos na Am\u00e9rica do Sul disparam na retomada p\u00f3s-pandemia - Canal Dana","isPartOf":{"@id":"https:\/\/dana.com.br\/canaldana\/#website"},"datePublished":"2022-08-01T12:01:16+00:00","author":{"@id":"https:\/\/dana.com.br\/canaldana\/#\/schema\/person\/3c21f22f56fcf3bc46b94bc60ea4fef6"},"breadcrumb":{"@id":"https:\/\/dana.com.br\/canaldana\/2022\/08\/01\/exportacoes-do-brasil-a-vizinhos-na-america-do-sul-disparam-na-retomada-pos-pandemia\/#breadcrumb"},"inLanguage":"pt-BR","potentialAction":[{"@type":"ReadAction","target":["https:\/\/dana.com.br\/canaldana\/2022\/08\/01\/exportacoes-do-brasil-a-vizinhos-na-america-do-sul-disparam-na-retomada-pos-pandemia\/"]}]},{"@type":"BreadcrumbList","@id":"https:\/\/dana.com.br\/canaldana\/2022\/08\/01\/exportacoes-do-brasil-a-vizinhos-na-america-do-sul-disparam-na-retomada-pos-pandemia\/#breadcrumb","itemListElement":[{"@type":"ListItem","position":1,"name":"Home","item":"https:\/\/dana.com.br\/canaldana\/"},{"@type":"ListItem","position":2,"name":"Mercado","item":"https:\/\/dana.com.br\/canaldana\/mercado\/"},{"@type":"ListItem","position":3,"name":"Exporta\u00e7\u00f5es do Brasil a vizinhos na Am\u00e9rica do Sul disparam na retomada p\u00f3s-pandemia"}]},{"@type":"WebSite","@id":"https:\/\/dana.com.br\/canaldana\/#website","url":"https:\/\/dana.com.br\/canaldana\/","name":"Canal Dana","description":"Informativo com as principais not\u00edcias da ind\u00fastria automotiva","potentialAction":[{"@type":"SearchAction","target":{"@type":"EntryPoint","urlTemplate":"https:\/\/dana.com.br\/canaldana\/?s={search_term_string}"},"query-input":{"@type":"PropertyValueSpecification","valueRequired":true,"valueName":"search_term_string"}}],"inLanguage":"pt-BR"},{"@type":"Person","@id":"https:\/\/dana.com.br\/canaldana\/#\/schema\/person\/3c21f22f56fcf3bc46b94bc60ea4fef6","name":"Canal Dana","image":{"@type":"ImageObject","inLanguage":"pt-BR","@id":"https:\/\/secure.gravatar.com\/avatar\/420aaf9278582877d9018637c6817617705899d2858d7572ef0fe59a6b6454b4?s=96&d=mm&r=g","url":"https:\/\/secure.gravatar.com\/avatar\/420aaf9278582877d9018637c6817617705899d2858d7572ef0fe59a6b6454b4?s=96&d=mm&r=g","contentUrl":"https:\/\/secure.gravatar.com\/avatar\/420aaf9278582877d9018637c6817617705899d2858d7572ef0fe59a6b6454b4?s=96&d=mm&r=g","caption":"Canal Dana"},"url":"https:\/\/dana.com.br\/canaldana\/author\/cdeditor\/"}]}},"_links":{"self":[{"href":"https:\/\/dana.com.br\/canaldana\/wp-json\/wp\/v2\/posts\/59976","targetHints":{"allow":["GET"]}}],"collection":[{"href":"https:\/\/dana.com.br\/canaldana\/wp-json\/wp\/v2\/posts"}],"about":[{"href":"https:\/\/dana.com.br\/canaldana\/wp-json\/wp\/v2\/types\/post"}],"author":[{"embeddable":true,"href":"https:\/\/dana.com.br\/canaldana\/wp-json\/wp\/v2\/users\/3"}],"replies":[{"embeddable":true,"href":"https:\/\/dana.com.br\/canaldana\/wp-json\/wp\/v2\/comments?post=59976"}],"version-history":[{"count":0,"href":"https:\/\/dana.com.br\/canaldana\/wp-json\/wp\/v2\/posts\/59976\/revisions"}],"wp:attachment":[{"href":"https:\/\/dana.com.br\/canaldana\/wp-json\/wp\/v2\/media?parent=59976"}],"wp:term":[{"taxonomy":"category","embeddable":true,"href":"https:\/\/dana.com.br\/canaldana\/wp-json\/wp\/v2\/categories?post=59976"},{"taxonomy":"post_tag","embeddable":true,"href":"https:\/\/dana.com.br\/canaldana\/wp-json\/wp\/v2\/tags?post=59976"}],"curies":[{"name":"wp","href":"https:\/\/api.w.org\/{rel}","templated":true}]}}