{"id":59974,"date":"2022-08-01T09:00:33","date_gmt":"2022-08-01T12:00:33","guid":{"rendered":"https:\/\/dana.com.br\/canaldana\/?p=59974"},"modified":"2022-08-01T09:00:33","modified_gmt":"2022-08-01T12:00:33","slug":"veiculos-com-placas-de-final-3-e-4-precisam-ser-licenciados-em-agosto","status":"publish","type":"post","link":"https:\/\/dana.com.br\/canaldana\/2022\/08\/01\/veiculos-com-placas-de-final-3-e-4-precisam-ser-licenciados-em-agosto\/","title":{"rendered":"Ve\u00edculos com placas de final 3 e 4 precisam ser licenciados em agosto"},"content":{"rendered":"<p><em>Frota &amp; Cia <\/em><\/p>\n<p>&nbsp;<\/p>\n<p>A partir de 1\u00ba de agosto, propriet\u00e1rio de ve\u00edculos com placas de final 3 e 4 precisam fazer o licenciamento veicular anual obrigat\u00f3rio. Todo o procedimento \u00e9 realizado de maneira 100% online, por meio do sistema banc\u00e1rio.<\/p>\n<p>&nbsp;<\/p>\n<p>O propriet\u00e1rio do ve\u00edculo n\u00e3o precisa se deslocar mais at\u00e9 uma unidade de atendimento do Detran.SP ou do Poupatempo para emiss\u00e3o anual do Certificado de Registro e Licenciamento do Ve\u00edculo (CRLV), documento de porte obrigat\u00f3rio que permite a circula\u00e7\u00e3o do ve\u00edculo.<\/p>\n<p>&nbsp;<\/p>\n<p>Ap\u00f3s o pagamento da taxa de licenciamento e eventuais d\u00e9bitos no sistema banc\u00e1rio, estar\u00e1 dispon\u00edvel o download e impress\u00e3o do CRLV-e, que dever\u00e1 ser realizada em folha A4 branca, diretamente no portal do Detran.SP, Poupatempo, no aplicativo \u201cCDT \u2013 Carteira Digital de Tr\u00e2nsito\u201d do Governo Federal ou ainda no portal de servi\u00e7os da SENATRAN (Secretaria Nacional de Tr\u00e2nsito).<\/p>\n<p>&nbsp;<\/p>\n<p>Neste ano, o valor da taxa para licenciar o ve\u00edculo \u00e9 de R$ 144,86, independentemente do calend\u00e1rio de vencimento. O ajuste da taxa \u00e9 realizado com base na divulga\u00e7\u00e3o da Coordena\u00e7\u00e3o da Administra\u00e7\u00e3o Tribut\u00e1ria do Estado de S\u00e3o Paulo, considerando que o valor da Unidade Fiscal do Estado de S\u00e3o Paulo (UFESP) possui um aumento anual.<\/p>\n<p>&nbsp;<\/p>\n<p>Assim como no ano passado, n\u00e3o h\u00e1 cobran\u00e7a de taxa do seguro DPVAT em 2022, conforme decis\u00e3o do Conselho Nacional de Seguros Privados (CNSP).<\/p>\n<p>&nbsp;<\/p>\n<p>Vale lembrar que deixar de licenciar o ve\u00edculo \u00e9 uma infra\u00e7\u00e3o grav\u00edssima e pode acarretar uma s\u00e9rie de problemas para o condutor, como remo\u00e7\u00e3o do ve\u00edculo ao p\u00e1tio, multa de R$ 293,47 e sete pontos na carteira, conforme determina o C\u00f3digo de Tr\u00e2nsito Brasileiro (CTB). (Frota &amp; Cia\/Priscila Ferreira)<\/p>\n","protected":false},"excerpt":{"rendered":"<p>Frota &amp; Cia &nbsp; A partir de 1\u00ba de agosto, propriet\u00e1rio de ve\u00edculos com placas de final 3 e 4 precisam fazer o licenciamento veicular anual obrigat\u00f3rio. Todo o procedimento \u00e9 realizado de maneira 100% online, por meio do sistema banc\u00e1rio. &nbsp; O propriet\u00e1rio do ve\u00edculo n\u00e3o precisa se deslocar mais at\u00e9 uma unidade de\u2026 <a class=\"readmore\" href=\"https:\/\/dana.com.br\/canaldana\/2022\/08\/01\/veiculos-com-placas-de-final-3-e-4-precisam-ser-licenciados-em-agosto\/\">Leia mais \u00bb<\/a><\/p>\n","protected":false},"author":3,"featured_media":0,"comment_status":"closed","ping_status":"closed","sticky":false,"template":"","format":"standard","meta":{"_acf_changed":false,"footnotes":""},"categories":[79],"tags":[],"class_list":["post-59974","post","type-post","status-publish","format-standard","hentry","category-mercado"],"acf":[],"yoast_head":"<!-- This site is optimized with the Yoast SEO plugin v27.3 - https:\/\/yoast.com\/product\/yoast-seo-wordpress\/ -->\n<title>Ve\u00edculos com placas de final 3 e 4 precisam ser licenciados em agosto - Canal Dana<\/title>\n<meta name=\"robots\" content=\"index, follow, max-snippet:-1, max-image-preview:large, max-video-preview:-1\" \/>\n<link rel=\"canonical\" href=\"https:\/\/dana.com.br\/canaldana\/2022\/08\/01\/veiculos-com-placas-de-final-3-e-4-precisam-ser-licenciados-em-agosto\/\" \/>\n<meta property=\"og:locale\" content=\"pt_BR\" \/>\n<meta property=\"og:type\" content=\"article\" \/>\n<meta property=\"og:title\" content=\"Ve\u00edculos com placas de final 3 e 4 precisam ser licenciados em agosto - Canal Dana\" \/>\n<meta property=\"og:description\" content=\"Frota &amp; Cia &nbsp; A partir de 1\u00ba de agosto, propriet\u00e1rio de ve\u00edculos com placas de final 3 e 4 precisam fazer o licenciamento veicular anual obrigat\u00f3rio. Todo o procedimento \u00e9 realizado de maneira 100% online, por meio do sistema banc\u00e1rio. &nbsp; O propriet\u00e1rio do ve\u00edculo n\u00e3o precisa se deslocar mais at\u00e9 uma unidade de\u2026 Leia mais \u00bb\" \/>\n<meta property=\"og:url\" content=\"https:\/\/dana.com.br\/canaldana\/2022\/08\/01\/veiculos-com-placas-de-final-3-e-4-precisam-ser-licenciados-em-agosto\/\" \/>\n<meta property=\"og:site_name\" content=\"Canal Dana\" \/>\n<meta property=\"article:published_time\" content=\"2022-08-01T12:00:33+00:00\" \/>\n<meta name=\"author\" content=\"Canal Dana\" \/>\n<meta name=\"twitter:card\" content=\"summary_large_image\" \/>\n<meta name=\"twitter:label1\" content=\"Escrito por\" \/>\n\t<meta name=\"twitter:data1\" content=\"Canal Dana\" \/>\n\t<meta name=\"twitter:label2\" content=\"Est. tempo de leitura\" \/>\n\t<meta name=\"twitter:data2\" content=\"2 minutos\" \/>\n<script type=\"application\/ld+json\" class=\"yoast-schema-graph\">{\"@context\":\"https:\\\/\\\/schema.org\",\"@graph\":[{\"@type\":\"Article\",\"@id\":\"https:\\\/\\\/dana.com.br\\\/canaldana\\\/2022\\\/08\\\/01\\\/veiculos-com-placas-de-final-3-e-4-precisam-ser-licenciados-em-agosto\\\/#article\",\"isPartOf\":{\"@id\":\"https:\\\/\\\/dana.com.br\\\/canaldana\\\/2022\\\/08\\\/01\\\/veiculos-com-placas-de-final-3-e-4-precisam-ser-licenciados-em-agosto\\\/\"},\"author\":{\"name\":\"Canal Dana\",\"@id\":\"https:\\\/\\\/dana.com.br\\\/canaldana\\\/#\\\/schema\\\/person\\\/3c21f22f56fcf3bc46b94bc60ea4fef6\"},\"headline\":\"Ve\u00edculos com placas de final 3 e 4 precisam ser licenciados em agosto\",\"datePublished\":\"2022-08-01T12:00:33+00:00\",\"mainEntityOfPage\":{\"@id\":\"https:\\\/\\\/dana.com.br\\\/canaldana\\\/2022\\\/08\\\/01\\\/veiculos-com-placas-de-final-3-e-4-precisam-ser-licenciados-em-agosto\\\/\"},\"wordCount\":317,\"articleSection\":[\"Mercado\"],\"inLanguage\":\"pt-BR\"},{\"@type\":\"WebPage\",\"@id\":\"https:\\\/\\\/dana.com.br\\\/canaldana\\\/2022\\\/08\\\/01\\\/veiculos-com-placas-de-final-3-e-4-precisam-ser-licenciados-em-agosto\\\/\",\"url\":\"https:\\\/\\\/dana.com.br\\\/canaldana\\\/2022\\\/08\\\/01\\\/veiculos-com-placas-de-final-3-e-4-precisam-ser-licenciados-em-agosto\\\/\",\"name\":\"Ve\u00edculos com placas de final 3 e 4 precisam ser licenciados em agosto - Canal Dana\",\"isPartOf\":{\"@id\":\"https:\\\/\\\/dana.com.br\\\/canaldana\\\/#website\"},\"datePublished\":\"2022-08-01T12:00:33+00:00\",\"author\":{\"@id\":\"https:\\\/\\\/dana.com.br\\\/canaldana\\\/#\\\/schema\\\/person\\\/3c21f22f56fcf3bc46b94bc60ea4fef6\"},\"breadcrumb\":{\"@id\":\"https:\\\/\\\/dana.com.br\\\/canaldana\\\/2022\\\/08\\\/01\\\/veiculos-com-placas-de-final-3-e-4-precisam-ser-licenciados-em-agosto\\\/#breadcrumb\"},\"inLanguage\":\"pt-BR\",\"potentialAction\":[{\"@type\":\"ReadAction\",\"target\":[\"https:\\\/\\\/dana.com.br\\\/canaldana\\\/2022\\\/08\\\/01\\\/veiculos-com-placas-de-final-3-e-4-precisam-ser-licenciados-em-agosto\\\/\"]}]},{\"@type\":\"BreadcrumbList\",\"@id\":\"https:\\\/\\\/dana.com.br\\\/canaldana\\\/2022\\\/08\\\/01\\\/veiculos-com-placas-de-final-3-e-4-precisam-ser-licenciados-em-agosto\\\/#breadcrumb\",\"itemListElement\":[{\"@type\":\"ListItem\",\"position\":1,\"name\":\"Home\",\"item\":\"https:\\\/\\\/dana.com.br\\\/canaldana\\\/\"},{\"@type\":\"ListItem\",\"position\":2,\"name\":\"Mercado\",\"item\":\"https:\\\/\\\/dana.com.br\\\/canaldana\\\/mercado\\\/\"},{\"@type\":\"ListItem\",\"position\":3,\"name\":\"Ve\u00edculos com placas de final 3 e 4 precisam ser licenciados em agosto\"}]},{\"@type\":\"WebSite\",\"@id\":\"https:\\\/\\\/dana.com.br\\\/canaldana\\\/#website\",\"url\":\"https:\\\/\\\/dana.com.br\\\/canaldana\\\/\",\"name\":\"Canal Dana\",\"description\":\"Informativo com as principais not\u00edcias da ind\u00fastria automotiva\",\"potentialAction\":[{\"@type\":\"SearchAction\",\"target\":{\"@type\":\"EntryPoint\",\"urlTemplate\":\"https:\\\/\\\/dana.com.br\\\/canaldana\\\/?s={search_term_string}\"},\"query-input\":{\"@type\":\"PropertyValueSpecification\",\"valueRequired\":true,\"valueName\":\"search_term_string\"}}],\"inLanguage\":\"pt-BR\"},{\"@type\":\"Person\",\"@id\":\"https:\\\/\\\/dana.com.br\\\/canaldana\\\/#\\\/schema\\\/person\\\/3c21f22f56fcf3bc46b94bc60ea4fef6\",\"name\":\"Canal Dana\",\"image\":{\"@type\":\"ImageObject\",\"inLanguage\":\"pt-BR\",\"@id\":\"https:\\\/\\\/secure.gravatar.com\\\/avatar\\\/420aaf9278582877d9018637c6817617705899d2858d7572ef0fe59a6b6454b4?s=96&d=mm&r=g\",\"url\":\"https:\\\/\\\/secure.gravatar.com\\\/avatar\\\/420aaf9278582877d9018637c6817617705899d2858d7572ef0fe59a6b6454b4?s=96&d=mm&r=g\",\"contentUrl\":\"https:\\\/\\\/secure.gravatar.com\\\/avatar\\\/420aaf9278582877d9018637c6817617705899d2858d7572ef0fe59a6b6454b4?s=96&d=mm&r=g\",\"caption\":\"Canal Dana\"},\"url\":\"https:\\\/\\\/dana.com.br\\\/canaldana\\\/author\\\/cdeditor\\\/\"}]}<\/script>\n<!-- \/ Yoast SEO plugin. -->","yoast_head_json":{"title":"Ve\u00edculos com placas de final 3 e 4 precisam ser licenciados em agosto - Canal Dana","robots":{"index":"index","follow":"follow","max-snippet":"max-snippet:-1","max-image-preview":"max-image-preview:large","max-video-preview":"max-video-preview:-1"},"canonical":"https:\/\/dana.com.br\/canaldana\/2022\/08\/01\/veiculos-com-placas-de-final-3-e-4-precisam-ser-licenciados-em-agosto\/","og_locale":"pt_BR","og_type":"article","og_title":"Ve\u00edculos com placas de final 3 e 4 precisam ser licenciados em agosto - Canal Dana","og_description":"Frota &amp; Cia &nbsp; A partir de 1\u00ba de agosto, propriet\u00e1rio de ve\u00edculos com placas de final 3 e 4 precisam fazer o licenciamento veicular anual obrigat\u00f3rio. Todo o procedimento \u00e9 realizado de maneira 100% online, por meio do sistema banc\u00e1rio. &nbsp; O propriet\u00e1rio do ve\u00edculo n\u00e3o precisa se deslocar mais at\u00e9 uma unidade de\u2026 Leia mais \u00bb","og_url":"https:\/\/dana.com.br\/canaldana\/2022\/08\/01\/veiculos-com-placas-de-final-3-e-4-precisam-ser-licenciados-em-agosto\/","og_site_name":"Canal Dana","article_published_time":"2022-08-01T12:00:33+00:00","author":"Canal Dana","twitter_card":"summary_large_image","twitter_misc":{"Escrito por":"Canal Dana","Est. tempo de leitura":"2 minutos"},"schema":{"@context":"https:\/\/schema.org","@graph":[{"@type":"Article","@id":"https:\/\/dana.com.br\/canaldana\/2022\/08\/01\/veiculos-com-placas-de-final-3-e-4-precisam-ser-licenciados-em-agosto\/#article","isPartOf":{"@id":"https:\/\/dana.com.br\/canaldana\/2022\/08\/01\/veiculos-com-placas-de-final-3-e-4-precisam-ser-licenciados-em-agosto\/"},"author":{"name":"Canal Dana","@id":"https:\/\/dana.com.br\/canaldana\/#\/schema\/person\/3c21f22f56fcf3bc46b94bc60ea4fef6"},"headline":"Ve\u00edculos com placas de final 3 e 4 precisam ser licenciados em agosto","datePublished":"2022-08-01T12:00:33+00:00","mainEntityOfPage":{"@id":"https:\/\/dana.com.br\/canaldana\/2022\/08\/01\/veiculos-com-placas-de-final-3-e-4-precisam-ser-licenciados-em-agosto\/"},"wordCount":317,"articleSection":["Mercado"],"inLanguage":"pt-BR"},{"@type":"WebPage","@id":"https:\/\/dana.com.br\/canaldana\/2022\/08\/01\/veiculos-com-placas-de-final-3-e-4-precisam-ser-licenciados-em-agosto\/","url":"https:\/\/dana.com.br\/canaldana\/2022\/08\/01\/veiculos-com-placas-de-final-3-e-4-precisam-ser-licenciados-em-agosto\/","name":"Ve\u00edculos com placas de final 3 e 4 precisam ser licenciados em agosto - Canal Dana","isPartOf":{"@id":"https:\/\/dana.com.br\/canaldana\/#website"},"datePublished":"2022-08-01T12:00:33+00:00","author":{"@id":"https:\/\/dana.com.br\/canaldana\/#\/schema\/person\/3c21f22f56fcf3bc46b94bc60ea4fef6"},"breadcrumb":{"@id":"https:\/\/dana.com.br\/canaldana\/2022\/08\/01\/veiculos-com-placas-de-final-3-e-4-precisam-ser-licenciados-em-agosto\/#breadcrumb"},"inLanguage":"pt-BR","potentialAction":[{"@type":"ReadAction","target":["https:\/\/dana.com.br\/canaldana\/2022\/08\/01\/veiculos-com-placas-de-final-3-e-4-precisam-ser-licenciados-em-agosto\/"]}]},{"@type":"BreadcrumbList","@id":"https:\/\/dana.com.br\/canaldana\/2022\/08\/01\/veiculos-com-placas-de-final-3-e-4-precisam-ser-licenciados-em-agosto\/#breadcrumb","itemListElement":[{"@type":"ListItem","position":1,"name":"Home","item":"https:\/\/dana.com.br\/canaldana\/"},{"@type":"ListItem","position":2,"name":"Mercado","item":"https:\/\/dana.com.br\/canaldana\/mercado\/"},{"@type":"ListItem","position":3,"name":"Ve\u00edculos com placas de final 3 e 4 precisam ser licenciados em agosto"}]},{"@type":"WebSite","@id":"https:\/\/dana.com.br\/canaldana\/#website","url":"https:\/\/dana.com.br\/canaldana\/","name":"Canal Dana","description":"Informativo com as principais not\u00edcias da ind\u00fastria automotiva","potentialAction":[{"@type":"SearchAction","target":{"@type":"EntryPoint","urlTemplate":"https:\/\/dana.com.br\/canaldana\/?s={search_term_string}"},"query-input":{"@type":"PropertyValueSpecification","valueRequired":true,"valueName":"search_term_string"}}],"inLanguage":"pt-BR"},{"@type":"Person","@id":"https:\/\/dana.com.br\/canaldana\/#\/schema\/person\/3c21f22f56fcf3bc46b94bc60ea4fef6","name":"Canal Dana","image":{"@type":"ImageObject","inLanguage":"pt-BR","@id":"https:\/\/secure.gravatar.com\/avatar\/420aaf9278582877d9018637c6817617705899d2858d7572ef0fe59a6b6454b4?s=96&d=mm&r=g","url":"https:\/\/secure.gravatar.com\/avatar\/420aaf9278582877d9018637c6817617705899d2858d7572ef0fe59a6b6454b4?s=96&d=mm&r=g","contentUrl":"https:\/\/secure.gravatar.com\/avatar\/420aaf9278582877d9018637c6817617705899d2858d7572ef0fe59a6b6454b4?s=96&d=mm&r=g","caption":"Canal Dana"},"url":"https:\/\/dana.com.br\/canaldana\/author\/cdeditor\/"}]}},"_links":{"self":[{"href":"https:\/\/dana.com.br\/canaldana\/wp-json\/wp\/v2\/posts\/59974","targetHints":{"allow":["GET"]}}],"collection":[{"href":"https:\/\/dana.com.br\/canaldana\/wp-json\/wp\/v2\/posts"}],"about":[{"href":"https:\/\/dana.com.br\/canaldana\/wp-json\/wp\/v2\/types\/post"}],"author":[{"embeddable":true,"href":"https:\/\/dana.com.br\/canaldana\/wp-json\/wp\/v2\/users\/3"}],"replies":[{"embeddable":true,"href":"https:\/\/dana.com.br\/canaldana\/wp-json\/wp\/v2\/comments?post=59974"}],"version-history":[{"count":0,"href":"https:\/\/dana.com.br\/canaldana\/wp-json\/wp\/v2\/posts\/59974\/revisions"}],"wp:attachment":[{"href":"https:\/\/dana.com.br\/canaldana\/wp-json\/wp\/v2\/media?parent=59974"}],"wp:term":[{"taxonomy":"category","embeddable":true,"href":"https:\/\/dana.com.br\/canaldana\/wp-json\/wp\/v2\/categories?post=59974"},{"taxonomy":"post_tag","embeddable":true,"href":"https:\/\/dana.com.br\/canaldana\/wp-json\/wp\/v2\/tags?post=59974"}],"curies":[{"name":"wp","href":"https:\/\/api.w.org\/{rel}","templated":true}]}}