{"id":59968,"date":"2022-08-01T08:58:37","date_gmt":"2022-08-01T11:58:37","guid":{"rendered":"https:\/\/dana.com.br\/canaldana\/?p=59968"},"modified":"2022-08-01T08:58:37","modified_gmt":"2022-08-01T11:58:37","slug":"segundo-lote-do-kia-sportage-hibrido-chega-em-agosto","status":"publish","type":"post","link":"https:\/\/dana.com.br\/canaldana\/2022\/08\/01\/segundo-lote-do-kia-sportage-hibrido-chega-em-agosto\/","title":{"rendered":"Segundo lote do Kia Sportage h\u00edbrido chega em agosto"},"content":{"rendered":"<p><em>AutoInd\u00fastria <\/em><\/p>\n<p>&nbsp;<\/p>\n<p>H\u00e1 exatas tr\u00eassemanas a Kia\u00a0 iniciou as vendas da quinta gera\u00e7\u00e3o do Sportage no Brasil, a primeira com motoriza\u00e7\u00e3o h\u00edbrida. Nesta quinta-feira, 28, durante o lan\u00e7amento oficial do SUV, em Arax\u00e1, MG, a marca revelou que as cerca de 250 unidades iniciais j\u00e1 foram todas negociadas e que um segundo lote do SUV est\u00e1 sendo aguardado para agosto.<\/p>\n<p>&nbsp;<\/p>\n<p>Essa \u00e9 a boa not\u00edcia para os interessados no novo utilit\u00e1rio esportivo que tem design, tecnologia e n\u00edvel de conte\u00fado que o colocam em posi\u00e7\u00e3o de destaque dentro de sua faixa de pre\u00e7o e diante de concorrentes de peso, como o Jeep Compass, l\u00edder do segmento.<\/p>\n<p>&nbsp;<\/p>\n<p>A m\u00e1 not\u00edcia \u00e9 que essa segunda leva do Sportage ser\u00e1 mais cara.\u00a0 A diferen\u00e7a a desembolsar \u00e9 de exatos R$ 5 mil nas duas vers\u00f5es importadas da Eslov\u00e1quia: a EX agora sai por R$ 225 mil e a EX Prestige, por R$ 260 mil.<\/p>\n<p>&nbsp;<\/p>\n<p>Jos\u00e9 Luiz Gandini, presidente da Kia Brasil, enfatizou, por\u00e9m, que o aumento poderia ter sido at\u00e9 maior, caso a empresa repassasse a varia\u00e7\u00e3o cambial verificada desde que os pre\u00e7os iniciais do novo Sportage foram sugeridos \u00e0s 78 concession\u00e1rias da marca, h\u00e1 p ouco mais de um m\u00eas.<\/p>\n<p>&nbsp;<\/p>\n<p>\u201cNesse per\u00edodo, o d\u00f3lar valorizou em torno de 8% e estamos repassando 2%. N\u00e3o t\u00ednhamos como segurar\u201d, justificou o executivo, que n\u00e3o acredita em um recuo no curto prazo da cota\u00e7\u00e3o da moeda norte-americana para um patamar inferior.<\/p>\n<p>&nbsp;<\/p>\n<p>Se o d\u00f3lar valorizado n\u00e3o ajuda os neg\u00f3cios, a produ\u00e7\u00e3o restrita do modelo na Europa \u00e9 um fator ainda mais preocupante. A falta de componentes limitar\u00e1 a oferta do Sportage h\u00edbrido nos pr\u00f3ximos meses, admite Gandini.<\/p>\n<p>&nbsp;<\/p>\n<p>Contra as cerca de 400 unidades mensais que imagina serem necess\u00e1rias para dar conta da esperada demanda do SUV, o executivo d\u00e1 como certo o recebimento de 250 ve\u00edculos em agosto e n\u00e3o tem certeza do que conseguir\u00e1 embarcar nos meses seguintes para o Brasil.<\/p>\n<p>&nbsp;<\/p>\n<p>Por o conta disso, afirma, n\u00e3o consegue estimar volume de vendas do SUV este ano. Temos outros carros faturados em fevereiro e que at\u00e9 agora n\u00e3o recebemos\u201d, ilustra Gandini. No ano passado, 1,2 mil Sportage chegaram \u00e0s ruas brasileiras, cerca de 20% dos mais de 5 mil ve\u00edculos vendidos pela marca.<\/p>\n<p>&nbsp;<\/p>\n<p>De janeiro a junho de 2022 a Kia negociou 2.282 autom\u00f3veis e comerciais leves no mercado brasileiro, 5,7% a mais do que em igual per\u00edodo do ano. Metade desse volume, do caminh\u00e3o leve Bongo, fabricado no Uruguai em parceria com a Nordex. Do Stronic, primeiro modelo h\u00edbrido da marca aqui, foram vendidas 480 unidades.<\/p>\n<p>&nbsp;<\/p>\n<p>\u201cOs n\u00fameros est\u00e3o rid\u00edculos. Est\u00e1 complicado. Temos carros faturados em fevereiro e que at\u00e9 agora n\u00e3o recebemos\u201d, lamenta Gandini, que ainda assim calcula que poder\u00e1 acumular vendas de 7 mil ou at\u00e9 &#8211; na melhor das hip\u00f3teses, caso consiga volumes mais expressivos do Sportage &#8211; de 8 mil ve\u00edculos em 2022, o que representaria uma evolu\u00e7\u00e3o e tanto sobre o ano passado.<\/p>\n<p>&nbsp;<\/p>\n<p>Mesmo diante desse quadro de incertezas, sobretudo de volumes, a Kia tem programado para setembro o lan\u00e7amento de outro h\u00edbrido, o Niro. Gandini assegura que s\u00f3 n\u00e3o trar\u00e1 outros SUVs compactos que a marca disp\u00f5e na Coreia por ainda n\u00e3o disporem de motoriza\u00e7\u00e3o h\u00edbrida, tecnologia que ser\u00e1 necessariamente adotada em toda a linha no Brasil junto com o primeiro modelo integralmente el\u00e9trico, o EV6.<\/p>\n<p>&nbsp;<\/p>\n<p>As duas vers\u00f5es da linha 2023 do SUV t\u00eam conjunto propulsor que inclui motor 1.6 litro turbo a gasolina e bateria de 48 volts, capaz de gerar 180 cavalos de pot\u00eancia e acoplado \u00e0 transmiss\u00e3o autom\u00e1tica \u00e9 de 7 velocidades. \u00c9 o segundo carro h\u00edbrido da marca negociado aqui. O primeiro, o Stonic, j\u00e1 acumulou 416 unidades licenciadas nos primeiros cinco meses de 2022.<\/p>\n<p>&nbsp;<\/p>\n<p>A Kia Brasil optou por oferecer um pacote bastante recheado de itens de seguran\u00e7a nas duas vers\u00f5es de acabamento, mas em particular na EX Prestige.<\/p>\n<p>&nbsp;<\/p>\n<p>S\u00e3o de s\u00e9rie na vers\u00e3o topo, por exemplo, ar-condicionado digital autom\u00e1tico, banco do passageiro com ajustes el\u00e9trico, revestimento dos bancos em couro, bancos dianteiros com ventila\u00e7\u00e3o, carregador de celular por indu\u00e7\u00e3o, display integrado curvo com duas telas de 12.3\u201d, multim\u00eddia, tampa do porta-malas com acionamento el\u00e9trico e abertura program\u00e1vel e teto solar panor\u00e2mico.<\/p>\n<p>&nbsp;<\/p>\n<p>A EX Prestige tem ainda v\u00e1rios recursos ADAS, como assistente para preven\u00e7\u00e3o de colis\u00e3o frontal, incluindo convers\u00e3o em cruzamentos, c\u00e2meras de vis\u00e3o 360\u00b0, monitor de ponto cego, piloto autom\u00e1tico adaptativo com sistema start-stop, dentre outros itens, alguns deles tamb\u00e9m presentes na op\u00e7\u00e3o de entrada EX. (AutoInd\u00fastria\/George Guimar\u00e3es)<\/p>\n","protected":false},"excerpt":{"rendered":"<p>AutoInd\u00fastria &nbsp; H\u00e1 exatas tr\u00eassemanas a Kia\u00a0 iniciou as vendas da quinta gera\u00e7\u00e3o do Sportage no Brasil, a primeira com motoriza\u00e7\u00e3o h\u00edbrida. Nesta quinta-feira, 28, durante o lan\u00e7amento oficial do SUV, em Arax\u00e1, MG, a marca revelou que as cerca de 250 unidades iniciais j\u00e1 foram todas negociadas e que um segundo lote do SUV\u2026 <a class=\"readmore\" href=\"https:\/\/dana.com.br\/canaldana\/2022\/08\/01\/segundo-lote-do-kia-sportage-hibrido-chega-em-agosto\/\">Leia mais \u00bb<\/a><\/p>\n","protected":false},"author":3,"featured_media":0,"comment_status":"closed","ping_status":"closed","sticky":false,"template":"","format":"standard","meta":{"_acf_changed":false,"footnotes":""},"categories":[79],"tags":[],"class_list":["post-59968","post","type-post","status-publish","format-standard","hentry","category-mercado"],"acf":[],"yoast_head":"<!-- This site is optimized with the Yoast SEO plugin v27.3 - https:\/\/yoast.com\/product\/yoast-seo-wordpress\/ -->\n<title>Segundo lote do Kia Sportage h\u00edbrido chega em agosto - Canal Dana<\/title>\n<meta name=\"robots\" content=\"index, follow, max-snippet:-1, max-image-preview:large, max-video-preview:-1\" \/>\n<link rel=\"canonical\" href=\"https:\/\/dana.com.br\/canaldana\/2022\/08\/01\/segundo-lote-do-kia-sportage-hibrido-chega-em-agosto\/\" \/>\n<meta property=\"og:locale\" content=\"pt_BR\" \/>\n<meta property=\"og:type\" content=\"article\" \/>\n<meta property=\"og:title\" content=\"Segundo lote do Kia Sportage h\u00edbrido chega em agosto - Canal Dana\" \/>\n<meta property=\"og:description\" content=\"AutoInd\u00fastria &nbsp; H\u00e1 exatas tr\u00eassemanas a Kia\u00a0 iniciou as vendas da quinta gera\u00e7\u00e3o do Sportage no Brasil, a primeira com motoriza\u00e7\u00e3o h\u00edbrida. Nesta quinta-feira, 28, durante o lan\u00e7amento oficial do SUV, em Arax\u00e1, MG, a marca revelou que as cerca de 250 unidades iniciais j\u00e1 foram todas negociadas e que um segundo lote do SUV\u2026 Leia mais \u00bb\" \/>\n<meta property=\"og:url\" content=\"https:\/\/dana.com.br\/canaldana\/2022\/08\/01\/segundo-lote-do-kia-sportage-hibrido-chega-em-agosto\/\" \/>\n<meta property=\"og:site_name\" content=\"Canal Dana\" \/>\n<meta property=\"article:published_time\" content=\"2022-08-01T11:58:37+00:00\" \/>\n<meta name=\"author\" content=\"Canal Dana\" \/>\n<meta name=\"twitter:card\" content=\"summary_large_image\" \/>\n<meta name=\"twitter:label1\" content=\"Escrito por\" \/>\n\t<meta name=\"twitter:data1\" content=\"Canal Dana\" \/>\n\t<meta name=\"twitter:label2\" content=\"Est. tempo de leitura\" \/>\n\t<meta name=\"twitter:data2\" content=\"4 minutos\" \/>\n<script type=\"application\/ld+json\" class=\"yoast-schema-graph\">{\"@context\":\"https:\\\/\\\/schema.org\",\"@graph\":[{\"@type\":\"Article\",\"@id\":\"https:\\\/\\\/dana.com.br\\\/canaldana\\\/2022\\\/08\\\/01\\\/segundo-lote-do-kia-sportage-hibrido-chega-em-agosto\\\/#article\",\"isPartOf\":{\"@id\":\"https:\\\/\\\/dana.com.br\\\/canaldana\\\/2022\\\/08\\\/01\\\/segundo-lote-do-kia-sportage-hibrido-chega-em-agosto\\\/\"},\"author\":{\"name\":\"Canal Dana\",\"@id\":\"https:\\\/\\\/dana.com.br\\\/canaldana\\\/#\\\/schema\\\/person\\\/3c21f22f56fcf3bc46b94bc60ea4fef6\"},\"headline\":\"Segundo lote do Kia Sportage h\u00edbrido chega em agosto\",\"datePublished\":\"2022-08-01T11:58:37+00:00\",\"mainEntityOfPage\":{\"@id\":\"https:\\\/\\\/dana.com.br\\\/canaldana\\\/2022\\\/08\\\/01\\\/segundo-lote-do-kia-sportage-hibrido-chega-em-agosto\\\/\"},\"wordCount\":815,\"articleSection\":[\"Mercado\"],\"inLanguage\":\"pt-BR\"},{\"@type\":\"WebPage\",\"@id\":\"https:\\\/\\\/dana.com.br\\\/canaldana\\\/2022\\\/08\\\/01\\\/segundo-lote-do-kia-sportage-hibrido-chega-em-agosto\\\/\",\"url\":\"https:\\\/\\\/dana.com.br\\\/canaldana\\\/2022\\\/08\\\/01\\\/segundo-lote-do-kia-sportage-hibrido-chega-em-agosto\\\/\",\"name\":\"Segundo lote do Kia Sportage h\u00edbrido chega em agosto - Canal Dana\",\"isPartOf\":{\"@id\":\"https:\\\/\\\/dana.com.br\\\/canaldana\\\/#website\"},\"datePublished\":\"2022-08-01T11:58:37+00:00\",\"author\":{\"@id\":\"https:\\\/\\\/dana.com.br\\\/canaldana\\\/#\\\/schema\\\/person\\\/3c21f22f56fcf3bc46b94bc60ea4fef6\"},\"breadcrumb\":{\"@id\":\"https:\\\/\\\/dana.com.br\\\/canaldana\\\/2022\\\/08\\\/01\\\/segundo-lote-do-kia-sportage-hibrido-chega-em-agosto\\\/#breadcrumb\"},\"inLanguage\":\"pt-BR\",\"potentialAction\":[{\"@type\":\"ReadAction\",\"target\":[\"https:\\\/\\\/dana.com.br\\\/canaldana\\\/2022\\\/08\\\/01\\\/segundo-lote-do-kia-sportage-hibrido-chega-em-agosto\\\/\"]}]},{\"@type\":\"BreadcrumbList\",\"@id\":\"https:\\\/\\\/dana.com.br\\\/canaldana\\\/2022\\\/08\\\/01\\\/segundo-lote-do-kia-sportage-hibrido-chega-em-agosto\\\/#breadcrumb\",\"itemListElement\":[{\"@type\":\"ListItem\",\"position\":1,\"name\":\"Home\",\"item\":\"https:\\\/\\\/dana.com.br\\\/canaldana\\\/\"},{\"@type\":\"ListItem\",\"position\":2,\"name\":\"Mercado\",\"item\":\"https:\\\/\\\/dana.com.br\\\/canaldana\\\/mercado\\\/\"},{\"@type\":\"ListItem\",\"position\":3,\"name\":\"Segundo lote do Kia Sportage h\u00edbrido chega em agosto\"}]},{\"@type\":\"WebSite\",\"@id\":\"https:\\\/\\\/dana.com.br\\\/canaldana\\\/#website\",\"url\":\"https:\\\/\\\/dana.com.br\\\/canaldana\\\/\",\"name\":\"Canal Dana\",\"description\":\"Informativo com as principais not\u00edcias da ind\u00fastria automotiva\",\"potentialAction\":[{\"@type\":\"SearchAction\",\"target\":{\"@type\":\"EntryPoint\",\"urlTemplate\":\"https:\\\/\\\/dana.com.br\\\/canaldana\\\/?s={search_term_string}\"},\"query-input\":{\"@type\":\"PropertyValueSpecification\",\"valueRequired\":true,\"valueName\":\"search_term_string\"}}],\"inLanguage\":\"pt-BR\"},{\"@type\":\"Person\",\"@id\":\"https:\\\/\\\/dana.com.br\\\/canaldana\\\/#\\\/schema\\\/person\\\/3c21f22f56fcf3bc46b94bc60ea4fef6\",\"name\":\"Canal Dana\",\"image\":{\"@type\":\"ImageObject\",\"inLanguage\":\"pt-BR\",\"@id\":\"https:\\\/\\\/secure.gravatar.com\\\/avatar\\\/420aaf9278582877d9018637c6817617705899d2858d7572ef0fe59a6b6454b4?s=96&d=mm&r=g\",\"url\":\"https:\\\/\\\/secure.gravatar.com\\\/avatar\\\/420aaf9278582877d9018637c6817617705899d2858d7572ef0fe59a6b6454b4?s=96&d=mm&r=g\",\"contentUrl\":\"https:\\\/\\\/secure.gravatar.com\\\/avatar\\\/420aaf9278582877d9018637c6817617705899d2858d7572ef0fe59a6b6454b4?s=96&d=mm&r=g\",\"caption\":\"Canal Dana\"},\"url\":\"https:\\\/\\\/dana.com.br\\\/canaldana\\\/author\\\/cdeditor\\\/\"}]}<\/script>\n<!-- \/ Yoast SEO plugin. -->","yoast_head_json":{"title":"Segundo lote do Kia Sportage h\u00edbrido chega em agosto - Canal Dana","robots":{"index":"index","follow":"follow","max-snippet":"max-snippet:-1","max-image-preview":"max-image-preview:large","max-video-preview":"max-video-preview:-1"},"canonical":"https:\/\/dana.com.br\/canaldana\/2022\/08\/01\/segundo-lote-do-kia-sportage-hibrido-chega-em-agosto\/","og_locale":"pt_BR","og_type":"article","og_title":"Segundo lote do Kia Sportage h\u00edbrido chega em agosto - Canal Dana","og_description":"AutoInd\u00fastria &nbsp; H\u00e1 exatas tr\u00eassemanas a Kia\u00a0 iniciou as vendas da quinta gera\u00e7\u00e3o do Sportage no Brasil, a primeira com motoriza\u00e7\u00e3o h\u00edbrida. Nesta quinta-feira, 28, durante o lan\u00e7amento oficial do SUV, em Arax\u00e1, MG, a marca revelou que as cerca de 250 unidades iniciais j\u00e1 foram todas negociadas e que um segundo lote do SUV\u2026 Leia mais \u00bb","og_url":"https:\/\/dana.com.br\/canaldana\/2022\/08\/01\/segundo-lote-do-kia-sportage-hibrido-chega-em-agosto\/","og_site_name":"Canal Dana","article_published_time":"2022-08-01T11:58:37+00:00","author":"Canal Dana","twitter_card":"summary_large_image","twitter_misc":{"Escrito por":"Canal Dana","Est. tempo de leitura":"4 minutos"},"schema":{"@context":"https:\/\/schema.org","@graph":[{"@type":"Article","@id":"https:\/\/dana.com.br\/canaldana\/2022\/08\/01\/segundo-lote-do-kia-sportage-hibrido-chega-em-agosto\/#article","isPartOf":{"@id":"https:\/\/dana.com.br\/canaldana\/2022\/08\/01\/segundo-lote-do-kia-sportage-hibrido-chega-em-agosto\/"},"author":{"name":"Canal Dana","@id":"https:\/\/dana.com.br\/canaldana\/#\/schema\/person\/3c21f22f56fcf3bc46b94bc60ea4fef6"},"headline":"Segundo lote do Kia Sportage h\u00edbrido chega em agosto","datePublished":"2022-08-01T11:58:37+00:00","mainEntityOfPage":{"@id":"https:\/\/dana.com.br\/canaldana\/2022\/08\/01\/segundo-lote-do-kia-sportage-hibrido-chega-em-agosto\/"},"wordCount":815,"articleSection":["Mercado"],"inLanguage":"pt-BR"},{"@type":"WebPage","@id":"https:\/\/dana.com.br\/canaldana\/2022\/08\/01\/segundo-lote-do-kia-sportage-hibrido-chega-em-agosto\/","url":"https:\/\/dana.com.br\/canaldana\/2022\/08\/01\/segundo-lote-do-kia-sportage-hibrido-chega-em-agosto\/","name":"Segundo lote do Kia Sportage h\u00edbrido chega em agosto - Canal Dana","isPartOf":{"@id":"https:\/\/dana.com.br\/canaldana\/#website"},"datePublished":"2022-08-01T11:58:37+00:00","author":{"@id":"https:\/\/dana.com.br\/canaldana\/#\/schema\/person\/3c21f22f56fcf3bc46b94bc60ea4fef6"},"breadcrumb":{"@id":"https:\/\/dana.com.br\/canaldana\/2022\/08\/01\/segundo-lote-do-kia-sportage-hibrido-chega-em-agosto\/#breadcrumb"},"inLanguage":"pt-BR","potentialAction":[{"@type":"ReadAction","target":["https:\/\/dana.com.br\/canaldana\/2022\/08\/01\/segundo-lote-do-kia-sportage-hibrido-chega-em-agosto\/"]}]},{"@type":"BreadcrumbList","@id":"https:\/\/dana.com.br\/canaldana\/2022\/08\/01\/segundo-lote-do-kia-sportage-hibrido-chega-em-agosto\/#breadcrumb","itemListElement":[{"@type":"ListItem","position":1,"name":"Home","item":"https:\/\/dana.com.br\/canaldana\/"},{"@type":"ListItem","position":2,"name":"Mercado","item":"https:\/\/dana.com.br\/canaldana\/mercado\/"},{"@type":"ListItem","position":3,"name":"Segundo lote do Kia Sportage h\u00edbrido chega em agosto"}]},{"@type":"WebSite","@id":"https:\/\/dana.com.br\/canaldana\/#website","url":"https:\/\/dana.com.br\/canaldana\/","name":"Canal Dana","description":"Informativo com as principais not\u00edcias da ind\u00fastria automotiva","potentialAction":[{"@type":"SearchAction","target":{"@type":"EntryPoint","urlTemplate":"https:\/\/dana.com.br\/canaldana\/?s={search_term_string}"},"query-input":{"@type":"PropertyValueSpecification","valueRequired":true,"valueName":"search_term_string"}}],"inLanguage":"pt-BR"},{"@type":"Person","@id":"https:\/\/dana.com.br\/canaldana\/#\/schema\/person\/3c21f22f56fcf3bc46b94bc60ea4fef6","name":"Canal Dana","image":{"@type":"ImageObject","inLanguage":"pt-BR","@id":"https:\/\/secure.gravatar.com\/avatar\/420aaf9278582877d9018637c6817617705899d2858d7572ef0fe59a6b6454b4?s=96&d=mm&r=g","url":"https:\/\/secure.gravatar.com\/avatar\/420aaf9278582877d9018637c6817617705899d2858d7572ef0fe59a6b6454b4?s=96&d=mm&r=g","contentUrl":"https:\/\/secure.gravatar.com\/avatar\/420aaf9278582877d9018637c6817617705899d2858d7572ef0fe59a6b6454b4?s=96&d=mm&r=g","caption":"Canal Dana"},"url":"https:\/\/dana.com.br\/canaldana\/author\/cdeditor\/"}]}},"_links":{"self":[{"href":"https:\/\/dana.com.br\/canaldana\/wp-json\/wp\/v2\/posts\/59968","targetHints":{"allow":["GET"]}}],"collection":[{"href":"https:\/\/dana.com.br\/canaldana\/wp-json\/wp\/v2\/posts"}],"about":[{"href":"https:\/\/dana.com.br\/canaldana\/wp-json\/wp\/v2\/types\/post"}],"author":[{"embeddable":true,"href":"https:\/\/dana.com.br\/canaldana\/wp-json\/wp\/v2\/users\/3"}],"replies":[{"embeddable":true,"href":"https:\/\/dana.com.br\/canaldana\/wp-json\/wp\/v2\/comments?post=59968"}],"version-history":[{"count":0,"href":"https:\/\/dana.com.br\/canaldana\/wp-json\/wp\/v2\/posts\/59968\/revisions"}],"wp:attachment":[{"href":"https:\/\/dana.com.br\/canaldana\/wp-json\/wp\/v2\/media?parent=59968"}],"wp:term":[{"taxonomy":"category","embeddable":true,"href":"https:\/\/dana.com.br\/canaldana\/wp-json\/wp\/v2\/categories?post=59968"},{"taxonomy":"post_tag","embeddable":true,"href":"https:\/\/dana.com.br\/canaldana\/wp-json\/wp\/v2\/tags?post=59968"}],"curies":[{"name":"wp","href":"https:\/\/api.w.org\/{rel}","templated":true}]}}