{"id":59966,"date":"2022-08-01T08:57:39","date_gmt":"2022-08-01T11:57:39","guid":{"rendered":"https:\/\/dana.com.br\/canaldana\/?p=59966"},"modified":"2022-08-01T08:57:39","modified_gmt":"2022-08-01T11:57:39","slug":"chevrolet-confirma-nova-silverado-para-o-brasil-em-2023","status":"publish","type":"post","link":"https:\/\/dana.com.br\/canaldana\/2022\/08\/01\/chevrolet-confirma-nova-silverado-para-o-brasil-em-2023\/","title":{"rendered":"Chevrolet confirma nova Silverado para o Brasil em 2023"},"content":{"rendered":"<p><em>Autos Segredos <\/em><\/p>\n<p>&nbsp;<\/p>\n<p>Com a Ram nadando de bra\u00e7ada no mercado brasileiro, a Chevrolet confirma que lan\u00e7ar\u00e1 a Silverado no Brasil com motor V8 para tentar surfar na onda da rival<\/p>\n<p>&nbsp;<\/p>\n<p>A Chevrolet confirma que vender\u00e1 a picape Silverado no mercado brasileiro em 2023. Em seu retorno depois de duas d\u00e9cadas ser\u00e1 com motor V8 no cofre para encarar a Ram 1500 que \u00e9 um sucesso no Brasil e tamb\u00e9m a conterr\u00e2nea Ford F-150 j\u00e1 confirma para tamb\u00e9m estrear no pr\u00f3ximo ano. Al\u00e9m da vers\u00e3o t\u00e9rmica, o Autos Segredos apurou que a General Motors tamb\u00e9m vender\u00e1 futuramente a vers\u00e3o el\u00e9trica da Silverado no Brasil.<\/p>\n<p>&nbsp;<\/p>\n<p>A Chevrolet Silverado ficar\u00e1 acima da atual S10 e compor\u00e1 a gama de picapes da marca que ser\u00e1 composta ainda pela nova Montana que tamb\u00e9m chegar\u00e1 em 2023.<\/p>\n<p>&nbsp;<\/p>\n<p>Na dianteira, a Silverado se destaca pela enorme grade filetada que pode ter acabamento cromado ou preto dependendo da vers\u00e3o. Os far\u00f3is s\u00e3o finos e contam com uma barra que liga o conjunto. A luz diurna se integra ao farol principal e seu formato lembra a letra \u201cS\u201d.<\/p>\n<p>&nbsp;<\/p>\n<p>De lado, os retrovisores ficam apoiados na porta e s\u00e3o bem destacados. A linha de cintura da picape \u00e9 cont\u00ednua e um vinco come\u00e7a nos para-lamas dianteiros e se estende at\u00e9 o fim da ca\u00e7amba.<\/p>\n<p>&nbsp;<\/p>\n<p>Na traseira, a Chevrolet Silverado tem lanternas verticais e o nome Chevrolet \u00e9 estampado na lataria da tampa da ca\u00e7amba.<\/p>\n<p>&nbsp;<\/p>\n<p>Segundo a Quatro Rodas, o motor ser\u00e1 um V8 s\u00f3 n\u00e3o est\u00e1 definido se ser\u00e1 o V8 5.3 de 360 cv e 52,8 kgfm de torque ou um 6.2 de 426 cv e 63,6 kgfm de torque. N\u00e3o importando qual motoriza\u00e7\u00e3o, o c\u00e2mbio \u00e9 sempre o autom\u00e1tico de dez marchas. (Autos Segredos\/Marlos Ney Vidal)<\/p>\n","protected":false},"excerpt":{"rendered":"<p>Autos Segredos &nbsp; Com a Ram nadando de bra\u00e7ada no mercado brasileiro, a Chevrolet confirma que lan\u00e7ar\u00e1 a Silverado no Brasil com motor V8 para tentar surfar na onda da rival &nbsp; A Chevrolet confirma que vender\u00e1 a picape Silverado no mercado brasileiro em 2023. Em seu retorno depois de duas d\u00e9cadas ser\u00e1 com motor\u2026 <a class=\"readmore\" href=\"https:\/\/dana.com.br\/canaldana\/2022\/08\/01\/chevrolet-confirma-nova-silverado-para-o-brasil-em-2023\/\">Leia mais \u00bb<\/a><\/p>\n","protected":false},"author":3,"featured_media":0,"comment_status":"closed","ping_status":"closed","sticky":false,"template":"","format":"standard","meta":{"_acf_changed":false,"footnotes":""},"categories":[79],"tags":[],"class_list":["post-59966","post","type-post","status-publish","format-standard","hentry","category-mercado"],"acf":[],"yoast_head":"<!-- This site is optimized with the Yoast SEO plugin v27.3 - https:\/\/yoast.com\/product\/yoast-seo-wordpress\/ -->\n<title>Chevrolet confirma nova Silverado para o Brasil em 2023 - Canal Dana<\/title>\n<meta name=\"robots\" content=\"index, follow, max-snippet:-1, max-image-preview:large, max-video-preview:-1\" \/>\n<link rel=\"canonical\" href=\"https:\/\/dana.com.br\/canaldana\/2022\/08\/01\/chevrolet-confirma-nova-silverado-para-o-brasil-em-2023\/\" \/>\n<meta property=\"og:locale\" content=\"pt_BR\" \/>\n<meta property=\"og:type\" content=\"article\" \/>\n<meta property=\"og:title\" content=\"Chevrolet confirma nova Silverado para o Brasil em 2023 - Canal Dana\" \/>\n<meta property=\"og:description\" content=\"Autos Segredos &nbsp; Com a Ram nadando de bra\u00e7ada no mercado brasileiro, a Chevrolet confirma que lan\u00e7ar\u00e1 a Silverado no Brasil com motor V8 para tentar surfar na onda da rival &nbsp; A Chevrolet confirma que vender\u00e1 a picape Silverado no mercado brasileiro em 2023. Em seu retorno depois de duas d\u00e9cadas ser\u00e1 com motor\u2026 Leia mais \u00bb\" \/>\n<meta property=\"og:url\" content=\"https:\/\/dana.com.br\/canaldana\/2022\/08\/01\/chevrolet-confirma-nova-silverado-para-o-brasil-em-2023\/\" \/>\n<meta property=\"og:site_name\" content=\"Canal Dana\" \/>\n<meta property=\"article:published_time\" content=\"2022-08-01T11:57:39+00:00\" \/>\n<meta name=\"author\" content=\"Canal Dana\" \/>\n<meta name=\"twitter:card\" content=\"summary_large_image\" \/>\n<meta name=\"twitter:label1\" content=\"Escrito por\" \/>\n\t<meta name=\"twitter:data1\" content=\"Canal Dana\" \/>\n\t<meta name=\"twitter:label2\" content=\"Est. tempo de leitura\" \/>\n\t<meta name=\"twitter:data2\" content=\"2 minutos\" \/>\n<script type=\"application\/ld+json\" class=\"yoast-schema-graph\">{\"@context\":\"https:\\\/\\\/schema.org\",\"@graph\":[{\"@type\":\"Article\",\"@id\":\"https:\\\/\\\/dana.com.br\\\/canaldana\\\/2022\\\/08\\\/01\\\/chevrolet-confirma-nova-silverado-para-o-brasil-em-2023\\\/#article\",\"isPartOf\":{\"@id\":\"https:\\\/\\\/dana.com.br\\\/canaldana\\\/2022\\\/08\\\/01\\\/chevrolet-confirma-nova-silverado-para-o-brasil-em-2023\\\/\"},\"author\":{\"name\":\"Canal Dana\",\"@id\":\"https:\\\/\\\/dana.com.br\\\/canaldana\\\/#\\\/schema\\\/person\\\/3c21f22f56fcf3bc46b94bc60ea4fef6\"},\"headline\":\"Chevrolet confirma nova Silverado para o Brasil em 2023\",\"datePublished\":\"2022-08-01T11:57:39+00:00\",\"mainEntityOfPage\":{\"@id\":\"https:\\\/\\\/dana.com.br\\\/canaldana\\\/2022\\\/08\\\/01\\\/chevrolet-confirma-nova-silverado-para-o-brasil-em-2023\\\/\"},\"wordCount\":318,\"articleSection\":[\"Mercado\"],\"inLanguage\":\"pt-BR\"},{\"@type\":\"WebPage\",\"@id\":\"https:\\\/\\\/dana.com.br\\\/canaldana\\\/2022\\\/08\\\/01\\\/chevrolet-confirma-nova-silverado-para-o-brasil-em-2023\\\/\",\"url\":\"https:\\\/\\\/dana.com.br\\\/canaldana\\\/2022\\\/08\\\/01\\\/chevrolet-confirma-nova-silverado-para-o-brasil-em-2023\\\/\",\"name\":\"Chevrolet confirma nova Silverado para o Brasil em 2023 - Canal Dana\",\"isPartOf\":{\"@id\":\"https:\\\/\\\/dana.com.br\\\/canaldana\\\/#website\"},\"datePublished\":\"2022-08-01T11:57:39+00:00\",\"author\":{\"@id\":\"https:\\\/\\\/dana.com.br\\\/canaldana\\\/#\\\/schema\\\/person\\\/3c21f22f56fcf3bc46b94bc60ea4fef6\"},\"breadcrumb\":{\"@id\":\"https:\\\/\\\/dana.com.br\\\/canaldana\\\/2022\\\/08\\\/01\\\/chevrolet-confirma-nova-silverado-para-o-brasil-em-2023\\\/#breadcrumb\"},\"inLanguage\":\"pt-BR\",\"potentialAction\":[{\"@type\":\"ReadAction\",\"target\":[\"https:\\\/\\\/dana.com.br\\\/canaldana\\\/2022\\\/08\\\/01\\\/chevrolet-confirma-nova-silverado-para-o-brasil-em-2023\\\/\"]}]},{\"@type\":\"BreadcrumbList\",\"@id\":\"https:\\\/\\\/dana.com.br\\\/canaldana\\\/2022\\\/08\\\/01\\\/chevrolet-confirma-nova-silverado-para-o-brasil-em-2023\\\/#breadcrumb\",\"itemListElement\":[{\"@type\":\"ListItem\",\"position\":1,\"name\":\"Home\",\"item\":\"https:\\\/\\\/dana.com.br\\\/canaldana\\\/\"},{\"@type\":\"ListItem\",\"position\":2,\"name\":\"Mercado\",\"item\":\"https:\\\/\\\/dana.com.br\\\/canaldana\\\/mercado\\\/\"},{\"@type\":\"ListItem\",\"position\":3,\"name\":\"Chevrolet confirma nova Silverado para o Brasil em 2023\"}]},{\"@type\":\"WebSite\",\"@id\":\"https:\\\/\\\/dana.com.br\\\/canaldana\\\/#website\",\"url\":\"https:\\\/\\\/dana.com.br\\\/canaldana\\\/\",\"name\":\"Canal Dana\",\"description\":\"Informativo com as principais not\u00edcias da ind\u00fastria automotiva\",\"potentialAction\":[{\"@type\":\"SearchAction\",\"target\":{\"@type\":\"EntryPoint\",\"urlTemplate\":\"https:\\\/\\\/dana.com.br\\\/canaldana\\\/?s={search_term_string}\"},\"query-input\":{\"@type\":\"PropertyValueSpecification\",\"valueRequired\":true,\"valueName\":\"search_term_string\"}}],\"inLanguage\":\"pt-BR\"},{\"@type\":\"Person\",\"@id\":\"https:\\\/\\\/dana.com.br\\\/canaldana\\\/#\\\/schema\\\/person\\\/3c21f22f56fcf3bc46b94bc60ea4fef6\",\"name\":\"Canal Dana\",\"image\":{\"@type\":\"ImageObject\",\"inLanguage\":\"pt-BR\",\"@id\":\"https:\\\/\\\/secure.gravatar.com\\\/avatar\\\/420aaf9278582877d9018637c6817617705899d2858d7572ef0fe59a6b6454b4?s=96&d=mm&r=g\",\"url\":\"https:\\\/\\\/secure.gravatar.com\\\/avatar\\\/420aaf9278582877d9018637c6817617705899d2858d7572ef0fe59a6b6454b4?s=96&d=mm&r=g\",\"contentUrl\":\"https:\\\/\\\/secure.gravatar.com\\\/avatar\\\/420aaf9278582877d9018637c6817617705899d2858d7572ef0fe59a6b6454b4?s=96&d=mm&r=g\",\"caption\":\"Canal Dana\"},\"url\":\"https:\\\/\\\/dana.com.br\\\/canaldana\\\/author\\\/cdeditor\\\/\"}]}<\/script>\n<!-- \/ Yoast SEO plugin. -->","yoast_head_json":{"title":"Chevrolet confirma nova Silverado para o Brasil em 2023 - Canal Dana","robots":{"index":"index","follow":"follow","max-snippet":"max-snippet:-1","max-image-preview":"max-image-preview:large","max-video-preview":"max-video-preview:-1"},"canonical":"https:\/\/dana.com.br\/canaldana\/2022\/08\/01\/chevrolet-confirma-nova-silverado-para-o-brasil-em-2023\/","og_locale":"pt_BR","og_type":"article","og_title":"Chevrolet confirma nova Silverado para o Brasil em 2023 - Canal Dana","og_description":"Autos Segredos &nbsp; Com a Ram nadando de bra\u00e7ada no mercado brasileiro, a Chevrolet confirma que lan\u00e7ar\u00e1 a Silverado no Brasil com motor V8 para tentar surfar na onda da rival &nbsp; A Chevrolet confirma que vender\u00e1 a picape Silverado no mercado brasileiro em 2023. Em seu retorno depois de duas d\u00e9cadas ser\u00e1 com motor\u2026 Leia mais \u00bb","og_url":"https:\/\/dana.com.br\/canaldana\/2022\/08\/01\/chevrolet-confirma-nova-silverado-para-o-brasil-em-2023\/","og_site_name":"Canal Dana","article_published_time":"2022-08-01T11:57:39+00:00","author":"Canal Dana","twitter_card":"summary_large_image","twitter_misc":{"Escrito por":"Canal Dana","Est. tempo de leitura":"2 minutos"},"schema":{"@context":"https:\/\/schema.org","@graph":[{"@type":"Article","@id":"https:\/\/dana.com.br\/canaldana\/2022\/08\/01\/chevrolet-confirma-nova-silverado-para-o-brasil-em-2023\/#article","isPartOf":{"@id":"https:\/\/dana.com.br\/canaldana\/2022\/08\/01\/chevrolet-confirma-nova-silverado-para-o-brasil-em-2023\/"},"author":{"name":"Canal Dana","@id":"https:\/\/dana.com.br\/canaldana\/#\/schema\/person\/3c21f22f56fcf3bc46b94bc60ea4fef6"},"headline":"Chevrolet confirma nova Silverado para o Brasil em 2023","datePublished":"2022-08-01T11:57:39+00:00","mainEntityOfPage":{"@id":"https:\/\/dana.com.br\/canaldana\/2022\/08\/01\/chevrolet-confirma-nova-silverado-para-o-brasil-em-2023\/"},"wordCount":318,"articleSection":["Mercado"],"inLanguage":"pt-BR"},{"@type":"WebPage","@id":"https:\/\/dana.com.br\/canaldana\/2022\/08\/01\/chevrolet-confirma-nova-silverado-para-o-brasil-em-2023\/","url":"https:\/\/dana.com.br\/canaldana\/2022\/08\/01\/chevrolet-confirma-nova-silverado-para-o-brasil-em-2023\/","name":"Chevrolet confirma nova Silverado para o Brasil em 2023 - Canal Dana","isPartOf":{"@id":"https:\/\/dana.com.br\/canaldana\/#website"},"datePublished":"2022-08-01T11:57:39+00:00","author":{"@id":"https:\/\/dana.com.br\/canaldana\/#\/schema\/person\/3c21f22f56fcf3bc46b94bc60ea4fef6"},"breadcrumb":{"@id":"https:\/\/dana.com.br\/canaldana\/2022\/08\/01\/chevrolet-confirma-nova-silverado-para-o-brasil-em-2023\/#breadcrumb"},"inLanguage":"pt-BR","potentialAction":[{"@type":"ReadAction","target":["https:\/\/dana.com.br\/canaldana\/2022\/08\/01\/chevrolet-confirma-nova-silverado-para-o-brasil-em-2023\/"]}]},{"@type":"BreadcrumbList","@id":"https:\/\/dana.com.br\/canaldana\/2022\/08\/01\/chevrolet-confirma-nova-silverado-para-o-brasil-em-2023\/#breadcrumb","itemListElement":[{"@type":"ListItem","position":1,"name":"Home","item":"https:\/\/dana.com.br\/canaldana\/"},{"@type":"ListItem","position":2,"name":"Mercado","item":"https:\/\/dana.com.br\/canaldana\/mercado\/"},{"@type":"ListItem","position":3,"name":"Chevrolet confirma nova Silverado para o Brasil em 2023"}]},{"@type":"WebSite","@id":"https:\/\/dana.com.br\/canaldana\/#website","url":"https:\/\/dana.com.br\/canaldana\/","name":"Canal Dana","description":"Informativo com as principais not\u00edcias da ind\u00fastria automotiva","potentialAction":[{"@type":"SearchAction","target":{"@type":"EntryPoint","urlTemplate":"https:\/\/dana.com.br\/canaldana\/?s={search_term_string}"},"query-input":{"@type":"PropertyValueSpecification","valueRequired":true,"valueName":"search_term_string"}}],"inLanguage":"pt-BR"},{"@type":"Person","@id":"https:\/\/dana.com.br\/canaldana\/#\/schema\/person\/3c21f22f56fcf3bc46b94bc60ea4fef6","name":"Canal Dana","image":{"@type":"ImageObject","inLanguage":"pt-BR","@id":"https:\/\/secure.gravatar.com\/avatar\/420aaf9278582877d9018637c6817617705899d2858d7572ef0fe59a6b6454b4?s=96&d=mm&r=g","url":"https:\/\/secure.gravatar.com\/avatar\/420aaf9278582877d9018637c6817617705899d2858d7572ef0fe59a6b6454b4?s=96&d=mm&r=g","contentUrl":"https:\/\/secure.gravatar.com\/avatar\/420aaf9278582877d9018637c6817617705899d2858d7572ef0fe59a6b6454b4?s=96&d=mm&r=g","caption":"Canal Dana"},"url":"https:\/\/dana.com.br\/canaldana\/author\/cdeditor\/"}]}},"_links":{"self":[{"href":"https:\/\/dana.com.br\/canaldana\/wp-json\/wp\/v2\/posts\/59966","targetHints":{"allow":["GET"]}}],"collection":[{"href":"https:\/\/dana.com.br\/canaldana\/wp-json\/wp\/v2\/posts"}],"about":[{"href":"https:\/\/dana.com.br\/canaldana\/wp-json\/wp\/v2\/types\/post"}],"author":[{"embeddable":true,"href":"https:\/\/dana.com.br\/canaldana\/wp-json\/wp\/v2\/users\/3"}],"replies":[{"embeddable":true,"href":"https:\/\/dana.com.br\/canaldana\/wp-json\/wp\/v2\/comments?post=59966"}],"version-history":[{"count":0,"href":"https:\/\/dana.com.br\/canaldana\/wp-json\/wp\/v2\/posts\/59966\/revisions"}],"wp:attachment":[{"href":"https:\/\/dana.com.br\/canaldana\/wp-json\/wp\/v2\/media?parent=59966"}],"wp:term":[{"taxonomy":"category","embeddable":true,"href":"https:\/\/dana.com.br\/canaldana\/wp-json\/wp\/v2\/categories?post=59966"},{"taxonomy":"post_tag","embeddable":true,"href":"https:\/\/dana.com.br\/canaldana\/wp-json\/wp\/v2\/tags?post=59966"}],"curies":[{"name":"wp","href":"https:\/\/api.w.org\/{rel}","templated":true}]}}