{"id":59905,"date":"2022-07-28T08:43:59","date_gmt":"2022-07-28T11:43:59","guid":{"rendered":"https:\/\/dana.com.br\/canaldana\/?p=59905"},"modified":"2022-07-28T08:43:59","modified_gmt":"2022-07-28T11:43:59","slug":"sem-crise-mercedes-benz-ainda-ve-demanda-maior-que-oferta","status":"publish","type":"post","link":"https:\/\/dana.com.br\/canaldana\/2022\/07\/28\/sem-crise-mercedes-benz-ainda-ve-demanda-maior-que-oferta\/","title":{"rendered":"Sem crise: Mercedes-Benz ainda v\u00ea demanda maior que oferta"},"content":{"rendered":"<p><em>Bloomberg <\/em><\/p>\n<p>&nbsp;<\/p>\n<p>A Mercedes-Benz elevou as perspectivas para 2022, esperando que mais novos modelos a mantenham perto de atender a demanda durante o resto do ano.<\/p>\n<p>&nbsp;<\/p>\n<p>A montadora apontou para pedidos \u201cs\u00f3lidos\u201d e demanda \u201csaud\u00e1vel e de alta qualidade\u201d por ve\u00edculos como o carro-chefe EQS el\u00e9trico, ao mesmo tempo em que divulgou resultados do segundo trimestre melhores do que o esperado nesta quarta-feira (27). Uma nova vers\u00e3o SUV do modelo se juntar\u00e1 \u00e0 linha ainda este ano e ajudar\u00e1 a atrair mais compradores.<\/p>\n<p>&nbsp;<\/p>\n<p>\u201cVemos uma demanda saud\u00e1vel em todos os principais mercados\u201d, disse o CEO Ola Kallenius em uma teleconfer\u00eancia com analistas. \u201cTalvez seja o resultado de estar no terceiro ano de restri\u00e7\u00e3o artificial da escassez de semicondutores.\u201d<\/p>\n<p>&nbsp;<\/p>\n<p>A maior montadora de carros de luxo do mundo agora espera que o lucro do grupo seja um pouco maior do que no ano passado, em vez de inalterado, enquanto os retornos da fabrica\u00e7\u00e3o de autom\u00f3veis s\u00e3o vistos entre 12% e 14%, um pouco mais alto do que antes.<\/p>\n<p>&nbsp;<\/p>\n<p>Embora aposte em alguns meses s\u00f3lidos \u00e0 frente, a Mercedes conversou com outros grandes fabricantes sobre preocupa\u00e7\u00f5es com a alta infla\u00e7\u00e3o, problemas na cadeia de suprimentos e uma piora da crise de fornecimento de energia na Europa. As montadoras continuam lutando contra a escassez de chips que levou a paralisa\u00e7\u00f5es generalizadas na produ\u00e7\u00e3o. A maioria dos fabricantes est\u00e1 vendo sinais de afrouxamento do impasse, embora ainda estejam longe de ter certeza que ir\u00e3o adquirir o suficiente dos componentes de alta tecnologia.<\/p>\n<p>&nbsp;<\/p>\n<p>Na Mercedes, as entregas ca\u00edram 7% durante o segundo trimestre devido \u00e0 falta de chips e outros desafios log\u00edsticos.<\/p>\n<p>&nbsp;<\/p>\n<p>O que diz a Bloomberg Intelligence:<\/p>\n<p>&nbsp;<\/p>\n<p>A Mercedes elevou a proje\u00e7\u00e3o para 2022 ap\u00f3s superar estimativas no segundo trimestre &#8211; auxiliada pela produ\u00e7\u00e3o excedendo entregas &#8211; com o segundo semestre definido para se beneficiar da flexibiliza\u00e7\u00e3o das restri\u00e7\u00f5es de oferta, demanda reprimida e reconstru\u00e7\u00e3o de estoque, embora as perspectivas para 2023 continuem sendo nossa preocupa\u00e7\u00e3o com os temores de recess\u00e3o e racionamento de g\u00e1s. Os carros relataram uma margem Ebit de 14% no segundo trimestre, embora abaixo de 16,5% no primeiro trimestre, permitindo que o guidance de margem fosse elevado para 12% a 14% (de 11,5% a 13%) com consenso j\u00e1 no topo.<\/p>\n<p>&nbsp;<\/p>\n<p>Lotes de revendedores vazios permitiram que as montadoras abolissem os descontos t\u00edpicos e os pre\u00e7os dos ve\u00edculos usados tamb\u00e9m dispararam. A Mercedes, como outras montadoras, priorizou a produ\u00e7\u00e3o de seus modelos mais lucrativos, uma estrat\u00e9gia que tamb\u00e9m est\u00e1 alinhada com a mudan\u00e7a da empresa para carros mais sofisticados para rivalizar com a l\u00edder el\u00e9trica Tesla.<\/p>\n<p>&nbsp;<\/p>\n<p>A Mercedes tamb\u00e9m tomou outras medidas para manter suas opera\u00e7\u00f5es em funcionamento devido \u00e0 amea\u00e7a de racionamento de g\u00e1s na Alemanha, depois que a decis\u00e3o da R\u00fassia de cortar o fornecimento atrav\u00e9s de um importante oleoduto do Mar B\u00e1ltico levantou temores de uma interrup\u00e7\u00e3o abrupta das entregas durante o inverno. A f\u00e1brica de Sindelfingen, onde a empresa faz os sofisticados Classe S e Maybach, agora pode funcionar sem g\u00e1s natural, combust\u00edvel normalmente usado nas opera\u00e7\u00f5es de pintura da montadora.<\/p>\n<p>&nbsp;<\/p>\n<p>\u201cPodemos, em algumas circunst\u00e2ncias, substituir o g\u00e1s por petr\u00f3leo e tamb\u00e9m estamos analisando um pacote de medidas de efici\u00eancia\u201d, disse Kallenius em entrevista \u00e0 Bloomberg Television. \u201cEstamos nos preparando para algumas incertezas, para cen\u00e1rios e tentando tornar nossas opera\u00e7\u00f5es mais resilientes.\u201d<\/p>\n<p>&nbsp;<\/p>\n<p>Caso o g\u00e1s se torne escasso, a empresa poder\u00e1 continuar a opera\u00e7\u00e3o plena com metade de seu fornecimento habitual se as autoridades alem\u00e3s permitirem que ela agrupe o combust\u00edvel entre as usinas do pa\u00eds. Isso implicaria dar cr\u00e9dito \u00e0 empresa por reduzir o uso de g\u00e1s em suas f\u00e1bricas de Stuttgart, por exemplo, e n\u00e3o pedir um corte no consumo em sua f\u00e1brica de Bremen, mesmo que n\u00e3o haja compartilhamento f\u00edsico de fornecimento de g\u00e1s entre as instala\u00e7\u00f5es. (Bloomberg\/William Wilkes)<\/p>\n","protected":false},"excerpt":{"rendered":"<p>Bloomberg &nbsp; A Mercedes-Benz elevou as perspectivas para 2022, esperando que mais novos modelos a mantenham perto de atender a demanda durante o resto do ano. &nbsp; A montadora apontou para pedidos \u201cs\u00f3lidos\u201d e demanda \u201csaud\u00e1vel e de alta qualidade\u201d por ve\u00edculos como o carro-chefe EQS el\u00e9trico, ao mesmo tempo em que divulgou resultados do\u2026 <a class=\"readmore\" href=\"https:\/\/dana.com.br\/canaldana\/2022\/07\/28\/sem-crise-mercedes-benz-ainda-ve-demanda-maior-que-oferta\/\">Leia mais \u00bb<\/a><\/p>\n","protected":false},"author":3,"featured_media":0,"comment_status":"closed","ping_status":"closed","sticky":false,"template":"","format":"standard","meta":{"_acf_changed":false,"footnotes":""},"categories":[79],"tags":[],"class_list":["post-59905","post","type-post","status-publish","format-standard","hentry","category-mercado"],"acf":[],"yoast_head":"<!-- This site is optimized with the Yoast SEO plugin v27.3 - https:\/\/yoast.com\/product\/yoast-seo-wordpress\/ -->\n<title>Sem crise: Mercedes-Benz ainda v\u00ea demanda maior que oferta - Canal Dana<\/title>\n<meta name=\"robots\" content=\"index, follow, max-snippet:-1, max-image-preview:large, max-video-preview:-1\" \/>\n<link rel=\"canonical\" href=\"https:\/\/dana.com.br\/canaldana\/2022\/07\/28\/sem-crise-mercedes-benz-ainda-ve-demanda-maior-que-oferta\/\" \/>\n<meta property=\"og:locale\" content=\"pt_BR\" \/>\n<meta property=\"og:type\" content=\"article\" \/>\n<meta property=\"og:title\" content=\"Sem crise: Mercedes-Benz ainda v\u00ea demanda maior que oferta - Canal Dana\" \/>\n<meta property=\"og:description\" content=\"Bloomberg &nbsp; A Mercedes-Benz elevou as perspectivas para 2022, esperando que mais novos modelos a mantenham perto de atender a demanda durante o resto do ano. &nbsp; A montadora apontou para pedidos \u201cs\u00f3lidos\u201d e demanda \u201csaud\u00e1vel e de alta qualidade\u201d por ve\u00edculos como o carro-chefe EQS el\u00e9trico, ao mesmo tempo em que divulgou resultados do\u2026 Leia mais \u00bb\" \/>\n<meta property=\"og:url\" content=\"https:\/\/dana.com.br\/canaldana\/2022\/07\/28\/sem-crise-mercedes-benz-ainda-ve-demanda-maior-que-oferta\/\" \/>\n<meta property=\"og:site_name\" content=\"Canal Dana\" \/>\n<meta property=\"article:published_time\" content=\"2022-07-28T11:43:59+00:00\" \/>\n<meta name=\"author\" content=\"Canal Dana\" \/>\n<meta name=\"twitter:card\" content=\"summary_large_image\" \/>\n<meta name=\"twitter:label1\" content=\"Escrito por\" \/>\n\t<meta name=\"twitter:data1\" content=\"Canal Dana\" \/>\n\t<meta name=\"twitter:label2\" content=\"Est. tempo de leitura\" \/>\n\t<meta name=\"twitter:data2\" content=\"3 minutos\" \/>\n<script type=\"application\/ld+json\" class=\"yoast-schema-graph\">{\"@context\":\"https:\\\/\\\/schema.org\",\"@graph\":[{\"@type\":\"Article\",\"@id\":\"https:\\\/\\\/dana.com.br\\\/canaldana\\\/2022\\\/07\\\/28\\\/sem-crise-mercedes-benz-ainda-ve-demanda-maior-que-oferta\\\/#article\",\"isPartOf\":{\"@id\":\"https:\\\/\\\/dana.com.br\\\/canaldana\\\/2022\\\/07\\\/28\\\/sem-crise-mercedes-benz-ainda-ve-demanda-maior-que-oferta\\\/\"},\"author\":{\"name\":\"Canal Dana\",\"@id\":\"https:\\\/\\\/dana.com.br\\\/canaldana\\\/#\\\/schema\\\/person\\\/3c21f22f56fcf3bc46b94bc60ea4fef6\"},\"headline\":\"Sem crise: Mercedes-Benz ainda v\u00ea demanda maior que oferta\",\"datePublished\":\"2022-07-28T11:43:59+00:00\",\"mainEntityOfPage\":{\"@id\":\"https:\\\/\\\/dana.com.br\\\/canaldana\\\/2022\\\/07\\\/28\\\/sem-crise-mercedes-benz-ainda-ve-demanda-maior-que-oferta\\\/\"},\"wordCount\":699,\"articleSection\":[\"Mercado\"],\"inLanguage\":\"pt-BR\"},{\"@type\":\"WebPage\",\"@id\":\"https:\\\/\\\/dana.com.br\\\/canaldana\\\/2022\\\/07\\\/28\\\/sem-crise-mercedes-benz-ainda-ve-demanda-maior-que-oferta\\\/\",\"url\":\"https:\\\/\\\/dana.com.br\\\/canaldana\\\/2022\\\/07\\\/28\\\/sem-crise-mercedes-benz-ainda-ve-demanda-maior-que-oferta\\\/\",\"name\":\"Sem crise: Mercedes-Benz ainda v\u00ea demanda maior que oferta - Canal Dana\",\"isPartOf\":{\"@id\":\"https:\\\/\\\/dana.com.br\\\/canaldana\\\/#website\"},\"datePublished\":\"2022-07-28T11:43:59+00:00\",\"author\":{\"@id\":\"https:\\\/\\\/dana.com.br\\\/canaldana\\\/#\\\/schema\\\/person\\\/3c21f22f56fcf3bc46b94bc60ea4fef6\"},\"breadcrumb\":{\"@id\":\"https:\\\/\\\/dana.com.br\\\/canaldana\\\/2022\\\/07\\\/28\\\/sem-crise-mercedes-benz-ainda-ve-demanda-maior-que-oferta\\\/#breadcrumb\"},\"inLanguage\":\"pt-BR\",\"potentialAction\":[{\"@type\":\"ReadAction\",\"target\":[\"https:\\\/\\\/dana.com.br\\\/canaldana\\\/2022\\\/07\\\/28\\\/sem-crise-mercedes-benz-ainda-ve-demanda-maior-que-oferta\\\/\"]}]},{\"@type\":\"BreadcrumbList\",\"@id\":\"https:\\\/\\\/dana.com.br\\\/canaldana\\\/2022\\\/07\\\/28\\\/sem-crise-mercedes-benz-ainda-ve-demanda-maior-que-oferta\\\/#breadcrumb\",\"itemListElement\":[{\"@type\":\"ListItem\",\"position\":1,\"name\":\"Home\",\"item\":\"https:\\\/\\\/dana.com.br\\\/canaldana\\\/\"},{\"@type\":\"ListItem\",\"position\":2,\"name\":\"Mercado\",\"item\":\"https:\\\/\\\/dana.com.br\\\/canaldana\\\/mercado\\\/\"},{\"@type\":\"ListItem\",\"position\":3,\"name\":\"Sem crise: Mercedes-Benz ainda v\u00ea demanda maior que oferta\"}]},{\"@type\":\"WebSite\",\"@id\":\"https:\\\/\\\/dana.com.br\\\/canaldana\\\/#website\",\"url\":\"https:\\\/\\\/dana.com.br\\\/canaldana\\\/\",\"name\":\"Canal Dana\",\"description\":\"Informativo com as principais not\u00edcias da ind\u00fastria automotiva\",\"potentialAction\":[{\"@type\":\"SearchAction\",\"target\":{\"@type\":\"EntryPoint\",\"urlTemplate\":\"https:\\\/\\\/dana.com.br\\\/canaldana\\\/?s={search_term_string}\"},\"query-input\":{\"@type\":\"PropertyValueSpecification\",\"valueRequired\":true,\"valueName\":\"search_term_string\"}}],\"inLanguage\":\"pt-BR\"},{\"@type\":\"Person\",\"@id\":\"https:\\\/\\\/dana.com.br\\\/canaldana\\\/#\\\/schema\\\/person\\\/3c21f22f56fcf3bc46b94bc60ea4fef6\",\"name\":\"Canal Dana\",\"image\":{\"@type\":\"ImageObject\",\"inLanguage\":\"pt-BR\",\"@id\":\"https:\\\/\\\/secure.gravatar.com\\\/avatar\\\/420aaf9278582877d9018637c6817617705899d2858d7572ef0fe59a6b6454b4?s=96&d=mm&r=g\",\"url\":\"https:\\\/\\\/secure.gravatar.com\\\/avatar\\\/420aaf9278582877d9018637c6817617705899d2858d7572ef0fe59a6b6454b4?s=96&d=mm&r=g\",\"contentUrl\":\"https:\\\/\\\/secure.gravatar.com\\\/avatar\\\/420aaf9278582877d9018637c6817617705899d2858d7572ef0fe59a6b6454b4?s=96&d=mm&r=g\",\"caption\":\"Canal Dana\"},\"url\":\"https:\\\/\\\/dana.com.br\\\/canaldana\\\/author\\\/cdeditor\\\/\"}]}<\/script>\n<!-- \/ Yoast SEO plugin. -->","yoast_head_json":{"title":"Sem crise: Mercedes-Benz ainda v\u00ea demanda maior que oferta - Canal Dana","robots":{"index":"index","follow":"follow","max-snippet":"max-snippet:-1","max-image-preview":"max-image-preview:large","max-video-preview":"max-video-preview:-1"},"canonical":"https:\/\/dana.com.br\/canaldana\/2022\/07\/28\/sem-crise-mercedes-benz-ainda-ve-demanda-maior-que-oferta\/","og_locale":"pt_BR","og_type":"article","og_title":"Sem crise: Mercedes-Benz ainda v\u00ea demanda maior que oferta - Canal Dana","og_description":"Bloomberg &nbsp; A Mercedes-Benz elevou as perspectivas para 2022, esperando que mais novos modelos a mantenham perto de atender a demanda durante o resto do ano. &nbsp; A montadora apontou para pedidos \u201cs\u00f3lidos\u201d e demanda \u201csaud\u00e1vel e de alta qualidade\u201d por ve\u00edculos como o carro-chefe EQS el\u00e9trico, ao mesmo tempo em que divulgou resultados do\u2026 Leia mais \u00bb","og_url":"https:\/\/dana.com.br\/canaldana\/2022\/07\/28\/sem-crise-mercedes-benz-ainda-ve-demanda-maior-que-oferta\/","og_site_name":"Canal Dana","article_published_time":"2022-07-28T11:43:59+00:00","author":"Canal Dana","twitter_card":"summary_large_image","twitter_misc":{"Escrito por":"Canal Dana","Est. tempo de leitura":"3 minutos"},"schema":{"@context":"https:\/\/schema.org","@graph":[{"@type":"Article","@id":"https:\/\/dana.com.br\/canaldana\/2022\/07\/28\/sem-crise-mercedes-benz-ainda-ve-demanda-maior-que-oferta\/#article","isPartOf":{"@id":"https:\/\/dana.com.br\/canaldana\/2022\/07\/28\/sem-crise-mercedes-benz-ainda-ve-demanda-maior-que-oferta\/"},"author":{"name":"Canal Dana","@id":"https:\/\/dana.com.br\/canaldana\/#\/schema\/person\/3c21f22f56fcf3bc46b94bc60ea4fef6"},"headline":"Sem crise: Mercedes-Benz ainda v\u00ea demanda maior que oferta","datePublished":"2022-07-28T11:43:59+00:00","mainEntityOfPage":{"@id":"https:\/\/dana.com.br\/canaldana\/2022\/07\/28\/sem-crise-mercedes-benz-ainda-ve-demanda-maior-que-oferta\/"},"wordCount":699,"articleSection":["Mercado"],"inLanguage":"pt-BR"},{"@type":"WebPage","@id":"https:\/\/dana.com.br\/canaldana\/2022\/07\/28\/sem-crise-mercedes-benz-ainda-ve-demanda-maior-que-oferta\/","url":"https:\/\/dana.com.br\/canaldana\/2022\/07\/28\/sem-crise-mercedes-benz-ainda-ve-demanda-maior-que-oferta\/","name":"Sem crise: Mercedes-Benz ainda v\u00ea demanda maior que oferta - Canal Dana","isPartOf":{"@id":"https:\/\/dana.com.br\/canaldana\/#website"},"datePublished":"2022-07-28T11:43:59+00:00","author":{"@id":"https:\/\/dana.com.br\/canaldana\/#\/schema\/person\/3c21f22f56fcf3bc46b94bc60ea4fef6"},"breadcrumb":{"@id":"https:\/\/dana.com.br\/canaldana\/2022\/07\/28\/sem-crise-mercedes-benz-ainda-ve-demanda-maior-que-oferta\/#breadcrumb"},"inLanguage":"pt-BR","potentialAction":[{"@type":"ReadAction","target":["https:\/\/dana.com.br\/canaldana\/2022\/07\/28\/sem-crise-mercedes-benz-ainda-ve-demanda-maior-que-oferta\/"]}]},{"@type":"BreadcrumbList","@id":"https:\/\/dana.com.br\/canaldana\/2022\/07\/28\/sem-crise-mercedes-benz-ainda-ve-demanda-maior-que-oferta\/#breadcrumb","itemListElement":[{"@type":"ListItem","position":1,"name":"Home","item":"https:\/\/dana.com.br\/canaldana\/"},{"@type":"ListItem","position":2,"name":"Mercado","item":"https:\/\/dana.com.br\/canaldana\/mercado\/"},{"@type":"ListItem","position":3,"name":"Sem crise: Mercedes-Benz ainda v\u00ea demanda maior que oferta"}]},{"@type":"WebSite","@id":"https:\/\/dana.com.br\/canaldana\/#website","url":"https:\/\/dana.com.br\/canaldana\/","name":"Canal Dana","description":"Informativo com as principais not\u00edcias da ind\u00fastria automotiva","potentialAction":[{"@type":"SearchAction","target":{"@type":"EntryPoint","urlTemplate":"https:\/\/dana.com.br\/canaldana\/?s={search_term_string}"},"query-input":{"@type":"PropertyValueSpecification","valueRequired":true,"valueName":"search_term_string"}}],"inLanguage":"pt-BR"},{"@type":"Person","@id":"https:\/\/dana.com.br\/canaldana\/#\/schema\/person\/3c21f22f56fcf3bc46b94bc60ea4fef6","name":"Canal Dana","image":{"@type":"ImageObject","inLanguage":"pt-BR","@id":"https:\/\/secure.gravatar.com\/avatar\/420aaf9278582877d9018637c6817617705899d2858d7572ef0fe59a6b6454b4?s=96&d=mm&r=g","url":"https:\/\/secure.gravatar.com\/avatar\/420aaf9278582877d9018637c6817617705899d2858d7572ef0fe59a6b6454b4?s=96&d=mm&r=g","contentUrl":"https:\/\/secure.gravatar.com\/avatar\/420aaf9278582877d9018637c6817617705899d2858d7572ef0fe59a6b6454b4?s=96&d=mm&r=g","caption":"Canal Dana"},"url":"https:\/\/dana.com.br\/canaldana\/author\/cdeditor\/"}]}},"_links":{"self":[{"href":"https:\/\/dana.com.br\/canaldana\/wp-json\/wp\/v2\/posts\/59905","targetHints":{"allow":["GET"]}}],"collection":[{"href":"https:\/\/dana.com.br\/canaldana\/wp-json\/wp\/v2\/posts"}],"about":[{"href":"https:\/\/dana.com.br\/canaldana\/wp-json\/wp\/v2\/types\/post"}],"author":[{"embeddable":true,"href":"https:\/\/dana.com.br\/canaldana\/wp-json\/wp\/v2\/users\/3"}],"replies":[{"embeddable":true,"href":"https:\/\/dana.com.br\/canaldana\/wp-json\/wp\/v2\/comments?post=59905"}],"version-history":[{"count":0,"href":"https:\/\/dana.com.br\/canaldana\/wp-json\/wp\/v2\/posts\/59905\/revisions"}],"wp:attachment":[{"href":"https:\/\/dana.com.br\/canaldana\/wp-json\/wp\/v2\/media?parent=59905"}],"wp:term":[{"taxonomy":"category","embeddable":true,"href":"https:\/\/dana.com.br\/canaldana\/wp-json\/wp\/v2\/categories?post=59905"},{"taxonomy":"post_tag","embeddable":true,"href":"https:\/\/dana.com.br\/canaldana\/wp-json\/wp\/v2\/tags?post=59905"}],"curies":[{"name":"wp","href":"https:\/\/api.w.org\/{rel}","templated":true}]}}