{"id":59765,"date":"2022-07-21T09:02:23","date_gmt":"2022-07-21T12:02:23","guid":{"rendered":"https:\/\/dana.com.br\/canaldana\/?p=59765"},"modified":"2022-07-21T09:02:23","modified_gmt":"2022-07-21T12:02:23","slug":"iveco-bus-fornece-novos-onibus-para-grupo-sao-joao","status":"publish","type":"post","link":"https:\/\/dana.com.br\/canaldana\/2022\/07\/21\/iveco-bus-fornece-novos-onibus-para-grupo-sao-joao\/","title":{"rendered":"IVECO BUS fornece novos \u00f4nibus para Grupo S\u00e3o Jo\u00e3o"},"content":{"rendered":"<p><em>Truck &amp; Bus Builder Am\u00e9rica do Sul<\/em><\/p>\n<p>&nbsp;<\/p>\n<p>A IVECO BUS fez a entrega de 14 novos \u00f4nibus para o Grupo S\u00e3o Jo\u00e3o, de Sorocaba, no interior do estado de S\u00e3o Paulo, Os ve\u00edculos equipados com chassi 170S28 e carroceria Comil, ser\u00e3o utilizados para o transporte no segmento de fretamento.<\/p>\n<p>&nbsp;<\/p>\n<p>O primeiro lote com seis unidades foi entregue neste m\u00eas de julho. \u201cO Grupo S\u00e3o Jo\u00e3o \u00e9 um bom exemplo do trabalho intenso que fazemos com nossos parceiros\u201d, comentou Wellington Monte, gerente comercial da IVECO BUS. A venda teve o apoio da concession\u00e1ria IVECO Mercalf.<\/p>\n<p>&nbsp;<\/p>\n<p>Fundado em 1963, o Grupo S\u00e3o Jo\u00e3o, atualmente com 350 ve\u00edculos, se destaca oferecendo qualidade como principal diferencial no transporte p\u00fablico e privado, e investindo em inova\u00e7\u00f5es tecnol\u00f3gicas para proporcionar mais conforto e seguran\u00e7a aos passageiros por meio de um sistema de transporte moderno e seguro.<\/p>\n<p>&nbsp;<\/p>\n<p>\u201cDepois do per\u00edodo mais cr\u00edtico da pandemia iniciamos um processo de renova\u00e7\u00e3o de frota, e escolhemos a IVECO BUS por conta das informa\u00e7\u00f5es positivas passadas por outros empres\u00e1rios do setor. Adquirimos um verdadeiro pacote de solu\u00e7\u00f5es para nossa opera\u00e7\u00e3o\u201d, diz Marco Franco, diretor do Grupo S\u00e3o Jo\u00e3o.<\/p>\n<p>&nbsp;<\/p>\n<p>O executivo destaca que a rela\u00e7\u00e3o custo\/benef\u00edcio dos produtos, e a parceria com o Iveco Capital e com o Cons\u00f3rcio IVECO, foram fundamentais para a conclus\u00e3o da compra. \u201cQueremos estreitar ainda mais o relacionamento com a montadora para futuras negocia\u00e7\u00f5es\u201d, finaliza Franco.<\/p>\n<p>&nbsp;<\/p>\n<p><strong>Chassi 170S28<\/strong><\/p>\n<p>&nbsp;<\/p>\n<p>O chassi 170S28 foi projetado e \u00e9 fabricado no Complexo Industrial da IVECO, em Sete Lagoas (MG), em duas configura\u00e7\u00f5es: urbano e fretamento, para aplica\u00e7\u00f5es de transporte urbano e intermunicipal. O modelo possui motor N67, da FPT Industrial, com pot\u00eancia m\u00e1xima de 280 cv e torque de 950 Nm, entre 1.250 e 1.950 rpm.<\/p>\n<p>&nbsp;<\/p>\n<p>O modelo foi pensado para tornar a viagem mais confort\u00e1vel ao motorista e passageiros. O chassi 170S28 conta ainda com volante com tr\u00eas est\u00e1gios de regulagem longitudinal e um de regulagem vertical. O item melhora a dirigibilidade e permite vis\u00e3o completa do painel de instrumentos e l\u00e2mpadas piloto. J\u00e1 o sistema de suspens\u00e3o tem a op\u00e7\u00e3o de molas semiel\u00edpticas, que oferecem maior resist\u00eancia e facilidade de manuten\u00e7\u00e3o, e as molas parab\u00f3licas, que t\u00eam o conforto como ponto alto. (Truck &amp; Bus Builder Am\u00e9rica do Sul)<\/p>\n","protected":false},"excerpt":{"rendered":"<p>Truck &amp; Bus Builder Am\u00e9rica do Sul &nbsp; A IVECO BUS fez a entrega de 14 novos \u00f4nibus para o Grupo S\u00e3o Jo\u00e3o, de Sorocaba, no interior do estado de S\u00e3o Paulo, Os ve\u00edculos equipados com chassi 170S28 e carroceria Comil, ser\u00e3o utilizados para o transporte no segmento de fretamento. &nbsp; O primeiro lote com\u2026 <a class=\"readmore\" href=\"https:\/\/dana.com.br\/canaldana\/2022\/07\/21\/iveco-bus-fornece-novos-onibus-para-grupo-sao-joao\/\">Leia mais \u00bb<\/a><\/p>\n","protected":false},"author":3,"featured_media":0,"comment_status":"closed","ping_status":"closed","sticky":false,"template":"","format":"standard","meta":{"_acf_changed":false,"footnotes":""},"categories":[79],"tags":[],"class_list":["post-59765","post","type-post","status-publish","format-standard","hentry","category-mercado"],"acf":[],"yoast_head":"<!-- This site is optimized with the Yoast SEO plugin v27.3 - https:\/\/yoast.com\/product\/yoast-seo-wordpress\/ -->\n<title>IVECO BUS fornece novos \u00f4nibus para Grupo S\u00e3o Jo\u00e3o - Canal Dana<\/title>\n<meta name=\"robots\" content=\"index, follow, max-snippet:-1, max-image-preview:large, max-video-preview:-1\" \/>\n<link rel=\"canonical\" href=\"https:\/\/dana.com.br\/canaldana\/2022\/07\/21\/iveco-bus-fornece-novos-onibus-para-grupo-sao-joao\/\" \/>\n<meta property=\"og:locale\" content=\"pt_BR\" \/>\n<meta property=\"og:type\" content=\"article\" \/>\n<meta property=\"og:title\" content=\"IVECO BUS fornece novos \u00f4nibus para Grupo S\u00e3o Jo\u00e3o - Canal Dana\" \/>\n<meta property=\"og:description\" content=\"Truck &amp; Bus Builder Am\u00e9rica do Sul &nbsp; A IVECO BUS fez a entrega de 14 novos \u00f4nibus para o Grupo S\u00e3o Jo\u00e3o, de Sorocaba, no interior do estado de S\u00e3o Paulo, Os ve\u00edculos equipados com chassi 170S28 e carroceria Comil, ser\u00e3o utilizados para o transporte no segmento de fretamento. &nbsp; O primeiro lote com\u2026 Leia mais \u00bb\" \/>\n<meta property=\"og:url\" content=\"https:\/\/dana.com.br\/canaldana\/2022\/07\/21\/iveco-bus-fornece-novos-onibus-para-grupo-sao-joao\/\" \/>\n<meta property=\"og:site_name\" content=\"Canal Dana\" \/>\n<meta property=\"article:published_time\" content=\"2022-07-21T12:02:23+00:00\" \/>\n<meta name=\"author\" content=\"Canal Dana\" \/>\n<meta name=\"twitter:card\" content=\"summary_large_image\" \/>\n<meta name=\"twitter:label1\" content=\"Escrito por\" \/>\n\t<meta name=\"twitter:data1\" content=\"Canal Dana\" \/>\n\t<meta name=\"twitter:label2\" content=\"Est. tempo de leitura\" \/>\n\t<meta name=\"twitter:data2\" content=\"2 minutos\" \/>\n<script type=\"application\/ld+json\" class=\"yoast-schema-graph\">{\"@context\":\"https:\\\/\\\/schema.org\",\"@graph\":[{\"@type\":\"Article\",\"@id\":\"https:\\\/\\\/dana.com.br\\\/canaldana\\\/2022\\\/07\\\/21\\\/iveco-bus-fornece-novos-onibus-para-grupo-sao-joao\\\/#article\",\"isPartOf\":{\"@id\":\"https:\\\/\\\/dana.com.br\\\/canaldana\\\/2022\\\/07\\\/21\\\/iveco-bus-fornece-novos-onibus-para-grupo-sao-joao\\\/\"},\"author\":{\"name\":\"Canal Dana\",\"@id\":\"https:\\\/\\\/dana.com.br\\\/canaldana\\\/#\\\/schema\\\/person\\\/3c21f22f56fcf3bc46b94bc60ea4fef6\"},\"headline\":\"IVECO BUS fornece novos \u00f4nibus para Grupo S\u00e3o Jo\u00e3o\",\"datePublished\":\"2022-07-21T12:02:23+00:00\",\"mainEntityOfPage\":{\"@id\":\"https:\\\/\\\/dana.com.br\\\/canaldana\\\/2022\\\/07\\\/21\\\/iveco-bus-fornece-novos-onibus-para-grupo-sao-joao\\\/\"},\"wordCount\":429,\"articleSection\":[\"Mercado\"],\"inLanguage\":\"pt-BR\"},{\"@type\":\"WebPage\",\"@id\":\"https:\\\/\\\/dana.com.br\\\/canaldana\\\/2022\\\/07\\\/21\\\/iveco-bus-fornece-novos-onibus-para-grupo-sao-joao\\\/\",\"url\":\"https:\\\/\\\/dana.com.br\\\/canaldana\\\/2022\\\/07\\\/21\\\/iveco-bus-fornece-novos-onibus-para-grupo-sao-joao\\\/\",\"name\":\"IVECO BUS fornece novos \u00f4nibus para Grupo S\u00e3o Jo\u00e3o - Canal Dana\",\"isPartOf\":{\"@id\":\"https:\\\/\\\/dana.com.br\\\/canaldana\\\/#website\"},\"datePublished\":\"2022-07-21T12:02:23+00:00\",\"author\":{\"@id\":\"https:\\\/\\\/dana.com.br\\\/canaldana\\\/#\\\/schema\\\/person\\\/3c21f22f56fcf3bc46b94bc60ea4fef6\"},\"breadcrumb\":{\"@id\":\"https:\\\/\\\/dana.com.br\\\/canaldana\\\/2022\\\/07\\\/21\\\/iveco-bus-fornece-novos-onibus-para-grupo-sao-joao\\\/#breadcrumb\"},\"inLanguage\":\"pt-BR\",\"potentialAction\":[{\"@type\":\"ReadAction\",\"target\":[\"https:\\\/\\\/dana.com.br\\\/canaldana\\\/2022\\\/07\\\/21\\\/iveco-bus-fornece-novos-onibus-para-grupo-sao-joao\\\/\"]}]},{\"@type\":\"BreadcrumbList\",\"@id\":\"https:\\\/\\\/dana.com.br\\\/canaldana\\\/2022\\\/07\\\/21\\\/iveco-bus-fornece-novos-onibus-para-grupo-sao-joao\\\/#breadcrumb\",\"itemListElement\":[{\"@type\":\"ListItem\",\"position\":1,\"name\":\"Home\",\"item\":\"https:\\\/\\\/dana.com.br\\\/canaldana\\\/\"},{\"@type\":\"ListItem\",\"position\":2,\"name\":\"Mercado\",\"item\":\"https:\\\/\\\/dana.com.br\\\/canaldana\\\/mercado\\\/\"},{\"@type\":\"ListItem\",\"position\":3,\"name\":\"IVECO BUS fornece novos \u00f4nibus para Grupo S\u00e3o Jo\u00e3o\"}]},{\"@type\":\"WebSite\",\"@id\":\"https:\\\/\\\/dana.com.br\\\/canaldana\\\/#website\",\"url\":\"https:\\\/\\\/dana.com.br\\\/canaldana\\\/\",\"name\":\"Canal Dana\",\"description\":\"Informativo com as principais not\u00edcias da ind\u00fastria automotiva\",\"potentialAction\":[{\"@type\":\"SearchAction\",\"target\":{\"@type\":\"EntryPoint\",\"urlTemplate\":\"https:\\\/\\\/dana.com.br\\\/canaldana\\\/?s={search_term_string}\"},\"query-input\":{\"@type\":\"PropertyValueSpecification\",\"valueRequired\":true,\"valueName\":\"search_term_string\"}}],\"inLanguage\":\"pt-BR\"},{\"@type\":\"Person\",\"@id\":\"https:\\\/\\\/dana.com.br\\\/canaldana\\\/#\\\/schema\\\/person\\\/3c21f22f56fcf3bc46b94bc60ea4fef6\",\"name\":\"Canal Dana\",\"image\":{\"@type\":\"ImageObject\",\"inLanguage\":\"pt-BR\",\"@id\":\"https:\\\/\\\/secure.gravatar.com\\\/avatar\\\/420aaf9278582877d9018637c6817617705899d2858d7572ef0fe59a6b6454b4?s=96&d=mm&r=g\",\"url\":\"https:\\\/\\\/secure.gravatar.com\\\/avatar\\\/420aaf9278582877d9018637c6817617705899d2858d7572ef0fe59a6b6454b4?s=96&d=mm&r=g\",\"contentUrl\":\"https:\\\/\\\/secure.gravatar.com\\\/avatar\\\/420aaf9278582877d9018637c6817617705899d2858d7572ef0fe59a6b6454b4?s=96&d=mm&r=g\",\"caption\":\"Canal Dana\"},\"url\":\"https:\\\/\\\/dana.com.br\\\/canaldana\\\/author\\\/cdeditor\\\/\"}]}<\/script>\n<!-- \/ Yoast SEO plugin. -->","yoast_head_json":{"title":"IVECO BUS fornece novos \u00f4nibus para Grupo S\u00e3o Jo\u00e3o - Canal Dana","robots":{"index":"index","follow":"follow","max-snippet":"max-snippet:-1","max-image-preview":"max-image-preview:large","max-video-preview":"max-video-preview:-1"},"canonical":"https:\/\/dana.com.br\/canaldana\/2022\/07\/21\/iveco-bus-fornece-novos-onibus-para-grupo-sao-joao\/","og_locale":"pt_BR","og_type":"article","og_title":"IVECO BUS fornece novos \u00f4nibus para Grupo S\u00e3o Jo\u00e3o - Canal Dana","og_description":"Truck &amp; Bus Builder Am\u00e9rica do Sul &nbsp; A IVECO BUS fez a entrega de 14 novos \u00f4nibus para o Grupo S\u00e3o Jo\u00e3o, de Sorocaba, no interior do estado de S\u00e3o Paulo, Os ve\u00edculos equipados com chassi 170S28 e carroceria Comil, ser\u00e3o utilizados para o transporte no segmento de fretamento. &nbsp; O primeiro lote com\u2026 Leia mais \u00bb","og_url":"https:\/\/dana.com.br\/canaldana\/2022\/07\/21\/iveco-bus-fornece-novos-onibus-para-grupo-sao-joao\/","og_site_name":"Canal Dana","article_published_time":"2022-07-21T12:02:23+00:00","author":"Canal Dana","twitter_card":"summary_large_image","twitter_misc":{"Escrito por":"Canal Dana","Est. tempo de leitura":"2 minutos"},"schema":{"@context":"https:\/\/schema.org","@graph":[{"@type":"Article","@id":"https:\/\/dana.com.br\/canaldana\/2022\/07\/21\/iveco-bus-fornece-novos-onibus-para-grupo-sao-joao\/#article","isPartOf":{"@id":"https:\/\/dana.com.br\/canaldana\/2022\/07\/21\/iveco-bus-fornece-novos-onibus-para-grupo-sao-joao\/"},"author":{"name":"Canal Dana","@id":"https:\/\/dana.com.br\/canaldana\/#\/schema\/person\/3c21f22f56fcf3bc46b94bc60ea4fef6"},"headline":"IVECO BUS fornece novos \u00f4nibus para Grupo S\u00e3o Jo\u00e3o","datePublished":"2022-07-21T12:02:23+00:00","mainEntityOfPage":{"@id":"https:\/\/dana.com.br\/canaldana\/2022\/07\/21\/iveco-bus-fornece-novos-onibus-para-grupo-sao-joao\/"},"wordCount":429,"articleSection":["Mercado"],"inLanguage":"pt-BR"},{"@type":"WebPage","@id":"https:\/\/dana.com.br\/canaldana\/2022\/07\/21\/iveco-bus-fornece-novos-onibus-para-grupo-sao-joao\/","url":"https:\/\/dana.com.br\/canaldana\/2022\/07\/21\/iveco-bus-fornece-novos-onibus-para-grupo-sao-joao\/","name":"IVECO BUS fornece novos \u00f4nibus para Grupo S\u00e3o Jo\u00e3o - Canal Dana","isPartOf":{"@id":"https:\/\/dana.com.br\/canaldana\/#website"},"datePublished":"2022-07-21T12:02:23+00:00","author":{"@id":"https:\/\/dana.com.br\/canaldana\/#\/schema\/person\/3c21f22f56fcf3bc46b94bc60ea4fef6"},"breadcrumb":{"@id":"https:\/\/dana.com.br\/canaldana\/2022\/07\/21\/iveco-bus-fornece-novos-onibus-para-grupo-sao-joao\/#breadcrumb"},"inLanguage":"pt-BR","potentialAction":[{"@type":"ReadAction","target":["https:\/\/dana.com.br\/canaldana\/2022\/07\/21\/iveco-bus-fornece-novos-onibus-para-grupo-sao-joao\/"]}]},{"@type":"BreadcrumbList","@id":"https:\/\/dana.com.br\/canaldana\/2022\/07\/21\/iveco-bus-fornece-novos-onibus-para-grupo-sao-joao\/#breadcrumb","itemListElement":[{"@type":"ListItem","position":1,"name":"Home","item":"https:\/\/dana.com.br\/canaldana\/"},{"@type":"ListItem","position":2,"name":"Mercado","item":"https:\/\/dana.com.br\/canaldana\/mercado\/"},{"@type":"ListItem","position":3,"name":"IVECO BUS fornece novos \u00f4nibus para Grupo S\u00e3o Jo\u00e3o"}]},{"@type":"WebSite","@id":"https:\/\/dana.com.br\/canaldana\/#website","url":"https:\/\/dana.com.br\/canaldana\/","name":"Canal Dana","description":"Informativo com as principais not\u00edcias da ind\u00fastria automotiva","potentialAction":[{"@type":"SearchAction","target":{"@type":"EntryPoint","urlTemplate":"https:\/\/dana.com.br\/canaldana\/?s={search_term_string}"},"query-input":{"@type":"PropertyValueSpecification","valueRequired":true,"valueName":"search_term_string"}}],"inLanguage":"pt-BR"},{"@type":"Person","@id":"https:\/\/dana.com.br\/canaldana\/#\/schema\/person\/3c21f22f56fcf3bc46b94bc60ea4fef6","name":"Canal Dana","image":{"@type":"ImageObject","inLanguage":"pt-BR","@id":"https:\/\/secure.gravatar.com\/avatar\/420aaf9278582877d9018637c6817617705899d2858d7572ef0fe59a6b6454b4?s=96&d=mm&r=g","url":"https:\/\/secure.gravatar.com\/avatar\/420aaf9278582877d9018637c6817617705899d2858d7572ef0fe59a6b6454b4?s=96&d=mm&r=g","contentUrl":"https:\/\/secure.gravatar.com\/avatar\/420aaf9278582877d9018637c6817617705899d2858d7572ef0fe59a6b6454b4?s=96&d=mm&r=g","caption":"Canal Dana"},"url":"https:\/\/dana.com.br\/canaldana\/author\/cdeditor\/"}]}},"_links":{"self":[{"href":"https:\/\/dana.com.br\/canaldana\/wp-json\/wp\/v2\/posts\/59765","targetHints":{"allow":["GET"]}}],"collection":[{"href":"https:\/\/dana.com.br\/canaldana\/wp-json\/wp\/v2\/posts"}],"about":[{"href":"https:\/\/dana.com.br\/canaldana\/wp-json\/wp\/v2\/types\/post"}],"author":[{"embeddable":true,"href":"https:\/\/dana.com.br\/canaldana\/wp-json\/wp\/v2\/users\/3"}],"replies":[{"embeddable":true,"href":"https:\/\/dana.com.br\/canaldana\/wp-json\/wp\/v2\/comments?post=59765"}],"version-history":[{"count":0,"href":"https:\/\/dana.com.br\/canaldana\/wp-json\/wp\/v2\/posts\/59765\/revisions"}],"wp:attachment":[{"href":"https:\/\/dana.com.br\/canaldana\/wp-json\/wp\/v2\/media?parent=59765"}],"wp:term":[{"taxonomy":"category","embeddable":true,"href":"https:\/\/dana.com.br\/canaldana\/wp-json\/wp\/v2\/categories?post=59765"},{"taxonomy":"post_tag","embeddable":true,"href":"https:\/\/dana.com.br\/canaldana\/wp-json\/wp\/v2\/tags?post=59765"}],"curies":[{"name":"wp","href":"https:\/\/api.w.org\/{rel}","templated":true}]}}