{"id":59763,"date":"2022-07-21T09:01:47","date_gmt":"2022-07-21T12:01:47","guid":{"rendered":"https:\/\/dana.com.br\/canaldana\/?p=59763"},"modified":"2022-07-21T09:01:47","modified_gmt":"2022-07-21T12:01:47","slug":"toro-e-pulse-estreiam-sound-design-na-gama-fiat-e-ganham-novos-itens-de-serie-na-linha-2023","status":"publish","type":"post","link":"https:\/\/dana.com.br\/canaldana\/2022\/07\/21\/toro-e-pulse-estreiam-sound-design-na-gama-fiat-e-ganham-novos-itens-de-serie-na-linha-2023\/","title":{"rendered":"Toro e Pulse estreiam Sound Design na gama Fiat e ganham novos itens de s\u00e9rie na linha 2023"},"content":{"rendered":"<p><em>Blog do Ricardo Ribas<\/em><\/p>\n<p>&nbsp;<\/p>\n<p>Toro e Pulse, embora fa\u00e7am parte de segmentos diferentes, trazem em comum o grande sucesso que fazem no mercado desde que foram lan\u00e7ados, al\u00e9m de pr\u00eamios por seu design arrojado e atraente. Agora os modelos tamb\u00e9m compartilham uma grande novidade da Fiat: o novo Sound Design da marca aplicado aos ve\u00edculos, uma nova experi\u00eancia sonora para o usu\u00e1rio que oferece ainda mais prazer ao dirigir.<\/p>\n<p>&nbsp;<\/p>\n<p>Em 2021, como parte do amplo processo de reposicionamento da marca, a Fiat buscou ressignificar o papel da voz e da m\u00fasica para criar momentos de maior conex\u00e3o com o p\u00fablico e apresentou seu novo DNA sonoro e Sound Logo. Agora, essa experi\u00eancia fica ainda mais completa aplicada \u00e0 Toro e ao Pulse, primeiros ve\u00edculos da marca a terem um Sound Design UX. Isso significa que o usu\u00e1rio ter\u00e1 uma nova jornada auditiva mais amig\u00e1vel, que come\u00e7a ao entrar no ve\u00edculo, passa pelas diversas etapas enquanto est\u00e1 dirigindo e vai at\u00e9 sair do carro. Importante informar que posteriormente outros modelos da marca tamb\u00e9m passar\u00e3o a contar gradativamente com o novo Sound Design da Fiat.<\/p>\n<p>&nbsp;<\/p>\n<p><strong>Nova experi\u00eancia sonora<\/strong><\/p>\n<p>&nbsp;<\/p>\n<p>Projetada para fazer parte da jornada do cliente dentro do carro, a nova identidade sonora dos ve\u00edculos Fiat foi desenvolvida pela marca em parceria com a empresa brasileira Soundthinkers. Todo o processo de cria\u00e7\u00e3o e desenvolvimento da iniciativa foi pensado e testado juntamente com usu\u00e1rios.<\/p>\n<p>&nbsp;<\/p>\n<p>A marca apostou em sons mais agrad\u00e1veis e modernos para marcar cada aviso de a\u00e7\u00e3o da picape. Atividades como ajustar as configura\u00e7\u00f5es da central multim\u00eddia, receber notifica\u00e7\u00f5es da central, confirmar configura\u00e7\u00e3o do painel de instrumentos e resgatar informa\u00e7\u00f5es pr\u00e9-definidas ganharam melodias mais suaves.<\/p>\n<p>&nbsp;<\/p>\n<p>J\u00e1 os avisos sobre dirigir com o freio de m\u00e3o engatado ou sem o cinto de seguran\u00e7a, condu\u00e7\u00e3o com a porta aberta, pular uma marcha, estacionar o ve\u00edculo de r\u00e9, desligar o carro e abrir a porta sem tirar a chave da igni\u00e7\u00e3o trazem \u00e1udios de alerta mais fortes e repetitivos justamente para chamar a aten\u00e7\u00e3o do condutor, mas sem deixarem de ser agrad\u00e1veis. Todos os sons agora est\u00e3o mais alinhados, seguem a mesma identidade e foram pensados de forma a melhorar a experi\u00eancia do cliente dentro do carro em todos os momentos.<\/p>\n<p>&nbsp;<\/p>\n<p>Para completar, quando o cliente liga o ve\u00edculo, entra a nova anima\u00e7\u00e3o exclusiva de boas-vindas com o Sound Design e Sound Logo na central multim\u00eddia. Owelcome movement \u00e9 resultado da mistura entre o som e a sonic flag usada como gatilho sonoro, servindo de base para a melodia (Sonic Script da marca) que \u00e9 representada pela sequ\u00eancia de quatro notas.<\/p>\n<p>&nbsp;<\/p>\n<p><strong>Toro MY 2023 ainda mais completa <\/strong><\/p>\n<p>&nbsp;<\/p>\n<p>Respons\u00e1vel por transformar o mercado brasileiro de picapes ao apresentar para o consumidor o conceito de Sport Utility Pick-up (SUP), a Toro n\u00e3o para de evoluir. Na nova linha 2023 n\u00e3o seria diferente. Al\u00e9m das mudan\u00e7as sonoras, a Fiat Toro MY23 traz atualiza\u00e7\u00f5es em todas as vers\u00f5es, a come\u00e7ar pelo volante, que est\u00e1 com o visual mais sofisticado. Ela passa a contar tamb\u00e9m com uma atualiza\u00e7\u00e3o do iTPMS, indica\u00e7\u00e3o individual do pneu com baixa press\u00e3o, que mostra exatamente qual dos pneus est\u00e1 com press\u00e3o abaixo do que deveria. Outra novidade \u00e9 a adi\u00e7\u00e3o da Fiat Flag como etiqueta nos bancos da Toro, dando sequ\u00eancia tamb\u00e9m ao novo brand design da marca que aparece at\u00e9 em pequenos detalhes, assim como faz o Sound Design. Para completar, a vers\u00e3o Endurance passa a sair de f\u00e1brica com calotas escurecidas.<\/p>\n<p>&nbsp;<\/p>\n<p>Conhecido pelo visual \u00fanico e sofistica\u00e7\u00e3o, o pacote opcional S Design est\u00e1 de volta na picape. Dispon\u00edvel na vers\u00e3o Freedom Turbo Flex e Diesel, oferece acabamento premium, como detalhes na cor bronze no interior escurecido e costura no mesmo tom nos bancos e acabamentos em couro. Al\u00e9m disso, o logo da Fiat na grade dianteira tamb\u00e9m traz o requinte do tom bronze. N\u00e3o poderiam faltar os badges S Design, que aparecem no painel e nas portas dianteiras. A configura\u00e7\u00e3o tamb\u00e9m passa a oferecer ainda mais conte\u00fados, como santo ant\u00f4nio, estribo lateral black, Keyless enter\u2019n\u2019go, Wireless charger e o Kit high tech, que conta com sensor de chuva, sensor crepuscular e retrovisor eletrocr\u00f4mico.<\/p>\n<p>&nbsp;<\/p>\n<p>Tamb\u00e9m foram adicionadas novas op\u00e7\u00f5es de cores para algumas vers\u00f5es. A Volcano e Ranch agora tamb\u00e9m podem ser configuradas com a cor Cinza Sting. J\u00e1 a Ultra passa a incluir em seu portf\u00f3lio o Cinza Sting, al\u00e9m do Branco Polar.<\/p>\n<p>&nbsp;<\/p>\n<p><strong>Pulse chega \u00e0s 50 mil unidades produzidas e tamb\u00e9m tem novidades<\/strong><\/p>\n<p>&nbsp;<\/p>\n<p>O Fiat Pulse foi lan\u00e7ado em outubro de 2021 com o prop\u00f3sito de ser uma nova refer\u00eancia no segmento e tem se consolidado no mercado, j\u00e1 tendo alcan\u00e7ado mais de 10% da disputada e crescente categoria de SUVs. Assim, o modelo acaba de atingir a marca de 50 mil unidades produzidas na planta de Betim (MG) e pode comemorar com a chegada da linha 2023 com algumas novidades.<\/p>\n<p>&nbsp;<\/p>\n<p>Al\u00e9m da nova identidade sonora, o SUV da Fiat conta agora com novos itens de s\u00e9rie que deixam o visual premiado do modelo ainda mais moderno e arrojado. As vers\u00f5es Drive MT e AT passam a sair de f\u00e1brica com novas rodas de a\u00e7o de 16\u201d e calotas. J\u00e1 a Audace T200 traz uma nova roda de 16\u201d com pintura escurecida e acabamento diamantado. (Blog do Ricardo Ribas)<\/p>\n","protected":false},"excerpt":{"rendered":"<p>Blog do Ricardo Ribas &nbsp; Toro e Pulse, embora fa\u00e7am parte de segmentos diferentes, trazem em comum o grande sucesso que fazem no mercado desde que foram lan\u00e7ados, al\u00e9m de pr\u00eamios por seu design arrojado e atraente. Agora os modelos tamb\u00e9m compartilham uma grande novidade da Fiat: o novo Sound Design da marca aplicado aos\u2026 <a class=\"readmore\" href=\"https:\/\/dana.com.br\/canaldana\/2022\/07\/21\/toro-e-pulse-estreiam-sound-design-na-gama-fiat-e-ganham-novos-itens-de-serie-na-linha-2023\/\">Leia mais \u00bb<\/a><\/p>\n","protected":false},"author":3,"featured_media":0,"comment_status":"closed","ping_status":"closed","sticky":false,"template":"","format":"standard","meta":{"_acf_changed":false,"footnotes":""},"categories":[79],"tags":[],"class_list":["post-59763","post","type-post","status-publish","format-standard","hentry","category-mercado"],"acf":[],"yoast_head":"<!-- This site is optimized with the Yoast SEO plugin v27.3 - https:\/\/yoast.com\/product\/yoast-seo-wordpress\/ -->\n<title>Toro e Pulse estreiam Sound Design na gama Fiat e ganham novos itens de s\u00e9rie na linha 2023 - Canal Dana<\/title>\n<meta name=\"robots\" content=\"index, follow, max-snippet:-1, max-image-preview:large, max-video-preview:-1\" \/>\n<link rel=\"canonical\" href=\"https:\/\/dana.com.br\/canaldana\/2022\/07\/21\/toro-e-pulse-estreiam-sound-design-na-gama-fiat-e-ganham-novos-itens-de-serie-na-linha-2023\/\" \/>\n<meta property=\"og:locale\" content=\"pt_BR\" \/>\n<meta property=\"og:type\" content=\"article\" \/>\n<meta property=\"og:title\" content=\"Toro e Pulse estreiam Sound Design na gama Fiat e ganham novos itens de s\u00e9rie na linha 2023 - Canal Dana\" \/>\n<meta property=\"og:description\" content=\"Blog do Ricardo Ribas &nbsp; Toro e Pulse, embora fa\u00e7am parte de segmentos diferentes, trazem em comum o grande sucesso que fazem no mercado desde que foram lan\u00e7ados, al\u00e9m de pr\u00eamios por seu design arrojado e atraente. Agora os modelos tamb\u00e9m compartilham uma grande novidade da Fiat: o novo Sound Design da marca aplicado aos\u2026 Leia mais \u00bb\" \/>\n<meta property=\"og:url\" content=\"https:\/\/dana.com.br\/canaldana\/2022\/07\/21\/toro-e-pulse-estreiam-sound-design-na-gama-fiat-e-ganham-novos-itens-de-serie-na-linha-2023\/\" \/>\n<meta property=\"og:site_name\" content=\"Canal Dana\" \/>\n<meta property=\"article:published_time\" content=\"2022-07-21T12:01:47+00:00\" \/>\n<meta name=\"author\" content=\"Canal Dana\" \/>\n<meta name=\"twitter:card\" content=\"summary_large_image\" \/>\n<meta name=\"twitter:label1\" content=\"Escrito por\" \/>\n\t<meta name=\"twitter:data1\" content=\"Canal Dana\" \/>\n\t<meta name=\"twitter:label2\" content=\"Est. tempo de leitura\" \/>\n\t<meta name=\"twitter:data2\" content=\"5 minutos\" \/>\n<script type=\"application\/ld+json\" class=\"yoast-schema-graph\">{\"@context\":\"https:\\\/\\\/schema.org\",\"@graph\":[{\"@type\":\"Article\",\"@id\":\"https:\\\/\\\/dana.com.br\\\/canaldana\\\/2022\\\/07\\\/21\\\/toro-e-pulse-estreiam-sound-design-na-gama-fiat-e-ganham-novos-itens-de-serie-na-linha-2023\\\/#article\",\"isPartOf\":{\"@id\":\"https:\\\/\\\/dana.com.br\\\/canaldana\\\/2022\\\/07\\\/21\\\/toro-e-pulse-estreiam-sound-design-na-gama-fiat-e-ganham-novos-itens-de-serie-na-linha-2023\\\/\"},\"author\":{\"name\":\"Canal Dana\",\"@id\":\"https:\\\/\\\/dana.com.br\\\/canaldana\\\/#\\\/schema\\\/person\\\/3c21f22f56fcf3bc46b94bc60ea4fef6\"},\"headline\":\"Toro e Pulse estreiam Sound Design na gama Fiat e ganham novos itens de s\u00e9rie na linha 2023\",\"datePublished\":\"2022-07-21T12:01:47+00:00\",\"mainEntityOfPage\":{\"@id\":\"https:\\\/\\\/dana.com.br\\\/canaldana\\\/2022\\\/07\\\/21\\\/toro-e-pulse-estreiam-sound-design-na-gama-fiat-e-ganham-novos-itens-de-serie-na-linha-2023\\\/\"},\"wordCount\":977,\"articleSection\":[\"Mercado\"],\"inLanguage\":\"pt-BR\"},{\"@type\":\"WebPage\",\"@id\":\"https:\\\/\\\/dana.com.br\\\/canaldana\\\/2022\\\/07\\\/21\\\/toro-e-pulse-estreiam-sound-design-na-gama-fiat-e-ganham-novos-itens-de-serie-na-linha-2023\\\/\",\"url\":\"https:\\\/\\\/dana.com.br\\\/canaldana\\\/2022\\\/07\\\/21\\\/toro-e-pulse-estreiam-sound-design-na-gama-fiat-e-ganham-novos-itens-de-serie-na-linha-2023\\\/\",\"name\":\"Toro e Pulse estreiam Sound Design na gama Fiat e ganham novos itens de s\u00e9rie na linha 2023 - Canal Dana\",\"isPartOf\":{\"@id\":\"https:\\\/\\\/dana.com.br\\\/canaldana\\\/#website\"},\"datePublished\":\"2022-07-21T12:01:47+00:00\",\"author\":{\"@id\":\"https:\\\/\\\/dana.com.br\\\/canaldana\\\/#\\\/schema\\\/person\\\/3c21f22f56fcf3bc46b94bc60ea4fef6\"},\"breadcrumb\":{\"@id\":\"https:\\\/\\\/dana.com.br\\\/canaldana\\\/2022\\\/07\\\/21\\\/toro-e-pulse-estreiam-sound-design-na-gama-fiat-e-ganham-novos-itens-de-serie-na-linha-2023\\\/#breadcrumb\"},\"inLanguage\":\"pt-BR\",\"potentialAction\":[{\"@type\":\"ReadAction\",\"target\":[\"https:\\\/\\\/dana.com.br\\\/canaldana\\\/2022\\\/07\\\/21\\\/toro-e-pulse-estreiam-sound-design-na-gama-fiat-e-ganham-novos-itens-de-serie-na-linha-2023\\\/\"]}]},{\"@type\":\"BreadcrumbList\",\"@id\":\"https:\\\/\\\/dana.com.br\\\/canaldana\\\/2022\\\/07\\\/21\\\/toro-e-pulse-estreiam-sound-design-na-gama-fiat-e-ganham-novos-itens-de-serie-na-linha-2023\\\/#breadcrumb\",\"itemListElement\":[{\"@type\":\"ListItem\",\"position\":1,\"name\":\"Home\",\"item\":\"https:\\\/\\\/dana.com.br\\\/canaldana\\\/\"},{\"@type\":\"ListItem\",\"position\":2,\"name\":\"Mercado\",\"item\":\"https:\\\/\\\/dana.com.br\\\/canaldana\\\/mercado\\\/\"},{\"@type\":\"ListItem\",\"position\":3,\"name\":\"Toro e Pulse estreiam Sound Design na gama Fiat e ganham novos itens de s\u00e9rie na linha 2023\"}]},{\"@type\":\"WebSite\",\"@id\":\"https:\\\/\\\/dana.com.br\\\/canaldana\\\/#website\",\"url\":\"https:\\\/\\\/dana.com.br\\\/canaldana\\\/\",\"name\":\"Canal Dana\",\"description\":\"Informativo com as principais not\u00edcias da ind\u00fastria automotiva\",\"potentialAction\":[{\"@type\":\"SearchAction\",\"target\":{\"@type\":\"EntryPoint\",\"urlTemplate\":\"https:\\\/\\\/dana.com.br\\\/canaldana\\\/?s={search_term_string}\"},\"query-input\":{\"@type\":\"PropertyValueSpecification\",\"valueRequired\":true,\"valueName\":\"search_term_string\"}}],\"inLanguage\":\"pt-BR\"},{\"@type\":\"Person\",\"@id\":\"https:\\\/\\\/dana.com.br\\\/canaldana\\\/#\\\/schema\\\/person\\\/3c21f22f56fcf3bc46b94bc60ea4fef6\",\"name\":\"Canal Dana\",\"image\":{\"@type\":\"ImageObject\",\"inLanguage\":\"pt-BR\",\"@id\":\"https:\\\/\\\/secure.gravatar.com\\\/avatar\\\/420aaf9278582877d9018637c6817617705899d2858d7572ef0fe59a6b6454b4?s=96&d=mm&r=g\",\"url\":\"https:\\\/\\\/secure.gravatar.com\\\/avatar\\\/420aaf9278582877d9018637c6817617705899d2858d7572ef0fe59a6b6454b4?s=96&d=mm&r=g\",\"contentUrl\":\"https:\\\/\\\/secure.gravatar.com\\\/avatar\\\/420aaf9278582877d9018637c6817617705899d2858d7572ef0fe59a6b6454b4?s=96&d=mm&r=g\",\"caption\":\"Canal Dana\"},\"url\":\"https:\\\/\\\/dana.com.br\\\/canaldana\\\/author\\\/cdeditor\\\/\"}]}<\/script>\n<!-- \/ Yoast SEO plugin. -->","yoast_head_json":{"title":"Toro e Pulse estreiam Sound Design na gama Fiat e ganham novos itens de s\u00e9rie na linha 2023 - Canal Dana","robots":{"index":"index","follow":"follow","max-snippet":"max-snippet:-1","max-image-preview":"max-image-preview:large","max-video-preview":"max-video-preview:-1"},"canonical":"https:\/\/dana.com.br\/canaldana\/2022\/07\/21\/toro-e-pulse-estreiam-sound-design-na-gama-fiat-e-ganham-novos-itens-de-serie-na-linha-2023\/","og_locale":"pt_BR","og_type":"article","og_title":"Toro e Pulse estreiam Sound Design na gama Fiat e ganham novos itens de s\u00e9rie na linha 2023 - Canal Dana","og_description":"Blog do Ricardo Ribas &nbsp; Toro e Pulse, embora fa\u00e7am parte de segmentos diferentes, trazem em comum o grande sucesso que fazem no mercado desde que foram lan\u00e7ados, al\u00e9m de pr\u00eamios por seu design arrojado e atraente. Agora os modelos tamb\u00e9m compartilham uma grande novidade da Fiat: o novo Sound Design da marca aplicado aos\u2026 Leia mais \u00bb","og_url":"https:\/\/dana.com.br\/canaldana\/2022\/07\/21\/toro-e-pulse-estreiam-sound-design-na-gama-fiat-e-ganham-novos-itens-de-serie-na-linha-2023\/","og_site_name":"Canal Dana","article_published_time":"2022-07-21T12:01:47+00:00","author":"Canal Dana","twitter_card":"summary_large_image","twitter_misc":{"Escrito por":"Canal Dana","Est. tempo de leitura":"5 minutos"},"schema":{"@context":"https:\/\/schema.org","@graph":[{"@type":"Article","@id":"https:\/\/dana.com.br\/canaldana\/2022\/07\/21\/toro-e-pulse-estreiam-sound-design-na-gama-fiat-e-ganham-novos-itens-de-serie-na-linha-2023\/#article","isPartOf":{"@id":"https:\/\/dana.com.br\/canaldana\/2022\/07\/21\/toro-e-pulse-estreiam-sound-design-na-gama-fiat-e-ganham-novos-itens-de-serie-na-linha-2023\/"},"author":{"name":"Canal Dana","@id":"https:\/\/dana.com.br\/canaldana\/#\/schema\/person\/3c21f22f56fcf3bc46b94bc60ea4fef6"},"headline":"Toro e Pulse estreiam Sound Design na gama Fiat e ganham novos itens de s\u00e9rie na linha 2023","datePublished":"2022-07-21T12:01:47+00:00","mainEntityOfPage":{"@id":"https:\/\/dana.com.br\/canaldana\/2022\/07\/21\/toro-e-pulse-estreiam-sound-design-na-gama-fiat-e-ganham-novos-itens-de-serie-na-linha-2023\/"},"wordCount":977,"articleSection":["Mercado"],"inLanguage":"pt-BR"},{"@type":"WebPage","@id":"https:\/\/dana.com.br\/canaldana\/2022\/07\/21\/toro-e-pulse-estreiam-sound-design-na-gama-fiat-e-ganham-novos-itens-de-serie-na-linha-2023\/","url":"https:\/\/dana.com.br\/canaldana\/2022\/07\/21\/toro-e-pulse-estreiam-sound-design-na-gama-fiat-e-ganham-novos-itens-de-serie-na-linha-2023\/","name":"Toro e Pulse estreiam Sound Design na gama Fiat e ganham novos itens de s\u00e9rie na linha 2023 - Canal Dana","isPartOf":{"@id":"https:\/\/dana.com.br\/canaldana\/#website"},"datePublished":"2022-07-21T12:01:47+00:00","author":{"@id":"https:\/\/dana.com.br\/canaldana\/#\/schema\/person\/3c21f22f56fcf3bc46b94bc60ea4fef6"},"breadcrumb":{"@id":"https:\/\/dana.com.br\/canaldana\/2022\/07\/21\/toro-e-pulse-estreiam-sound-design-na-gama-fiat-e-ganham-novos-itens-de-serie-na-linha-2023\/#breadcrumb"},"inLanguage":"pt-BR","potentialAction":[{"@type":"ReadAction","target":["https:\/\/dana.com.br\/canaldana\/2022\/07\/21\/toro-e-pulse-estreiam-sound-design-na-gama-fiat-e-ganham-novos-itens-de-serie-na-linha-2023\/"]}]},{"@type":"BreadcrumbList","@id":"https:\/\/dana.com.br\/canaldana\/2022\/07\/21\/toro-e-pulse-estreiam-sound-design-na-gama-fiat-e-ganham-novos-itens-de-serie-na-linha-2023\/#breadcrumb","itemListElement":[{"@type":"ListItem","position":1,"name":"Home","item":"https:\/\/dana.com.br\/canaldana\/"},{"@type":"ListItem","position":2,"name":"Mercado","item":"https:\/\/dana.com.br\/canaldana\/mercado\/"},{"@type":"ListItem","position":3,"name":"Toro e Pulse estreiam Sound Design na gama Fiat e ganham novos itens de s\u00e9rie na linha 2023"}]},{"@type":"WebSite","@id":"https:\/\/dana.com.br\/canaldana\/#website","url":"https:\/\/dana.com.br\/canaldana\/","name":"Canal Dana","description":"Informativo com as principais not\u00edcias da ind\u00fastria automotiva","potentialAction":[{"@type":"SearchAction","target":{"@type":"EntryPoint","urlTemplate":"https:\/\/dana.com.br\/canaldana\/?s={search_term_string}"},"query-input":{"@type":"PropertyValueSpecification","valueRequired":true,"valueName":"search_term_string"}}],"inLanguage":"pt-BR"},{"@type":"Person","@id":"https:\/\/dana.com.br\/canaldana\/#\/schema\/person\/3c21f22f56fcf3bc46b94bc60ea4fef6","name":"Canal Dana","image":{"@type":"ImageObject","inLanguage":"pt-BR","@id":"https:\/\/secure.gravatar.com\/avatar\/420aaf9278582877d9018637c6817617705899d2858d7572ef0fe59a6b6454b4?s=96&d=mm&r=g","url":"https:\/\/secure.gravatar.com\/avatar\/420aaf9278582877d9018637c6817617705899d2858d7572ef0fe59a6b6454b4?s=96&d=mm&r=g","contentUrl":"https:\/\/secure.gravatar.com\/avatar\/420aaf9278582877d9018637c6817617705899d2858d7572ef0fe59a6b6454b4?s=96&d=mm&r=g","caption":"Canal Dana"},"url":"https:\/\/dana.com.br\/canaldana\/author\/cdeditor\/"}]}},"_links":{"self":[{"href":"https:\/\/dana.com.br\/canaldana\/wp-json\/wp\/v2\/posts\/59763","targetHints":{"allow":["GET"]}}],"collection":[{"href":"https:\/\/dana.com.br\/canaldana\/wp-json\/wp\/v2\/posts"}],"about":[{"href":"https:\/\/dana.com.br\/canaldana\/wp-json\/wp\/v2\/types\/post"}],"author":[{"embeddable":true,"href":"https:\/\/dana.com.br\/canaldana\/wp-json\/wp\/v2\/users\/3"}],"replies":[{"embeddable":true,"href":"https:\/\/dana.com.br\/canaldana\/wp-json\/wp\/v2\/comments?post=59763"}],"version-history":[{"count":0,"href":"https:\/\/dana.com.br\/canaldana\/wp-json\/wp\/v2\/posts\/59763\/revisions"}],"wp:attachment":[{"href":"https:\/\/dana.com.br\/canaldana\/wp-json\/wp\/v2\/media?parent=59763"}],"wp:term":[{"taxonomy":"category","embeddable":true,"href":"https:\/\/dana.com.br\/canaldana\/wp-json\/wp\/v2\/categories?post=59763"},{"taxonomy":"post_tag","embeddable":true,"href":"https:\/\/dana.com.br\/canaldana\/wp-json\/wp\/v2\/tags?post=59763"}],"curies":[{"name":"wp","href":"https:\/\/api.w.org\/{rel}","templated":true}]}}