{"id":59475,"date":"2022-07-08T08:44:26","date_gmt":"2022-07-08T11:44:26","guid":{"rendered":"https:\/\/dana.com.br\/canaldana\/?p=59475"},"modified":"2022-07-08T08:44:26","modified_gmt":"2022-07-08T11:44:26","slug":"no-mercado-premium-so-bmw-consegue-ampliar-vendas-este-ano","status":"publish","type":"post","link":"https:\/\/dana.com.br\/canaldana\/2022\/07\/08\/no-mercado-premium-so-bmw-consegue-ampliar-vendas-este-ano\/","title":{"rendered":"No mercado premium, s\u00f3 BMW consegue ampliar vendas este ano"},"content":{"rendered":"<p><em>AutoInd\u00fastria <\/em><\/p>\n<p>&nbsp;<\/p>\n<p>Enquanto as vendas de autom\u00f3veis recuaram 15% no primeiro semestre, o segmento de autom\u00f3veis premium teve queda maior, acima de 18%, considerando os neg\u00f3cios realizados pelas quatro marcas alem\u00e3s BMW, Mercedes-Benz, Audi e Porsche somados aos da sueca Volvo Car e da brit\u00e2nica Land Rover.<\/p>\n<p>&nbsp;<\/p>\n<p>De acordo com dados da Fenabrave, as vendas dessas seis marcas totalizaram quase 17 mil unidades no acumulado dos primeiros seis meses, volume que no ano passado tinha sido de 20.790 em id\u00eantico per\u00edodo. A BMW foi a \u00fanica entre todas elas a n\u00e3o registrar retra\u00e7\u00e3o. Emplacou 6.734 carros, 2,4% a mais do que no primeiro semestre de 2021 (6.574). Uma participa\u00e7\u00e3o pr\u00f3xima de 40% ano.<\/p>\n<p>&nbsp;<\/p>\n<p>Vale lembrar que a Mercedes-Benz encerrou as atividades de sua f\u00e1brica de Iracem\u00e1polis, SP (hoje pertencente a chinesa GWM), no final de 2020, e a Audi tamb\u00e9m ficou mais de um ano sem produzir em sua planta de S\u00e3o Jose dos Pinhais, PR \u2013 a retomada aconteceu s\u00f3 no final do m\u00eas passado. Com a volta da Audi, agora s\u00e3o tr\u00eas as marcas premium com produ\u00e7\u00e3o local \u2013 tem a Land Rover, com f\u00e1brica no Rio de Janeiro, al\u00e9m da BMW, em Santa Catarina.<\/p>\n<p>&nbsp;<\/p>\n<p>A falta de oferta de produtos locais da Mercedes-Benz e at\u00e9 este m\u00eas da Audi certamente contribuiu para um recuo no mercado de carros premium, assim como a falta de chips que afeta o setor automotivo como um todo. Mas tamb\u00e9m \u00e9 certo que o mercado j\u00e1 n\u00e3o est\u00e1 mais t\u00e1 aquecido como no segundo semestre do ano passado, quando havia fila de espera para uma parte expressiva dos modelos.<\/p>\n<p>&nbsp;<\/p>\n<p>Diante do momento favor\u00e1vel que vive atualmente, a BMW divulgou nesta quinta-feira, 7, o balan\u00e7o de suas vendas em junho. Foram 1.568 licenciamentos, crescimento de 10,5% em compara\u00e7\u00e3o com o mesmo m\u00eas de 2021, quando foram comercializadas 1.419 unidades. O resultado representa uma participa\u00e7\u00e3o de 47,7% no segmento de ve\u00edculos de luxo no per\u00edodo e de 1,17% no mercado total de autom\u00f3veis.<\/p>\n<p>&nbsp;<\/p>\n<p>\u201cObrigado aos clientes pela prefer\u00eancia e orgulho de trabalhar com este time e nossa rede de concession\u00e1rios\u201d, afirma Aksel Krieger, presidente e CEO do Grupo BMW Brasil. \u201cCom nossa f\u00e1brica em Araquari apoiando o volume e oferta global de produtos temos as melhores op\u00e7\u00f5es em produtos, servi\u00e7os e tecnologias para oferecer ao mercado\u201d.<\/p>\n<p>&nbsp;<\/p>\n<p>O executivo destaca, ainda, ser expressivo o resultado de 2% de crescimento da marca e 2022 diante de um mercado de luxo retra\u00eddo. Com rela\u00e7\u00e3o \u00e0 performance por modelo, a BMW emplacou em junho tr\u00eas modelos entre os 50 autom\u00f3veis mais vendidos no Pa\u00eds: X1 (38\u00aa coloca\u00e7\u00e3o e 470 unidades), 20i (42\u00ba posto e 317 unidades) e o X3 (44\u00ba lugar e 246 unidades). Todos os modelos possuem vers\u00f5es de produ\u00e7\u00e3o local na planta catarinense e s\u00e3o os \u00fanicos ve\u00edculos do segmento premium a figurar no Top 50 do ranking nacional.<\/p>\n<p>&nbsp;<\/p>\n<p>Tamb\u00e9m relevante, segundo Krieger, o volume de vendas de modelos eletrificados da marca em junho. Foram 472 licenciamentos, o dobro do verificado no mesmo m\u00eas do ano passado (236 unidades). No semestre o crescimento nesse segmento \u00e9 de 42%, com 1.315 emplacamentos este ano. (AutoInd\u00fastria\/Alzira Rodrigues)<\/p>\n","protected":false},"excerpt":{"rendered":"<p>AutoInd\u00fastria &nbsp; Enquanto as vendas de autom\u00f3veis recuaram 15% no primeiro semestre, o segmento de autom\u00f3veis premium teve queda maior, acima de 18%, considerando os neg\u00f3cios realizados pelas quatro marcas alem\u00e3s BMW, Mercedes-Benz, Audi e Porsche somados aos da sueca Volvo Car e da brit\u00e2nica Land Rover. &nbsp; De acordo com dados da Fenabrave, as\u2026 <a class=\"readmore\" href=\"https:\/\/dana.com.br\/canaldana\/2022\/07\/08\/no-mercado-premium-so-bmw-consegue-ampliar-vendas-este-ano\/\">Leia mais \u00bb<\/a><\/p>\n","protected":false},"author":3,"featured_media":0,"comment_status":"closed","ping_status":"closed","sticky":false,"template":"","format":"standard","meta":{"_acf_changed":false,"footnotes":""},"categories":[79],"tags":[],"class_list":["post-59475","post","type-post","status-publish","format-standard","hentry","category-mercado"],"acf":[],"yoast_head":"<!-- This site is optimized with the Yoast SEO plugin v27.3 - https:\/\/yoast.com\/product\/yoast-seo-wordpress\/ -->\n<title>No mercado premium, s\u00f3 BMW consegue ampliar vendas este ano - Canal Dana<\/title>\n<meta name=\"robots\" content=\"index, follow, max-snippet:-1, max-image-preview:large, max-video-preview:-1\" \/>\n<link rel=\"canonical\" href=\"https:\/\/dana.com.br\/canaldana\/2022\/07\/08\/no-mercado-premium-so-bmw-consegue-ampliar-vendas-este-ano\/\" \/>\n<meta property=\"og:locale\" content=\"pt_BR\" \/>\n<meta property=\"og:type\" content=\"article\" \/>\n<meta property=\"og:title\" content=\"No mercado premium, s\u00f3 BMW consegue ampliar vendas este ano - Canal Dana\" \/>\n<meta property=\"og:description\" content=\"AutoInd\u00fastria &nbsp; Enquanto as vendas de autom\u00f3veis recuaram 15% no primeiro semestre, o segmento de autom\u00f3veis premium teve queda maior, acima de 18%, considerando os neg\u00f3cios realizados pelas quatro marcas alem\u00e3s BMW, Mercedes-Benz, Audi e Porsche somados aos da sueca Volvo Car e da brit\u00e2nica Land Rover. &nbsp; De acordo com dados da Fenabrave, as\u2026 Leia mais \u00bb\" \/>\n<meta property=\"og:url\" content=\"https:\/\/dana.com.br\/canaldana\/2022\/07\/08\/no-mercado-premium-so-bmw-consegue-ampliar-vendas-este-ano\/\" \/>\n<meta property=\"og:site_name\" content=\"Canal Dana\" \/>\n<meta property=\"article:published_time\" content=\"2022-07-08T11:44:26+00:00\" \/>\n<meta name=\"author\" content=\"Canal Dana\" \/>\n<meta name=\"twitter:card\" content=\"summary_large_image\" \/>\n<meta name=\"twitter:label1\" content=\"Escrito por\" \/>\n\t<meta name=\"twitter:data1\" content=\"Canal Dana\" \/>\n\t<meta name=\"twitter:label2\" content=\"Est. tempo de leitura\" \/>\n\t<meta name=\"twitter:data2\" content=\"3 minutos\" \/>\n<script type=\"application\/ld+json\" class=\"yoast-schema-graph\">{\"@context\":\"https:\\\/\\\/schema.org\",\"@graph\":[{\"@type\":\"Article\",\"@id\":\"https:\\\/\\\/dana.com.br\\\/canaldana\\\/2022\\\/07\\\/08\\\/no-mercado-premium-so-bmw-consegue-ampliar-vendas-este-ano\\\/#article\",\"isPartOf\":{\"@id\":\"https:\\\/\\\/dana.com.br\\\/canaldana\\\/2022\\\/07\\\/08\\\/no-mercado-premium-so-bmw-consegue-ampliar-vendas-este-ano\\\/\"},\"author\":{\"name\":\"Canal Dana\",\"@id\":\"https:\\\/\\\/dana.com.br\\\/canaldana\\\/#\\\/schema\\\/person\\\/3c21f22f56fcf3bc46b94bc60ea4fef6\"},\"headline\":\"No mercado premium, s\u00f3 BMW consegue ampliar vendas este ano\",\"datePublished\":\"2022-07-08T11:44:26+00:00\",\"mainEntityOfPage\":{\"@id\":\"https:\\\/\\\/dana.com.br\\\/canaldana\\\/2022\\\/07\\\/08\\\/no-mercado-premium-so-bmw-consegue-ampliar-vendas-este-ano\\\/\"},\"wordCount\":552,\"articleSection\":[\"Mercado\"],\"inLanguage\":\"pt-BR\"},{\"@type\":\"WebPage\",\"@id\":\"https:\\\/\\\/dana.com.br\\\/canaldana\\\/2022\\\/07\\\/08\\\/no-mercado-premium-so-bmw-consegue-ampliar-vendas-este-ano\\\/\",\"url\":\"https:\\\/\\\/dana.com.br\\\/canaldana\\\/2022\\\/07\\\/08\\\/no-mercado-premium-so-bmw-consegue-ampliar-vendas-este-ano\\\/\",\"name\":\"No mercado premium, s\u00f3 BMW consegue ampliar vendas este ano - Canal Dana\",\"isPartOf\":{\"@id\":\"https:\\\/\\\/dana.com.br\\\/canaldana\\\/#website\"},\"datePublished\":\"2022-07-08T11:44:26+00:00\",\"author\":{\"@id\":\"https:\\\/\\\/dana.com.br\\\/canaldana\\\/#\\\/schema\\\/person\\\/3c21f22f56fcf3bc46b94bc60ea4fef6\"},\"breadcrumb\":{\"@id\":\"https:\\\/\\\/dana.com.br\\\/canaldana\\\/2022\\\/07\\\/08\\\/no-mercado-premium-so-bmw-consegue-ampliar-vendas-este-ano\\\/#breadcrumb\"},\"inLanguage\":\"pt-BR\",\"potentialAction\":[{\"@type\":\"ReadAction\",\"target\":[\"https:\\\/\\\/dana.com.br\\\/canaldana\\\/2022\\\/07\\\/08\\\/no-mercado-premium-so-bmw-consegue-ampliar-vendas-este-ano\\\/\"]}]},{\"@type\":\"BreadcrumbList\",\"@id\":\"https:\\\/\\\/dana.com.br\\\/canaldana\\\/2022\\\/07\\\/08\\\/no-mercado-premium-so-bmw-consegue-ampliar-vendas-este-ano\\\/#breadcrumb\",\"itemListElement\":[{\"@type\":\"ListItem\",\"position\":1,\"name\":\"Home\",\"item\":\"https:\\\/\\\/dana.com.br\\\/canaldana\\\/\"},{\"@type\":\"ListItem\",\"position\":2,\"name\":\"Mercado\",\"item\":\"https:\\\/\\\/dana.com.br\\\/canaldana\\\/mercado\\\/\"},{\"@type\":\"ListItem\",\"position\":3,\"name\":\"No mercado premium, s\u00f3 BMW consegue ampliar vendas este ano\"}]},{\"@type\":\"WebSite\",\"@id\":\"https:\\\/\\\/dana.com.br\\\/canaldana\\\/#website\",\"url\":\"https:\\\/\\\/dana.com.br\\\/canaldana\\\/\",\"name\":\"Canal Dana\",\"description\":\"Informativo com as principais not\u00edcias da ind\u00fastria automotiva\",\"potentialAction\":[{\"@type\":\"SearchAction\",\"target\":{\"@type\":\"EntryPoint\",\"urlTemplate\":\"https:\\\/\\\/dana.com.br\\\/canaldana\\\/?s={search_term_string}\"},\"query-input\":{\"@type\":\"PropertyValueSpecification\",\"valueRequired\":true,\"valueName\":\"search_term_string\"}}],\"inLanguage\":\"pt-BR\"},{\"@type\":\"Person\",\"@id\":\"https:\\\/\\\/dana.com.br\\\/canaldana\\\/#\\\/schema\\\/person\\\/3c21f22f56fcf3bc46b94bc60ea4fef6\",\"name\":\"Canal Dana\",\"image\":{\"@type\":\"ImageObject\",\"inLanguage\":\"pt-BR\",\"@id\":\"https:\\\/\\\/secure.gravatar.com\\\/avatar\\\/420aaf9278582877d9018637c6817617705899d2858d7572ef0fe59a6b6454b4?s=96&d=mm&r=g\",\"url\":\"https:\\\/\\\/secure.gravatar.com\\\/avatar\\\/420aaf9278582877d9018637c6817617705899d2858d7572ef0fe59a6b6454b4?s=96&d=mm&r=g\",\"contentUrl\":\"https:\\\/\\\/secure.gravatar.com\\\/avatar\\\/420aaf9278582877d9018637c6817617705899d2858d7572ef0fe59a6b6454b4?s=96&d=mm&r=g\",\"caption\":\"Canal Dana\"},\"url\":\"https:\\\/\\\/dana.com.br\\\/canaldana\\\/author\\\/cdeditor\\\/\"}]}<\/script>\n<!-- \/ Yoast SEO plugin. -->","yoast_head_json":{"title":"No mercado premium, s\u00f3 BMW consegue ampliar vendas este ano - Canal Dana","robots":{"index":"index","follow":"follow","max-snippet":"max-snippet:-1","max-image-preview":"max-image-preview:large","max-video-preview":"max-video-preview:-1"},"canonical":"https:\/\/dana.com.br\/canaldana\/2022\/07\/08\/no-mercado-premium-so-bmw-consegue-ampliar-vendas-este-ano\/","og_locale":"pt_BR","og_type":"article","og_title":"No mercado premium, s\u00f3 BMW consegue ampliar vendas este ano - Canal Dana","og_description":"AutoInd\u00fastria &nbsp; Enquanto as vendas de autom\u00f3veis recuaram 15% no primeiro semestre, o segmento de autom\u00f3veis premium teve queda maior, acima de 18%, considerando os neg\u00f3cios realizados pelas quatro marcas alem\u00e3s BMW, Mercedes-Benz, Audi e Porsche somados aos da sueca Volvo Car e da brit\u00e2nica Land Rover. &nbsp; De acordo com dados da Fenabrave, as\u2026 Leia mais \u00bb","og_url":"https:\/\/dana.com.br\/canaldana\/2022\/07\/08\/no-mercado-premium-so-bmw-consegue-ampliar-vendas-este-ano\/","og_site_name":"Canal Dana","article_published_time":"2022-07-08T11:44:26+00:00","author":"Canal Dana","twitter_card":"summary_large_image","twitter_misc":{"Escrito por":"Canal Dana","Est. tempo de leitura":"3 minutos"},"schema":{"@context":"https:\/\/schema.org","@graph":[{"@type":"Article","@id":"https:\/\/dana.com.br\/canaldana\/2022\/07\/08\/no-mercado-premium-so-bmw-consegue-ampliar-vendas-este-ano\/#article","isPartOf":{"@id":"https:\/\/dana.com.br\/canaldana\/2022\/07\/08\/no-mercado-premium-so-bmw-consegue-ampliar-vendas-este-ano\/"},"author":{"name":"Canal Dana","@id":"https:\/\/dana.com.br\/canaldana\/#\/schema\/person\/3c21f22f56fcf3bc46b94bc60ea4fef6"},"headline":"No mercado premium, s\u00f3 BMW consegue ampliar vendas este ano","datePublished":"2022-07-08T11:44:26+00:00","mainEntityOfPage":{"@id":"https:\/\/dana.com.br\/canaldana\/2022\/07\/08\/no-mercado-premium-so-bmw-consegue-ampliar-vendas-este-ano\/"},"wordCount":552,"articleSection":["Mercado"],"inLanguage":"pt-BR"},{"@type":"WebPage","@id":"https:\/\/dana.com.br\/canaldana\/2022\/07\/08\/no-mercado-premium-so-bmw-consegue-ampliar-vendas-este-ano\/","url":"https:\/\/dana.com.br\/canaldana\/2022\/07\/08\/no-mercado-premium-so-bmw-consegue-ampliar-vendas-este-ano\/","name":"No mercado premium, s\u00f3 BMW consegue ampliar vendas este ano - Canal Dana","isPartOf":{"@id":"https:\/\/dana.com.br\/canaldana\/#website"},"datePublished":"2022-07-08T11:44:26+00:00","author":{"@id":"https:\/\/dana.com.br\/canaldana\/#\/schema\/person\/3c21f22f56fcf3bc46b94bc60ea4fef6"},"breadcrumb":{"@id":"https:\/\/dana.com.br\/canaldana\/2022\/07\/08\/no-mercado-premium-so-bmw-consegue-ampliar-vendas-este-ano\/#breadcrumb"},"inLanguage":"pt-BR","potentialAction":[{"@type":"ReadAction","target":["https:\/\/dana.com.br\/canaldana\/2022\/07\/08\/no-mercado-premium-so-bmw-consegue-ampliar-vendas-este-ano\/"]}]},{"@type":"BreadcrumbList","@id":"https:\/\/dana.com.br\/canaldana\/2022\/07\/08\/no-mercado-premium-so-bmw-consegue-ampliar-vendas-este-ano\/#breadcrumb","itemListElement":[{"@type":"ListItem","position":1,"name":"Home","item":"https:\/\/dana.com.br\/canaldana\/"},{"@type":"ListItem","position":2,"name":"Mercado","item":"https:\/\/dana.com.br\/canaldana\/mercado\/"},{"@type":"ListItem","position":3,"name":"No mercado premium, s\u00f3 BMW consegue ampliar vendas este ano"}]},{"@type":"WebSite","@id":"https:\/\/dana.com.br\/canaldana\/#website","url":"https:\/\/dana.com.br\/canaldana\/","name":"Canal Dana","description":"Informativo com as principais not\u00edcias da ind\u00fastria automotiva","potentialAction":[{"@type":"SearchAction","target":{"@type":"EntryPoint","urlTemplate":"https:\/\/dana.com.br\/canaldana\/?s={search_term_string}"},"query-input":{"@type":"PropertyValueSpecification","valueRequired":true,"valueName":"search_term_string"}}],"inLanguage":"pt-BR"},{"@type":"Person","@id":"https:\/\/dana.com.br\/canaldana\/#\/schema\/person\/3c21f22f56fcf3bc46b94bc60ea4fef6","name":"Canal Dana","image":{"@type":"ImageObject","inLanguage":"pt-BR","@id":"https:\/\/secure.gravatar.com\/avatar\/420aaf9278582877d9018637c6817617705899d2858d7572ef0fe59a6b6454b4?s=96&d=mm&r=g","url":"https:\/\/secure.gravatar.com\/avatar\/420aaf9278582877d9018637c6817617705899d2858d7572ef0fe59a6b6454b4?s=96&d=mm&r=g","contentUrl":"https:\/\/secure.gravatar.com\/avatar\/420aaf9278582877d9018637c6817617705899d2858d7572ef0fe59a6b6454b4?s=96&d=mm&r=g","caption":"Canal Dana"},"url":"https:\/\/dana.com.br\/canaldana\/author\/cdeditor\/"}]}},"_links":{"self":[{"href":"https:\/\/dana.com.br\/canaldana\/wp-json\/wp\/v2\/posts\/59475","targetHints":{"allow":["GET"]}}],"collection":[{"href":"https:\/\/dana.com.br\/canaldana\/wp-json\/wp\/v2\/posts"}],"about":[{"href":"https:\/\/dana.com.br\/canaldana\/wp-json\/wp\/v2\/types\/post"}],"author":[{"embeddable":true,"href":"https:\/\/dana.com.br\/canaldana\/wp-json\/wp\/v2\/users\/3"}],"replies":[{"embeddable":true,"href":"https:\/\/dana.com.br\/canaldana\/wp-json\/wp\/v2\/comments?post=59475"}],"version-history":[{"count":0,"href":"https:\/\/dana.com.br\/canaldana\/wp-json\/wp\/v2\/posts\/59475\/revisions"}],"wp:attachment":[{"href":"https:\/\/dana.com.br\/canaldana\/wp-json\/wp\/v2\/media?parent=59475"}],"wp:term":[{"taxonomy":"category","embeddable":true,"href":"https:\/\/dana.com.br\/canaldana\/wp-json\/wp\/v2\/categories?post=59475"},{"taxonomy":"post_tag","embeddable":true,"href":"https:\/\/dana.com.br\/canaldana\/wp-json\/wp\/v2\/tags?post=59475"}],"curies":[{"name":"wp","href":"https:\/\/api.w.org\/{rel}","templated":true}]}}