{"id":59473,"date":"2022-07-08T08:43:23","date_gmt":"2022-07-08T11:43:23","guid":{"rendered":"https:\/\/dana.com.br\/canaldana\/?p=59473"},"modified":"2022-07-08T08:43:23","modified_gmt":"2022-07-08T11:43:23","slug":"iveco-ja-produziu-mil-daily-35-160-com-motor-euro-6","status":"publish","type":"post","link":"https:\/\/dana.com.br\/canaldana\/2022\/07\/08\/iveco-ja-produziu-mil-daily-35-160-com-motor-euro-6\/","title":{"rendered":"Iveco j\u00e1 produziu mil Daily 35-160 com motor Euro 6"},"content":{"rendered":"<p><em>Estrad\u00e3o<\/em><\/p>\n<p>&nbsp;<\/p>\n<p>A Iveco j\u00e1 produziu mil unidades do Daily 35-160 com motor Euro 6 no Brasil. Com isso, a fabricante \u00e9 a primeira a conquistar essa marca com um ve\u00edculo de carga no Pa\u00eds. Conforme a empresa, a linha Daily 35 \u00e9 seu carro-chefe de vendas no mercado brasileiro. A atualiza\u00e7\u00e3o visa atender as novas regras de emiss\u00f5es de poluentes. De acordo com o diretor de Marketing e Portf\u00f3lio de Produtos da Iveco para a Am\u00e9rica Latina, Bernardo Brand\u00e3o, houve evolu\u00e7\u00e3o tamb\u00e9m em ternos de seguran\u00e7a e conforto.<\/p>\n<p>&nbsp;<\/p>\n<p>Os motores atualizados chegaram \u00e0 linha Daily em dezembro de 2021. Com isso, os modelos Daily 30 e Daily 35 j\u00e1 est\u00e3o enquadrados nas novas regras para ve\u00edculos comerciais com peso bruto total (PBT) de at\u00e9 3,5 toneladas. O chamado Proconve P8 passou a valer em 1\u00ba de janeiro de 2022. Segundo a Iveco, os novos motores s\u00e3o mais fortes que os anteriores.<\/p>\n<p>&nbsp;<\/p>\n<p><strong>Novo motor 3.0 ganhou 10 cv<\/strong><\/p>\n<p>&nbsp;<\/p>\n<p>Ou seja, o 3.0 do Iveco Daily 35-160 ganhou 10 cv. Fornecido pela FPT, o F1C MAX de quatro cilindros gera 160 cv de pot\u00eancia \u00e0s 3.000 rpm. O torque, de 39 mkgf, fica dispon\u00edvel entre 1.600 e 2.900 rpm. Al\u00e9m de inje\u00e7\u00e3o eletr\u00f4nica common rail, h\u00e1 turbo de geometria vari\u00e1vel (VGT). No mesmo sentido, o motor recebeu um novo tipo de catalisador (SCR) e sistema de recircula\u00e7\u00e3o dos gases do escape (EGR).<\/p>\n<p>&nbsp;<\/p>\n<p>Conforme a fabricante, isso permitiu a redu\u00e7\u00e3o de 3% no consumo de diesel. Outros 3% s\u00e3o garantidos por melhorias feitas, por exemplo, no desenho, o que melhorou a aerodin\u00e2mica. De acordo com a marca, outro destaque \u00e9 o chassi, feito com barras de 5 mm. Com isso, a capacidade de carga foi ampliada em 200 quilos (PBT T\u00e9cnico). Portanto, o Iveco Daily 35-160 agora tem 4.400 kg de PBT.<\/p>\n<p><strong>\u00a0<\/strong><\/p>\n<p><strong>Pre\u00e7o do Iveco subiu mais de R$ 110 mil<\/strong><\/p>\n<p>&nbsp;<\/p>\n<p>Al\u00e9m disso, a cabine foi atualizada. O volante foi redesenhado e ganhou bot\u00f5es para comandos do computador de bordo e do sistema de som. No mesmo sentido, o painel de instrumentos tem novo grafismo. Outro destaque \u00e9 o multim\u00eddia com tela de 3,5 polegadas. O sistema permite checar os principais dados de funcionamento do modelo em tempo real.<\/p>\n<p>&nbsp;<\/p>\n<p>A linha Daily com novos motores chegou \u00e0s lojas do Brasil em janeiro. A m\u00e1 not\u00edcia \u00e9 que os pre\u00e7os subiram. Agora, a tabela do Daily 35-160 parte de R$ 269.955. (Estrad\u00e3o)<\/p>\n<p>&nbsp;<\/p>\n","protected":false},"excerpt":{"rendered":"<p>Estrad\u00e3o &nbsp; A Iveco j\u00e1 produziu mil unidades do Daily 35-160 com motor Euro 6 no Brasil. Com isso, a fabricante \u00e9 a primeira a conquistar essa marca com um ve\u00edculo de carga no Pa\u00eds. Conforme a empresa, a linha Daily 35 \u00e9 seu carro-chefe de vendas no mercado brasileiro. A atualiza\u00e7\u00e3o visa atender as\u2026 <a class=\"readmore\" href=\"https:\/\/dana.com.br\/canaldana\/2022\/07\/08\/iveco-ja-produziu-mil-daily-35-160-com-motor-euro-6\/\">Leia mais \u00bb<\/a><\/p>\n","protected":false},"author":3,"featured_media":0,"comment_status":"closed","ping_status":"closed","sticky":false,"template":"","format":"standard","meta":{"_acf_changed":false,"footnotes":""},"categories":[79],"tags":[],"class_list":["post-59473","post","type-post","status-publish","format-standard","hentry","category-mercado"],"acf":[],"yoast_head":"<!-- This site is optimized with the Yoast SEO plugin v27.3 - https:\/\/yoast.com\/product\/yoast-seo-wordpress\/ -->\n<title>Iveco j\u00e1 produziu mil Daily 35-160 com motor Euro 6 - Canal Dana<\/title>\n<meta name=\"robots\" content=\"index, follow, max-snippet:-1, max-image-preview:large, max-video-preview:-1\" \/>\n<link rel=\"canonical\" href=\"https:\/\/dana.com.br\/canaldana\/2022\/07\/08\/iveco-ja-produziu-mil-daily-35-160-com-motor-euro-6\/\" \/>\n<meta property=\"og:locale\" content=\"pt_BR\" \/>\n<meta property=\"og:type\" content=\"article\" \/>\n<meta property=\"og:title\" content=\"Iveco j\u00e1 produziu mil Daily 35-160 com motor Euro 6 - Canal Dana\" \/>\n<meta property=\"og:description\" content=\"Estrad\u00e3o &nbsp; A Iveco j\u00e1 produziu mil unidades do Daily 35-160 com motor Euro 6 no Brasil. Com isso, a fabricante \u00e9 a primeira a conquistar essa marca com um ve\u00edculo de carga no Pa\u00eds. Conforme a empresa, a linha Daily 35 \u00e9 seu carro-chefe de vendas no mercado brasileiro. A atualiza\u00e7\u00e3o visa atender as\u2026 Leia mais \u00bb\" \/>\n<meta property=\"og:url\" content=\"https:\/\/dana.com.br\/canaldana\/2022\/07\/08\/iveco-ja-produziu-mil-daily-35-160-com-motor-euro-6\/\" \/>\n<meta property=\"og:site_name\" content=\"Canal Dana\" \/>\n<meta property=\"article:published_time\" content=\"2022-07-08T11:43:23+00:00\" \/>\n<meta name=\"author\" content=\"Canal Dana\" \/>\n<meta name=\"twitter:card\" content=\"summary_large_image\" \/>\n<meta name=\"twitter:label1\" content=\"Escrito por\" \/>\n\t<meta name=\"twitter:data1\" content=\"Canal Dana\" \/>\n\t<meta name=\"twitter:label2\" content=\"Est. tempo de leitura\" \/>\n\t<meta name=\"twitter:data2\" content=\"2 minutos\" \/>\n<script type=\"application\/ld+json\" class=\"yoast-schema-graph\">{\"@context\":\"https:\\\/\\\/schema.org\",\"@graph\":[{\"@type\":\"Article\",\"@id\":\"https:\\\/\\\/dana.com.br\\\/canaldana\\\/2022\\\/07\\\/08\\\/iveco-ja-produziu-mil-daily-35-160-com-motor-euro-6\\\/#article\",\"isPartOf\":{\"@id\":\"https:\\\/\\\/dana.com.br\\\/canaldana\\\/2022\\\/07\\\/08\\\/iveco-ja-produziu-mil-daily-35-160-com-motor-euro-6\\\/\"},\"author\":{\"name\":\"Canal Dana\",\"@id\":\"https:\\\/\\\/dana.com.br\\\/canaldana\\\/#\\\/schema\\\/person\\\/3c21f22f56fcf3bc46b94bc60ea4fef6\"},\"headline\":\"Iveco j\u00e1 produziu mil Daily 35-160 com motor Euro 6\",\"datePublished\":\"2022-07-08T11:43:23+00:00\",\"mainEntityOfPage\":{\"@id\":\"https:\\\/\\\/dana.com.br\\\/canaldana\\\/2022\\\/07\\\/08\\\/iveco-ja-produziu-mil-daily-35-160-com-motor-euro-6\\\/\"},\"wordCount\":417,\"articleSection\":[\"Mercado\"],\"inLanguage\":\"pt-BR\"},{\"@type\":\"WebPage\",\"@id\":\"https:\\\/\\\/dana.com.br\\\/canaldana\\\/2022\\\/07\\\/08\\\/iveco-ja-produziu-mil-daily-35-160-com-motor-euro-6\\\/\",\"url\":\"https:\\\/\\\/dana.com.br\\\/canaldana\\\/2022\\\/07\\\/08\\\/iveco-ja-produziu-mil-daily-35-160-com-motor-euro-6\\\/\",\"name\":\"Iveco j\u00e1 produziu mil Daily 35-160 com motor Euro 6 - Canal Dana\",\"isPartOf\":{\"@id\":\"https:\\\/\\\/dana.com.br\\\/canaldana\\\/#website\"},\"datePublished\":\"2022-07-08T11:43:23+00:00\",\"author\":{\"@id\":\"https:\\\/\\\/dana.com.br\\\/canaldana\\\/#\\\/schema\\\/person\\\/3c21f22f56fcf3bc46b94bc60ea4fef6\"},\"breadcrumb\":{\"@id\":\"https:\\\/\\\/dana.com.br\\\/canaldana\\\/2022\\\/07\\\/08\\\/iveco-ja-produziu-mil-daily-35-160-com-motor-euro-6\\\/#breadcrumb\"},\"inLanguage\":\"pt-BR\",\"potentialAction\":[{\"@type\":\"ReadAction\",\"target\":[\"https:\\\/\\\/dana.com.br\\\/canaldana\\\/2022\\\/07\\\/08\\\/iveco-ja-produziu-mil-daily-35-160-com-motor-euro-6\\\/\"]}]},{\"@type\":\"BreadcrumbList\",\"@id\":\"https:\\\/\\\/dana.com.br\\\/canaldana\\\/2022\\\/07\\\/08\\\/iveco-ja-produziu-mil-daily-35-160-com-motor-euro-6\\\/#breadcrumb\",\"itemListElement\":[{\"@type\":\"ListItem\",\"position\":1,\"name\":\"Home\",\"item\":\"https:\\\/\\\/dana.com.br\\\/canaldana\\\/\"},{\"@type\":\"ListItem\",\"position\":2,\"name\":\"Mercado\",\"item\":\"https:\\\/\\\/dana.com.br\\\/canaldana\\\/mercado\\\/\"},{\"@type\":\"ListItem\",\"position\":3,\"name\":\"Iveco j\u00e1 produziu mil Daily 35-160 com motor Euro 6\"}]},{\"@type\":\"WebSite\",\"@id\":\"https:\\\/\\\/dana.com.br\\\/canaldana\\\/#website\",\"url\":\"https:\\\/\\\/dana.com.br\\\/canaldana\\\/\",\"name\":\"Canal Dana\",\"description\":\"Informativo com as principais not\u00edcias da ind\u00fastria automotiva\",\"potentialAction\":[{\"@type\":\"SearchAction\",\"target\":{\"@type\":\"EntryPoint\",\"urlTemplate\":\"https:\\\/\\\/dana.com.br\\\/canaldana\\\/?s={search_term_string}\"},\"query-input\":{\"@type\":\"PropertyValueSpecification\",\"valueRequired\":true,\"valueName\":\"search_term_string\"}}],\"inLanguage\":\"pt-BR\"},{\"@type\":\"Person\",\"@id\":\"https:\\\/\\\/dana.com.br\\\/canaldana\\\/#\\\/schema\\\/person\\\/3c21f22f56fcf3bc46b94bc60ea4fef6\",\"name\":\"Canal Dana\",\"image\":{\"@type\":\"ImageObject\",\"inLanguage\":\"pt-BR\",\"@id\":\"https:\\\/\\\/secure.gravatar.com\\\/avatar\\\/420aaf9278582877d9018637c6817617705899d2858d7572ef0fe59a6b6454b4?s=96&d=mm&r=g\",\"url\":\"https:\\\/\\\/secure.gravatar.com\\\/avatar\\\/420aaf9278582877d9018637c6817617705899d2858d7572ef0fe59a6b6454b4?s=96&d=mm&r=g\",\"contentUrl\":\"https:\\\/\\\/secure.gravatar.com\\\/avatar\\\/420aaf9278582877d9018637c6817617705899d2858d7572ef0fe59a6b6454b4?s=96&d=mm&r=g\",\"caption\":\"Canal Dana\"},\"url\":\"https:\\\/\\\/dana.com.br\\\/canaldana\\\/author\\\/cdeditor\\\/\"}]}<\/script>\n<!-- \/ Yoast SEO plugin. -->","yoast_head_json":{"title":"Iveco j\u00e1 produziu mil Daily 35-160 com motor Euro 6 - Canal Dana","robots":{"index":"index","follow":"follow","max-snippet":"max-snippet:-1","max-image-preview":"max-image-preview:large","max-video-preview":"max-video-preview:-1"},"canonical":"https:\/\/dana.com.br\/canaldana\/2022\/07\/08\/iveco-ja-produziu-mil-daily-35-160-com-motor-euro-6\/","og_locale":"pt_BR","og_type":"article","og_title":"Iveco j\u00e1 produziu mil Daily 35-160 com motor Euro 6 - Canal Dana","og_description":"Estrad\u00e3o &nbsp; A Iveco j\u00e1 produziu mil unidades do Daily 35-160 com motor Euro 6 no Brasil. Com isso, a fabricante \u00e9 a primeira a conquistar essa marca com um ve\u00edculo de carga no Pa\u00eds. Conforme a empresa, a linha Daily 35 \u00e9 seu carro-chefe de vendas no mercado brasileiro. A atualiza\u00e7\u00e3o visa atender as\u2026 Leia mais \u00bb","og_url":"https:\/\/dana.com.br\/canaldana\/2022\/07\/08\/iveco-ja-produziu-mil-daily-35-160-com-motor-euro-6\/","og_site_name":"Canal Dana","article_published_time":"2022-07-08T11:43:23+00:00","author":"Canal Dana","twitter_card":"summary_large_image","twitter_misc":{"Escrito por":"Canal Dana","Est. tempo de leitura":"2 minutos"},"schema":{"@context":"https:\/\/schema.org","@graph":[{"@type":"Article","@id":"https:\/\/dana.com.br\/canaldana\/2022\/07\/08\/iveco-ja-produziu-mil-daily-35-160-com-motor-euro-6\/#article","isPartOf":{"@id":"https:\/\/dana.com.br\/canaldana\/2022\/07\/08\/iveco-ja-produziu-mil-daily-35-160-com-motor-euro-6\/"},"author":{"name":"Canal Dana","@id":"https:\/\/dana.com.br\/canaldana\/#\/schema\/person\/3c21f22f56fcf3bc46b94bc60ea4fef6"},"headline":"Iveco j\u00e1 produziu mil Daily 35-160 com motor Euro 6","datePublished":"2022-07-08T11:43:23+00:00","mainEntityOfPage":{"@id":"https:\/\/dana.com.br\/canaldana\/2022\/07\/08\/iveco-ja-produziu-mil-daily-35-160-com-motor-euro-6\/"},"wordCount":417,"articleSection":["Mercado"],"inLanguage":"pt-BR"},{"@type":"WebPage","@id":"https:\/\/dana.com.br\/canaldana\/2022\/07\/08\/iveco-ja-produziu-mil-daily-35-160-com-motor-euro-6\/","url":"https:\/\/dana.com.br\/canaldana\/2022\/07\/08\/iveco-ja-produziu-mil-daily-35-160-com-motor-euro-6\/","name":"Iveco j\u00e1 produziu mil Daily 35-160 com motor Euro 6 - Canal Dana","isPartOf":{"@id":"https:\/\/dana.com.br\/canaldana\/#website"},"datePublished":"2022-07-08T11:43:23+00:00","author":{"@id":"https:\/\/dana.com.br\/canaldana\/#\/schema\/person\/3c21f22f56fcf3bc46b94bc60ea4fef6"},"breadcrumb":{"@id":"https:\/\/dana.com.br\/canaldana\/2022\/07\/08\/iveco-ja-produziu-mil-daily-35-160-com-motor-euro-6\/#breadcrumb"},"inLanguage":"pt-BR","potentialAction":[{"@type":"ReadAction","target":["https:\/\/dana.com.br\/canaldana\/2022\/07\/08\/iveco-ja-produziu-mil-daily-35-160-com-motor-euro-6\/"]}]},{"@type":"BreadcrumbList","@id":"https:\/\/dana.com.br\/canaldana\/2022\/07\/08\/iveco-ja-produziu-mil-daily-35-160-com-motor-euro-6\/#breadcrumb","itemListElement":[{"@type":"ListItem","position":1,"name":"Home","item":"https:\/\/dana.com.br\/canaldana\/"},{"@type":"ListItem","position":2,"name":"Mercado","item":"https:\/\/dana.com.br\/canaldana\/mercado\/"},{"@type":"ListItem","position":3,"name":"Iveco j\u00e1 produziu mil Daily 35-160 com motor Euro 6"}]},{"@type":"WebSite","@id":"https:\/\/dana.com.br\/canaldana\/#website","url":"https:\/\/dana.com.br\/canaldana\/","name":"Canal Dana","description":"Informativo com as principais not\u00edcias da ind\u00fastria automotiva","potentialAction":[{"@type":"SearchAction","target":{"@type":"EntryPoint","urlTemplate":"https:\/\/dana.com.br\/canaldana\/?s={search_term_string}"},"query-input":{"@type":"PropertyValueSpecification","valueRequired":true,"valueName":"search_term_string"}}],"inLanguage":"pt-BR"},{"@type":"Person","@id":"https:\/\/dana.com.br\/canaldana\/#\/schema\/person\/3c21f22f56fcf3bc46b94bc60ea4fef6","name":"Canal Dana","image":{"@type":"ImageObject","inLanguage":"pt-BR","@id":"https:\/\/secure.gravatar.com\/avatar\/420aaf9278582877d9018637c6817617705899d2858d7572ef0fe59a6b6454b4?s=96&d=mm&r=g","url":"https:\/\/secure.gravatar.com\/avatar\/420aaf9278582877d9018637c6817617705899d2858d7572ef0fe59a6b6454b4?s=96&d=mm&r=g","contentUrl":"https:\/\/secure.gravatar.com\/avatar\/420aaf9278582877d9018637c6817617705899d2858d7572ef0fe59a6b6454b4?s=96&d=mm&r=g","caption":"Canal Dana"},"url":"https:\/\/dana.com.br\/canaldana\/author\/cdeditor\/"}]}},"_links":{"self":[{"href":"https:\/\/dana.com.br\/canaldana\/wp-json\/wp\/v2\/posts\/59473","targetHints":{"allow":["GET"]}}],"collection":[{"href":"https:\/\/dana.com.br\/canaldana\/wp-json\/wp\/v2\/posts"}],"about":[{"href":"https:\/\/dana.com.br\/canaldana\/wp-json\/wp\/v2\/types\/post"}],"author":[{"embeddable":true,"href":"https:\/\/dana.com.br\/canaldana\/wp-json\/wp\/v2\/users\/3"}],"replies":[{"embeddable":true,"href":"https:\/\/dana.com.br\/canaldana\/wp-json\/wp\/v2\/comments?post=59473"}],"version-history":[{"count":0,"href":"https:\/\/dana.com.br\/canaldana\/wp-json\/wp\/v2\/posts\/59473\/revisions"}],"wp:attachment":[{"href":"https:\/\/dana.com.br\/canaldana\/wp-json\/wp\/v2\/media?parent=59473"}],"wp:term":[{"taxonomy":"category","embeddable":true,"href":"https:\/\/dana.com.br\/canaldana\/wp-json\/wp\/v2\/categories?post=59473"},{"taxonomy":"post_tag","embeddable":true,"href":"https:\/\/dana.com.br\/canaldana\/wp-json\/wp\/v2\/tags?post=59473"}],"curies":[{"name":"wp","href":"https:\/\/api.w.org\/{rel}","templated":true}]}}