{"id":59392,"date":"2022-07-05T08:28:51","date_gmt":"2022-07-05T11:28:51","guid":{"rendered":"https:\/\/dana.com.br\/canaldana\/?p=59392"},"modified":"2022-07-05T08:28:51","modified_gmt":"2022-07-05T11:28:51","slug":"icone-atemporal-fiat-500-completa-65-anos","status":"publish","type":"post","link":"https:\/\/dana.com.br\/canaldana\/2022\/07\/05\/icone-atemporal-fiat-500-completa-65-anos\/","title":{"rendered":"\u00cdcone atemporal, Fiat 500 completa 65 anos"},"content":{"rendered":"<p><em>Mec\u00e2nica Online<\/em><\/p>\n<p>&nbsp;<\/p>\n<p>Era uma vez um aut\u00eantico e piccolo autom\u00f3vel italiano, que atravessou fronteiras e conquistou o mundo.<\/p>\n<p>&nbsp;<\/p>\n<p>\u00c9 claro que estamos falando do Fiat 500, que com o seu design singular e inconfund\u00edvel, al\u00e9m de estilo \u00fanico, se tornou um \u00edcone e importante personagem n\u00e3o s\u00f3 da hist\u00f3ria da Fiat, mas da ind\u00fastria automotiva mundial.<\/p>\n<p>&nbsp;<\/p>\n<p>Inspirando mudan\u00e7as desde 1957, o modelo chegou aos tempos atuais mais moderno do que nunca. No Brasil, \u00e9 vendido em vers\u00e3o el\u00e9trica.<\/p>\n<p>&nbsp;<\/p>\n<p>Seja chamado de \u201cCinquecento\u201d ou de \u201cQuinhentos\u201d, o pequeno conquistou o cora\u00e7\u00e3o de milhares de f\u00e3s pelo mundo afora.<\/p>\n<p>&nbsp;<\/p>\n<p>Sucesso de p\u00fablico e m\u00eddia, o modelo j\u00e1 teve mais de seis milh\u00f5es de unidades comercializadas, \u00e9 vendido em mais de 100 pa\u00edses e acumula mais de 40 pr\u00eamios em seu curr\u00edculo.<\/p>\n<p>&nbsp;<\/p>\n<p>Em 2017, quando completou 60 anos, virou obra de arte definitivamente e entrou para o acervo permanente do MoMA (The Museum of Modern Art), em Nova York.<\/p>\n<p>&nbsp;<\/p>\n<p>O Fiat 500 tamb\u00e9m teve dezenas de s\u00e9ries especiais, como a recente La Prima by Bocelli, com sistema de som refinado desenvolvido em parceria com o maestro Andrea Bocelli.<\/p>\n<p>&nbsp;<\/p>\n<p>Outros destaques s\u00e3o as s\u00e9ries em parceria com grifes famosas, como a Gucci (vendida no Brasil), Armani e Bvlgari.<\/p>\n<p>&nbsp;<\/p>\n<p>Ele ainda deu origem a uma fam\u00edlia que vem crescendo, com modelos como o 500X, o 500L e o 500 Abarth.<\/p>\n<p>&nbsp;<\/p>\n<p>Projetado por Dante Giacosa, foi lan\u00e7ado em 4 de julho de 1957, na Europa, ap\u00f3s a Segunda Guerra Mundial.<\/p>\n<p>&nbsp;<\/p>\n<p>Assim, havia uma enorme necessidade de dar mobilidade \u00e0s popula\u00e7\u00f5es, mas poucos meios. A sa\u00edda foram os autom\u00f3veis pequenos e baratos \u2013 no pre\u00e7o, na produ\u00e7\u00e3o e, sobretudo, no consumo de combust\u00edvel.<\/p>\n<p>&nbsp;<\/p>\n<p>Dessa forma, surgia o Fiat 500 na It\u00e1lia. Seu pequeno motor de 479 cm\u00b3 e dois cilindros produzia 13 cavalos de pot\u00eancia.<\/p>\n<p>&nbsp;<\/p>\n<p>Com seus 3 metros de comprimento e 500 kg de peso, ele trafegava com desenvoltura pelas estreitas ruas europeias. Suas portas se abriam para a frente, com dobradi\u00e7as na metade do carro.<\/p>\n<p>&nbsp;<\/p>\n<p>Nos anos seguintes ele foi ganhando novidades: vers\u00e3o Sport em 1958 com motor mais potente e Nuova 500 C em 1959, uma vers\u00e3o cabriolet.<\/p>\n<p>&nbsp;<\/p>\n<p>Na d\u00e9cada seguinte ainda chegaram a Giardiniera (SW) em 1960; a Nuova 500 F em 1965, que se tornaria a mais popular de todas as vers\u00f5es do modelo, com portas passaram a se abrir para tr\u00e1s, e, em 1968, foi a vez da mais luxuosa vers\u00e3o entrar no mercado: a Nuova 500 L, com detalhes cromados em toda a carroceria e interior em couro.<\/p>\n<p>&nbsp;<\/p>\n<p>Em seus primeiros anos de vida (at\u00e9 1975), aproximadamente quatro milh\u00f5es de unidades do Fiat 500 original foram produzidas na Europa. O piccolo carro contribuiu para a motoriza\u00e7\u00e3o do continente naquela \u00e9poca.<\/p>\n<p>&nbsp;<\/p>\n<p>O sucesso foi tanto que, em 2007, quando seu lan\u00e7amento completou 50 anos, foi reestilizado, unindo o aut\u00eantico padr\u00e3o retr\u00f4 \u00e0 modernidade.<\/p>\n<p>&nbsp;<\/p>\n<p>Ele voltou ao mercado com o mesmo esp\u00edrito e jeito \u201ccool\u201d, mas com mais seguran\u00e7a, tecnologia e requinte. Vale dizer que mais de dois milh\u00f5es de unidades do Fiat 500 relan\u00e7ado em 2007 j\u00e1 foram vendidas at\u00e9 hoje.<\/p>\n<p>&nbsp;<\/p>\n<p>Pouco depois, em 2009, foi a vez do Brasil finalmente poder ter o pequeno em suas ruas.<\/p>\n<p>&nbsp;<\/p>\n<p>O 500 chegou bem equipado com itens como dire\u00e7\u00e3o el\u00e9trica Dual Drive, ar-condicionado digital, sete airbags e ESP (sistema eletr\u00f4nico de estabilidade).<\/p>\n<p>&nbsp;<\/p>\n<p>O modelo foi o primeiro Fiat vendido no Brasil com Hill Holder. Pioneirismo faz parte do DNA da Fiat e com o 500 n\u00e3o \u00e9 diferente.<\/p>\n<p>&nbsp;<\/p>\n<p>Ele foi tamb\u00e9m o primeiro autom\u00f3vel a oferecer sete airbags de s\u00e9rie, a oferecer ESP avan\u00e7ado em todos os seus motores e nele estreou a fam\u00edlia de motores TwinAir de dois cilindros foi tamb\u00e9m o primeiro carro com apenas 3,55 metros que conseguiu receber as 5 estrelas do EuroNCAP.<\/p>\n<p>&nbsp;<\/p>\n<p><strong>Novo 500e no Brasil<\/strong><\/p>\n<p>&nbsp;<\/p>\n<p>O Fiat 500 chegou radicalmente renovado ao Brasil em sua terceira gera\u00e7\u00e3o. Desenvolvido sobre a nova plataforma Mini EV, ficou maior, mais conectado e muito completo.<\/p>\n<p>&nbsp;<\/p>\n<p>Com o objetivo de apresentar aos consumidores brasileiros como a Fiat est\u00e1 atenta \u00e0s demandas da sociedade atual, que busca uma mobilidade sustent\u00e1vel, urbana, conectada e aut\u00f4noma, o modelo foi lan\u00e7ado no Brasil em 2021 apenas na vers\u00e3o 100% el\u00e9trica.<\/p>\n<p>&nbsp;<\/p>\n<p>Seu design reinterpreta o visual ic\u00f4nico do modelo cl\u00e1ssico, com linhas que o tornam ainda mais elegante e escultural. Com dimens\u00f5es maiores, privilegia o espa\u00e7o interno, mas mant\u00e9m a agilidade na cidade.<\/p>\n<p>&nbsp;<\/p>\n<p>Muito tecnol\u00f3gico, o Fiat 500e conta com itens como o Co-Driver, formado pelo Sistema Avan\u00e7ado de Condu\u00e7\u00e3o Assistida (ADAS) de \u00faltima gera\u00e7\u00e3o, atingindo classifica\u00e7\u00e3o n\u00edvel 2 na escala SAE.<\/p>\n<p>&nbsp;<\/p>\n<p>Ele traz ainda o Fiat Connect\/\/\/\/Me, plataforma de conectividade que oferece mais conveni\u00eancia, assist\u00eancia e seguran\u00e7a, fornecendo toda a comodidade tamb\u00e9m por meio do smartphone, smartwatch ou assistente virtual (Alexa).<\/p>\n<p>&nbsp;<\/p>\n<p>Com autonomia de at\u00e9 320 quil\u00f4metros, o Fiat 500e tem motor el\u00e9trico que entrega 87 kW, o que equivale a 118 cavalos de pot\u00eancia a 4.200 rpm.<\/p>\n<p>&nbsp;<\/p>\n<p>Seu torque alcan\u00e7a surpreendentes 220 Nm. Isso faz com que o modelo necessite de apenas 9 segundos para atingir 100 km\/h, e com uma retomada de 60km\/h a 100 km\/h em 4,8 segundos. (Mec\u00e2nica Online)<\/p>\n<p>&nbsp;<\/p>\n","protected":false},"excerpt":{"rendered":"<p>Mec\u00e2nica Online &nbsp; Era uma vez um aut\u00eantico e piccolo autom\u00f3vel italiano, que atravessou fronteiras e conquistou o mundo. &nbsp; \u00c9 claro que estamos falando do Fiat 500, que com o seu design singular e inconfund\u00edvel, al\u00e9m de estilo \u00fanico, se tornou um \u00edcone e importante personagem n\u00e3o s\u00f3 da hist\u00f3ria da Fiat, mas da\u2026 <a class=\"readmore\" href=\"https:\/\/dana.com.br\/canaldana\/2022\/07\/05\/icone-atemporal-fiat-500-completa-65-anos\/\">Leia mais \u00bb<\/a><\/p>\n","protected":false},"author":3,"featured_media":0,"comment_status":"closed","ping_status":"closed","sticky":false,"template":"","format":"standard","meta":{"_acf_changed":false,"footnotes":""},"categories":[79],"tags":[],"class_list":["post-59392","post","type-post","status-publish","format-standard","hentry","category-mercado"],"acf":[],"yoast_head":"<!-- This site is optimized with the Yoast SEO plugin v27.3 - https:\/\/yoast.com\/product\/yoast-seo-wordpress\/ -->\n<title>\u00cdcone atemporal, Fiat 500 completa 65 anos - Canal Dana<\/title>\n<meta name=\"robots\" content=\"index, follow, max-snippet:-1, max-image-preview:large, max-video-preview:-1\" \/>\n<link rel=\"canonical\" href=\"https:\/\/dana.com.br\/canaldana\/2022\/07\/05\/icone-atemporal-fiat-500-completa-65-anos\/\" \/>\n<meta property=\"og:locale\" content=\"pt_BR\" \/>\n<meta property=\"og:type\" content=\"article\" \/>\n<meta property=\"og:title\" content=\"\u00cdcone atemporal, Fiat 500 completa 65 anos - Canal Dana\" \/>\n<meta property=\"og:description\" content=\"Mec\u00e2nica Online &nbsp; Era uma vez um aut\u00eantico e piccolo autom\u00f3vel italiano, que atravessou fronteiras e conquistou o mundo. &nbsp; \u00c9 claro que estamos falando do Fiat 500, que com o seu design singular e inconfund\u00edvel, al\u00e9m de estilo \u00fanico, se tornou um \u00edcone e importante personagem n\u00e3o s\u00f3 da hist\u00f3ria da Fiat, mas da\u2026 Leia mais \u00bb\" \/>\n<meta property=\"og:url\" content=\"https:\/\/dana.com.br\/canaldana\/2022\/07\/05\/icone-atemporal-fiat-500-completa-65-anos\/\" \/>\n<meta property=\"og:site_name\" content=\"Canal Dana\" \/>\n<meta property=\"article:published_time\" content=\"2022-07-05T11:28:51+00:00\" \/>\n<meta name=\"author\" content=\"Canal Dana\" \/>\n<meta name=\"twitter:card\" content=\"summary_large_image\" \/>\n<meta name=\"twitter:label1\" content=\"Escrito por\" \/>\n\t<meta name=\"twitter:data1\" content=\"Canal Dana\" \/>\n\t<meta name=\"twitter:label2\" content=\"Est. tempo de leitura\" \/>\n\t<meta name=\"twitter:data2\" content=\"5 minutos\" \/>\n<script type=\"application\/ld+json\" class=\"yoast-schema-graph\">{\"@context\":\"https:\\\/\\\/schema.org\",\"@graph\":[{\"@type\":\"Article\",\"@id\":\"https:\\\/\\\/dana.com.br\\\/canaldana\\\/2022\\\/07\\\/05\\\/icone-atemporal-fiat-500-completa-65-anos\\\/#article\",\"isPartOf\":{\"@id\":\"https:\\\/\\\/dana.com.br\\\/canaldana\\\/2022\\\/07\\\/05\\\/icone-atemporal-fiat-500-completa-65-anos\\\/\"},\"author\":{\"name\":\"Canal Dana\",\"@id\":\"https:\\\/\\\/dana.com.br\\\/canaldana\\\/#\\\/schema\\\/person\\\/3c21f22f56fcf3bc46b94bc60ea4fef6\"},\"headline\":\"\u00cdcone atemporal, Fiat 500 completa 65 anos\",\"datePublished\":\"2022-07-05T11:28:51+00:00\",\"mainEntityOfPage\":{\"@id\":\"https:\\\/\\\/dana.com.br\\\/canaldana\\\/2022\\\/07\\\/05\\\/icone-atemporal-fiat-500-completa-65-anos\\\/\"},\"wordCount\":920,\"articleSection\":[\"Mercado\"],\"inLanguage\":\"pt-BR\"},{\"@type\":\"WebPage\",\"@id\":\"https:\\\/\\\/dana.com.br\\\/canaldana\\\/2022\\\/07\\\/05\\\/icone-atemporal-fiat-500-completa-65-anos\\\/\",\"url\":\"https:\\\/\\\/dana.com.br\\\/canaldana\\\/2022\\\/07\\\/05\\\/icone-atemporal-fiat-500-completa-65-anos\\\/\",\"name\":\"\u00cdcone atemporal, Fiat 500 completa 65 anos - Canal Dana\",\"isPartOf\":{\"@id\":\"https:\\\/\\\/dana.com.br\\\/canaldana\\\/#website\"},\"datePublished\":\"2022-07-05T11:28:51+00:00\",\"author\":{\"@id\":\"https:\\\/\\\/dana.com.br\\\/canaldana\\\/#\\\/schema\\\/person\\\/3c21f22f56fcf3bc46b94bc60ea4fef6\"},\"breadcrumb\":{\"@id\":\"https:\\\/\\\/dana.com.br\\\/canaldana\\\/2022\\\/07\\\/05\\\/icone-atemporal-fiat-500-completa-65-anos\\\/#breadcrumb\"},\"inLanguage\":\"pt-BR\",\"potentialAction\":[{\"@type\":\"ReadAction\",\"target\":[\"https:\\\/\\\/dana.com.br\\\/canaldana\\\/2022\\\/07\\\/05\\\/icone-atemporal-fiat-500-completa-65-anos\\\/\"]}]},{\"@type\":\"BreadcrumbList\",\"@id\":\"https:\\\/\\\/dana.com.br\\\/canaldana\\\/2022\\\/07\\\/05\\\/icone-atemporal-fiat-500-completa-65-anos\\\/#breadcrumb\",\"itemListElement\":[{\"@type\":\"ListItem\",\"position\":1,\"name\":\"Home\",\"item\":\"https:\\\/\\\/dana.com.br\\\/canaldana\\\/\"},{\"@type\":\"ListItem\",\"position\":2,\"name\":\"Mercado\",\"item\":\"https:\\\/\\\/dana.com.br\\\/canaldana\\\/mercado\\\/\"},{\"@type\":\"ListItem\",\"position\":3,\"name\":\"\u00cdcone atemporal, Fiat 500 completa 65 anos\"}]},{\"@type\":\"WebSite\",\"@id\":\"https:\\\/\\\/dana.com.br\\\/canaldana\\\/#website\",\"url\":\"https:\\\/\\\/dana.com.br\\\/canaldana\\\/\",\"name\":\"Canal Dana\",\"description\":\"Informativo com as principais not\u00edcias da ind\u00fastria automotiva\",\"potentialAction\":[{\"@type\":\"SearchAction\",\"target\":{\"@type\":\"EntryPoint\",\"urlTemplate\":\"https:\\\/\\\/dana.com.br\\\/canaldana\\\/?s={search_term_string}\"},\"query-input\":{\"@type\":\"PropertyValueSpecification\",\"valueRequired\":true,\"valueName\":\"search_term_string\"}}],\"inLanguage\":\"pt-BR\"},{\"@type\":\"Person\",\"@id\":\"https:\\\/\\\/dana.com.br\\\/canaldana\\\/#\\\/schema\\\/person\\\/3c21f22f56fcf3bc46b94bc60ea4fef6\",\"name\":\"Canal Dana\",\"image\":{\"@type\":\"ImageObject\",\"inLanguage\":\"pt-BR\",\"@id\":\"https:\\\/\\\/secure.gravatar.com\\\/avatar\\\/420aaf9278582877d9018637c6817617705899d2858d7572ef0fe59a6b6454b4?s=96&d=mm&r=g\",\"url\":\"https:\\\/\\\/secure.gravatar.com\\\/avatar\\\/420aaf9278582877d9018637c6817617705899d2858d7572ef0fe59a6b6454b4?s=96&d=mm&r=g\",\"contentUrl\":\"https:\\\/\\\/secure.gravatar.com\\\/avatar\\\/420aaf9278582877d9018637c6817617705899d2858d7572ef0fe59a6b6454b4?s=96&d=mm&r=g\",\"caption\":\"Canal Dana\"},\"url\":\"https:\\\/\\\/dana.com.br\\\/canaldana\\\/author\\\/cdeditor\\\/\"}]}<\/script>\n<!-- \/ Yoast SEO plugin. -->","yoast_head_json":{"title":"\u00cdcone atemporal, Fiat 500 completa 65 anos - Canal Dana","robots":{"index":"index","follow":"follow","max-snippet":"max-snippet:-1","max-image-preview":"max-image-preview:large","max-video-preview":"max-video-preview:-1"},"canonical":"https:\/\/dana.com.br\/canaldana\/2022\/07\/05\/icone-atemporal-fiat-500-completa-65-anos\/","og_locale":"pt_BR","og_type":"article","og_title":"\u00cdcone atemporal, Fiat 500 completa 65 anos - Canal Dana","og_description":"Mec\u00e2nica Online &nbsp; Era uma vez um aut\u00eantico e piccolo autom\u00f3vel italiano, que atravessou fronteiras e conquistou o mundo. &nbsp; \u00c9 claro que estamos falando do Fiat 500, que com o seu design singular e inconfund\u00edvel, al\u00e9m de estilo \u00fanico, se tornou um \u00edcone e importante personagem n\u00e3o s\u00f3 da hist\u00f3ria da Fiat, mas da\u2026 Leia mais \u00bb","og_url":"https:\/\/dana.com.br\/canaldana\/2022\/07\/05\/icone-atemporal-fiat-500-completa-65-anos\/","og_site_name":"Canal Dana","article_published_time":"2022-07-05T11:28:51+00:00","author":"Canal Dana","twitter_card":"summary_large_image","twitter_misc":{"Escrito por":"Canal Dana","Est. tempo de leitura":"5 minutos"},"schema":{"@context":"https:\/\/schema.org","@graph":[{"@type":"Article","@id":"https:\/\/dana.com.br\/canaldana\/2022\/07\/05\/icone-atemporal-fiat-500-completa-65-anos\/#article","isPartOf":{"@id":"https:\/\/dana.com.br\/canaldana\/2022\/07\/05\/icone-atemporal-fiat-500-completa-65-anos\/"},"author":{"name":"Canal Dana","@id":"https:\/\/dana.com.br\/canaldana\/#\/schema\/person\/3c21f22f56fcf3bc46b94bc60ea4fef6"},"headline":"\u00cdcone atemporal, Fiat 500 completa 65 anos","datePublished":"2022-07-05T11:28:51+00:00","mainEntityOfPage":{"@id":"https:\/\/dana.com.br\/canaldana\/2022\/07\/05\/icone-atemporal-fiat-500-completa-65-anos\/"},"wordCount":920,"articleSection":["Mercado"],"inLanguage":"pt-BR"},{"@type":"WebPage","@id":"https:\/\/dana.com.br\/canaldana\/2022\/07\/05\/icone-atemporal-fiat-500-completa-65-anos\/","url":"https:\/\/dana.com.br\/canaldana\/2022\/07\/05\/icone-atemporal-fiat-500-completa-65-anos\/","name":"\u00cdcone atemporal, Fiat 500 completa 65 anos - Canal Dana","isPartOf":{"@id":"https:\/\/dana.com.br\/canaldana\/#website"},"datePublished":"2022-07-05T11:28:51+00:00","author":{"@id":"https:\/\/dana.com.br\/canaldana\/#\/schema\/person\/3c21f22f56fcf3bc46b94bc60ea4fef6"},"breadcrumb":{"@id":"https:\/\/dana.com.br\/canaldana\/2022\/07\/05\/icone-atemporal-fiat-500-completa-65-anos\/#breadcrumb"},"inLanguage":"pt-BR","potentialAction":[{"@type":"ReadAction","target":["https:\/\/dana.com.br\/canaldana\/2022\/07\/05\/icone-atemporal-fiat-500-completa-65-anos\/"]}]},{"@type":"BreadcrumbList","@id":"https:\/\/dana.com.br\/canaldana\/2022\/07\/05\/icone-atemporal-fiat-500-completa-65-anos\/#breadcrumb","itemListElement":[{"@type":"ListItem","position":1,"name":"Home","item":"https:\/\/dana.com.br\/canaldana\/"},{"@type":"ListItem","position":2,"name":"Mercado","item":"https:\/\/dana.com.br\/canaldana\/mercado\/"},{"@type":"ListItem","position":3,"name":"\u00cdcone atemporal, Fiat 500 completa 65 anos"}]},{"@type":"WebSite","@id":"https:\/\/dana.com.br\/canaldana\/#website","url":"https:\/\/dana.com.br\/canaldana\/","name":"Canal Dana","description":"Informativo com as principais not\u00edcias da ind\u00fastria automotiva","potentialAction":[{"@type":"SearchAction","target":{"@type":"EntryPoint","urlTemplate":"https:\/\/dana.com.br\/canaldana\/?s={search_term_string}"},"query-input":{"@type":"PropertyValueSpecification","valueRequired":true,"valueName":"search_term_string"}}],"inLanguage":"pt-BR"},{"@type":"Person","@id":"https:\/\/dana.com.br\/canaldana\/#\/schema\/person\/3c21f22f56fcf3bc46b94bc60ea4fef6","name":"Canal Dana","image":{"@type":"ImageObject","inLanguage":"pt-BR","@id":"https:\/\/secure.gravatar.com\/avatar\/420aaf9278582877d9018637c6817617705899d2858d7572ef0fe59a6b6454b4?s=96&d=mm&r=g","url":"https:\/\/secure.gravatar.com\/avatar\/420aaf9278582877d9018637c6817617705899d2858d7572ef0fe59a6b6454b4?s=96&d=mm&r=g","contentUrl":"https:\/\/secure.gravatar.com\/avatar\/420aaf9278582877d9018637c6817617705899d2858d7572ef0fe59a6b6454b4?s=96&d=mm&r=g","caption":"Canal Dana"},"url":"https:\/\/dana.com.br\/canaldana\/author\/cdeditor\/"}]}},"_links":{"self":[{"href":"https:\/\/dana.com.br\/canaldana\/wp-json\/wp\/v2\/posts\/59392","targetHints":{"allow":["GET"]}}],"collection":[{"href":"https:\/\/dana.com.br\/canaldana\/wp-json\/wp\/v2\/posts"}],"about":[{"href":"https:\/\/dana.com.br\/canaldana\/wp-json\/wp\/v2\/types\/post"}],"author":[{"embeddable":true,"href":"https:\/\/dana.com.br\/canaldana\/wp-json\/wp\/v2\/users\/3"}],"replies":[{"embeddable":true,"href":"https:\/\/dana.com.br\/canaldana\/wp-json\/wp\/v2\/comments?post=59392"}],"version-history":[{"count":0,"href":"https:\/\/dana.com.br\/canaldana\/wp-json\/wp\/v2\/posts\/59392\/revisions"}],"wp:attachment":[{"href":"https:\/\/dana.com.br\/canaldana\/wp-json\/wp\/v2\/media?parent=59392"}],"wp:term":[{"taxonomy":"category","embeddable":true,"href":"https:\/\/dana.com.br\/canaldana\/wp-json\/wp\/v2\/categories?post=59392"},{"taxonomy":"post_tag","embeddable":true,"href":"https:\/\/dana.com.br\/canaldana\/wp-json\/wp\/v2\/tags?post=59392"}],"curies":[{"name":"wp","href":"https:\/\/api.w.org\/{rel}","templated":true}]}}