{"id":59390,"date":"2022-07-05T08:28:11","date_gmt":"2022-07-05T11:28:11","guid":{"rendered":"https:\/\/dana.com.br\/canaldana\/?p=59390"},"modified":"2022-07-05T08:28:11","modified_gmt":"2022-07-05T11:28:11","slug":"iveco-daily-35-160-f1c-max-faz-historia-com-a-producao-da-milesima-unidade","status":"publish","type":"post","link":"https:\/\/dana.com.br\/canaldana\/2022\/07\/05\/iveco-daily-35-160-f1c-max-faz-historia-com-a-producao-da-milesima-unidade\/","title":{"rendered":"IVECO Daily 35-160 F1C-Max faz hist\u00f3ria com a produ\u00e7\u00e3o da mil\u00e9sima unidade"},"content":{"rendered":"<p><em>Coisas de Agora<\/em><\/p>\n<p>&nbsp;<\/p>\n<p>Lan\u00e7ado no mercado brasileiro no in\u00edcio de 2022, o IVECO Daily 35-160 FC1-Max atinge a marca de 1 mil unidades produzidas no complexo industrial da montadora em Sete Lagoas (MG), sendo o primeiro ve\u00edculo de carga com motoriza\u00e7\u00e3o Euro VI a alcan\u00e7ar esse marco no Brasil. Parte da fam\u00edlia Daily, a vers\u00e3o 35 \u00e9 o produto mais vendido da IVECO e tem como DNA a alta tecnologia, com foco na redu\u00e7\u00e3o de emiss\u00f5es de poluentes, seguran\u00e7a, conforto, economia e a consagrada estrutura chassi-cabine, que proporciona robustez de caminh\u00e3o e versatilidade para o modelo.<\/p>\n<p>&nbsp;<\/p>\n<p>Bernardo Brand\u00e3o, diretor de Marketing e Portf\u00f3lio de Produtos da IVECO para a Am\u00e9rica Latina, afirma que a produ\u00e7\u00e3o do mil\u00e9simo IVECO Daily 35-160 FC1-Max demonstra os esfor\u00e7os da marca para continuar produzindo e suprir a alta demanda do segmento de transporte no pa\u00eds. \u201cSuperamos os desafios impostos pela pandemia e trabalhamos constantemente, junto aos fornecedores, para buscar solu\u00e7\u00f5es e manter o atendimento dos pedidos aos clientes e concession\u00e1rios. A economia n\u00e3o para e tamb\u00e9m nos mantemos em movimento, em constante crescimento, para atender setores-chave, como o agroneg\u00f3cio e o varejo. Estamos cada vez mais ampliando a lideran\u00e7a da fam\u00edlia Daily nos segmentos em que atua, e a nova vers\u00e3o Euro VI consagra esse hist\u00f3rico da linha Daily\u201d, completa Brand\u00e3o.<\/p>\n<p>&nbsp;<\/p>\n<p>O IVECO Daily 35-160 FC1-Max alia pot\u00eancia e redu\u00e7\u00e3o no consumo de combust\u00edvel para opera\u00e7\u00f5es que necessitam de um ve\u00edculo pronto para qualquer desafio, mas que proporcione um baixo custo de opera\u00e7\u00e3o, principalmente com a alta dos combust\u00edveis. O modelo tem chassi de 5 mm e ganhou capacidade de carga extra de 200 quilos (PBT T\u00e9cnico), comparado \u00e0 vers\u00e3o anterior, chegando a 4.400 kg. (Coisas de Agora)<\/p>\n<p>&nbsp;<\/p>\n","protected":false},"excerpt":{"rendered":"<p>Coisas de Agora &nbsp; Lan\u00e7ado no mercado brasileiro no in\u00edcio de 2022, o IVECO Daily 35-160 FC1-Max atinge a marca de 1 mil unidades produzidas no complexo industrial da montadora em Sete Lagoas (MG), sendo o primeiro ve\u00edculo de carga com motoriza\u00e7\u00e3o Euro VI a alcan\u00e7ar esse marco no Brasil. Parte da fam\u00edlia Daily, a\u2026 <a class=\"readmore\" href=\"https:\/\/dana.com.br\/canaldana\/2022\/07\/05\/iveco-daily-35-160-f1c-max-faz-historia-com-a-producao-da-milesima-unidade\/\">Leia mais \u00bb<\/a><\/p>\n","protected":false},"author":3,"featured_media":0,"comment_status":"closed","ping_status":"closed","sticky":false,"template":"","format":"standard","meta":{"_acf_changed":false,"footnotes":""},"categories":[79],"tags":[],"class_list":["post-59390","post","type-post","status-publish","format-standard","hentry","category-mercado"],"acf":[],"yoast_head":"<!-- This site is optimized with the Yoast SEO plugin v27.3 - https:\/\/yoast.com\/product\/yoast-seo-wordpress\/ -->\n<title>IVECO Daily 35-160 F1C-Max faz hist\u00f3ria com a produ\u00e7\u00e3o da mil\u00e9sima unidade - Canal Dana<\/title>\n<meta name=\"robots\" content=\"index, follow, max-snippet:-1, max-image-preview:large, max-video-preview:-1\" \/>\n<link rel=\"canonical\" href=\"https:\/\/dana.com.br\/canaldana\/2022\/07\/05\/iveco-daily-35-160-f1c-max-faz-historia-com-a-producao-da-milesima-unidade\/\" \/>\n<meta property=\"og:locale\" content=\"pt_BR\" \/>\n<meta property=\"og:type\" content=\"article\" \/>\n<meta property=\"og:title\" content=\"IVECO Daily 35-160 F1C-Max faz hist\u00f3ria com a produ\u00e7\u00e3o da mil\u00e9sima unidade - Canal Dana\" \/>\n<meta property=\"og:description\" content=\"Coisas de Agora &nbsp; Lan\u00e7ado no mercado brasileiro no in\u00edcio de 2022, o IVECO Daily 35-160 FC1-Max atinge a marca de 1 mil unidades produzidas no complexo industrial da montadora em Sete Lagoas (MG), sendo o primeiro ve\u00edculo de carga com motoriza\u00e7\u00e3o Euro VI a alcan\u00e7ar esse marco no Brasil. Parte da fam\u00edlia Daily, a\u2026 Leia mais \u00bb\" \/>\n<meta property=\"og:url\" content=\"https:\/\/dana.com.br\/canaldana\/2022\/07\/05\/iveco-daily-35-160-f1c-max-faz-historia-com-a-producao-da-milesima-unidade\/\" \/>\n<meta property=\"og:site_name\" content=\"Canal Dana\" \/>\n<meta property=\"article:published_time\" content=\"2022-07-05T11:28:11+00:00\" \/>\n<meta name=\"author\" content=\"Canal Dana\" \/>\n<meta name=\"twitter:card\" content=\"summary_large_image\" \/>\n<meta name=\"twitter:label1\" content=\"Escrito por\" \/>\n\t<meta name=\"twitter:data1\" content=\"Canal Dana\" \/>\n\t<meta name=\"twitter:label2\" content=\"Est. tempo de leitura\" \/>\n\t<meta name=\"twitter:data2\" content=\"2 minutos\" \/>\n<script type=\"application\/ld+json\" class=\"yoast-schema-graph\">{\"@context\":\"https:\\\/\\\/schema.org\",\"@graph\":[{\"@type\":\"Article\",\"@id\":\"https:\\\/\\\/dana.com.br\\\/canaldana\\\/2022\\\/07\\\/05\\\/iveco-daily-35-160-f1c-max-faz-historia-com-a-producao-da-milesima-unidade\\\/#article\",\"isPartOf\":{\"@id\":\"https:\\\/\\\/dana.com.br\\\/canaldana\\\/2022\\\/07\\\/05\\\/iveco-daily-35-160-f1c-max-faz-historia-com-a-producao-da-milesima-unidade\\\/\"},\"author\":{\"name\":\"Canal Dana\",\"@id\":\"https:\\\/\\\/dana.com.br\\\/canaldana\\\/#\\\/schema\\\/person\\\/3c21f22f56fcf3bc46b94bc60ea4fef6\"},\"headline\":\"IVECO Daily 35-160 F1C-Max faz hist\u00f3ria com a produ\u00e7\u00e3o da mil\u00e9sima unidade\",\"datePublished\":\"2022-07-05T11:28:11+00:00\",\"mainEntityOfPage\":{\"@id\":\"https:\\\/\\\/dana.com.br\\\/canaldana\\\/2022\\\/07\\\/05\\\/iveco-daily-35-160-f1c-max-faz-historia-com-a-producao-da-milesima-unidade\\\/\"},\"wordCount\":335,\"articleSection\":[\"Mercado\"],\"inLanguage\":\"pt-BR\"},{\"@type\":\"WebPage\",\"@id\":\"https:\\\/\\\/dana.com.br\\\/canaldana\\\/2022\\\/07\\\/05\\\/iveco-daily-35-160-f1c-max-faz-historia-com-a-producao-da-milesima-unidade\\\/\",\"url\":\"https:\\\/\\\/dana.com.br\\\/canaldana\\\/2022\\\/07\\\/05\\\/iveco-daily-35-160-f1c-max-faz-historia-com-a-producao-da-milesima-unidade\\\/\",\"name\":\"IVECO Daily 35-160 F1C-Max faz hist\u00f3ria com a produ\u00e7\u00e3o da mil\u00e9sima unidade - Canal Dana\",\"isPartOf\":{\"@id\":\"https:\\\/\\\/dana.com.br\\\/canaldana\\\/#website\"},\"datePublished\":\"2022-07-05T11:28:11+00:00\",\"author\":{\"@id\":\"https:\\\/\\\/dana.com.br\\\/canaldana\\\/#\\\/schema\\\/person\\\/3c21f22f56fcf3bc46b94bc60ea4fef6\"},\"breadcrumb\":{\"@id\":\"https:\\\/\\\/dana.com.br\\\/canaldana\\\/2022\\\/07\\\/05\\\/iveco-daily-35-160-f1c-max-faz-historia-com-a-producao-da-milesima-unidade\\\/#breadcrumb\"},\"inLanguage\":\"pt-BR\",\"potentialAction\":[{\"@type\":\"ReadAction\",\"target\":[\"https:\\\/\\\/dana.com.br\\\/canaldana\\\/2022\\\/07\\\/05\\\/iveco-daily-35-160-f1c-max-faz-historia-com-a-producao-da-milesima-unidade\\\/\"]}]},{\"@type\":\"BreadcrumbList\",\"@id\":\"https:\\\/\\\/dana.com.br\\\/canaldana\\\/2022\\\/07\\\/05\\\/iveco-daily-35-160-f1c-max-faz-historia-com-a-producao-da-milesima-unidade\\\/#breadcrumb\",\"itemListElement\":[{\"@type\":\"ListItem\",\"position\":1,\"name\":\"Home\",\"item\":\"https:\\\/\\\/dana.com.br\\\/canaldana\\\/\"},{\"@type\":\"ListItem\",\"position\":2,\"name\":\"Mercado\",\"item\":\"https:\\\/\\\/dana.com.br\\\/canaldana\\\/mercado\\\/\"},{\"@type\":\"ListItem\",\"position\":3,\"name\":\"IVECO Daily 35-160 F1C-Max faz hist\u00f3ria com a produ\u00e7\u00e3o da mil\u00e9sima unidade\"}]},{\"@type\":\"WebSite\",\"@id\":\"https:\\\/\\\/dana.com.br\\\/canaldana\\\/#website\",\"url\":\"https:\\\/\\\/dana.com.br\\\/canaldana\\\/\",\"name\":\"Canal Dana\",\"description\":\"Informativo com as principais not\u00edcias da ind\u00fastria automotiva\",\"potentialAction\":[{\"@type\":\"SearchAction\",\"target\":{\"@type\":\"EntryPoint\",\"urlTemplate\":\"https:\\\/\\\/dana.com.br\\\/canaldana\\\/?s={search_term_string}\"},\"query-input\":{\"@type\":\"PropertyValueSpecification\",\"valueRequired\":true,\"valueName\":\"search_term_string\"}}],\"inLanguage\":\"pt-BR\"},{\"@type\":\"Person\",\"@id\":\"https:\\\/\\\/dana.com.br\\\/canaldana\\\/#\\\/schema\\\/person\\\/3c21f22f56fcf3bc46b94bc60ea4fef6\",\"name\":\"Canal Dana\",\"image\":{\"@type\":\"ImageObject\",\"inLanguage\":\"pt-BR\",\"@id\":\"https:\\\/\\\/secure.gravatar.com\\\/avatar\\\/420aaf9278582877d9018637c6817617705899d2858d7572ef0fe59a6b6454b4?s=96&d=mm&r=g\",\"url\":\"https:\\\/\\\/secure.gravatar.com\\\/avatar\\\/420aaf9278582877d9018637c6817617705899d2858d7572ef0fe59a6b6454b4?s=96&d=mm&r=g\",\"contentUrl\":\"https:\\\/\\\/secure.gravatar.com\\\/avatar\\\/420aaf9278582877d9018637c6817617705899d2858d7572ef0fe59a6b6454b4?s=96&d=mm&r=g\",\"caption\":\"Canal Dana\"},\"url\":\"https:\\\/\\\/dana.com.br\\\/canaldana\\\/author\\\/cdeditor\\\/\"}]}<\/script>\n<!-- \/ Yoast SEO plugin. -->","yoast_head_json":{"title":"IVECO Daily 35-160 F1C-Max faz hist\u00f3ria com a produ\u00e7\u00e3o da mil\u00e9sima unidade - Canal Dana","robots":{"index":"index","follow":"follow","max-snippet":"max-snippet:-1","max-image-preview":"max-image-preview:large","max-video-preview":"max-video-preview:-1"},"canonical":"https:\/\/dana.com.br\/canaldana\/2022\/07\/05\/iveco-daily-35-160-f1c-max-faz-historia-com-a-producao-da-milesima-unidade\/","og_locale":"pt_BR","og_type":"article","og_title":"IVECO Daily 35-160 F1C-Max faz hist\u00f3ria com a produ\u00e7\u00e3o da mil\u00e9sima unidade - Canal Dana","og_description":"Coisas de Agora &nbsp; Lan\u00e7ado no mercado brasileiro no in\u00edcio de 2022, o IVECO Daily 35-160 FC1-Max atinge a marca de 1 mil unidades produzidas no complexo industrial da montadora em Sete Lagoas (MG), sendo o primeiro ve\u00edculo de carga com motoriza\u00e7\u00e3o Euro VI a alcan\u00e7ar esse marco no Brasil. Parte da fam\u00edlia Daily, a\u2026 Leia mais \u00bb","og_url":"https:\/\/dana.com.br\/canaldana\/2022\/07\/05\/iveco-daily-35-160-f1c-max-faz-historia-com-a-producao-da-milesima-unidade\/","og_site_name":"Canal Dana","article_published_time":"2022-07-05T11:28:11+00:00","author":"Canal Dana","twitter_card":"summary_large_image","twitter_misc":{"Escrito por":"Canal Dana","Est. tempo de leitura":"2 minutos"},"schema":{"@context":"https:\/\/schema.org","@graph":[{"@type":"Article","@id":"https:\/\/dana.com.br\/canaldana\/2022\/07\/05\/iveco-daily-35-160-f1c-max-faz-historia-com-a-producao-da-milesima-unidade\/#article","isPartOf":{"@id":"https:\/\/dana.com.br\/canaldana\/2022\/07\/05\/iveco-daily-35-160-f1c-max-faz-historia-com-a-producao-da-milesima-unidade\/"},"author":{"name":"Canal Dana","@id":"https:\/\/dana.com.br\/canaldana\/#\/schema\/person\/3c21f22f56fcf3bc46b94bc60ea4fef6"},"headline":"IVECO Daily 35-160 F1C-Max faz hist\u00f3ria com a produ\u00e7\u00e3o da mil\u00e9sima unidade","datePublished":"2022-07-05T11:28:11+00:00","mainEntityOfPage":{"@id":"https:\/\/dana.com.br\/canaldana\/2022\/07\/05\/iveco-daily-35-160-f1c-max-faz-historia-com-a-producao-da-milesima-unidade\/"},"wordCount":335,"articleSection":["Mercado"],"inLanguage":"pt-BR"},{"@type":"WebPage","@id":"https:\/\/dana.com.br\/canaldana\/2022\/07\/05\/iveco-daily-35-160-f1c-max-faz-historia-com-a-producao-da-milesima-unidade\/","url":"https:\/\/dana.com.br\/canaldana\/2022\/07\/05\/iveco-daily-35-160-f1c-max-faz-historia-com-a-producao-da-milesima-unidade\/","name":"IVECO Daily 35-160 F1C-Max faz hist\u00f3ria com a produ\u00e7\u00e3o da mil\u00e9sima unidade - Canal Dana","isPartOf":{"@id":"https:\/\/dana.com.br\/canaldana\/#website"},"datePublished":"2022-07-05T11:28:11+00:00","author":{"@id":"https:\/\/dana.com.br\/canaldana\/#\/schema\/person\/3c21f22f56fcf3bc46b94bc60ea4fef6"},"breadcrumb":{"@id":"https:\/\/dana.com.br\/canaldana\/2022\/07\/05\/iveco-daily-35-160-f1c-max-faz-historia-com-a-producao-da-milesima-unidade\/#breadcrumb"},"inLanguage":"pt-BR","potentialAction":[{"@type":"ReadAction","target":["https:\/\/dana.com.br\/canaldana\/2022\/07\/05\/iveco-daily-35-160-f1c-max-faz-historia-com-a-producao-da-milesima-unidade\/"]}]},{"@type":"BreadcrumbList","@id":"https:\/\/dana.com.br\/canaldana\/2022\/07\/05\/iveco-daily-35-160-f1c-max-faz-historia-com-a-producao-da-milesima-unidade\/#breadcrumb","itemListElement":[{"@type":"ListItem","position":1,"name":"Home","item":"https:\/\/dana.com.br\/canaldana\/"},{"@type":"ListItem","position":2,"name":"Mercado","item":"https:\/\/dana.com.br\/canaldana\/mercado\/"},{"@type":"ListItem","position":3,"name":"IVECO Daily 35-160 F1C-Max faz hist\u00f3ria com a produ\u00e7\u00e3o da mil\u00e9sima unidade"}]},{"@type":"WebSite","@id":"https:\/\/dana.com.br\/canaldana\/#website","url":"https:\/\/dana.com.br\/canaldana\/","name":"Canal Dana","description":"Informativo com as principais not\u00edcias da ind\u00fastria automotiva","potentialAction":[{"@type":"SearchAction","target":{"@type":"EntryPoint","urlTemplate":"https:\/\/dana.com.br\/canaldana\/?s={search_term_string}"},"query-input":{"@type":"PropertyValueSpecification","valueRequired":true,"valueName":"search_term_string"}}],"inLanguage":"pt-BR"},{"@type":"Person","@id":"https:\/\/dana.com.br\/canaldana\/#\/schema\/person\/3c21f22f56fcf3bc46b94bc60ea4fef6","name":"Canal Dana","image":{"@type":"ImageObject","inLanguage":"pt-BR","@id":"https:\/\/secure.gravatar.com\/avatar\/420aaf9278582877d9018637c6817617705899d2858d7572ef0fe59a6b6454b4?s=96&d=mm&r=g","url":"https:\/\/secure.gravatar.com\/avatar\/420aaf9278582877d9018637c6817617705899d2858d7572ef0fe59a6b6454b4?s=96&d=mm&r=g","contentUrl":"https:\/\/secure.gravatar.com\/avatar\/420aaf9278582877d9018637c6817617705899d2858d7572ef0fe59a6b6454b4?s=96&d=mm&r=g","caption":"Canal Dana"},"url":"https:\/\/dana.com.br\/canaldana\/author\/cdeditor\/"}]}},"_links":{"self":[{"href":"https:\/\/dana.com.br\/canaldana\/wp-json\/wp\/v2\/posts\/59390","targetHints":{"allow":["GET"]}}],"collection":[{"href":"https:\/\/dana.com.br\/canaldana\/wp-json\/wp\/v2\/posts"}],"about":[{"href":"https:\/\/dana.com.br\/canaldana\/wp-json\/wp\/v2\/types\/post"}],"author":[{"embeddable":true,"href":"https:\/\/dana.com.br\/canaldana\/wp-json\/wp\/v2\/users\/3"}],"replies":[{"embeddable":true,"href":"https:\/\/dana.com.br\/canaldana\/wp-json\/wp\/v2\/comments?post=59390"}],"version-history":[{"count":0,"href":"https:\/\/dana.com.br\/canaldana\/wp-json\/wp\/v2\/posts\/59390\/revisions"}],"wp:attachment":[{"href":"https:\/\/dana.com.br\/canaldana\/wp-json\/wp\/v2\/media?parent=59390"}],"wp:term":[{"taxonomy":"category","embeddable":true,"href":"https:\/\/dana.com.br\/canaldana\/wp-json\/wp\/v2\/categories?post=59390"},{"taxonomy":"post_tag","embeddable":true,"href":"https:\/\/dana.com.br\/canaldana\/wp-json\/wp\/v2\/tags?post=59390"}],"curies":[{"name":"wp","href":"https:\/\/api.w.org\/{rel}","templated":true}]}}