{"id":59323,"date":"2022-07-01T08:16:39","date_gmt":"2022-07-01T11:16:39","guid":{"rendered":"https:\/\/dana.com.br\/canaldana\/?p=59323"},"modified":"2022-07-01T08:16:39","modified_gmt":"2022-07-01T11:16:39","slug":"hyundai-apresenta-o-eletrico-ioniq-6","status":"publish","type":"post","link":"https:\/\/dana.com.br\/canaldana\/2022\/07\/01\/hyundai-apresenta-o-eletrico-ioniq-6\/","title":{"rendered":"Hyundai apresenta o el\u00e9trico Ioniq 6"},"content":{"rendered":"<p><em>AutoInd\u00fastria<\/em><\/p>\n<p>&nbsp;<\/p>\n<p>A Hyundai revelou esta semana o Ioniq 6, o segundo modelo da marca do grupo dedicada a ve\u00edculos totalmente el\u00e9tricos. Inspirado no Prophecy EV Concept, o ve\u00edculo tem linhas limpas que priorizam a aerodin\u00e2mica. A estreia mundial foi confirmada para o m\u00eas que vem, quando a Hyundai divulgar\u00e1 todas as especifica\u00e7\u00f5es t\u00e9cnicas do modelo.<\/p>\n<p>&nbsp;<\/p>\n<p>Segundo a montadora, o novo el\u00e9trico tem coeficiente de arrasto aerodin\u00e2mico ultrabaixo, de apenas 0,21, alcan\u00e7ado com a dianteira baixa e abas de ar ativas na frente, redutores de espa\u00e7o entre as rodas e espelhos laterais digitais finos, al\u00e9m do spoiler el\u00edptico, defletores inferiores e espa\u00e7o reduzido do arco da roda.<\/p>\n<p>&nbsp;<\/p>\n<p>A Plataforma Modular Global El\u00e9trica (E-GMP) permite o assoalho totalmente plano. Destaque no interior \u00e9 o painel com cluster digital de 12 polegadas e outra tela na mesma medida para o multimidia. A ilumina\u00e7\u00e3o ambiente tem espectro de 64 cores e seis temas.<\/p>\n<p>&nbsp;<\/p>\n<p><strong>Por outro lado\u2026 Dieselgate?<\/strong><\/p>\n<p>&nbsp;<\/p>\n<p>O Ioniq foi apresentado na mesma semana em que autoridades europeias passaram a investigar a Hyundai e Kia, marca do mesmo grupo, por suspeita de que mais 210 mil ve\u00edculos a diesel das duas marcas burlem legisla\u00e7\u00f5es de emiss\u00f5es, a exemplo do que ocorreu no epis\u00f3dio conhecido como dieselgate e que envolveu modelos da Volkswagen em v\u00e1rios mercados mundiais na d\u00e9cada passada.<\/p>\n<p>&nbsp;<\/p>\n<p>Ag\u00eancias internacionais revelaram que foram feitas buscas em instala\u00e7\u00f5es do conglomerado coreano na Alemanha e em Luxemburgo para averigua\u00e7\u00e3o se os ve\u00edculos foram equipados com software capaz de \u201cenganar\u201d os testes. (AutoInd\u00fastria)<\/p>\n","protected":false},"excerpt":{"rendered":"<p>AutoInd\u00fastria &nbsp; A Hyundai revelou esta semana o Ioniq 6, o segundo modelo da marca do grupo dedicada a ve\u00edculos totalmente el\u00e9tricos. Inspirado no Prophecy EV Concept, o ve\u00edculo tem linhas limpas que priorizam a aerodin\u00e2mica. A estreia mundial foi confirmada para o m\u00eas que vem, quando a Hyundai divulgar\u00e1 todas as especifica\u00e7\u00f5es t\u00e9cnicas do\u2026 <a class=\"readmore\" href=\"https:\/\/dana.com.br\/canaldana\/2022\/07\/01\/hyundai-apresenta-o-eletrico-ioniq-6\/\">Leia mais \u00bb<\/a><\/p>\n","protected":false},"author":3,"featured_media":0,"comment_status":"closed","ping_status":"closed","sticky":false,"template":"","format":"standard","meta":{"_acf_changed":false,"footnotes":""},"categories":[110],"tags":[],"class_list":["post-59323","post","type-post","status-publish","format-standard","hentry","category-eletricos"],"acf":[],"yoast_head":"<!-- This site is optimized with the Yoast SEO plugin v27.3 - https:\/\/yoast.com\/product\/yoast-seo-wordpress\/ -->\n<title>Hyundai apresenta o el\u00e9trico Ioniq 6 - Canal Dana<\/title>\n<meta name=\"robots\" content=\"index, follow, max-snippet:-1, max-image-preview:large, max-video-preview:-1\" \/>\n<link rel=\"canonical\" href=\"https:\/\/dana.com.br\/canaldana\/2022\/07\/01\/hyundai-apresenta-o-eletrico-ioniq-6\/\" \/>\n<meta property=\"og:locale\" content=\"pt_BR\" \/>\n<meta property=\"og:type\" content=\"article\" \/>\n<meta property=\"og:title\" content=\"Hyundai apresenta o el\u00e9trico Ioniq 6 - Canal Dana\" \/>\n<meta property=\"og:description\" content=\"AutoInd\u00fastria &nbsp; A Hyundai revelou esta semana o Ioniq 6, o segundo modelo da marca do grupo dedicada a ve\u00edculos totalmente el\u00e9tricos. Inspirado no Prophecy EV Concept, o ve\u00edculo tem linhas limpas que priorizam a aerodin\u00e2mica. A estreia mundial foi confirmada para o m\u00eas que vem, quando a Hyundai divulgar\u00e1 todas as especifica\u00e7\u00f5es t\u00e9cnicas do\u2026 Leia mais \u00bb\" \/>\n<meta property=\"og:url\" content=\"https:\/\/dana.com.br\/canaldana\/2022\/07\/01\/hyundai-apresenta-o-eletrico-ioniq-6\/\" \/>\n<meta property=\"og:site_name\" content=\"Canal Dana\" \/>\n<meta property=\"article:published_time\" content=\"2022-07-01T11:16:39+00:00\" \/>\n<meta name=\"author\" content=\"Canal Dana\" \/>\n<meta name=\"twitter:card\" content=\"summary_large_image\" \/>\n<meta name=\"twitter:label1\" content=\"Escrito por\" \/>\n\t<meta name=\"twitter:data1\" content=\"Canal Dana\" \/>\n\t<meta name=\"twitter:label2\" content=\"Est. tempo de leitura\" \/>\n\t<meta name=\"twitter:data2\" content=\"1 minuto\" \/>\n<script type=\"application\/ld+json\" class=\"yoast-schema-graph\">{\"@context\":\"https:\\\/\\\/schema.org\",\"@graph\":[{\"@type\":\"Article\",\"@id\":\"https:\\\/\\\/dana.com.br\\\/canaldana\\\/2022\\\/07\\\/01\\\/hyundai-apresenta-o-eletrico-ioniq-6\\\/#article\",\"isPartOf\":{\"@id\":\"https:\\\/\\\/dana.com.br\\\/canaldana\\\/2022\\\/07\\\/01\\\/hyundai-apresenta-o-eletrico-ioniq-6\\\/\"},\"author\":{\"name\":\"Canal Dana\",\"@id\":\"https:\\\/\\\/dana.com.br\\\/canaldana\\\/#\\\/schema\\\/person\\\/3c21f22f56fcf3bc46b94bc60ea4fef6\"},\"headline\":\"Hyundai apresenta o el\u00e9trico Ioniq 6\",\"datePublished\":\"2022-07-01T11:16:39+00:00\",\"mainEntityOfPage\":{\"@id\":\"https:\\\/\\\/dana.com.br\\\/canaldana\\\/2022\\\/07\\\/01\\\/hyundai-apresenta-o-eletrico-ioniq-6\\\/\"},\"wordCount\":281,\"articleSection\":[\"El\u00e9tricos\"],\"inLanguage\":\"pt-BR\"},{\"@type\":\"WebPage\",\"@id\":\"https:\\\/\\\/dana.com.br\\\/canaldana\\\/2022\\\/07\\\/01\\\/hyundai-apresenta-o-eletrico-ioniq-6\\\/\",\"url\":\"https:\\\/\\\/dana.com.br\\\/canaldana\\\/2022\\\/07\\\/01\\\/hyundai-apresenta-o-eletrico-ioniq-6\\\/\",\"name\":\"Hyundai apresenta o el\u00e9trico Ioniq 6 - Canal Dana\",\"isPartOf\":{\"@id\":\"https:\\\/\\\/dana.com.br\\\/canaldana\\\/#website\"},\"datePublished\":\"2022-07-01T11:16:39+00:00\",\"author\":{\"@id\":\"https:\\\/\\\/dana.com.br\\\/canaldana\\\/#\\\/schema\\\/person\\\/3c21f22f56fcf3bc46b94bc60ea4fef6\"},\"breadcrumb\":{\"@id\":\"https:\\\/\\\/dana.com.br\\\/canaldana\\\/2022\\\/07\\\/01\\\/hyundai-apresenta-o-eletrico-ioniq-6\\\/#breadcrumb\"},\"inLanguage\":\"pt-BR\",\"potentialAction\":[{\"@type\":\"ReadAction\",\"target\":[\"https:\\\/\\\/dana.com.br\\\/canaldana\\\/2022\\\/07\\\/01\\\/hyundai-apresenta-o-eletrico-ioniq-6\\\/\"]}]},{\"@type\":\"BreadcrumbList\",\"@id\":\"https:\\\/\\\/dana.com.br\\\/canaldana\\\/2022\\\/07\\\/01\\\/hyundai-apresenta-o-eletrico-ioniq-6\\\/#breadcrumb\",\"itemListElement\":[{\"@type\":\"ListItem\",\"position\":1,\"name\":\"Home\",\"item\":\"https:\\\/\\\/dana.com.br\\\/canaldana\\\/\"},{\"@type\":\"ListItem\",\"position\":2,\"name\":\"El\u00e9tricos\",\"item\":\"https:\\\/\\\/dana.com.br\\\/canaldana\\\/eletricos\\\/\"},{\"@type\":\"ListItem\",\"position\":3,\"name\":\"Hyundai apresenta o el\u00e9trico Ioniq 6\"}]},{\"@type\":\"WebSite\",\"@id\":\"https:\\\/\\\/dana.com.br\\\/canaldana\\\/#website\",\"url\":\"https:\\\/\\\/dana.com.br\\\/canaldana\\\/\",\"name\":\"Canal Dana\",\"description\":\"Informativo com as principais not\u00edcias da ind\u00fastria automotiva\",\"potentialAction\":[{\"@type\":\"SearchAction\",\"target\":{\"@type\":\"EntryPoint\",\"urlTemplate\":\"https:\\\/\\\/dana.com.br\\\/canaldana\\\/?s={search_term_string}\"},\"query-input\":{\"@type\":\"PropertyValueSpecification\",\"valueRequired\":true,\"valueName\":\"search_term_string\"}}],\"inLanguage\":\"pt-BR\"},{\"@type\":\"Person\",\"@id\":\"https:\\\/\\\/dana.com.br\\\/canaldana\\\/#\\\/schema\\\/person\\\/3c21f22f56fcf3bc46b94bc60ea4fef6\",\"name\":\"Canal Dana\",\"image\":{\"@type\":\"ImageObject\",\"inLanguage\":\"pt-BR\",\"@id\":\"https:\\\/\\\/secure.gravatar.com\\\/avatar\\\/420aaf9278582877d9018637c6817617705899d2858d7572ef0fe59a6b6454b4?s=96&d=mm&r=g\",\"url\":\"https:\\\/\\\/secure.gravatar.com\\\/avatar\\\/420aaf9278582877d9018637c6817617705899d2858d7572ef0fe59a6b6454b4?s=96&d=mm&r=g\",\"contentUrl\":\"https:\\\/\\\/secure.gravatar.com\\\/avatar\\\/420aaf9278582877d9018637c6817617705899d2858d7572ef0fe59a6b6454b4?s=96&d=mm&r=g\",\"caption\":\"Canal Dana\"},\"url\":\"https:\\\/\\\/dana.com.br\\\/canaldana\\\/author\\\/cdeditor\\\/\"}]}<\/script>\n<!-- \/ Yoast SEO plugin. -->","yoast_head_json":{"title":"Hyundai apresenta o el\u00e9trico Ioniq 6 - Canal Dana","robots":{"index":"index","follow":"follow","max-snippet":"max-snippet:-1","max-image-preview":"max-image-preview:large","max-video-preview":"max-video-preview:-1"},"canonical":"https:\/\/dana.com.br\/canaldana\/2022\/07\/01\/hyundai-apresenta-o-eletrico-ioniq-6\/","og_locale":"pt_BR","og_type":"article","og_title":"Hyundai apresenta o el\u00e9trico Ioniq 6 - Canal Dana","og_description":"AutoInd\u00fastria &nbsp; A Hyundai revelou esta semana o Ioniq 6, o segundo modelo da marca do grupo dedicada a ve\u00edculos totalmente el\u00e9tricos. Inspirado no Prophecy EV Concept, o ve\u00edculo tem linhas limpas que priorizam a aerodin\u00e2mica. A estreia mundial foi confirmada para o m\u00eas que vem, quando a Hyundai divulgar\u00e1 todas as especifica\u00e7\u00f5es t\u00e9cnicas do\u2026 Leia mais \u00bb","og_url":"https:\/\/dana.com.br\/canaldana\/2022\/07\/01\/hyundai-apresenta-o-eletrico-ioniq-6\/","og_site_name":"Canal Dana","article_published_time":"2022-07-01T11:16:39+00:00","author":"Canal Dana","twitter_card":"summary_large_image","twitter_misc":{"Escrito por":"Canal Dana","Est. tempo de leitura":"1 minuto"},"schema":{"@context":"https:\/\/schema.org","@graph":[{"@type":"Article","@id":"https:\/\/dana.com.br\/canaldana\/2022\/07\/01\/hyundai-apresenta-o-eletrico-ioniq-6\/#article","isPartOf":{"@id":"https:\/\/dana.com.br\/canaldana\/2022\/07\/01\/hyundai-apresenta-o-eletrico-ioniq-6\/"},"author":{"name":"Canal Dana","@id":"https:\/\/dana.com.br\/canaldana\/#\/schema\/person\/3c21f22f56fcf3bc46b94bc60ea4fef6"},"headline":"Hyundai apresenta o el\u00e9trico Ioniq 6","datePublished":"2022-07-01T11:16:39+00:00","mainEntityOfPage":{"@id":"https:\/\/dana.com.br\/canaldana\/2022\/07\/01\/hyundai-apresenta-o-eletrico-ioniq-6\/"},"wordCount":281,"articleSection":["El\u00e9tricos"],"inLanguage":"pt-BR"},{"@type":"WebPage","@id":"https:\/\/dana.com.br\/canaldana\/2022\/07\/01\/hyundai-apresenta-o-eletrico-ioniq-6\/","url":"https:\/\/dana.com.br\/canaldana\/2022\/07\/01\/hyundai-apresenta-o-eletrico-ioniq-6\/","name":"Hyundai apresenta o el\u00e9trico Ioniq 6 - Canal Dana","isPartOf":{"@id":"https:\/\/dana.com.br\/canaldana\/#website"},"datePublished":"2022-07-01T11:16:39+00:00","author":{"@id":"https:\/\/dana.com.br\/canaldana\/#\/schema\/person\/3c21f22f56fcf3bc46b94bc60ea4fef6"},"breadcrumb":{"@id":"https:\/\/dana.com.br\/canaldana\/2022\/07\/01\/hyundai-apresenta-o-eletrico-ioniq-6\/#breadcrumb"},"inLanguage":"pt-BR","potentialAction":[{"@type":"ReadAction","target":["https:\/\/dana.com.br\/canaldana\/2022\/07\/01\/hyundai-apresenta-o-eletrico-ioniq-6\/"]}]},{"@type":"BreadcrumbList","@id":"https:\/\/dana.com.br\/canaldana\/2022\/07\/01\/hyundai-apresenta-o-eletrico-ioniq-6\/#breadcrumb","itemListElement":[{"@type":"ListItem","position":1,"name":"Home","item":"https:\/\/dana.com.br\/canaldana\/"},{"@type":"ListItem","position":2,"name":"El\u00e9tricos","item":"https:\/\/dana.com.br\/canaldana\/eletricos\/"},{"@type":"ListItem","position":3,"name":"Hyundai apresenta o el\u00e9trico Ioniq 6"}]},{"@type":"WebSite","@id":"https:\/\/dana.com.br\/canaldana\/#website","url":"https:\/\/dana.com.br\/canaldana\/","name":"Canal Dana","description":"Informativo com as principais not\u00edcias da ind\u00fastria automotiva","potentialAction":[{"@type":"SearchAction","target":{"@type":"EntryPoint","urlTemplate":"https:\/\/dana.com.br\/canaldana\/?s={search_term_string}"},"query-input":{"@type":"PropertyValueSpecification","valueRequired":true,"valueName":"search_term_string"}}],"inLanguage":"pt-BR"},{"@type":"Person","@id":"https:\/\/dana.com.br\/canaldana\/#\/schema\/person\/3c21f22f56fcf3bc46b94bc60ea4fef6","name":"Canal Dana","image":{"@type":"ImageObject","inLanguage":"pt-BR","@id":"https:\/\/secure.gravatar.com\/avatar\/420aaf9278582877d9018637c6817617705899d2858d7572ef0fe59a6b6454b4?s=96&d=mm&r=g","url":"https:\/\/secure.gravatar.com\/avatar\/420aaf9278582877d9018637c6817617705899d2858d7572ef0fe59a6b6454b4?s=96&d=mm&r=g","contentUrl":"https:\/\/secure.gravatar.com\/avatar\/420aaf9278582877d9018637c6817617705899d2858d7572ef0fe59a6b6454b4?s=96&d=mm&r=g","caption":"Canal Dana"},"url":"https:\/\/dana.com.br\/canaldana\/author\/cdeditor\/"}]}},"_links":{"self":[{"href":"https:\/\/dana.com.br\/canaldana\/wp-json\/wp\/v2\/posts\/59323","targetHints":{"allow":["GET"]}}],"collection":[{"href":"https:\/\/dana.com.br\/canaldana\/wp-json\/wp\/v2\/posts"}],"about":[{"href":"https:\/\/dana.com.br\/canaldana\/wp-json\/wp\/v2\/types\/post"}],"author":[{"embeddable":true,"href":"https:\/\/dana.com.br\/canaldana\/wp-json\/wp\/v2\/users\/3"}],"replies":[{"embeddable":true,"href":"https:\/\/dana.com.br\/canaldana\/wp-json\/wp\/v2\/comments?post=59323"}],"version-history":[{"count":0,"href":"https:\/\/dana.com.br\/canaldana\/wp-json\/wp\/v2\/posts\/59323\/revisions"}],"wp:attachment":[{"href":"https:\/\/dana.com.br\/canaldana\/wp-json\/wp\/v2\/media?parent=59323"}],"wp:term":[{"taxonomy":"category","embeddable":true,"href":"https:\/\/dana.com.br\/canaldana\/wp-json\/wp\/v2\/categories?post=59323"},{"taxonomy":"post_tag","embeddable":true,"href":"https:\/\/dana.com.br\/canaldana\/wp-json\/wp\/v2\/tags?post=59323"}],"curies":[{"name":"wp","href":"https:\/\/api.w.org\/{rel}","templated":true}]}}