{"id":59263,"date":"2022-06-29T08:43:11","date_gmt":"2022-06-29T11:43:11","guid":{"rendered":"https:\/\/dana.com.br\/canaldana\/?p=59263"},"modified":"2022-06-29T08:43:11","modified_gmt":"2022-06-29T11:43:11","slug":"mercedes-benz-vende-170-onibus-para-renovacao-de-frota-na-regiao-metropolitana-de-recife","status":"publish","type":"post","link":"https:\/\/dana.com.br\/canaldana\/2022\/06\/29\/mercedes-benz-vende-170-onibus-para-renovacao-de-frota-na-regiao-metropolitana-de-recife\/","title":{"rendered":"Mercedes-Benz vende 170 \u00f4nibus para renova\u00e7\u00e3o de frota na Regi\u00e3o Metropolitana de Recife"},"content":{"rendered":"<p><em>Truck &amp; Bus Builder Am\u00e9rica do Sul<\/em><\/p>\n<p>&nbsp;<\/p>\n<p>A Mercedes-Benz anunciou que realizou a venda de 170 \u00f4nibus para o Grupo Paulo Chaves, de Recife, no estado de Pernambuco, para a renova\u00e7\u00e3o das frotas das empresas Caxang\u00e1 e Metropolitana, que prestam o servi\u00e7o de transporte urbano e metropolitano da Grande Recife e nas cidades de Olinda e Jaboat\u00e3o dos Guararapes, pr\u00f3ximas da capital.<\/p>\n<p>&nbsp;<\/p>\n<p>Todas as unidades s\u00e3o do modelo OF 1721 e cada empresa recebeu 85 unidades. Equipados com carrocerias Marcopolo, os novos \u00f4nibus foram comercializados pela Rodobens Ve\u00edculos Comerciais, concession\u00e1rio Mercedes-Benz de Jaboat\u00e3o dos Guararapes.<\/p>\n<p>&nbsp;<\/p>\n<p>O diretor executivo do grupo, Paulo Chaves Junior, informou que nos \u00faltimos 10 anos, dos 45 de exist\u00eancia da empresa, as frotas foram formadas por \u00f4nibus Mercedes-Benz e que a padroniza\u00e7\u00e3o proporciona maior efici\u00eancia dos servi\u00e7os de manuten\u00e7\u00e3o, com redu\u00e7\u00e3o do tempo necess\u00e1rio para os servi\u00e7os, o que significa menos tempo para a realiza\u00e7\u00e3o de servi\u00e7os t\u00e9cnicos e maior disposi\u00e7\u00e3o da frota para o atendimento aos usu\u00e1rios.<\/p>\n<p>&nbsp;<\/p>\n<p>Com a nova aquisi\u00e7\u00e3o, a frota do Grupo Paulo Chaves foi ampliada para 700 \u00f4nibus, sendo 380 para a Caxang\u00e1 e 320 para a Metropolitana e que a empresa possui mais 200 unidades na empresa Transportes Guanabara, em Natal, capital do estado do Rio Grande do Norte.<\/p>\n<p>&nbsp;<\/p>\n<p>Paulo Chaves Junior informou que a pandemia da covid-19 provocou forte redu\u00e7\u00e3o do n\u00famero de passageiros, mas que a retomada incentivou a empresa a voltar a renovar a sua frota e que, para comemorar, os primeiros \u00f4nibus que entraram em opera\u00e7\u00e3o ganharam uma decora\u00e7\u00e3o especial para as viagens inaugurais o que motivou o entusiasmo nas comunidades atendidas.<\/p>\n<p>&nbsp;<\/p>\n<p>O Grupo Paulo Chaves tem predile\u00e7\u00e3o total pelo chassi de \u00f4nibus OF 1721. O diretor comentou que al\u00e9m do bom desempenho, traz excelente resultado em termos de consumo, o que \u00e9 essencial devido ao elevado custo do diesel e que o modelo tamb\u00e9m proporciona manuten\u00e7\u00e3o simples, todos os mec\u00e2nicos entendem bem e, com isso, n\u00e3o h\u00e1 demora na oficina, garantindo disponibilidade dos \u00f4nibus para a opera\u00e7\u00e3o e, consequentemente, para os usu\u00e1rios. Outra importante vantagem da padroniza\u00e7\u00e3o da frota com o OF 1721 \u00e9 que isso nos traz redu\u00e7\u00e3o de custos com pe\u00e7as.<\/p>\n<p>&nbsp;<\/p>\n<p>O diretor de vendas e marketing da Mercedes-Benz, Walter Barbosa, afirmou que a venda dos novos \u00f4nibus OF 1721 constitui-se em grande satisfa\u00e7\u00e3o e muito grande orgulho seguir contando com a prefer\u00eancia do Grupo Paulo Chaves, considerado uma importante refer\u00eancia no transporte coletivo urbano da Grande Recife. O Grupo Paulo Chaves confirmou que o OF 1721 \u00e9 o campe\u00e3o hist\u00f3rico de vendas, por oferecer robustez e resist\u00eancia nas severas opera\u00e7\u00f5es do exigente transporte urbano, al\u00e9m de reconhecido no mercado pelo reduzido consumo de combust\u00edvel e baixo custo operacional, o que proporciona obten\u00e7\u00e3o da rentabilidade desejada pelos clientes e pelo \u00f3timo n\u00edvel de conforto e seguran\u00e7a que oferece aos usu\u00e1rios e ao motorista\u201d.<\/p>\n<p>&nbsp;<\/p>\n<p>Al\u00e9m de atender ao transporte urbano de passageiros, o OF 1721 \u00e9 indicado tamb\u00e9m para fretamento cont\u00ednuo, como o transporte de funcion\u00e1rios, e fretamento eventual, em caso de grupos de turistas, al\u00e9m de transporte rodovi\u00e1rio de curtas dist\u00e2ncias. Nestes casos, recebem carro\u00e7arias com caracter\u00edsticas de \u00f4nibus rodovi\u00e1rios.<\/p>\n<p>&nbsp;<\/p>\n<p>Desenvolvido para receber carro\u00e7arias de at\u00e9 13,2 metros, o OF-1721 vem equipado com o motor eletr\u00f4nico OM-924 LA de 4 cilindros, que oferece pot\u00eancia de 208 cv a 2.200 rpm e torque de 780 Nm de 1.200 a 1.600 rpm. Este motor se destaca pela economia no consumo de combust\u00edvel e por um alto torque em baixas rota\u00e7\u00f5es.<\/p>\n<p>&nbsp;<\/p>\n<p>Al\u00e9m da tradicional configura\u00e7\u00e3o com suspens\u00e3o met\u00e1lica, o OF 1721 \u00e9 oferecido tamb\u00e9m com suspens\u00e3o pneum\u00e1tica, aumentando a satisfa\u00e7\u00e3o dos passageiros e do motorista em rela\u00e7\u00e3o ao conforto.<\/p>\n<p>&nbsp;<\/p>\n<p>Entre os itens de s\u00e9rie do OF 1721 incluem-se o exclusivo freio-motor Top Brake, sistema de freio ABS, caixa de mudan\u00e7as G 85 de 6 marchas com radiador de \u00f3leo, polia adicional para ar-condicionado e conex\u00e3o para extra\u00e7\u00e3o de dados de telemetria (FMS). A lista de opcionais conta com itens como tac\u00f3grafo digital, retarder (para vers\u00e3o pneum\u00e1tica) e limitador de velocidade. (Truck &amp; Bus Builder Am\u00e9rica do Sul)<\/p>\n","protected":false},"excerpt":{"rendered":"<p>Truck &amp; Bus Builder Am\u00e9rica do Sul &nbsp; A Mercedes-Benz anunciou que realizou a venda de 170 \u00f4nibus para o Grupo Paulo Chaves, de Recife, no estado de Pernambuco, para a renova\u00e7\u00e3o das frotas das empresas Caxang\u00e1 e Metropolitana, que prestam o servi\u00e7o de transporte urbano e metropolitano da Grande Recife e nas cidades de\u2026 <a class=\"readmore\" href=\"https:\/\/dana.com.br\/canaldana\/2022\/06\/29\/mercedes-benz-vende-170-onibus-para-renovacao-de-frota-na-regiao-metropolitana-de-recife\/\">Leia mais \u00bb<\/a><\/p>\n","protected":false},"author":3,"featured_media":0,"comment_status":"closed","ping_status":"closed","sticky":false,"template":"","format":"standard","meta":{"_acf_changed":false,"footnotes":""},"categories":[79],"tags":[],"class_list":["post-59263","post","type-post","status-publish","format-standard","hentry","category-mercado"],"acf":[],"yoast_head":"<!-- This site is optimized with the Yoast SEO plugin v27.5 - https:\/\/yoast.com\/product\/yoast-seo-wordpress\/ -->\n<title>Mercedes-Benz vende 170 \u00f4nibus para renova\u00e7\u00e3o de frota na Regi\u00e3o Metropolitana de Recife - Canal Dana<\/title>\n<meta name=\"robots\" content=\"index, follow, max-snippet:-1, max-image-preview:large, max-video-preview:-1\" \/>\n<link rel=\"canonical\" href=\"https:\/\/dana.com.br\/canaldana\/2022\/06\/29\/mercedes-benz-vende-170-onibus-para-renovacao-de-frota-na-regiao-metropolitana-de-recife\/\" \/>\n<meta property=\"og:locale\" content=\"pt_BR\" \/>\n<meta property=\"og:type\" content=\"article\" \/>\n<meta property=\"og:title\" content=\"Mercedes-Benz vende 170 \u00f4nibus para renova\u00e7\u00e3o de frota na Regi\u00e3o Metropolitana de Recife - Canal Dana\" \/>\n<meta property=\"og:description\" content=\"Truck &amp; Bus Builder Am\u00e9rica do Sul &nbsp; A Mercedes-Benz anunciou que realizou a venda de 170 \u00f4nibus para o Grupo Paulo Chaves, de Recife, no estado de Pernambuco, para a renova\u00e7\u00e3o das frotas das empresas Caxang\u00e1 e Metropolitana, que prestam o servi\u00e7o de transporte urbano e metropolitano da Grande Recife e nas cidades de\u2026 Leia mais \u00bb\" \/>\n<meta property=\"og:url\" content=\"https:\/\/dana.com.br\/canaldana\/2022\/06\/29\/mercedes-benz-vende-170-onibus-para-renovacao-de-frota-na-regiao-metropolitana-de-recife\/\" \/>\n<meta property=\"og:site_name\" content=\"Canal Dana\" \/>\n<meta property=\"article:published_time\" content=\"2022-06-29T11:43:11+00:00\" \/>\n<meta name=\"author\" content=\"Canal Dana\" \/>\n<meta name=\"twitter:card\" content=\"summary_large_image\" \/>\n<meta name=\"twitter:label1\" content=\"Escrito por\" \/>\n\t<meta name=\"twitter:data1\" content=\"Canal Dana\" \/>\n\t<meta name=\"twitter:label2\" content=\"Est. tempo de leitura\" \/>\n\t<meta name=\"twitter:data2\" content=\"4 minutos\" \/>\n<script type=\"application\/ld+json\" class=\"yoast-schema-graph\">{\"@context\":\"https:\\\/\\\/schema.org\",\"@graph\":[{\"@type\":\"Article\",\"@id\":\"https:\\\/\\\/dana.com.br\\\/canaldana\\\/2022\\\/06\\\/29\\\/mercedes-benz-vende-170-onibus-para-renovacao-de-frota-na-regiao-metropolitana-de-recife\\\/#article\",\"isPartOf\":{\"@id\":\"https:\\\/\\\/dana.com.br\\\/canaldana\\\/2022\\\/06\\\/29\\\/mercedes-benz-vende-170-onibus-para-renovacao-de-frota-na-regiao-metropolitana-de-recife\\\/\"},\"author\":{\"name\":\"Canal Dana\",\"@id\":\"https:\\\/\\\/dana.com.br\\\/canaldana\\\/#\\\/schema\\\/person\\\/3c21f22f56fcf3bc46b94bc60ea4fef6\"},\"headline\":\"Mercedes-Benz vende 170 \u00f4nibus para renova\u00e7\u00e3o de frota na Regi\u00e3o Metropolitana de Recife\",\"datePublished\":\"2022-06-29T11:43:11+00:00\",\"mainEntityOfPage\":{\"@id\":\"https:\\\/\\\/dana.com.br\\\/canaldana\\\/2022\\\/06\\\/29\\\/mercedes-benz-vende-170-onibus-para-renovacao-de-frota-na-regiao-metropolitana-de-recife\\\/\"},\"wordCount\":749,\"articleSection\":[\"Mercado\"],\"inLanguage\":\"pt-BR\"},{\"@type\":\"WebPage\",\"@id\":\"https:\\\/\\\/dana.com.br\\\/canaldana\\\/2022\\\/06\\\/29\\\/mercedes-benz-vende-170-onibus-para-renovacao-de-frota-na-regiao-metropolitana-de-recife\\\/\",\"url\":\"https:\\\/\\\/dana.com.br\\\/canaldana\\\/2022\\\/06\\\/29\\\/mercedes-benz-vende-170-onibus-para-renovacao-de-frota-na-regiao-metropolitana-de-recife\\\/\",\"name\":\"Mercedes-Benz vende 170 \u00f4nibus para renova\u00e7\u00e3o de frota na Regi\u00e3o Metropolitana de Recife - Canal Dana\",\"isPartOf\":{\"@id\":\"https:\\\/\\\/dana.com.br\\\/canaldana\\\/#website\"},\"datePublished\":\"2022-06-29T11:43:11+00:00\",\"author\":{\"@id\":\"https:\\\/\\\/dana.com.br\\\/canaldana\\\/#\\\/schema\\\/person\\\/3c21f22f56fcf3bc46b94bc60ea4fef6\"},\"breadcrumb\":{\"@id\":\"https:\\\/\\\/dana.com.br\\\/canaldana\\\/2022\\\/06\\\/29\\\/mercedes-benz-vende-170-onibus-para-renovacao-de-frota-na-regiao-metropolitana-de-recife\\\/#breadcrumb\"},\"inLanguage\":\"pt-BR\",\"potentialAction\":[{\"@type\":\"ReadAction\",\"target\":[\"https:\\\/\\\/dana.com.br\\\/canaldana\\\/2022\\\/06\\\/29\\\/mercedes-benz-vende-170-onibus-para-renovacao-de-frota-na-regiao-metropolitana-de-recife\\\/\"]}]},{\"@type\":\"BreadcrumbList\",\"@id\":\"https:\\\/\\\/dana.com.br\\\/canaldana\\\/2022\\\/06\\\/29\\\/mercedes-benz-vende-170-onibus-para-renovacao-de-frota-na-regiao-metropolitana-de-recife\\\/#breadcrumb\",\"itemListElement\":[{\"@type\":\"ListItem\",\"position\":1,\"name\":\"Home\",\"item\":\"https:\\\/\\\/dana.com.br\\\/canaldana\\\/\"},{\"@type\":\"ListItem\",\"position\":2,\"name\":\"Mercado\",\"item\":\"https:\\\/\\\/dana.com.br\\\/canaldana\\\/mercado\\\/\"},{\"@type\":\"ListItem\",\"position\":3,\"name\":\"Mercedes-Benz vende 170 \u00f4nibus para renova\u00e7\u00e3o de frota na Regi\u00e3o Metropolitana de Recife\"}]},{\"@type\":\"WebSite\",\"@id\":\"https:\\\/\\\/dana.com.br\\\/canaldana\\\/#website\",\"url\":\"https:\\\/\\\/dana.com.br\\\/canaldana\\\/\",\"name\":\"Canal Dana\",\"description\":\"Informativo com as principais not\u00edcias da ind\u00fastria automotiva\",\"potentialAction\":[{\"@type\":\"SearchAction\",\"target\":{\"@type\":\"EntryPoint\",\"urlTemplate\":\"https:\\\/\\\/dana.com.br\\\/canaldana\\\/?s={search_term_string}\"},\"query-input\":{\"@type\":\"PropertyValueSpecification\",\"valueRequired\":true,\"valueName\":\"search_term_string\"}}],\"inLanguage\":\"pt-BR\"},{\"@type\":\"Person\",\"@id\":\"https:\\\/\\\/dana.com.br\\\/canaldana\\\/#\\\/schema\\\/person\\\/3c21f22f56fcf3bc46b94bc60ea4fef6\",\"name\":\"Canal Dana\",\"image\":{\"@type\":\"ImageObject\",\"inLanguage\":\"pt-BR\",\"@id\":\"https:\\\/\\\/secure.gravatar.com\\\/avatar\\\/420aaf9278582877d9018637c6817617705899d2858d7572ef0fe59a6b6454b4?s=96&d=mm&r=g\",\"url\":\"https:\\\/\\\/secure.gravatar.com\\\/avatar\\\/420aaf9278582877d9018637c6817617705899d2858d7572ef0fe59a6b6454b4?s=96&d=mm&r=g\",\"contentUrl\":\"https:\\\/\\\/secure.gravatar.com\\\/avatar\\\/420aaf9278582877d9018637c6817617705899d2858d7572ef0fe59a6b6454b4?s=96&d=mm&r=g\",\"caption\":\"Canal Dana\"},\"url\":\"https:\\\/\\\/dana.com.br\\\/canaldana\\\/author\\\/cdeditor\\\/\"}]}<\/script>\n<!-- \/ Yoast SEO plugin. -->","yoast_head_json":{"title":"Mercedes-Benz vende 170 \u00f4nibus para renova\u00e7\u00e3o de frota na Regi\u00e3o Metropolitana de Recife - Canal Dana","robots":{"index":"index","follow":"follow","max-snippet":"max-snippet:-1","max-image-preview":"max-image-preview:large","max-video-preview":"max-video-preview:-1"},"canonical":"https:\/\/dana.com.br\/canaldana\/2022\/06\/29\/mercedes-benz-vende-170-onibus-para-renovacao-de-frota-na-regiao-metropolitana-de-recife\/","og_locale":"pt_BR","og_type":"article","og_title":"Mercedes-Benz vende 170 \u00f4nibus para renova\u00e7\u00e3o de frota na Regi\u00e3o Metropolitana de Recife - Canal Dana","og_description":"Truck &amp; Bus Builder Am\u00e9rica do Sul &nbsp; A Mercedes-Benz anunciou que realizou a venda de 170 \u00f4nibus para o Grupo Paulo Chaves, de Recife, no estado de Pernambuco, para a renova\u00e7\u00e3o das frotas das empresas Caxang\u00e1 e Metropolitana, que prestam o servi\u00e7o de transporte urbano e metropolitano da Grande Recife e nas cidades de\u2026 Leia mais \u00bb","og_url":"https:\/\/dana.com.br\/canaldana\/2022\/06\/29\/mercedes-benz-vende-170-onibus-para-renovacao-de-frota-na-regiao-metropolitana-de-recife\/","og_site_name":"Canal Dana","article_published_time":"2022-06-29T11:43:11+00:00","author":"Canal Dana","twitter_card":"summary_large_image","twitter_misc":{"Escrito por":"Canal Dana","Est. tempo de leitura":"4 minutos"},"schema":{"@context":"https:\/\/schema.org","@graph":[{"@type":"Article","@id":"https:\/\/dana.com.br\/canaldana\/2022\/06\/29\/mercedes-benz-vende-170-onibus-para-renovacao-de-frota-na-regiao-metropolitana-de-recife\/#article","isPartOf":{"@id":"https:\/\/dana.com.br\/canaldana\/2022\/06\/29\/mercedes-benz-vende-170-onibus-para-renovacao-de-frota-na-regiao-metropolitana-de-recife\/"},"author":{"name":"Canal Dana","@id":"https:\/\/dana.com.br\/canaldana\/#\/schema\/person\/3c21f22f56fcf3bc46b94bc60ea4fef6"},"headline":"Mercedes-Benz vende 170 \u00f4nibus para renova\u00e7\u00e3o de frota na Regi\u00e3o Metropolitana de Recife","datePublished":"2022-06-29T11:43:11+00:00","mainEntityOfPage":{"@id":"https:\/\/dana.com.br\/canaldana\/2022\/06\/29\/mercedes-benz-vende-170-onibus-para-renovacao-de-frota-na-regiao-metropolitana-de-recife\/"},"wordCount":749,"articleSection":["Mercado"],"inLanguage":"pt-BR"},{"@type":"WebPage","@id":"https:\/\/dana.com.br\/canaldana\/2022\/06\/29\/mercedes-benz-vende-170-onibus-para-renovacao-de-frota-na-regiao-metropolitana-de-recife\/","url":"https:\/\/dana.com.br\/canaldana\/2022\/06\/29\/mercedes-benz-vende-170-onibus-para-renovacao-de-frota-na-regiao-metropolitana-de-recife\/","name":"Mercedes-Benz vende 170 \u00f4nibus para renova\u00e7\u00e3o de frota na Regi\u00e3o Metropolitana de Recife - Canal Dana","isPartOf":{"@id":"https:\/\/dana.com.br\/canaldana\/#website"},"datePublished":"2022-06-29T11:43:11+00:00","author":{"@id":"https:\/\/dana.com.br\/canaldana\/#\/schema\/person\/3c21f22f56fcf3bc46b94bc60ea4fef6"},"breadcrumb":{"@id":"https:\/\/dana.com.br\/canaldana\/2022\/06\/29\/mercedes-benz-vende-170-onibus-para-renovacao-de-frota-na-regiao-metropolitana-de-recife\/#breadcrumb"},"inLanguage":"pt-BR","potentialAction":[{"@type":"ReadAction","target":["https:\/\/dana.com.br\/canaldana\/2022\/06\/29\/mercedes-benz-vende-170-onibus-para-renovacao-de-frota-na-regiao-metropolitana-de-recife\/"]}]},{"@type":"BreadcrumbList","@id":"https:\/\/dana.com.br\/canaldana\/2022\/06\/29\/mercedes-benz-vende-170-onibus-para-renovacao-de-frota-na-regiao-metropolitana-de-recife\/#breadcrumb","itemListElement":[{"@type":"ListItem","position":1,"name":"Home","item":"https:\/\/dana.com.br\/canaldana\/"},{"@type":"ListItem","position":2,"name":"Mercado","item":"https:\/\/dana.com.br\/canaldana\/mercado\/"},{"@type":"ListItem","position":3,"name":"Mercedes-Benz vende 170 \u00f4nibus para renova\u00e7\u00e3o de frota na Regi\u00e3o Metropolitana de Recife"}]},{"@type":"WebSite","@id":"https:\/\/dana.com.br\/canaldana\/#website","url":"https:\/\/dana.com.br\/canaldana\/","name":"Canal Dana","description":"Informativo com as principais not\u00edcias da ind\u00fastria automotiva","potentialAction":[{"@type":"SearchAction","target":{"@type":"EntryPoint","urlTemplate":"https:\/\/dana.com.br\/canaldana\/?s={search_term_string}"},"query-input":{"@type":"PropertyValueSpecification","valueRequired":true,"valueName":"search_term_string"}}],"inLanguage":"pt-BR"},{"@type":"Person","@id":"https:\/\/dana.com.br\/canaldana\/#\/schema\/person\/3c21f22f56fcf3bc46b94bc60ea4fef6","name":"Canal Dana","image":{"@type":"ImageObject","inLanguage":"pt-BR","@id":"https:\/\/secure.gravatar.com\/avatar\/420aaf9278582877d9018637c6817617705899d2858d7572ef0fe59a6b6454b4?s=96&d=mm&r=g","url":"https:\/\/secure.gravatar.com\/avatar\/420aaf9278582877d9018637c6817617705899d2858d7572ef0fe59a6b6454b4?s=96&d=mm&r=g","contentUrl":"https:\/\/secure.gravatar.com\/avatar\/420aaf9278582877d9018637c6817617705899d2858d7572ef0fe59a6b6454b4?s=96&d=mm&r=g","caption":"Canal Dana"},"url":"https:\/\/dana.com.br\/canaldana\/author\/cdeditor\/"}]}},"_links":{"self":[{"href":"https:\/\/dana.com.br\/canaldana\/wp-json\/wp\/v2\/posts\/59263","targetHints":{"allow":["GET"]}}],"collection":[{"href":"https:\/\/dana.com.br\/canaldana\/wp-json\/wp\/v2\/posts"}],"about":[{"href":"https:\/\/dana.com.br\/canaldana\/wp-json\/wp\/v2\/types\/post"}],"author":[{"embeddable":true,"href":"https:\/\/dana.com.br\/canaldana\/wp-json\/wp\/v2\/users\/3"}],"replies":[{"embeddable":true,"href":"https:\/\/dana.com.br\/canaldana\/wp-json\/wp\/v2\/comments?post=59263"}],"version-history":[{"count":0,"href":"https:\/\/dana.com.br\/canaldana\/wp-json\/wp\/v2\/posts\/59263\/revisions"}],"wp:attachment":[{"href":"https:\/\/dana.com.br\/canaldana\/wp-json\/wp\/v2\/media?parent=59263"}],"wp:term":[{"taxonomy":"category","embeddable":true,"href":"https:\/\/dana.com.br\/canaldana\/wp-json\/wp\/v2\/categories?post=59263"},{"taxonomy":"post_tag","embeddable":true,"href":"https:\/\/dana.com.br\/canaldana\/wp-json\/wp\/v2\/tags?post=59263"}],"curies":[{"name":"wp","href":"https:\/\/api.w.org\/{rel}","templated":true}]}}