{"id":59210,"date":"2022-06-27T08:37:57","date_gmt":"2022-06-27T11:37:57","guid":{"rendered":"https:\/\/dana.com.br\/canaldana\/?p=59210"},"modified":"2022-06-27T08:37:57","modified_gmt":"2022-06-27T11:37:57","slug":"competicao-entre-empresas-poe-mais-opcoes-no-mercado","status":"publish","type":"post","link":"https:\/\/dana.com.br\/canaldana\/2022\/06\/27\/competicao-entre-empresas-poe-mais-opcoes-no-mercado\/","title":{"rendered":"Competi\u00e7\u00e3o entre empresas p\u00f5e mais op\u00e7\u00f5es no mercado"},"content":{"rendered":"<p><em>O Estado de S. Paulo<\/em><\/p>\n<p>&nbsp;<\/p>\n<p>O crescimento da oferta de ve\u00edculos el\u00e9tricos e h\u00edbridos reflete a disputa entre as montadoras para n\u00e3o ficar para tr\u00e1s na corrida pela eletrifica\u00e7\u00e3o no Pa\u00eds. Com exce\u00e7\u00e3o da Volkswagen, todas as fabricantes t\u00eam algum modelo do tipo \u00e0 venda, ou ter\u00e3o at\u00e9 o fim do ano. Entre as importadoras, s\u00f3 a Ford, que quando tinha f\u00e1brica no Brasil foi a primeira a vender um carro h\u00edbrido, agora est\u00e1 fora desse nicho.<\/p>\n<p>&nbsp;<\/p>\n<p>Nas \u00faltimas semanas, duas montadoras de marcas chinesas, a Caoa Chery e a Great Wall Motors, anunciaram a produ\u00e7\u00e3o local de carros h\u00edbridos flex, indicando que a eletrifica\u00e7\u00e3o ganha for\u00e7a e investimentos no Brasil. At\u00e9 agora, s\u00f3 a japonesa Toyota fabricava esse tipo de ve\u00edculo no Pa\u00eds.<\/p>\n<p>&nbsp;<\/p>\n<p>A Caoa Chery tamb\u00e9m iniciou a pr\u00e9-venda do subcompacto el\u00e9trico iCar por R$ 140 mil, o que faz dele o mais barato do mercado. O carro \u00e9 importado da China e tem capacidade para quatro passageiros.<\/p>\n<p>&nbsp;<\/p>\n<p>J\u00e1 a General Motors (GM), dona da Chevrolet, voltar\u00e1 a vender o Bolt no Pa\u00eds, em vers\u00e3o atualizada, e promete para 2023 o SUV Bolt, al\u00e9m da Blazer e do Equinox, todos el\u00e9tricos.<\/p>\n<p>&nbsp;<\/p>\n<p>O diretor de Estrat\u00e9gia da GM Am\u00e9rica do Sul, Marcos Paiva, ressalta que a venda desses ve\u00edculos cresce no mundo todo, e s\u00f3 modelos el\u00e9tricos tiveram vendas de 4,9 milh\u00f5es de unidades em 2021, mais que o dobro do ano anterior.<\/p>\n<p>&nbsp;<\/p>\n<p>\u201cPol\u00edticas voltadas \u00e0 redu\u00e7\u00e3o de emiss\u00f5es e o aumento nos pre\u00e7os dos combust\u00edveis contribuem para o maior interesse global pelos el\u00e9tricos, assim como a maior oferta de modelos e a redu\u00e7\u00e3o da diferen\u00e7a de pre\u00e7o em rela\u00e7\u00e3o aos demais autom\u00f3veis\u201d, diz Paiva.<\/p>\n<p>&nbsp;<\/p>\n<p>A maior oferta de el\u00e9tricos tamb\u00e9m atende o mercado de loca\u00e7\u00e3o de ve\u00edculos. A Movida, empresa de aluguel de carros, tem 600 modelos el\u00e9tricos h\u00edbridos em sua frota de 191 mil ve\u00edculos. No ano passado, o grupo inaugurou na Zona Leste de S\u00e3o Paulo uma loja-conceito com 11 carregadores de alta velocidade e ultrarr\u00e1pidos, que permitem uma carga completa em 40 minutos.<\/p>\n<p>&nbsp;<\/p>\n<p><strong>Pre\u00e7os<\/strong><\/p>\n<p>&nbsp;<\/p>\n<p>No Brasil, os pre\u00e7os dos eletrificados v\u00e3o dos R$ 140 mil cobrados pelo iCar, da Caoa Chery, at\u00e9 R$ 7,4 milh\u00f5es da Ferrari Stradale ou, ainda, R$ 8,4 milh\u00f5es da vers\u00e3o Spider, ambas h\u00edbridas plug-in. De janeiro a abril, foram vendidas quatro unidades de ambos os modelos.<\/p>\n<p>&nbsp;<\/p>\n<p>Apesar dos valores altos, a rela\u00e7\u00e3o de pre\u00e7os entre el\u00e9tricos e carros a combust\u00e3o vem diminuindo. Em 2019, o el\u00e9trico mais barato \u00e0 venda no mercado brasileiro era o JAC iEV, que tamb\u00e9m custava R$ 140 mil. O valor era 4,88 vezes maior do que o do modelo a combust\u00e3o mais barato na \u00e9poca, o Chery QQ, vendido a R$ 28,7 mil. Hoje, o novato iCar custa 2,23 a mais do que o Mobi, o mais em conta entre os carros a combust\u00e3o (R$ 62,7 mil). \u201cOs pre\u00e7os dos el\u00e9tricos est\u00e3o caindo no mundo todo com o aumento de escala de produ\u00e7\u00e3o e a redu\u00e7\u00e3o do custo da bateria\u201d, diz Adalberto Maluf, da Associa\u00e7\u00e3o Brasileira do Ve\u00edculo El\u00e9trico. (O Estado de S. Paulo\/Cleide Silva)<\/p>\n","protected":false},"excerpt":{"rendered":"<p>O Estado de S. Paulo &nbsp; O crescimento da oferta de ve\u00edculos el\u00e9tricos e h\u00edbridos reflete a disputa entre as montadoras para n\u00e3o ficar para tr\u00e1s na corrida pela eletrifica\u00e7\u00e3o no Pa\u00eds. Com exce\u00e7\u00e3o da Volkswagen, todas as fabricantes t\u00eam algum modelo do tipo \u00e0 venda, ou ter\u00e3o at\u00e9 o fim do ano. Entre as\u2026 <a class=\"readmore\" href=\"https:\/\/dana.com.br\/canaldana\/2022\/06\/27\/competicao-entre-empresas-poe-mais-opcoes-no-mercado\/\">Leia mais \u00bb<\/a><\/p>\n","protected":false},"author":3,"featured_media":0,"comment_status":"closed","ping_status":"closed","sticky":false,"template":"","format":"standard","meta":{"_acf_changed":false,"footnotes":""},"categories":[61],"tags":[],"class_list":["post-59210","post","type-post","status-publish","format-standard","hentry","category-destaques"],"acf":[],"yoast_head":"<!-- This site is optimized with the Yoast SEO plugin v27.3 - https:\/\/yoast.com\/product\/yoast-seo-wordpress\/ -->\n<title>Competi\u00e7\u00e3o entre empresas p\u00f5e mais op\u00e7\u00f5es no mercado - Canal Dana<\/title>\n<meta name=\"robots\" content=\"index, follow, max-snippet:-1, max-image-preview:large, max-video-preview:-1\" \/>\n<link rel=\"canonical\" href=\"https:\/\/dana.com.br\/canaldana\/2022\/06\/27\/competicao-entre-empresas-poe-mais-opcoes-no-mercado\/\" \/>\n<meta property=\"og:locale\" content=\"pt_BR\" \/>\n<meta property=\"og:type\" content=\"article\" \/>\n<meta property=\"og:title\" content=\"Competi\u00e7\u00e3o entre empresas p\u00f5e mais op\u00e7\u00f5es no mercado - Canal Dana\" \/>\n<meta property=\"og:description\" content=\"O Estado de S. Paulo &nbsp; O crescimento da oferta de ve\u00edculos el\u00e9tricos e h\u00edbridos reflete a disputa entre as montadoras para n\u00e3o ficar para tr\u00e1s na corrida pela eletrifica\u00e7\u00e3o no Pa\u00eds. Com exce\u00e7\u00e3o da Volkswagen, todas as fabricantes t\u00eam algum modelo do tipo \u00e0 venda, ou ter\u00e3o at\u00e9 o fim do ano. Entre as\u2026 Leia mais \u00bb\" \/>\n<meta property=\"og:url\" content=\"https:\/\/dana.com.br\/canaldana\/2022\/06\/27\/competicao-entre-empresas-poe-mais-opcoes-no-mercado\/\" \/>\n<meta property=\"og:site_name\" content=\"Canal Dana\" \/>\n<meta property=\"article:published_time\" content=\"2022-06-27T11:37:57+00:00\" \/>\n<meta name=\"author\" content=\"Canal Dana\" \/>\n<meta name=\"twitter:card\" content=\"summary_large_image\" \/>\n<meta name=\"twitter:label1\" content=\"Escrito por\" \/>\n\t<meta name=\"twitter:data1\" content=\"Canal Dana\" \/>\n\t<meta name=\"twitter:label2\" content=\"Est. tempo de leitura\" \/>\n\t<meta name=\"twitter:data2\" content=\"3 minutos\" \/>\n<script type=\"application\/ld+json\" class=\"yoast-schema-graph\">{\"@context\":\"https:\\\/\\\/schema.org\",\"@graph\":[{\"@type\":\"Article\",\"@id\":\"https:\\\/\\\/dana.com.br\\\/canaldana\\\/2022\\\/06\\\/27\\\/competicao-entre-empresas-poe-mais-opcoes-no-mercado\\\/#article\",\"isPartOf\":{\"@id\":\"https:\\\/\\\/dana.com.br\\\/canaldana\\\/2022\\\/06\\\/27\\\/competicao-entre-empresas-poe-mais-opcoes-no-mercado\\\/\"},\"author\":{\"name\":\"Canal Dana\",\"@id\":\"https:\\\/\\\/dana.com.br\\\/canaldana\\\/#\\\/schema\\\/person\\\/3c21f22f56fcf3bc46b94bc60ea4fef6\"},\"headline\":\"Competi\u00e7\u00e3o entre empresas p\u00f5e mais op\u00e7\u00f5es no mercado\",\"datePublished\":\"2022-06-27T11:37:57+00:00\",\"mainEntityOfPage\":{\"@id\":\"https:\\\/\\\/dana.com.br\\\/canaldana\\\/2022\\\/06\\\/27\\\/competicao-entre-empresas-poe-mais-opcoes-no-mercado\\\/\"},\"wordCount\":584,\"articleSection\":[\"Destaques\"],\"inLanguage\":\"pt-BR\"},{\"@type\":\"WebPage\",\"@id\":\"https:\\\/\\\/dana.com.br\\\/canaldana\\\/2022\\\/06\\\/27\\\/competicao-entre-empresas-poe-mais-opcoes-no-mercado\\\/\",\"url\":\"https:\\\/\\\/dana.com.br\\\/canaldana\\\/2022\\\/06\\\/27\\\/competicao-entre-empresas-poe-mais-opcoes-no-mercado\\\/\",\"name\":\"Competi\u00e7\u00e3o entre empresas p\u00f5e mais op\u00e7\u00f5es no mercado - Canal Dana\",\"isPartOf\":{\"@id\":\"https:\\\/\\\/dana.com.br\\\/canaldana\\\/#website\"},\"datePublished\":\"2022-06-27T11:37:57+00:00\",\"author\":{\"@id\":\"https:\\\/\\\/dana.com.br\\\/canaldana\\\/#\\\/schema\\\/person\\\/3c21f22f56fcf3bc46b94bc60ea4fef6\"},\"breadcrumb\":{\"@id\":\"https:\\\/\\\/dana.com.br\\\/canaldana\\\/2022\\\/06\\\/27\\\/competicao-entre-empresas-poe-mais-opcoes-no-mercado\\\/#breadcrumb\"},\"inLanguage\":\"pt-BR\",\"potentialAction\":[{\"@type\":\"ReadAction\",\"target\":[\"https:\\\/\\\/dana.com.br\\\/canaldana\\\/2022\\\/06\\\/27\\\/competicao-entre-empresas-poe-mais-opcoes-no-mercado\\\/\"]}]},{\"@type\":\"BreadcrumbList\",\"@id\":\"https:\\\/\\\/dana.com.br\\\/canaldana\\\/2022\\\/06\\\/27\\\/competicao-entre-empresas-poe-mais-opcoes-no-mercado\\\/#breadcrumb\",\"itemListElement\":[{\"@type\":\"ListItem\",\"position\":1,\"name\":\"Home\",\"item\":\"https:\\\/\\\/dana.com.br\\\/canaldana\\\/\"},{\"@type\":\"ListItem\",\"position\":2,\"name\":\"Destaques\",\"item\":\"https:\\\/\\\/dana.com.br\\\/canaldana\\\/destaques\\\/\"},{\"@type\":\"ListItem\",\"position\":3,\"name\":\"Competi\u00e7\u00e3o entre empresas p\u00f5e mais op\u00e7\u00f5es no mercado\"}]},{\"@type\":\"WebSite\",\"@id\":\"https:\\\/\\\/dana.com.br\\\/canaldana\\\/#website\",\"url\":\"https:\\\/\\\/dana.com.br\\\/canaldana\\\/\",\"name\":\"Canal Dana\",\"description\":\"Informativo com as principais not\u00edcias da ind\u00fastria automotiva\",\"potentialAction\":[{\"@type\":\"SearchAction\",\"target\":{\"@type\":\"EntryPoint\",\"urlTemplate\":\"https:\\\/\\\/dana.com.br\\\/canaldana\\\/?s={search_term_string}\"},\"query-input\":{\"@type\":\"PropertyValueSpecification\",\"valueRequired\":true,\"valueName\":\"search_term_string\"}}],\"inLanguage\":\"pt-BR\"},{\"@type\":\"Person\",\"@id\":\"https:\\\/\\\/dana.com.br\\\/canaldana\\\/#\\\/schema\\\/person\\\/3c21f22f56fcf3bc46b94bc60ea4fef6\",\"name\":\"Canal Dana\",\"image\":{\"@type\":\"ImageObject\",\"inLanguage\":\"pt-BR\",\"@id\":\"https:\\\/\\\/secure.gravatar.com\\\/avatar\\\/420aaf9278582877d9018637c6817617705899d2858d7572ef0fe59a6b6454b4?s=96&d=mm&r=g\",\"url\":\"https:\\\/\\\/secure.gravatar.com\\\/avatar\\\/420aaf9278582877d9018637c6817617705899d2858d7572ef0fe59a6b6454b4?s=96&d=mm&r=g\",\"contentUrl\":\"https:\\\/\\\/secure.gravatar.com\\\/avatar\\\/420aaf9278582877d9018637c6817617705899d2858d7572ef0fe59a6b6454b4?s=96&d=mm&r=g\",\"caption\":\"Canal Dana\"},\"url\":\"https:\\\/\\\/dana.com.br\\\/canaldana\\\/author\\\/cdeditor\\\/\"}]}<\/script>\n<!-- \/ Yoast SEO plugin. -->","yoast_head_json":{"title":"Competi\u00e7\u00e3o entre empresas p\u00f5e mais op\u00e7\u00f5es no mercado - Canal Dana","robots":{"index":"index","follow":"follow","max-snippet":"max-snippet:-1","max-image-preview":"max-image-preview:large","max-video-preview":"max-video-preview:-1"},"canonical":"https:\/\/dana.com.br\/canaldana\/2022\/06\/27\/competicao-entre-empresas-poe-mais-opcoes-no-mercado\/","og_locale":"pt_BR","og_type":"article","og_title":"Competi\u00e7\u00e3o entre empresas p\u00f5e mais op\u00e7\u00f5es no mercado - Canal Dana","og_description":"O Estado de S. Paulo &nbsp; O crescimento da oferta de ve\u00edculos el\u00e9tricos e h\u00edbridos reflete a disputa entre as montadoras para n\u00e3o ficar para tr\u00e1s na corrida pela eletrifica\u00e7\u00e3o no Pa\u00eds. Com exce\u00e7\u00e3o da Volkswagen, todas as fabricantes t\u00eam algum modelo do tipo \u00e0 venda, ou ter\u00e3o at\u00e9 o fim do ano. Entre as\u2026 Leia mais \u00bb","og_url":"https:\/\/dana.com.br\/canaldana\/2022\/06\/27\/competicao-entre-empresas-poe-mais-opcoes-no-mercado\/","og_site_name":"Canal Dana","article_published_time":"2022-06-27T11:37:57+00:00","author":"Canal Dana","twitter_card":"summary_large_image","twitter_misc":{"Escrito por":"Canal Dana","Est. tempo de leitura":"3 minutos"},"schema":{"@context":"https:\/\/schema.org","@graph":[{"@type":"Article","@id":"https:\/\/dana.com.br\/canaldana\/2022\/06\/27\/competicao-entre-empresas-poe-mais-opcoes-no-mercado\/#article","isPartOf":{"@id":"https:\/\/dana.com.br\/canaldana\/2022\/06\/27\/competicao-entre-empresas-poe-mais-opcoes-no-mercado\/"},"author":{"name":"Canal Dana","@id":"https:\/\/dana.com.br\/canaldana\/#\/schema\/person\/3c21f22f56fcf3bc46b94bc60ea4fef6"},"headline":"Competi\u00e7\u00e3o entre empresas p\u00f5e mais op\u00e7\u00f5es no mercado","datePublished":"2022-06-27T11:37:57+00:00","mainEntityOfPage":{"@id":"https:\/\/dana.com.br\/canaldana\/2022\/06\/27\/competicao-entre-empresas-poe-mais-opcoes-no-mercado\/"},"wordCount":584,"articleSection":["Destaques"],"inLanguage":"pt-BR"},{"@type":"WebPage","@id":"https:\/\/dana.com.br\/canaldana\/2022\/06\/27\/competicao-entre-empresas-poe-mais-opcoes-no-mercado\/","url":"https:\/\/dana.com.br\/canaldana\/2022\/06\/27\/competicao-entre-empresas-poe-mais-opcoes-no-mercado\/","name":"Competi\u00e7\u00e3o entre empresas p\u00f5e mais op\u00e7\u00f5es no mercado - Canal Dana","isPartOf":{"@id":"https:\/\/dana.com.br\/canaldana\/#website"},"datePublished":"2022-06-27T11:37:57+00:00","author":{"@id":"https:\/\/dana.com.br\/canaldana\/#\/schema\/person\/3c21f22f56fcf3bc46b94bc60ea4fef6"},"breadcrumb":{"@id":"https:\/\/dana.com.br\/canaldana\/2022\/06\/27\/competicao-entre-empresas-poe-mais-opcoes-no-mercado\/#breadcrumb"},"inLanguage":"pt-BR","potentialAction":[{"@type":"ReadAction","target":["https:\/\/dana.com.br\/canaldana\/2022\/06\/27\/competicao-entre-empresas-poe-mais-opcoes-no-mercado\/"]}]},{"@type":"BreadcrumbList","@id":"https:\/\/dana.com.br\/canaldana\/2022\/06\/27\/competicao-entre-empresas-poe-mais-opcoes-no-mercado\/#breadcrumb","itemListElement":[{"@type":"ListItem","position":1,"name":"Home","item":"https:\/\/dana.com.br\/canaldana\/"},{"@type":"ListItem","position":2,"name":"Destaques","item":"https:\/\/dana.com.br\/canaldana\/destaques\/"},{"@type":"ListItem","position":3,"name":"Competi\u00e7\u00e3o entre empresas p\u00f5e mais op\u00e7\u00f5es no mercado"}]},{"@type":"WebSite","@id":"https:\/\/dana.com.br\/canaldana\/#website","url":"https:\/\/dana.com.br\/canaldana\/","name":"Canal Dana","description":"Informativo com as principais not\u00edcias da ind\u00fastria automotiva","potentialAction":[{"@type":"SearchAction","target":{"@type":"EntryPoint","urlTemplate":"https:\/\/dana.com.br\/canaldana\/?s={search_term_string}"},"query-input":{"@type":"PropertyValueSpecification","valueRequired":true,"valueName":"search_term_string"}}],"inLanguage":"pt-BR"},{"@type":"Person","@id":"https:\/\/dana.com.br\/canaldana\/#\/schema\/person\/3c21f22f56fcf3bc46b94bc60ea4fef6","name":"Canal Dana","image":{"@type":"ImageObject","inLanguage":"pt-BR","@id":"https:\/\/secure.gravatar.com\/avatar\/420aaf9278582877d9018637c6817617705899d2858d7572ef0fe59a6b6454b4?s=96&d=mm&r=g","url":"https:\/\/secure.gravatar.com\/avatar\/420aaf9278582877d9018637c6817617705899d2858d7572ef0fe59a6b6454b4?s=96&d=mm&r=g","contentUrl":"https:\/\/secure.gravatar.com\/avatar\/420aaf9278582877d9018637c6817617705899d2858d7572ef0fe59a6b6454b4?s=96&d=mm&r=g","caption":"Canal Dana"},"url":"https:\/\/dana.com.br\/canaldana\/author\/cdeditor\/"}]}},"_links":{"self":[{"href":"https:\/\/dana.com.br\/canaldana\/wp-json\/wp\/v2\/posts\/59210","targetHints":{"allow":["GET"]}}],"collection":[{"href":"https:\/\/dana.com.br\/canaldana\/wp-json\/wp\/v2\/posts"}],"about":[{"href":"https:\/\/dana.com.br\/canaldana\/wp-json\/wp\/v2\/types\/post"}],"author":[{"embeddable":true,"href":"https:\/\/dana.com.br\/canaldana\/wp-json\/wp\/v2\/users\/3"}],"replies":[{"embeddable":true,"href":"https:\/\/dana.com.br\/canaldana\/wp-json\/wp\/v2\/comments?post=59210"}],"version-history":[{"count":0,"href":"https:\/\/dana.com.br\/canaldana\/wp-json\/wp\/v2\/posts\/59210\/revisions"}],"wp:attachment":[{"href":"https:\/\/dana.com.br\/canaldana\/wp-json\/wp\/v2\/media?parent=59210"}],"wp:term":[{"taxonomy":"category","embeddable":true,"href":"https:\/\/dana.com.br\/canaldana\/wp-json\/wp\/v2\/categories?post=59210"},{"taxonomy":"post_tag","embeddable":true,"href":"https:\/\/dana.com.br\/canaldana\/wp-json\/wp\/v2\/tags?post=59210"}],"curies":[{"name":"wp","href":"https:\/\/api.w.org\/{rel}","templated":true}]}}