{"id":59208,"date":"2022-06-27T08:37:18","date_gmt":"2022-06-27T11:37:18","guid":{"rendered":"https:\/\/dana.com.br\/canaldana\/?p=59208"},"modified":"2022-06-27T08:37:18","modified_gmt":"2022-06-27T11:37:18","slug":"empresas-ampliam-importacao-de-diesel-por-medo-de-escassez","status":"publish","type":"post","link":"https:\/\/dana.com.br\/canaldana\/2022\/06\/27\/empresas-ampliam-importacao-de-diesel-por-medo-de-escassez\/","title":{"rendered":"Empresas ampliam importa\u00e7\u00e3o de diesel por medo de escassez"},"content":{"rendered":"<p><em>O Estado de S. Paulo<\/em><\/p>\n<p>&nbsp;<\/p>\n<p>Para driblar o risco de escassez, as principais distribuidoras de combust\u00edveis do Pa\u00eds t\u00eam cada vez mais recorrido \u00e0 importa\u00e7\u00e3o. Em abril, a Ag\u00eancia Nacional do Petr\u00f3leo, G\u00e1s Natural e Biocombust\u00edveis (ANP) emitiu 305 licen\u00e7as de compra de diesel no exterior. Em maio, foram 433 \u2013 12 vezes mais do que a m\u00e9dia do primeiro trimestre, de 36 licen\u00e7as mensais. H\u00e1 receio de que, na esteira da Guerra da Ucr\u00e2nia, a Europa passe a usar mais diesel no lugar do g\u00e1s russo. A previs\u00e3o de furac\u00f5es nos EUA \u2013 que podem parar a produ\u00e7\u00e3o local \u2013 tamb\u00e9m preocupa. No Brasil, o consumo costuma ser puxado pela colheita da safra agr\u00edcola, de agosto a outubro.<\/p>\n<p>&nbsp;<\/p>\n<p>Para driblar o risco de escassez de diesel a partir de agosto, as principais distribuidoras de combust\u00edveis do Pa\u00eds aumentaram em mais de dez vezes o n\u00famero de pedidos para importa\u00e7\u00e3o do produto nos \u00faltimos meses. Existe o receio de que, na esteira da guerra entre R\u00fassia e Ucr\u00e2nia, parte dos pa\u00edses da Europa passe a usar mais diesel no lugar do g\u00e1s russo. Outros fatores levados em conta s\u00e3o o in\u00edcio das f\u00e9rias de ver\u00e3o no Hemisf\u00e9rio Norte e a previs\u00e3o de fura\u00e7\u00f5es na costa dos EUA \u2013 que costumam provocar a paralisa\u00e7\u00e3o da produ\u00e7\u00e3o local. No Brasil, que depende em at\u00e9 30% das importa\u00e7\u00f5es, a demanda tende a crescer com o escoamento da safra agr\u00edcola.<\/p>\n<p>&nbsp;<\/p>\n<p>Levantamento feito pelo Estad\u00e3o\/broadcast mostra que, em abril, a Ag\u00eancia Nacional do Petr\u00f3leo, G\u00e1s Natural e Biocombust\u00edveis (ANP) emitiu 305 licen\u00e7as de importa\u00e7\u00e3o de diesel. Um m\u00eas depois, o n\u00famero de autoriza\u00e7\u00f5es saltou para 433 \u2013 12 vezes mais do que a m\u00e9dia registrada no primeiro trimestre do ano, de 36 licen\u00e7as por m\u00eas. Em anos anteriores, esse n\u00famero raramente ultrapassou a casa das 30 emiss\u00f5es mensais.<\/p>\n<p>&nbsp;<\/p>\n<p>As licen\u00e7as t\u00eam validade de 90 dias, renov\u00e1veis por igual per\u00edodo. Essas autoriza\u00e7\u00f5es n\u00e3o s\u00e3o uma garantia de importa\u00e7\u00e3o \u00e0 frente, mas agentes do setor confirmam que a explos\u00e3o dos n\u00fameros traduz o momento do mercado de combust\u00edveis, indicando esfor\u00e7o das empresas para importar volumes maiores ou, pelo menos, diversificar sua origem \u00e0 frente.<\/p>\n<p>&nbsp;<\/p>\n<p>Dados da ANP sobre fornecimento de combust\u00edvel mostram que, entre produ\u00e7\u00e3o local e importa\u00e7\u00e3o, a Petrobras forneceu 81% do diesel do Pa\u00eds nos quatro primeiros meses do ano \u2013 o equivalente a 13,6 milh\u00f5es de metros c\u00fabicos. O porcentual \u00e9 inferior ao fornecido pela estatal em 2019 (85,12%), o \u00faltimo ano antes da pandemia, com demanda dom\u00e9stica mais est\u00e1vel.<\/p>\n<p>&nbsp;<\/p>\n<p>O consumo brasileiro aumenta, sobretudo, entre agosto e outubro, quando \u00e9 puxado pela colheita e transporte da safra agr\u00edcola. Paralelamente, diz Felipe Perez, estrategista de downstream da consultoria S&amp;P Global, a demanda global no p\u00f3s pandemia retornou mais r\u00e1pido do que a oferta, e as cargas do refinado devem se tornar cada vez mais disputadas.<\/p>\n<p>&nbsp;<\/p>\n<p>At\u00e9 o in\u00edcio da guerra na Ucr\u00e2nia, cerca de 60% do diesel consumido pelos europeus vinha da R\u00fassia, porcentual em queda gradual devido \u00e0s san\u00e7\u00f5es. Segundo Perez, a alternativa natural da Europa \u00e9 o diesel das refinarias do Oriente M\u00e9dio e \u00c1sia, mas as cargas americanas do Golfo do M\u00e9xico tamb\u00e9m entraram na mira europeia.<\/p>\n<p>&nbsp;<\/p>\n<p>O presidente do Instituto Brasileiro do Petr\u00f3leo e G\u00e1s (IBP), Eberaldo de Almeida, afirma que os europeus j\u00e1 t\u00eam importado diesel da costa do Atl\u00e2ntico e que o mercado est\u00e1 \u201cmais curto\u201d. Isso, diz ele, fica claro pelo maior tempo de espera por cargas e pela queda de volume dispon\u00edvel para encomendas. \u201cAntes, havia pelo menos 15 navios de diesel dispon\u00edveis; hoje, s\u00e3o dois ou tr\u00eas.\u201d \u2022<\/p>\n<p>&nbsp;<\/p>\n<p>A profus\u00e3o de licen\u00e7as para importa\u00e7\u00e3o de diesel se concentra nas tr\u00eas maiores distribuidoras do Pa\u00eds: Vibra (antiga BR Distribuidora), Ra\u00edzen e Ipiranga. Pelos relat\u00f3rios da Ag\u00eancia Nacional do Petr\u00f3leo, G\u00e1s Natural e Biocombust\u00edveis (ANP), 81,5% das 848 licen\u00e7as emitidas nos primeiros cinco meses do ano pertencem \u00e0s tr\u00eas empresas. Em termos de volume, a fatia chega a 76,6% do total.<\/p>\n<p>&nbsp;<\/p>\n<p>Em seguida, vem a Petrobras, com 10 licen\u00e7as de importa\u00e7\u00e3o, mas com o equivalente a 11,9% do volume total autorizado para compras no exterior. Historicamente, a estatal produz ao menos tr\u00eas quartos de todo o diesel consumido no Pa\u00eds, mas tamb\u00e9m importa combust\u00edvel para cumprir contratos de fornecimento.<\/p>\n<p>&nbsp;<\/p>\n<p>Ex-presidente da ANP e hoje \u00e0 frente do comando da petrol\u00edfera Enauta, D\u00e9cio Oddone avalia que o pico de licen\u00e7as est\u00e1 associado \u00e0 necessidade de garantir combust\u00edvel a clientes com que as tr\u00eas empresas t\u00eam contratos ativos ou de mais longo prazo, mesmo que com margens menos atrativas que de costume.<\/p>\n<p>&nbsp;<\/p>\n<p>Pequenos e m\u00e9dios importadores, por sua vez, podem esperar por uma conjuntura de pre\u00e7os mais vantajosa para operar. Eles t\u00eam afirmado, por\u00e9m, que a tentativa do governo Bolsonaro de interferir nos reajustes dos combust\u00edveis (que hoje seguem a varia\u00e7\u00e3o do barril de petr\u00f3leo no mercado internacional) pode inviabilizar financeiramente a importa\u00e7\u00e3o do produto. Importadores independentes n\u00e3o teriam como concorrer com a Petrobras, que ficaria com pre\u00e7os defasados em rela\u00e7\u00e3o ao exterior.<\/p>\n<p>&nbsp;<\/p>\n<p>A Vibra informou que atua para garantir o fornecimento \u00e0 rede de clientes contratuais e usuais e que, desde o fim do ano passado, ampliou as importa\u00e7\u00f5es para fazer frente \u00e0 recupera\u00e7\u00e3o da demanda p\u00f3s-pandemia e \u00e0 sinaliza\u00e7\u00e3o, dada pela Petrobras, de que haveria limita\u00e7\u00f5es para o atendimento da integralidade dos pedidos.<\/p>\n<p>&nbsp;<\/p>\n<p><strong>&#8220;Pedidos at\u00edpicos&#8221;<\/strong><\/p>\n<p>&nbsp;<\/p>\n<p>Executivos do setor t\u00eam relatado \u201cdificuldades\u201d para comprar mais diesel da Petrobras. Procurada, a empresa disse que cumpre integralmente obriga\u00e7\u00f5es contratuais junto \u00e0s distribuidoras, com entregas de diesel em patamares regulares. Mas disse que segue resolu\u00e7\u00e3o da ANP segundo a qual, em conjuntura de demanda superior \u00e0 oferta, o volume dispon\u00edvel pode ser rateado entre as empresas de forma proporcional \u00e0s compras de cada uma delas nos tr\u00eas meses anteriores.<\/p>\n<p>&nbsp;<\/p>\n<p>\u201cDesde o fim de 2021, os pedidos de diesel t\u00eam sido at\u00edpicos e superiores ao mercado esperado e, como consequ\u00eancia, mesmo ap\u00f3s avalia\u00e7\u00e3o de m\u00e1xima disponibilidade, considerando nossa capacidade de produ\u00e7\u00e3o e oferta, o volume aceito vem sendo inferior aos pedidos at\u00edpicos\u201d, informou. (O Estado de S. Paulo\/Gabriel Vasconcelos)<\/p>\n","protected":false},"excerpt":{"rendered":"<p>O Estado de S. Paulo &nbsp; Para driblar o risco de escassez, as principais distribuidoras de combust\u00edveis do Pa\u00eds t\u00eam cada vez mais recorrido \u00e0 importa\u00e7\u00e3o. Em abril, a Ag\u00eancia Nacional do Petr\u00f3leo, G\u00e1s Natural e Biocombust\u00edveis (ANP) emitiu 305 licen\u00e7as de compra de diesel no exterior. Em maio, foram 433 \u2013 12 vezes mais\u2026 <a class=\"readmore\" href=\"https:\/\/dana.com.br\/canaldana\/2022\/06\/27\/empresas-ampliam-importacao-de-diesel-por-medo-de-escassez\/\">Leia mais \u00bb<\/a><\/p>\n","protected":false},"author":3,"featured_media":0,"comment_status":"closed","ping_status":"closed","sticky":false,"template":"","format":"standard","meta":{"_acf_changed":false,"footnotes":""},"categories":[79],"tags":[],"class_list":["post-59208","post","type-post","status-publish","format-standard","hentry","category-mercado"],"acf":[],"yoast_head":"<!-- This site is optimized with the Yoast SEO plugin v27.3 - https:\/\/yoast.com\/product\/yoast-seo-wordpress\/ -->\n<title>Empresas ampliam importa\u00e7\u00e3o de diesel por medo de escassez - Canal Dana<\/title>\n<meta name=\"robots\" content=\"index, follow, max-snippet:-1, max-image-preview:large, max-video-preview:-1\" \/>\n<link rel=\"canonical\" href=\"https:\/\/dana.com.br\/canaldana\/2022\/06\/27\/empresas-ampliam-importacao-de-diesel-por-medo-de-escassez\/\" \/>\n<meta property=\"og:locale\" content=\"pt_BR\" \/>\n<meta property=\"og:type\" content=\"article\" \/>\n<meta property=\"og:title\" content=\"Empresas ampliam importa\u00e7\u00e3o de diesel por medo de escassez - Canal Dana\" \/>\n<meta property=\"og:description\" content=\"O Estado de S. Paulo &nbsp; Para driblar o risco de escassez, as principais distribuidoras de combust\u00edveis do Pa\u00eds t\u00eam cada vez mais recorrido \u00e0 importa\u00e7\u00e3o. Em abril, a Ag\u00eancia Nacional do Petr\u00f3leo, G\u00e1s Natural e Biocombust\u00edveis (ANP) emitiu 305 licen\u00e7as de compra de diesel no exterior. Em maio, foram 433 \u2013 12 vezes mais\u2026 Leia mais \u00bb\" \/>\n<meta property=\"og:url\" content=\"https:\/\/dana.com.br\/canaldana\/2022\/06\/27\/empresas-ampliam-importacao-de-diesel-por-medo-de-escassez\/\" \/>\n<meta property=\"og:site_name\" content=\"Canal Dana\" \/>\n<meta property=\"article:published_time\" content=\"2022-06-27T11:37:18+00:00\" \/>\n<meta name=\"author\" content=\"Canal Dana\" \/>\n<meta name=\"twitter:card\" content=\"summary_large_image\" \/>\n<meta name=\"twitter:label1\" content=\"Escrito por\" \/>\n\t<meta name=\"twitter:data1\" content=\"Canal Dana\" \/>\n\t<meta name=\"twitter:label2\" content=\"Est. tempo de leitura\" \/>\n\t<meta name=\"twitter:data2\" content=\"6 minutos\" \/>\n<script type=\"application\/ld+json\" class=\"yoast-schema-graph\">{\"@context\":\"https:\\\/\\\/schema.org\",\"@graph\":[{\"@type\":\"Article\",\"@id\":\"https:\\\/\\\/dana.com.br\\\/canaldana\\\/2022\\\/06\\\/27\\\/empresas-ampliam-importacao-de-diesel-por-medo-de-escassez\\\/#article\",\"isPartOf\":{\"@id\":\"https:\\\/\\\/dana.com.br\\\/canaldana\\\/2022\\\/06\\\/27\\\/empresas-ampliam-importacao-de-diesel-por-medo-de-escassez\\\/\"},\"author\":{\"name\":\"Canal Dana\",\"@id\":\"https:\\\/\\\/dana.com.br\\\/canaldana\\\/#\\\/schema\\\/person\\\/3c21f22f56fcf3bc46b94bc60ea4fef6\"},\"headline\":\"Empresas ampliam importa\u00e7\u00e3o de diesel por medo de escassez\",\"datePublished\":\"2022-06-27T11:37:18+00:00\",\"mainEntityOfPage\":{\"@id\":\"https:\\\/\\\/dana.com.br\\\/canaldana\\\/2022\\\/06\\\/27\\\/empresas-ampliam-importacao-de-diesel-por-medo-de-escassez\\\/\"},\"wordCount\":1130,\"articleSection\":[\"Mercado\"],\"inLanguage\":\"pt-BR\"},{\"@type\":\"WebPage\",\"@id\":\"https:\\\/\\\/dana.com.br\\\/canaldana\\\/2022\\\/06\\\/27\\\/empresas-ampliam-importacao-de-diesel-por-medo-de-escassez\\\/\",\"url\":\"https:\\\/\\\/dana.com.br\\\/canaldana\\\/2022\\\/06\\\/27\\\/empresas-ampliam-importacao-de-diesel-por-medo-de-escassez\\\/\",\"name\":\"Empresas ampliam importa\u00e7\u00e3o de diesel por medo de escassez - Canal Dana\",\"isPartOf\":{\"@id\":\"https:\\\/\\\/dana.com.br\\\/canaldana\\\/#website\"},\"datePublished\":\"2022-06-27T11:37:18+00:00\",\"author\":{\"@id\":\"https:\\\/\\\/dana.com.br\\\/canaldana\\\/#\\\/schema\\\/person\\\/3c21f22f56fcf3bc46b94bc60ea4fef6\"},\"breadcrumb\":{\"@id\":\"https:\\\/\\\/dana.com.br\\\/canaldana\\\/2022\\\/06\\\/27\\\/empresas-ampliam-importacao-de-diesel-por-medo-de-escassez\\\/#breadcrumb\"},\"inLanguage\":\"pt-BR\",\"potentialAction\":[{\"@type\":\"ReadAction\",\"target\":[\"https:\\\/\\\/dana.com.br\\\/canaldana\\\/2022\\\/06\\\/27\\\/empresas-ampliam-importacao-de-diesel-por-medo-de-escassez\\\/\"]}]},{\"@type\":\"BreadcrumbList\",\"@id\":\"https:\\\/\\\/dana.com.br\\\/canaldana\\\/2022\\\/06\\\/27\\\/empresas-ampliam-importacao-de-diesel-por-medo-de-escassez\\\/#breadcrumb\",\"itemListElement\":[{\"@type\":\"ListItem\",\"position\":1,\"name\":\"Home\",\"item\":\"https:\\\/\\\/dana.com.br\\\/canaldana\\\/\"},{\"@type\":\"ListItem\",\"position\":2,\"name\":\"Mercado\",\"item\":\"https:\\\/\\\/dana.com.br\\\/canaldana\\\/mercado\\\/\"},{\"@type\":\"ListItem\",\"position\":3,\"name\":\"Empresas ampliam importa\u00e7\u00e3o de diesel por medo de escassez\"}]},{\"@type\":\"WebSite\",\"@id\":\"https:\\\/\\\/dana.com.br\\\/canaldana\\\/#website\",\"url\":\"https:\\\/\\\/dana.com.br\\\/canaldana\\\/\",\"name\":\"Canal Dana\",\"description\":\"Informativo com as principais not\u00edcias da ind\u00fastria automotiva\",\"potentialAction\":[{\"@type\":\"SearchAction\",\"target\":{\"@type\":\"EntryPoint\",\"urlTemplate\":\"https:\\\/\\\/dana.com.br\\\/canaldana\\\/?s={search_term_string}\"},\"query-input\":{\"@type\":\"PropertyValueSpecification\",\"valueRequired\":true,\"valueName\":\"search_term_string\"}}],\"inLanguage\":\"pt-BR\"},{\"@type\":\"Person\",\"@id\":\"https:\\\/\\\/dana.com.br\\\/canaldana\\\/#\\\/schema\\\/person\\\/3c21f22f56fcf3bc46b94bc60ea4fef6\",\"name\":\"Canal Dana\",\"image\":{\"@type\":\"ImageObject\",\"inLanguage\":\"pt-BR\",\"@id\":\"https:\\\/\\\/secure.gravatar.com\\\/avatar\\\/420aaf9278582877d9018637c6817617705899d2858d7572ef0fe59a6b6454b4?s=96&d=mm&r=g\",\"url\":\"https:\\\/\\\/secure.gravatar.com\\\/avatar\\\/420aaf9278582877d9018637c6817617705899d2858d7572ef0fe59a6b6454b4?s=96&d=mm&r=g\",\"contentUrl\":\"https:\\\/\\\/secure.gravatar.com\\\/avatar\\\/420aaf9278582877d9018637c6817617705899d2858d7572ef0fe59a6b6454b4?s=96&d=mm&r=g\",\"caption\":\"Canal Dana\"},\"url\":\"https:\\\/\\\/dana.com.br\\\/canaldana\\\/author\\\/cdeditor\\\/\"}]}<\/script>\n<!-- \/ Yoast SEO plugin. -->","yoast_head_json":{"title":"Empresas ampliam importa\u00e7\u00e3o de diesel por medo de escassez - Canal Dana","robots":{"index":"index","follow":"follow","max-snippet":"max-snippet:-1","max-image-preview":"max-image-preview:large","max-video-preview":"max-video-preview:-1"},"canonical":"https:\/\/dana.com.br\/canaldana\/2022\/06\/27\/empresas-ampliam-importacao-de-diesel-por-medo-de-escassez\/","og_locale":"pt_BR","og_type":"article","og_title":"Empresas ampliam importa\u00e7\u00e3o de diesel por medo de escassez - Canal Dana","og_description":"O Estado de S. Paulo &nbsp; Para driblar o risco de escassez, as principais distribuidoras de combust\u00edveis do Pa\u00eds t\u00eam cada vez mais recorrido \u00e0 importa\u00e7\u00e3o. Em abril, a Ag\u00eancia Nacional do Petr\u00f3leo, G\u00e1s Natural e Biocombust\u00edveis (ANP) emitiu 305 licen\u00e7as de compra de diesel no exterior. Em maio, foram 433 \u2013 12 vezes mais\u2026 Leia mais \u00bb","og_url":"https:\/\/dana.com.br\/canaldana\/2022\/06\/27\/empresas-ampliam-importacao-de-diesel-por-medo-de-escassez\/","og_site_name":"Canal Dana","article_published_time":"2022-06-27T11:37:18+00:00","author":"Canal Dana","twitter_card":"summary_large_image","twitter_misc":{"Escrito por":"Canal Dana","Est. tempo de leitura":"6 minutos"},"schema":{"@context":"https:\/\/schema.org","@graph":[{"@type":"Article","@id":"https:\/\/dana.com.br\/canaldana\/2022\/06\/27\/empresas-ampliam-importacao-de-diesel-por-medo-de-escassez\/#article","isPartOf":{"@id":"https:\/\/dana.com.br\/canaldana\/2022\/06\/27\/empresas-ampliam-importacao-de-diesel-por-medo-de-escassez\/"},"author":{"name":"Canal Dana","@id":"https:\/\/dana.com.br\/canaldana\/#\/schema\/person\/3c21f22f56fcf3bc46b94bc60ea4fef6"},"headline":"Empresas ampliam importa\u00e7\u00e3o de diesel por medo de escassez","datePublished":"2022-06-27T11:37:18+00:00","mainEntityOfPage":{"@id":"https:\/\/dana.com.br\/canaldana\/2022\/06\/27\/empresas-ampliam-importacao-de-diesel-por-medo-de-escassez\/"},"wordCount":1130,"articleSection":["Mercado"],"inLanguage":"pt-BR"},{"@type":"WebPage","@id":"https:\/\/dana.com.br\/canaldana\/2022\/06\/27\/empresas-ampliam-importacao-de-diesel-por-medo-de-escassez\/","url":"https:\/\/dana.com.br\/canaldana\/2022\/06\/27\/empresas-ampliam-importacao-de-diesel-por-medo-de-escassez\/","name":"Empresas ampliam importa\u00e7\u00e3o de diesel por medo de escassez - Canal Dana","isPartOf":{"@id":"https:\/\/dana.com.br\/canaldana\/#website"},"datePublished":"2022-06-27T11:37:18+00:00","author":{"@id":"https:\/\/dana.com.br\/canaldana\/#\/schema\/person\/3c21f22f56fcf3bc46b94bc60ea4fef6"},"breadcrumb":{"@id":"https:\/\/dana.com.br\/canaldana\/2022\/06\/27\/empresas-ampliam-importacao-de-diesel-por-medo-de-escassez\/#breadcrumb"},"inLanguage":"pt-BR","potentialAction":[{"@type":"ReadAction","target":["https:\/\/dana.com.br\/canaldana\/2022\/06\/27\/empresas-ampliam-importacao-de-diesel-por-medo-de-escassez\/"]}]},{"@type":"BreadcrumbList","@id":"https:\/\/dana.com.br\/canaldana\/2022\/06\/27\/empresas-ampliam-importacao-de-diesel-por-medo-de-escassez\/#breadcrumb","itemListElement":[{"@type":"ListItem","position":1,"name":"Home","item":"https:\/\/dana.com.br\/canaldana\/"},{"@type":"ListItem","position":2,"name":"Mercado","item":"https:\/\/dana.com.br\/canaldana\/mercado\/"},{"@type":"ListItem","position":3,"name":"Empresas ampliam importa\u00e7\u00e3o de diesel por medo de escassez"}]},{"@type":"WebSite","@id":"https:\/\/dana.com.br\/canaldana\/#website","url":"https:\/\/dana.com.br\/canaldana\/","name":"Canal Dana","description":"Informativo com as principais not\u00edcias da ind\u00fastria automotiva","potentialAction":[{"@type":"SearchAction","target":{"@type":"EntryPoint","urlTemplate":"https:\/\/dana.com.br\/canaldana\/?s={search_term_string}"},"query-input":{"@type":"PropertyValueSpecification","valueRequired":true,"valueName":"search_term_string"}}],"inLanguage":"pt-BR"},{"@type":"Person","@id":"https:\/\/dana.com.br\/canaldana\/#\/schema\/person\/3c21f22f56fcf3bc46b94bc60ea4fef6","name":"Canal Dana","image":{"@type":"ImageObject","inLanguage":"pt-BR","@id":"https:\/\/secure.gravatar.com\/avatar\/420aaf9278582877d9018637c6817617705899d2858d7572ef0fe59a6b6454b4?s=96&d=mm&r=g","url":"https:\/\/secure.gravatar.com\/avatar\/420aaf9278582877d9018637c6817617705899d2858d7572ef0fe59a6b6454b4?s=96&d=mm&r=g","contentUrl":"https:\/\/secure.gravatar.com\/avatar\/420aaf9278582877d9018637c6817617705899d2858d7572ef0fe59a6b6454b4?s=96&d=mm&r=g","caption":"Canal Dana"},"url":"https:\/\/dana.com.br\/canaldana\/author\/cdeditor\/"}]}},"_links":{"self":[{"href":"https:\/\/dana.com.br\/canaldana\/wp-json\/wp\/v2\/posts\/59208","targetHints":{"allow":["GET"]}}],"collection":[{"href":"https:\/\/dana.com.br\/canaldana\/wp-json\/wp\/v2\/posts"}],"about":[{"href":"https:\/\/dana.com.br\/canaldana\/wp-json\/wp\/v2\/types\/post"}],"author":[{"embeddable":true,"href":"https:\/\/dana.com.br\/canaldana\/wp-json\/wp\/v2\/users\/3"}],"replies":[{"embeddable":true,"href":"https:\/\/dana.com.br\/canaldana\/wp-json\/wp\/v2\/comments?post=59208"}],"version-history":[{"count":0,"href":"https:\/\/dana.com.br\/canaldana\/wp-json\/wp\/v2\/posts\/59208\/revisions"}],"wp:attachment":[{"href":"https:\/\/dana.com.br\/canaldana\/wp-json\/wp\/v2\/media?parent=59208"}],"wp:term":[{"taxonomy":"category","embeddable":true,"href":"https:\/\/dana.com.br\/canaldana\/wp-json\/wp\/v2\/categories?post=59208"},{"taxonomy":"post_tag","embeddable":true,"href":"https:\/\/dana.com.br\/canaldana\/wp-json\/wp\/v2\/tags?post=59208"}],"curies":[{"name":"wp","href":"https:\/\/api.w.org\/{rel}","templated":true}]}}