{"id":59080,"date":"2022-06-21T08:49:52","date_gmt":"2022-06-21T11:49:52","guid":{"rendered":"https:\/\/dana.com.br\/canaldana\/?p=59080"},"modified":"2022-06-21T08:49:52","modified_gmt":"2022-06-21T11:49:52","slug":"polo-de-veiculos-eletricos-da-renault-produzira-ate-carcacas-para-baterias","status":"publish","type":"post","link":"https:\/\/dana.com.br\/canaldana\/2022\/06\/21\/polo-de-veiculos-eletricos-da-renault-produzira-ate-carcacas-para-baterias\/","title":{"rendered":"Polo de ve\u00edculos el\u00e9tricos da Renault produzir\u00e1 at\u00e9 carca\u00e7as para baterias"},"content":{"rendered":"<p><em>AutoInd\u00fastria<\/em><\/p>\n<p>&nbsp;<\/p>\n<p>O Grupo Renault e o grupo chin\u00eas Minth pretendem estabelecer joint venture para produzir inv\u00f3lucros para baterias. A futura empresa ter\u00e1 sede na Fran\u00e7a e linha de montagem abrigada na f\u00e1brica de Ruitz, no complexo industrial conhecido como Renault ElectriCity.<\/p>\n<p>&nbsp;<\/p>\n<p>A carca\u00e7a de alum\u00ednio das baterias \u00e9 um componente estrat\u00e9gico para a seguran\u00e7a dos ve\u00edculos el\u00e9tricos, enfatiza a Renault. A joint venture instalar\u00e1 duas novas linhas de produ\u00e7\u00e3o em Ruitz j\u00e1 em 2023. Com capacidade produtiva para 300 mil pe\u00e7as ao ano at\u00e9 2025, fornecer\u00e1 para as plantas da ElectriCity Douai e Maubeuge.<\/p>\n<p>&nbsp;<\/p>\n<p>Nesse mesmo intervalo de tempo, a Renault pretende que o conglomerado industrial localizado no Norte da Fran\u00e7a esteja produzindo 480 mil ve\u00edculos anualmente.<\/p>\n<p>&nbsp;<\/p>\n<p>\u201cEsta nova parceria com o Minth Group permite que o Grupo Renault se posicione como um player l\u00edder em toda a cadeia de valor dos ve\u00edculos el\u00e9tricos e est\u00e1 alinhada com a estrat\u00e9gia de criarmos o melhor ecossistema o mais pr\u00f3ximo poss\u00edvel de nossos locais de produ\u00e7\u00e3o\u201d, afirma Jose-Vicente de los Mozos, EVP Industrial da montadora francesa.<\/p>\n<p>&nbsp;<\/p>\n<p>O estabelecimento da joint venture est\u00e1 sujeito ainda \u00e0s an\u00e1lises de autoridades econ\u00f4micas al\u00e9m dos \u00f3rg\u00e3os representativos dos trabalhadores, processos que dever\u00e3o estar conclu\u00eddos at\u00e9 o in\u00edcio do ano que vem. (AutoInd\u00fastria)<\/p>\n","protected":false},"excerpt":{"rendered":"<p>AutoInd\u00fastria &nbsp; O Grupo Renault e o grupo chin\u00eas Minth pretendem estabelecer joint venture para produzir inv\u00f3lucros para baterias. A futura empresa ter\u00e1 sede na Fran\u00e7a e linha de montagem abrigada na f\u00e1brica de Ruitz, no complexo industrial conhecido como Renault ElectriCity. &nbsp; A carca\u00e7a de alum\u00ednio das baterias \u00e9 um componente estrat\u00e9gico para a\u2026 <a class=\"readmore\" href=\"https:\/\/dana.com.br\/canaldana\/2022\/06\/21\/polo-de-veiculos-eletricos-da-renault-produzira-ate-carcacas-para-baterias\/\">Leia mais \u00bb<\/a><\/p>\n","protected":false},"author":3,"featured_media":0,"comment_status":"closed","ping_status":"closed","sticky":false,"template":"","format":"standard","meta":{"_acf_changed":false,"footnotes":""},"categories":[61],"tags":[],"class_list":["post-59080","post","type-post","status-publish","format-standard","hentry","category-destaques"],"acf":[],"yoast_head":"<!-- This site is optimized with the Yoast SEO plugin v27.3 - https:\/\/yoast.com\/product\/yoast-seo-wordpress\/ -->\n<title>Polo de ve\u00edculos el\u00e9tricos da Renault produzir\u00e1 at\u00e9 carca\u00e7as para baterias - Canal Dana<\/title>\n<meta name=\"robots\" content=\"index, follow, max-snippet:-1, max-image-preview:large, max-video-preview:-1\" \/>\n<link rel=\"canonical\" href=\"https:\/\/dana.com.br\/canaldana\/2022\/06\/21\/polo-de-veiculos-eletricos-da-renault-produzira-ate-carcacas-para-baterias\/\" \/>\n<meta property=\"og:locale\" content=\"pt_BR\" \/>\n<meta property=\"og:type\" content=\"article\" \/>\n<meta property=\"og:title\" content=\"Polo de ve\u00edculos el\u00e9tricos da Renault produzir\u00e1 at\u00e9 carca\u00e7as para baterias - Canal Dana\" \/>\n<meta property=\"og:description\" content=\"AutoInd\u00fastria &nbsp; O Grupo Renault e o grupo chin\u00eas Minth pretendem estabelecer joint venture para produzir inv\u00f3lucros para baterias. A futura empresa ter\u00e1 sede na Fran\u00e7a e linha de montagem abrigada na f\u00e1brica de Ruitz, no complexo industrial conhecido como Renault ElectriCity. &nbsp; A carca\u00e7a de alum\u00ednio das baterias \u00e9 um componente estrat\u00e9gico para a\u2026 Leia mais \u00bb\" \/>\n<meta property=\"og:url\" content=\"https:\/\/dana.com.br\/canaldana\/2022\/06\/21\/polo-de-veiculos-eletricos-da-renault-produzira-ate-carcacas-para-baterias\/\" \/>\n<meta property=\"og:site_name\" content=\"Canal Dana\" \/>\n<meta property=\"article:published_time\" content=\"2022-06-21T11:49:52+00:00\" \/>\n<meta name=\"author\" content=\"Canal Dana\" \/>\n<meta name=\"twitter:card\" content=\"summary_large_image\" \/>\n<meta name=\"twitter:label1\" content=\"Escrito por\" \/>\n\t<meta name=\"twitter:data1\" content=\"Canal Dana\" \/>\n\t<meta name=\"twitter:label2\" content=\"Est. tempo de leitura\" \/>\n\t<meta name=\"twitter:data2\" content=\"1 minuto\" \/>\n<script type=\"application\/ld+json\" class=\"yoast-schema-graph\">{\"@context\":\"https:\\\/\\\/schema.org\",\"@graph\":[{\"@type\":\"Article\",\"@id\":\"https:\\\/\\\/dana.com.br\\\/canaldana\\\/2022\\\/06\\\/21\\\/polo-de-veiculos-eletricos-da-renault-produzira-ate-carcacas-para-baterias\\\/#article\",\"isPartOf\":{\"@id\":\"https:\\\/\\\/dana.com.br\\\/canaldana\\\/2022\\\/06\\\/21\\\/polo-de-veiculos-eletricos-da-renault-produzira-ate-carcacas-para-baterias\\\/\"},\"author\":{\"name\":\"Canal Dana\",\"@id\":\"https:\\\/\\\/dana.com.br\\\/canaldana\\\/#\\\/schema\\\/person\\\/3c21f22f56fcf3bc46b94bc60ea4fef6\"},\"headline\":\"Polo de ve\u00edculos el\u00e9tricos da Renault produzir\u00e1 at\u00e9 carca\u00e7as para baterias\",\"datePublished\":\"2022-06-21T11:49:52+00:00\",\"mainEntityOfPage\":{\"@id\":\"https:\\\/\\\/dana.com.br\\\/canaldana\\\/2022\\\/06\\\/21\\\/polo-de-veiculos-eletricos-da-renault-produzira-ate-carcacas-para-baterias\\\/\"},\"wordCount\":250,\"articleSection\":[\"Destaques\"],\"inLanguage\":\"pt-BR\"},{\"@type\":\"WebPage\",\"@id\":\"https:\\\/\\\/dana.com.br\\\/canaldana\\\/2022\\\/06\\\/21\\\/polo-de-veiculos-eletricos-da-renault-produzira-ate-carcacas-para-baterias\\\/\",\"url\":\"https:\\\/\\\/dana.com.br\\\/canaldana\\\/2022\\\/06\\\/21\\\/polo-de-veiculos-eletricos-da-renault-produzira-ate-carcacas-para-baterias\\\/\",\"name\":\"Polo de ve\u00edculos el\u00e9tricos da Renault produzir\u00e1 at\u00e9 carca\u00e7as para baterias - Canal Dana\",\"isPartOf\":{\"@id\":\"https:\\\/\\\/dana.com.br\\\/canaldana\\\/#website\"},\"datePublished\":\"2022-06-21T11:49:52+00:00\",\"author\":{\"@id\":\"https:\\\/\\\/dana.com.br\\\/canaldana\\\/#\\\/schema\\\/person\\\/3c21f22f56fcf3bc46b94bc60ea4fef6\"},\"breadcrumb\":{\"@id\":\"https:\\\/\\\/dana.com.br\\\/canaldana\\\/2022\\\/06\\\/21\\\/polo-de-veiculos-eletricos-da-renault-produzira-ate-carcacas-para-baterias\\\/#breadcrumb\"},\"inLanguage\":\"pt-BR\",\"potentialAction\":[{\"@type\":\"ReadAction\",\"target\":[\"https:\\\/\\\/dana.com.br\\\/canaldana\\\/2022\\\/06\\\/21\\\/polo-de-veiculos-eletricos-da-renault-produzira-ate-carcacas-para-baterias\\\/\"]}]},{\"@type\":\"BreadcrumbList\",\"@id\":\"https:\\\/\\\/dana.com.br\\\/canaldana\\\/2022\\\/06\\\/21\\\/polo-de-veiculos-eletricos-da-renault-produzira-ate-carcacas-para-baterias\\\/#breadcrumb\",\"itemListElement\":[{\"@type\":\"ListItem\",\"position\":1,\"name\":\"Home\",\"item\":\"https:\\\/\\\/dana.com.br\\\/canaldana\\\/\"},{\"@type\":\"ListItem\",\"position\":2,\"name\":\"Destaques\",\"item\":\"https:\\\/\\\/dana.com.br\\\/canaldana\\\/destaques\\\/\"},{\"@type\":\"ListItem\",\"position\":3,\"name\":\"Polo de ve\u00edculos el\u00e9tricos da Renault produzir\u00e1 at\u00e9 carca\u00e7as para baterias\"}]},{\"@type\":\"WebSite\",\"@id\":\"https:\\\/\\\/dana.com.br\\\/canaldana\\\/#website\",\"url\":\"https:\\\/\\\/dana.com.br\\\/canaldana\\\/\",\"name\":\"Canal Dana\",\"description\":\"Informativo com as principais not\u00edcias da ind\u00fastria automotiva\",\"potentialAction\":[{\"@type\":\"SearchAction\",\"target\":{\"@type\":\"EntryPoint\",\"urlTemplate\":\"https:\\\/\\\/dana.com.br\\\/canaldana\\\/?s={search_term_string}\"},\"query-input\":{\"@type\":\"PropertyValueSpecification\",\"valueRequired\":true,\"valueName\":\"search_term_string\"}}],\"inLanguage\":\"pt-BR\"},{\"@type\":\"Person\",\"@id\":\"https:\\\/\\\/dana.com.br\\\/canaldana\\\/#\\\/schema\\\/person\\\/3c21f22f56fcf3bc46b94bc60ea4fef6\",\"name\":\"Canal Dana\",\"image\":{\"@type\":\"ImageObject\",\"inLanguage\":\"pt-BR\",\"@id\":\"https:\\\/\\\/secure.gravatar.com\\\/avatar\\\/420aaf9278582877d9018637c6817617705899d2858d7572ef0fe59a6b6454b4?s=96&d=mm&r=g\",\"url\":\"https:\\\/\\\/secure.gravatar.com\\\/avatar\\\/420aaf9278582877d9018637c6817617705899d2858d7572ef0fe59a6b6454b4?s=96&d=mm&r=g\",\"contentUrl\":\"https:\\\/\\\/secure.gravatar.com\\\/avatar\\\/420aaf9278582877d9018637c6817617705899d2858d7572ef0fe59a6b6454b4?s=96&d=mm&r=g\",\"caption\":\"Canal Dana\"},\"url\":\"https:\\\/\\\/dana.com.br\\\/canaldana\\\/author\\\/cdeditor\\\/\"}]}<\/script>\n<!-- \/ Yoast SEO plugin. -->","yoast_head_json":{"title":"Polo de ve\u00edculos el\u00e9tricos da Renault produzir\u00e1 at\u00e9 carca\u00e7as para baterias - Canal Dana","robots":{"index":"index","follow":"follow","max-snippet":"max-snippet:-1","max-image-preview":"max-image-preview:large","max-video-preview":"max-video-preview:-1"},"canonical":"https:\/\/dana.com.br\/canaldana\/2022\/06\/21\/polo-de-veiculos-eletricos-da-renault-produzira-ate-carcacas-para-baterias\/","og_locale":"pt_BR","og_type":"article","og_title":"Polo de ve\u00edculos el\u00e9tricos da Renault produzir\u00e1 at\u00e9 carca\u00e7as para baterias - Canal Dana","og_description":"AutoInd\u00fastria &nbsp; O Grupo Renault e o grupo chin\u00eas Minth pretendem estabelecer joint venture para produzir inv\u00f3lucros para baterias. A futura empresa ter\u00e1 sede na Fran\u00e7a e linha de montagem abrigada na f\u00e1brica de Ruitz, no complexo industrial conhecido como Renault ElectriCity. &nbsp; A carca\u00e7a de alum\u00ednio das baterias \u00e9 um componente estrat\u00e9gico para a\u2026 Leia mais \u00bb","og_url":"https:\/\/dana.com.br\/canaldana\/2022\/06\/21\/polo-de-veiculos-eletricos-da-renault-produzira-ate-carcacas-para-baterias\/","og_site_name":"Canal Dana","article_published_time":"2022-06-21T11:49:52+00:00","author":"Canal Dana","twitter_card":"summary_large_image","twitter_misc":{"Escrito por":"Canal Dana","Est. tempo de leitura":"1 minuto"},"schema":{"@context":"https:\/\/schema.org","@graph":[{"@type":"Article","@id":"https:\/\/dana.com.br\/canaldana\/2022\/06\/21\/polo-de-veiculos-eletricos-da-renault-produzira-ate-carcacas-para-baterias\/#article","isPartOf":{"@id":"https:\/\/dana.com.br\/canaldana\/2022\/06\/21\/polo-de-veiculos-eletricos-da-renault-produzira-ate-carcacas-para-baterias\/"},"author":{"name":"Canal Dana","@id":"https:\/\/dana.com.br\/canaldana\/#\/schema\/person\/3c21f22f56fcf3bc46b94bc60ea4fef6"},"headline":"Polo de ve\u00edculos el\u00e9tricos da Renault produzir\u00e1 at\u00e9 carca\u00e7as para baterias","datePublished":"2022-06-21T11:49:52+00:00","mainEntityOfPage":{"@id":"https:\/\/dana.com.br\/canaldana\/2022\/06\/21\/polo-de-veiculos-eletricos-da-renault-produzira-ate-carcacas-para-baterias\/"},"wordCount":250,"articleSection":["Destaques"],"inLanguage":"pt-BR"},{"@type":"WebPage","@id":"https:\/\/dana.com.br\/canaldana\/2022\/06\/21\/polo-de-veiculos-eletricos-da-renault-produzira-ate-carcacas-para-baterias\/","url":"https:\/\/dana.com.br\/canaldana\/2022\/06\/21\/polo-de-veiculos-eletricos-da-renault-produzira-ate-carcacas-para-baterias\/","name":"Polo de ve\u00edculos el\u00e9tricos da Renault produzir\u00e1 at\u00e9 carca\u00e7as para baterias - Canal Dana","isPartOf":{"@id":"https:\/\/dana.com.br\/canaldana\/#website"},"datePublished":"2022-06-21T11:49:52+00:00","author":{"@id":"https:\/\/dana.com.br\/canaldana\/#\/schema\/person\/3c21f22f56fcf3bc46b94bc60ea4fef6"},"breadcrumb":{"@id":"https:\/\/dana.com.br\/canaldana\/2022\/06\/21\/polo-de-veiculos-eletricos-da-renault-produzira-ate-carcacas-para-baterias\/#breadcrumb"},"inLanguage":"pt-BR","potentialAction":[{"@type":"ReadAction","target":["https:\/\/dana.com.br\/canaldana\/2022\/06\/21\/polo-de-veiculos-eletricos-da-renault-produzira-ate-carcacas-para-baterias\/"]}]},{"@type":"BreadcrumbList","@id":"https:\/\/dana.com.br\/canaldana\/2022\/06\/21\/polo-de-veiculos-eletricos-da-renault-produzira-ate-carcacas-para-baterias\/#breadcrumb","itemListElement":[{"@type":"ListItem","position":1,"name":"Home","item":"https:\/\/dana.com.br\/canaldana\/"},{"@type":"ListItem","position":2,"name":"Destaques","item":"https:\/\/dana.com.br\/canaldana\/destaques\/"},{"@type":"ListItem","position":3,"name":"Polo de ve\u00edculos el\u00e9tricos da Renault produzir\u00e1 at\u00e9 carca\u00e7as para baterias"}]},{"@type":"WebSite","@id":"https:\/\/dana.com.br\/canaldana\/#website","url":"https:\/\/dana.com.br\/canaldana\/","name":"Canal Dana","description":"Informativo com as principais not\u00edcias da ind\u00fastria automotiva","potentialAction":[{"@type":"SearchAction","target":{"@type":"EntryPoint","urlTemplate":"https:\/\/dana.com.br\/canaldana\/?s={search_term_string}"},"query-input":{"@type":"PropertyValueSpecification","valueRequired":true,"valueName":"search_term_string"}}],"inLanguage":"pt-BR"},{"@type":"Person","@id":"https:\/\/dana.com.br\/canaldana\/#\/schema\/person\/3c21f22f56fcf3bc46b94bc60ea4fef6","name":"Canal Dana","image":{"@type":"ImageObject","inLanguage":"pt-BR","@id":"https:\/\/secure.gravatar.com\/avatar\/420aaf9278582877d9018637c6817617705899d2858d7572ef0fe59a6b6454b4?s=96&d=mm&r=g","url":"https:\/\/secure.gravatar.com\/avatar\/420aaf9278582877d9018637c6817617705899d2858d7572ef0fe59a6b6454b4?s=96&d=mm&r=g","contentUrl":"https:\/\/secure.gravatar.com\/avatar\/420aaf9278582877d9018637c6817617705899d2858d7572ef0fe59a6b6454b4?s=96&d=mm&r=g","caption":"Canal Dana"},"url":"https:\/\/dana.com.br\/canaldana\/author\/cdeditor\/"}]}},"_links":{"self":[{"href":"https:\/\/dana.com.br\/canaldana\/wp-json\/wp\/v2\/posts\/59080","targetHints":{"allow":["GET"]}}],"collection":[{"href":"https:\/\/dana.com.br\/canaldana\/wp-json\/wp\/v2\/posts"}],"about":[{"href":"https:\/\/dana.com.br\/canaldana\/wp-json\/wp\/v2\/types\/post"}],"author":[{"embeddable":true,"href":"https:\/\/dana.com.br\/canaldana\/wp-json\/wp\/v2\/users\/3"}],"replies":[{"embeddable":true,"href":"https:\/\/dana.com.br\/canaldana\/wp-json\/wp\/v2\/comments?post=59080"}],"version-history":[{"count":0,"href":"https:\/\/dana.com.br\/canaldana\/wp-json\/wp\/v2\/posts\/59080\/revisions"}],"wp:attachment":[{"href":"https:\/\/dana.com.br\/canaldana\/wp-json\/wp\/v2\/media?parent=59080"}],"wp:term":[{"taxonomy":"category","embeddable":true,"href":"https:\/\/dana.com.br\/canaldana\/wp-json\/wp\/v2\/categories?post=59080"},{"taxonomy":"post_tag","embeddable":true,"href":"https:\/\/dana.com.br\/canaldana\/wp-json\/wp\/v2\/tags?post=59080"}],"curies":[{"name":"wp","href":"https:\/\/api.w.org\/{rel}","templated":true}]}}