{"id":59078,"date":"2022-06-21T08:49:13","date_gmt":"2022-06-21T11:49:13","guid":{"rendered":"https:\/\/dana.com.br\/canaldana\/?p=59078"},"modified":"2022-06-21T08:49:13","modified_gmt":"2022-06-21T11:49:13","slug":"12-dos-14-ramos-da-industria-perdem-participacao-no-pib-em-30-anos-mostra-fgv","status":"publish","type":"post","link":"https:\/\/dana.com.br\/canaldana\/2022\/06\/21\/12-dos-14-ramos-da-industria-perdem-participacao-no-pib-em-30-anos-mostra-fgv\/","title":{"rendered":"12 dos 14 ramos da ind\u00fastria perdem participa\u00e7\u00e3o no PIB em 30 anos, mostra FGV"},"content":{"rendered":"<p><em>O Estado de S. Paulo<\/em><\/p>\n<p>&nbsp;<\/p>\n<p>A perda de import\u00e2ncia da ind\u00fastria de transforma\u00e7\u00e3o na economia brasileira \u00e9 generalizada. Praticamente todos os ramos industriais, 12 dos 14 investigados, reduziram sua participa\u00e7\u00e3o na economia desde a d\u00e9cada de 1990, segundo levantamento do Instituto Brasileiro de Economia da Funda\u00e7\u00e3o Getulio Vargas (Ibre\/FGV) obtido com exclusividade pelo Estad\u00e3o\/Broadcast.<\/p>\n<p>&nbsp;<\/p>\n<p>O fen\u00f4meno de perda de relev\u00e2ncia \u00e9 anterior ao choque provocado pela pandemia de covid-19. Considerando a m\u00e9dia de participa\u00e7\u00e3o nas tr\u00eas \u00faltimas d\u00e9cadas, a ind\u00fastria de alimentos e bebidas reduziu sua fatia no Produto Interno Bruto (PIB) de uma m\u00e9dia de 2,9% de 1990 a 1999 para 2,7% de 2000 a 2009, tombando a 2,2% de 2010 a 2019.<\/p>\n<p>&nbsp;<\/p>\n<p>No mesmo per\u00edodo, a ind\u00fastria t\u00eaxtil viu sua contribui\u00e7\u00e3o encolher de 1% para 0,5% e, depois, a apenas 0,3%; a de artigos de vestu\u00e1rio e acess\u00f3rios passou de 1% a 0,6% e 0,5%; e a ind\u00fastria de siderurgia e metalurgia desceu de 1,7% para 1,5% e depois a 1,3%.<\/p>\n<p>&nbsp;<\/p>\n<p>As \u00fanicas exce\u00e7\u00f5es entre as 14 atividades pesquisadas foram os segmentos de ve\u00edculos e cal\u00e7ados, que tampouco registraram expans\u00e3o significativa. O ramo de ve\u00edculos, pe\u00e7as e outros equipamentos de transportes passou de uma fatia m\u00e9dia de 1,1% entre os anos 1990 a 1999 para 1,4% de 2000 a 2009, caindo a 1,2% de 2010 a 2019. No mesmo per\u00edodo, o segmento de artefatos de couro e cal\u00e7ados saiu de 0,3% para 0,4%, e retornando a 0,3% no \u00faltimo per\u00edodo.<\/p>\n<p>&nbsp;<\/p>\n<p>\u201cN\u00e3o h\u00e1 um g\u00eanero industrial enfrentando isso, mas todos os g\u00eaneros industriais\u201d, diz Claudio Considera, coordenador do N\u00facleo de Contas Nacionais do Ibre\/FGV.<\/p>\n<p>&nbsp;<\/p>\n<p>Para Considera, a perda de relev\u00e2ncia da ind\u00fastria de transforma\u00e7\u00e3o na economia brasileira \u00e9 reflexo de uma menor competitividade internacional, fen\u00f4meno que permitiu que produtos industriais importados abastecessem a demanda dom\u00e9stica e que os manufaturados brasileiros perdessem mercados estrangeiros para concorrentes de outros pa\u00edses.<\/p>\n<p>&nbsp;<\/p>\n<p>\u201cA ind\u00fastria de transforma\u00e7\u00e3o como um todo tem tido queda de produtividade h\u00e1 muito tempo. Isso tem a ver com m\u00e1quinas menos eficientes, treinamento ineficaz de trabalhadores, alcance da educa\u00e7\u00e3o, problemas estruturais\u201d, afirmou Considera.<\/p>\n<p>&nbsp;<\/p>\n<p>A ind\u00fastria de transforma\u00e7\u00e3o produzia R$ 80.366,99 por trabalhador do setor no ano 2000, mas essa produtividade desabou a R$ R$ 69.438,77 no ano de 2019, calculou a FGV.<\/p>\n<p>&nbsp;<\/p>\n<p>Entre os assalariados, grupo que engloba os funcion\u00e1rios formais e informais, a produtividade saiu de R$ 94.438,17 em 2000 para R$ 89.350,79 por trabalhador ocupado em 2019. J\u00e1 entre os aut\u00f4nomos, o valor tombou de R$ 24.082,28 em 2000 para R$ 10.221,93 em 2019.<\/p>\n<p>&nbsp;<\/p>\n<p>A diferen\u00e7a de produtividade entre as categorias de trabalhadores \u00e9 justificada pelo fato de os assalariados atuarem em empresas organizadas, com maior estoque de capital, ou seja, m\u00e1quinas e equipamentos, enquanto os trabalhadores aut\u00f4nomos atuam de maneira artesanal e manual, por exemplo.<\/p>\n<p>&nbsp;<\/p>\n<p>As Contas Nacionais Trimestrais mostram que a ind\u00fastria de transforma\u00e7\u00e3o respondia por 18,1% do PIB brasileiro no ano 1990, participa\u00e7\u00e3o que encolheu a 12% em 2019, descendo a 11,3% em 2021, \u00faltimo dado divulgado pelo Instituto Brasileiro de Geografia e Estat\u00edstica (IBGE).<\/p>\n<p>&nbsp;<\/p>\n<p>As perspectivas para este ano n\u00e3o s\u00e3o muito animadoras, considerando os dados de desempenho j\u00e1 divulgados.<\/p>\n<p>&nbsp;<\/p>\n<p>O Instituto de Estudos para o Desenvolvimento Industrial (Iedi) calcula, com base nas informa\u00e7\u00f5es da Pesquisa Industrial Mensal \u2013 Produ\u00e7\u00e3o F\u00edsica (PIM-PF) do IBGE, que a ind\u00fastria de transforma\u00e7\u00e3o brasileira acumulou uma queda de 3,7% na produ\u00e7\u00e3o de janeiro a abril de 2022, em rela\u00e7\u00e3o ao mesmo per\u00edodo do ano anterior. Nos 12 meses terminados em abril, o recuo acumulado \u00e9 de 0,5%.<\/p>\n<p>&nbsp;<\/p>\n<p>\u201cA ind\u00fastria de transforma\u00e7\u00e3o move um Pa\u00eds. Ou voc\u00ea tem isso ou n\u00e3o tem como puxar uma economia atr\u00e1s de voc\u00ea\u201d, disse Claudio Considera.<\/p>\n<p>&nbsp;<\/p>\n<p>O pesquisador, que assina o artigo do Ibre\/FGV ao lado de Isabela Kelly e Juliana Trece, lembra que \u00e9 natural que a melhora na renda da popula\u00e7\u00e3o fa\u00e7a a participa\u00e7\u00e3o dos servi\u00e7os no PIB avan\u00e7ar sobre a da ind\u00fastria em pa\u00edses desenvolvidos.<\/p>\n<p>&nbsp;<\/p>\n<p>No entanto, ele ressalta que essa trajet\u00f3ria come\u00e7ou no Brasil sem que a renda per capita atingisse um n\u00edvel satisfat\u00f3rio, que tornasse a tend\u00eancia em um movimento benigno.<\/p>\n<p>&nbsp;<\/p>\n<p>\u201cS\u00e3o repletas de evid\u00eancias que a economia brasileira s\u00f3 crescer\u00e1 com melhorias na ind\u00fastria de transforma\u00e7\u00e3o. Para isso ser\u00e1 necess\u00e1ria uma pol\u00edtica de fortalecimento tecnol\u00f3gico que possibilite inova\u00e7\u00f5es com o consequente aumento de sua produtividade j\u00e1 h\u00e1 muito estagnada\u201d, escreveram os pesquisadores no estudo do Ibre\/FGV. (O Estado de S. Paulo\/Daniela Amorim)<\/p>\n","protected":false},"excerpt":{"rendered":"<p>O Estado de S. Paulo &nbsp; A perda de import\u00e2ncia da ind\u00fastria de transforma\u00e7\u00e3o na economia brasileira \u00e9 generalizada. Praticamente todos os ramos industriais, 12 dos 14 investigados, reduziram sua participa\u00e7\u00e3o na economia desde a d\u00e9cada de 1990, segundo levantamento do Instituto Brasileiro de Economia da Funda\u00e7\u00e3o Getulio Vargas (Ibre\/FGV) obtido com exclusividade pelo Estad\u00e3o\/Broadcast.\u2026 <a class=\"readmore\" href=\"https:\/\/dana.com.br\/canaldana\/2022\/06\/21\/12-dos-14-ramos-da-industria-perdem-participacao-no-pib-em-30-anos-mostra-fgv\/\">Leia mais \u00bb<\/a><\/p>\n","protected":false},"author":3,"featured_media":0,"comment_status":"closed","ping_status":"closed","sticky":false,"template":"","format":"standard","meta":{"_acf_changed":false,"footnotes":""},"categories":[79],"tags":[],"class_list":["post-59078","post","type-post","status-publish","format-standard","hentry","category-mercado"],"acf":[],"yoast_head":"<!-- This site is optimized with the Yoast SEO plugin v27.3 - https:\/\/yoast.com\/product\/yoast-seo-wordpress\/ -->\n<title>12 dos 14 ramos da ind\u00fastria perdem participa\u00e7\u00e3o no PIB em 30 anos, mostra FGV - Canal Dana<\/title>\n<meta name=\"robots\" content=\"index, follow, max-snippet:-1, max-image-preview:large, max-video-preview:-1\" \/>\n<link rel=\"canonical\" href=\"https:\/\/dana.com.br\/canaldana\/2022\/06\/21\/12-dos-14-ramos-da-industria-perdem-participacao-no-pib-em-30-anos-mostra-fgv\/\" \/>\n<meta property=\"og:locale\" content=\"pt_BR\" \/>\n<meta property=\"og:type\" content=\"article\" \/>\n<meta property=\"og:title\" content=\"12 dos 14 ramos da ind\u00fastria perdem participa\u00e7\u00e3o no PIB em 30 anos, mostra FGV - Canal Dana\" \/>\n<meta property=\"og:description\" content=\"O Estado de S. Paulo &nbsp; A perda de import\u00e2ncia da ind\u00fastria de transforma\u00e7\u00e3o na economia brasileira \u00e9 generalizada. Praticamente todos os ramos industriais, 12 dos 14 investigados, reduziram sua participa\u00e7\u00e3o na economia desde a d\u00e9cada de 1990, segundo levantamento do Instituto Brasileiro de Economia da Funda\u00e7\u00e3o Getulio Vargas (Ibre\/FGV) obtido com exclusividade pelo Estad\u00e3o\/Broadcast.\u2026 Leia mais \u00bb\" \/>\n<meta property=\"og:url\" content=\"https:\/\/dana.com.br\/canaldana\/2022\/06\/21\/12-dos-14-ramos-da-industria-perdem-participacao-no-pib-em-30-anos-mostra-fgv\/\" \/>\n<meta property=\"og:site_name\" content=\"Canal Dana\" \/>\n<meta property=\"article:published_time\" content=\"2022-06-21T11:49:13+00:00\" \/>\n<meta name=\"author\" content=\"Canal Dana\" \/>\n<meta name=\"twitter:card\" content=\"summary_large_image\" \/>\n<meta name=\"twitter:label1\" content=\"Escrito por\" \/>\n\t<meta name=\"twitter:data1\" content=\"Canal Dana\" \/>\n\t<meta name=\"twitter:label2\" content=\"Est. tempo de leitura\" \/>\n\t<meta name=\"twitter:data2\" content=\"4 minutos\" \/>\n<script type=\"application\/ld+json\" class=\"yoast-schema-graph\">{\"@context\":\"https:\\\/\\\/schema.org\",\"@graph\":[{\"@type\":\"Article\",\"@id\":\"https:\\\/\\\/dana.com.br\\\/canaldana\\\/2022\\\/06\\\/21\\\/12-dos-14-ramos-da-industria-perdem-participacao-no-pib-em-30-anos-mostra-fgv\\\/#article\",\"isPartOf\":{\"@id\":\"https:\\\/\\\/dana.com.br\\\/canaldana\\\/2022\\\/06\\\/21\\\/12-dos-14-ramos-da-industria-perdem-participacao-no-pib-em-30-anos-mostra-fgv\\\/\"},\"author\":{\"name\":\"Canal Dana\",\"@id\":\"https:\\\/\\\/dana.com.br\\\/canaldana\\\/#\\\/schema\\\/person\\\/3c21f22f56fcf3bc46b94bc60ea4fef6\"},\"headline\":\"12 dos 14 ramos da ind\u00fastria perdem participa\u00e7\u00e3o no PIB em 30 anos, mostra FGV\",\"datePublished\":\"2022-06-21T11:49:13+00:00\",\"mainEntityOfPage\":{\"@id\":\"https:\\\/\\\/dana.com.br\\\/canaldana\\\/2022\\\/06\\\/21\\\/12-dos-14-ramos-da-industria-perdem-participacao-no-pib-em-30-anos-mostra-fgv\\\/\"},\"wordCount\":791,\"articleSection\":[\"Mercado\"],\"inLanguage\":\"pt-BR\"},{\"@type\":\"WebPage\",\"@id\":\"https:\\\/\\\/dana.com.br\\\/canaldana\\\/2022\\\/06\\\/21\\\/12-dos-14-ramos-da-industria-perdem-participacao-no-pib-em-30-anos-mostra-fgv\\\/\",\"url\":\"https:\\\/\\\/dana.com.br\\\/canaldana\\\/2022\\\/06\\\/21\\\/12-dos-14-ramos-da-industria-perdem-participacao-no-pib-em-30-anos-mostra-fgv\\\/\",\"name\":\"12 dos 14 ramos da ind\u00fastria perdem participa\u00e7\u00e3o no PIB em 30 anos, mostra FGV - Canal Dana\",\"isPartOf\":{\"@id\":\"https:\\\/\\\/dana.com.br\\\/canaldana\\\/#website\"},\"datePublished\":\"2022-06-21T11:49:13+00:00\",\"author\":{\"@id\":\"https:\\\/\\\/dana.com.br\\\/canaldana\\\/#\\\/schema\\\/person\\\/3c21f22f56fcf3bc46b94bc60ea4fef6\"},\"breadcrumb\":{\"@id\":\"https:\\\/\\\/dana.com.br\\\/canaldana\\\/2022\\\/06\\\/21\\\/12-dos-14-ramos-da-industria-perdem-participacao-no-pib-em-30-anos-mostra-fgv\\\/#breadcrumb\"},\"inLanguage\":\"pt-BR\",\"potentialAction\":[{\"@type\":\"ReadAction\",\"target\":[\"https:\\\/\\\/dana.com.br\\\/canaldana\\\/2022\\\/06\\\/21\\\/12-dos-14-ramos-da-industria-perdem-participacao-no-pib-em-30-anos-mostra-fgv\\\/\"]}]},{\"@type\":\"BreadcrumbList\",\"@id\":\"https:\\\/\\\/dana.com.br\\\/canaldana\\\/2022\\\/06\\\/21\\\/12-dos-14-ramos-da-industria-perdem-participacao-no-pib-em-30-anos-mostra-fgv\\\/#breadcrumb\",\"itemListElement\":[{\"@type\":\"ListItem\",\"position\":1,\"name\":\"Home\",\"item\":\"https:\\\/\\\/dana.com.br\\\/canaldana\\\/\"},{\"@type\":\"ListItem\",\"position\":2,\"name\":\"Mercado\",\"item\":\"https:\\\/\\\/dana.com.br\\\/canaldana\\\/mercado\\\/\"},{\"@type\":\"ListItem\",\"position\":3,\"name\":\"12 dos 14 ramos da ind\u00fastria perdem participa\u00e7\u00e3o no PIB em 30 anos, mostra FGV\"}]},{\"@type\":\"WebSite\",\"@id\":\"https:\\\/\\\/dana.com.br\\\/canaldana\\\/#website\",\"url\":\"https:\\\/\\\/dana.com.br\\\/canaldana\\\/\",\"name\":\"Canal Dana\",\"description\":\"Informativo com as principais not\u00edcias da ind\u00fastria automotiva\",\"potentialAction\":[{\"@type\":\"SearchAction\",\"target\":{\"@type\":\"EntryPoint\",\"urlTemplate\":\"https:\\\/\\\/dana.com.br\\\/canaldana\\\/?s={search_term_string}\"},\"query-input\":{\"@type\":\"PropertyValueSpecification\",\"valueRequired\":true,\"valueName\":\"search_term_string\"}}],\"inLanguage\":\"pt-BR\"},{\"@type\":\"Person\",\"@id\":\"https:\\\/\\\/dana.com.br\\\/canaldana\\\/#\\\/schema\\\/person\\\/3c21f22f56fcf3bc46b94bc60ea4fef6\",\"name\":\"Canal Dana\",\"image\":{\"@type\":\"ImageObject\",\"inLanguage\":\"pt-BR\",\"@id\":\"https:\\\/\\\/secure.gravatar.com\\\/avatar\\\/420aaf9278582877d9018637c6817617705899d2858d7572ef0fe59a6b6454b4?s=96&d=mm&r=g\",\"url\":\"https:\\\/\\\/secure.gravatar.com\\\/avatar\\\/420aaf9278582877d9018637c6817617705899d2858d7572ef0fe59a6b6454b4?s=96&d=mm&r=g\",\"contentUrl\":\"https:\\\/\\\/secure.gravatar.com\\\/avatar\\\/420aaf9278582877d9018637c6817617705899d2858d7572ef0fe59a6b6454b4?s=96&d=mm&r=g\",\"caption\":\"Canal Dana\"},\"url\":\"https:\\\/\\\/dana.com.br\\\/canaldana\\\/author\\\/cdeditor\\\/\"}]}<\/script>\n<!-- \/ Yoast SEO plugin. -->","yoast_head_json":{"title":"12 dos 14 ramos da ind\u00fastria perdem participa\u00e7\u00e3o no PIB em 30 anos, mostra FGV - Canal Dana","robots":{"index":"index","follow":"follow","max-snippet":"max-snippet:-1","max-image-preview":"max-image-preview:large","max-video-preview":"max-video-preview:-1"},"canonical":"https:\/\/dana.com.br\/canaldana\/2022\/06\/21\/12-dos-14-ramos-da-industria-perdem-participacao-no-pib-em-30-anos-mostra-fgv\/","og_locale":"pt_BR","og_type":"article","og_title":"12 dos 14 ramos da ind\u00fastria perdem participa\u00e7\u00e3o no PIB em 30 anos, mostra FGV - Canal Dana","og_description":"O Estado de S. Paulo &nbsp; A perda de import\u00e2ncia da ind\u00fastria de transforma\u00e7\u00e3o na economia brasileira \u00e9 generalizada. Praticamente todos os ramos industriais, 12 dos 14 investigados, reduziram sua participa\u00e7\u00e3o na economia desde a d\u00e9cada de 1990, segundo levantamento do Instituto Brasileiro de Economia da Funda\u00e7\u00e3o Getulio Vargas (Ibre\/FGV) obtido com exclusividade pelo Estad\u00e3o\/Broadcast.\u2026 Leia mais \u00bb","og_url":"https:\/\/dana.com.br\/canaldana\/2022\/06\/21\/12-dos-14-ramos-da-industria-perdem-participacao-no-pib-em-30-anos-mostra-fgv\/","og_site_name":"Canal Dana","article_published_time":"2022-06-21T11:49:13+00:00","author":"Canal Dana","twitter_card":"summary_large_image","twitter_misc":{"Escrito por":"Canal Dana","Est. tempo de leitura":"4 minutos"},"schema":{"@context":"https:\/\/schema.org","@graph":[{"@type":"Article","@id":"https:\/\/dana.com.br\/canaldana\/2022\/06\/21\/12-dos-14-ramos-da-industria-perdem-participacao-no-pib-em-30-anos-mostra-fgv\/#article","isPartOf":{"@id":"https:\/\/dana.com.br\/canaldana\/2022\/06\/21\/12-dos-14-ramos-da-industria-perdem-participacao-no-pib-em-30-anos-mostra-fgv\/"},"author":{"name":"Canal Dana","@id":"https:\/\/dana.com.br\/canaldana\/#\/schema\/person\/3c21f22f56fcf3bc46b94bc60ea4fef6"},"headline":"12 dos 14 ramos da ind\u00fastria perdem participa\u00e7\u00e3o no PIB em 30 anos, mostra FGV","datePublished":"2022-06-21T11:49:13+00:00","mainEntityOfPage":{"@id":"https:\/\/dana.com.br\/canaldana\/2022\/06\/21\/12-dos-14-ramos-da-industria-perdem-participacao-no-pib-em-30-anos-mostra-fgv\/"},"wordCount":791,"articleSection":["Mercado"],"inLanguage":"pt-BR"},{"@type":"WebPage","@id":"https:\/\/dana.com.br\/canaldana\/2022\/06\/21\/12-dos-14-ramos-da-industria-perdem-participacao-no-pib-em-30-anos-mostra-fgv\/","url":"https:\/\/dana.com.br\/canaldana\/2022\/06\/21\/12-dos-14-ramos-da-industria-perdem-participacao-no-pib-em-30-anos-mostra-fgv\/","name":"12 dos 14 ramos da ind\u00fastria perdem participa\u00e7\u00e3o no PIB em 30 anos, mostra FGV - Canal Dana","isPartOf":{"@id":"https:\/\/dana.com.br\/canaldana\/#website"},"datePublished":"2022-06-21T11:49:13+00:00","author":{"@id":"https:\/\/dana.com.br\/canaldana\/#\/schema\/person\/3c21f22f56fcf3bc46b94bc60ea4fef6"},"breadcrumb":{"@id":"https:\/\/dana.com.br\/canaldana\/2022\/06\/21\/12-dos-14-ramos-da-industria-perdem-participacao-no-pib-em-30-anos-mostra-fgv\/#breadcrumb"},"inLanguage":"pt-BR","potentialAction":[{"@type":"ReadAction","target":["https:\/\/dana.com.br\/canaldana\/2022\/06\/21\/12-dos-14-ramos-da-industria-perdem-participacao-no-pib-em-30-anos-mostra-fgv\/"]}]},{"@type":"BreadcrumbList","@id":"https:\/\/dana.com.br\/canaldana\/2022\/06\/21\/12-dos-14-ramos-da-industria-perdem-participacao-no-pib-em-30-anos-mostra-fgv\/#breadcrumb","itemListElement":[{"@type":"ListItem","position":1,"name":"Home","item":"https:\/\/dana.com.br\/canaldana\/"},{"@type":"ListItem","position":2,"name":"Mercado","item":"https:\/\/dana.com.br\/canaldana\/mercado\/"},{"@type":"ListItem","position":3,"name":"12 dos 14 ramos da ind\u00fastria perdem participa\u00e7\u00e3o no PIB em 30 anos, mostra FGV"}]},{"@type":"WebSite","@id":"https:\/\/dana.com.br\/canaldana\/#website","url":"https:\/\/dana.com.br\/canaldana\/","name":"Canal Dana","description":"Informativo com as principais not\u00edcias da ind\u00fastria automotiva","potentialAction":[{"@type":"SearchAction","target":{"@type":"EntryPoint","urlTemplate":"https:\/\/dana.com.br\/canaldana\/?s={search_term_string}"},"query-input":{"@type":"PropertyValueSpecification","valueRequired":true,"valueName":"search_term_string"}}],"inLanguage":"pt-BR"},{"@type":"Person","@id":"https:\/\/dana.com.br\/canaldana\/#\/schema\/person\/3c21f22f56fcf3bc46b94bc60ea4fef6","name":"Canal Dana","image":{"@type":"ImageObject","inLanguage":"pt-BR","@id":"https:\/\/secure.gravatar.com\/avatar\/420aaf9278582877d9018637c6817617705899d2858d7572ef0fe59a6b6454b4?s=96&d=mm&r=g","url":"https:\/\/secure.gravatar.com\/avatar\/420aaf9278582877d9018637c6817617705899d2858d7572ef0fe59a6b6454b4?s=96&d=mm&r=g","contentUrl":"https:\/\/secure.gravatar.com\/avatar\/420aaf9278582877d9018637c6817617705899d2858d7572ef0fe59a6b6454b4?s=96&d=mm&r=g","caption":"Canal Dana"},"url":"https:\/\/dana.com.br\/canaldana\/author\/cdeditor\/"}]}},"_links":{"self":[{"href":"https:\/\/dana.com.br\/canaldana\/wp-json\/wp\/v2\/posts\/59078","targetHints":{"allow":["GET"]}}],"collection":[{"href":"https:\/\/dana.com.br\/canaldana\/wp-json\/wp\/v2\/posts"}],"about":[{"href":"https:\/\/dana.com.br\/canaldana\/wp-json\/wp\/v2\/types\/post"}],"author":[{"embeddable":true,"href":"https:\/\/dana.com.br\/canaldana\/wp-json\/wp\/v2\/users\/3"}],"replies":[{"embeddable":true,"href":"https:\/\/dana.com.br\/canaldana\/wp-json\/wp\/v2\/comments?post=59078"}],"version-history":[{"count":0,"href":"https:\/\/dana.com.br\/canaldana\/wp-json\/wp\/v2\/posts\/59078\/revisions"}],"wp:attachment":[{"href":"https:\/\/dana.com.br\/canaldana\/wp-json\/wp\/v2\/media?parent=59078"}],"wp:term":[{"taxonomy":"category","embeddable":true,"href":"https:\/\/dana.com.br\/canaldana\/wp-json\/wp\/v2\/categories?post=59078"},{"taxonomy":"post_tag","embeddable":true,"href":"https:\/\/dana.com.br\/canaldana\/wp-json\/wp\/v2\/tags?post=59078"}],"curies":[{"name":"wp","href":"https:\/\/api.w.org\/{rel}","templated":true}]}}