{"id":58998,"date":"2022-06-17T09:00:14","date_gmt":"2022-06-17T12:00:14","guid":{"rendered":"https:\/\/dana.com.br\/canaldana\/?p=58998"},"modified":"2022-06-17T09:00:14","modified_gmt":"2022-06-17T12:00:14","slug":"mercedes-amg-celebra-55-anos-de-alta-performance-e-traz-novidades-com-eletrificacao","status":"publish","type":"post","link":"https:\/\/dana.com.br\/canaldana\/2022\/06\/17\/mercedes-amg-celebra-55-anos-de-alta-performance-e-traz-novidades-com-eletrificacao\/","title":{"rendered":"Mercedes-AMG celebra 55 anos de alta performance e traz novidades com eletrifica\u00e7\u00e3o"},"content":{"rendered":"<p><em>Coisas de Agora<\/em><\/p>\n<p>&nbsp;<\/p>\n<p>O m\u00eas de junho deste ano representa dois grandes momentos para os clientes e f\u00e3s da Mercedes-Benz no Brasil. Neste per\u00edodo, a marca celebra 55 anos da Mercedes-AMG e apresenta novidades com rela\u00e7\u00e3o \u00e0 eletrifica\u00e7\u00e3o. Os fundadores, Hans Werner Aufrecht e Erhard Melcher, buscavam o m\u00e1ximo desempenho e perfei\u00e7\u00e3o quando lan\u00e7aram a pedra fundamental em 1 de junho de 1967, e esses continuam sendo os objetivos da marca atualmente.<\/p>\n<p>&nbsp;<\/p>\n<p>\u201c\u00c9 uma honra comemorarmos essa data t\u00e3o especial para a nossa marca. A Mercedes\u2011AMG GmbH registou grandes sucessos no automobilismo e no desenvolvimento de ve\u00edculos \u00fanicos, refor\u00e7ando a sua posi\u00e7\u00e3o como uma marca de carros esportivos de desempenho e de sucesso. Continuaremos investindo nesse segmento para seguirmos contando \u00f3timas hist\u00f3rias sobre performance e exclusividade\u201d, afirma Carlos Garcia, Presidente e CEO da Mercedes-Benz Cars &amp; Vans Brasil.<\/p>\n<p>&nbsp;<\/p>\n<p>Affalterbach, sede da Mercedes-AMG, conta com as equipes de gerenciamento, administra\u00e7\u00e3o, vendas, desenvolvimento e design, bem como a constru\u00e7\u00e3o de motores artesanais AMG V8, onde cada unidade \u00e9 montada manualmente por um \u00fanico fabricante de motores de acordo com a filosofia \u201cum homem, um motor\u201d e fornecido com uma placa assinada \u00e0 m\u00e3o pelo t\u00e9cnico respons\u00e1vel.<\/p>\n<p>&nbsp;<\/p>\n<p>Os demais motores s\u00e3o produzidos em K\u00f6lleda (motores de quatro cilindros em linha) e Mannheim (motores V12). A Mercedes-AMG \u00e9 hoje respons\u00e1vel pelo desenvolvimento n\u00e3o s\u00f3 da nova fam\u00edlia de oito cilindros da marca Mercedes-Benz, mas tamb\u00e9m dos motores AMG V8.<\/p>\n<p>&nbsp;<\/p>\n<p>A hist\u00f3ria da AMG come\u00e7a com dois engenheiros da Daimler-Benz. Hans Werner Aufrecht e Erhard Melcher trabalhavam na companhia nos anos 60 e foram respons\u00e1veis por preparar o motor de competi\u00e7\u00e3o para o emblem\u00e1tico 300 SE \u2013 at\u00e9 a companhia suspender as atividades de automobilismo. Com isso, os jovens decidiram tornar-se independentes, fundando seu pr\u00f3prio Centro de Engenharia. Enquanto Aufrecht era um apaixonado por automobilismo, Melcher era conhecido por sua genialidade na \u00e1rea do desenvolvimento de motores.<\/p>\n<p>&nbsp;<\/p>\n<p>No dia 1 de junho de 1967, a AMG iniciou suas atividades em uma garagem em Burgstall, permanecendo at\u00e9 1976, quando se mudou para Affalterbach. A sigla que d\u00e1 nome \u00e0 marca \u00e9 composta pelas iniciais dos fundadores, Aufrecht e Melcher, sendo o \u201cG\u201d para Gro\u00dfaspach \u2013 local de nascimento de Aufrecht.<\/p>\n<p>&nbsp;<\/p>\n<p>Com o passar dos anos, a AMG atingiu uma s\u00e9rie de momentos marcantes na hist\u00f3ria da ind\u00fastria automotiva mundial. Entre eles est\u00e1 o desenvolvimento do Mercedes 300 SEL 6.8, ve\u00edculo mais potente dos anos 70, com motor V8 de 428 cv, algo incompar\u00e1vel para a \u00e9poca.<\/p>\n<p>&nbsp;<\/p>\n<p>Na d\u00e9cada seguinte, o AMG 450 SLC Racing Coup\u00e9 venceu Grande Pr\u00eamio de N\u00fcrburgring. Essa vit\u00f3ria impulsionou os neg\u00f3cios da AMG, uma vez que diversos propriet\u00e1rios de coup\u00e9s de rua passaram a buscar mais pot\u00eancia por meio dos projetos oferecidos pela preparadora alem\u00e3.<\/p>\n<p>&nbsp;<\/p>\n<p>Desde ent\u00e3o, a AMG cresceu de forma impressionante, equipando cada vez mais ve\u00edculos Mercedes-Benz, tornando a personaliza\u00e7\u00e3o um novo campo de neg\u00f3cios. Assim, em 1990, a Mercedes-Benz AG assina um contrato de coopera\u00e7\u00e3o nos projetos esportivos. Mais tarde, em 1999, a Daimler Chrysler AG se tornou a propriet\u00e1ria majorit\u00e1ria e, em 2005, a acionista \u00fanica da AMG.<\/p>\n<p>&nbsp;<\/p>\n<p>Nos anos seguintes, a fus\u00e3o da Mercedes-Benz e da AMG proporcionou conquistas ainda maiores. O C 36 AMG, por exemplo, foi o primeiro best-seller da marca, com 5 mil unidades vendidas. Entre v\u00e1rios outros ve\u00edculos produzidos em larga escala, destacou-se tamb\u00e9m o Mercedes-Benz SLS AMG, primeiro autom\u00f3vel inteiramente desenvolvido pela Mercedes-AMG. Sua performance, aliada ao design inovador, que inclui as portas \u201casas de gaivota\u201d, s\u00e3o lembrados pelos f\u00e3s da marca at\u00e9 hoje.<\/p>\n<p>&nbsp;<\/p>\n<p>Atualmente, toda a fam\u00edlia de modelos AMG GT (duas e quatro portas) fazem parte da segunda gera\u00e7\u00e3o de autom\u00f3veis desenvolvidos inteiramente pela marca de alta performance.<\/p>\n<p>&nbsp;<\/p>\n<p>Em 2022, a linha Mercedes-AMG \u00e9 a mais variada do mercado e foi criada para atender aos mais diversos desejos e necessidades do cliente. A gama abrange mais de 50 vers\u00f5es, sendo 12 dispon\u00edveis no Brasil, al\u00e9m de diferentes produtos de alto desempenho Mercedes-AMG com pot\u00eancias que come\u00e7am em 306 cv (Mercedes-AMG 35 4MATIC) e atingem at\u00e9 639 cv (Mercedes-AMG GT 63 S 4MATIC+ 4-doors Coup\u00e9). Esse portf\u00f3lio oferece sedans, coup\u00e9s e SUVs, bem como roadsters e o Mercedes-AMG GT.<\/p>\n<p>&nbsp;<\/p>\n<p>Cada modelo AMG \u00e9 um ve\u00edculo de alta performance que oferece uma pot\u00eancia \u00fanica, som marcante do motor e excelente padr\u00e3o de dire\u00e7\u00e3o. A exclusividade tamb\u00e9m vem como padr\u00e3o, assim como a m\u00e1xima qualidade e acabamento.<\/p>\n<p>&nbsp;<\/p>\n<p>Com suas ra\u00edzes firmemente assentadas no automobilismo, a marca Mercedes-AMG est\u00e1 presente nas pistas h\u00e1 cinco d\u00e9cadas, desde sua posi\u00e7\u00e3o como a marca de maior sucesso na hist\u00f3ria do DTM (campeonato alem\u00e3o de turismo), at\u00e9 seu compromisso global com o automobilismo para clientes no n\u00edvel mais alto com o SLS AMG GT3, o Mercedes-AMG GT3 e GT4.<\/p>\n<p>&nbsp;<\/p>\n<p>A marca Mercedes-AMG tamb\u00e9m est\u00e1 representada na F\u00f3rmula 1 desde a temporada de 2012 pela equipe Mercedes-AMG Petronas e pela fabricante de motores e tecnologia Mercedes-AMG High Performance Powertrains. Al\u00e9m disso, a AMG tamb\u00e9m fornece o Safety Car de F\u00f3rmula 1 e o Carro M\u00e9dico de F\u00f3rmula 1 desde 1996.<\/p>\n<p>&nbsp;<\/p>\n<p>E essa conex\u00e3o com o universo do automobilismo ficou ainda mais forte neste ano, com a chegada das primeiras unidades do hiperesportivo Mercedes-AMG ONE, utilizando um conjunto mec\u00e2nico original dos modelos da equipe de F1 nos \u00faltimos anos, com mais de 1.000 cv.<\/p>\n<p>&nbsp;<\/p>\n<p>In\u00fameras a\u00e7\u00f5es de parceria foram criadas ao longo dos anos. Atualmente, marcas como a Maison de rel\u00f3gios de luxo su\u00ed\u00e7a IWC, o rapper Will.I.AM, a marca de skateware londrina Palace, fabricante de barcos de corrida Cigarrette Racing ou a gigante Microsoft e seu jogos de simuladores virtuais trabalham em conjunto com a AMG para levar a marca e seus produtos a novos p\u00fablicos.<\/p>\n<p>&nbsp;<\/p>\n<p>Para o futuro, o objetivo da marca \u00e9 tornar-se tamb\u00e9m um \u00edcone da alta performance na era da eletrifica\u00e7\u00e3o. O EQS 53 4MATIC+ \u00e9 o primeiro modelo Mercedes-AMG 100% el\u00e9trico, com autonomia de at\u00e9 580 km e 658 cv de pot\u00eancia, e marca novo momento da empresa.<\/p>\n<p>&nbsp;<\/p>\n<p>J\u00e1 o Vision AMG, apresenta as ideias da marca para o futuro, com amplo foco em efici\u00eancia em todas as partes, seja no design ou no uso de novos materiais.<\/p>\n<p>&nbsp;<\/p>\n<p><strong>Principais momentos na hist\u00f3ria da Mercedes-AMG<\/strong><\/p>\n<p>&nbsp;<\/p>\n<ul>\n<li>07.1967 Funda\u00e7\u00e3o da AMG \u2013 Aufrecht Melcher Gro\u00dfaspach empresa de engenharia, design e desenvolvimento de motores de corrida<\/li>\n<li>1971: AMG 300 SEL 6.8 vence sua categoria nas 24 horas de SPA<\/li>\n<li>1976: AMG se muda para uma nova oficina em Affalterbach<\/li>\n<li>1986: Melcher cria o AMG 300 E 5.0\u20136.0 \u201cThe Hammer\u201d \u2013 at\u00e9 hoje um mito nos EUA<\/li>\n<li>1990: AMG assina primeiro contrato de coopera\u00e7\u00e3o Mercedes-Benz para competi\u00e7\u00f5es esportivas<\/li>\n<li>1993: Lan\u00e7ado Mercedes-Benz C 36 AMG, primeiro modelo de rua com a assinatura oficial da AMG<\/li>\n<li>1996: Modelos Mercedes-AMG passam a serem os Safety e Medical Cars oficiais da F\u00f3rmula 1<\/li>\n<li>1999: Daimler Chrysler AG se torna principal acion\u00e1ria da AMG<\/li>\n<li>2005: Daimler Chrysler AG se torna \u00fanica acionista da AMG<\/li>\n<li>2009: Mercedes-AMG lan\u00e7a o primeiro modelo desenvolvido completamente pela marca: SLS AMG<\/li>\n<li>2014: Lan\u00e7amento do segundo modelo criado pela Mercedes-AMG, a fam\u00edlia AMG-GT, e de uma nova linha de modelos: os motores 43<\/li>\n<li>2018: Mercedes-AMG GT 63 S: vers\u00e3o de 4 portas do \u00edcone AMG GT, com 639 cv e acelerando de 0-100 km\/h em 3,2 segundos. Uma marca impressionante para um esportivo com mais de 2 toneladas<\/li>\n<li>2020: Melhor ano da Mercedes-AMG no Brasil, com 629 unidades emplacadas. E Lewis Hamilton vence a F\u00f3rmula 1 pela s\u00e9tima vez<\/li>\n<li>2022: Mercedes-AMG atinge a marca de 50 modelos poss\u00edveis, entre todas as combina\u00e7\u00f5es de motores e carrocerias.<\/li>\n<\/ul>\n<p>&nbsp;<\/p>\n<p>Para oferecer um atendimento ainda mais personalizado e exclusivo ao cliente desse segmento, a marca conta com 12 concession\u00e1rios Performance Center no Brasil, que apresentam profissionais AMG Experts para Vendas e P\u00f3s-Venda. (Coisas de Agora)<\/p>\n","protected":false},"excerpt":{"rendered":"<p>Coisas de Agora &nbsp; O m\u00eas de junho deste ano representa dois grandes momentos para os clientes e f\u00e3s da Mercedes-Benz no Brasil. Neste per\u00edodo, a marca celebra 55 anos da Mercedes-AMG e apresenta novidades com rela\u00e7\u00e3o \u00e0 eletrifica\u00e7\u00e3o. Os fundadores, Hans Werner Aufrecht e Erhard Melcher, buscavam o m\u00e1ximo desempenho e perfei\u00e7\u00e3o quando lan\u00e7aram\u2026 <a class=\"readmore\" href=\"https:\/\/dana.com.br\/canaldana\/2022\/06\/17\/mercedes-amg-celebra-55-anos-de-alta-performance-e-traz-novidades-com-eletrificacao\/\">Leia mais \u00bb<\/a><\/p>\n","protected":false},"author":3,"featured_media":0,"comment_status":"closed","ping_status":"closed","sticky":false,"template":"","format":"standard","meta":{"_acf_changed":false,"footnotes":""},"categories":[110],"tags":[],"class_list":["post-58998","post","type-post","status-publish","format-standard","hentry","category-eletricos"],"acf":[],"yoast_head":"<!-- This site is optimized with the Yoast SEO plugin v27.3 - https:\/\/yoast.com\/product\/yoast-seo-wordpress\/ -->\n<title>Mercedes-AMG celebra 55 anos de alta performance e traz novidades com eletrifica\u00e7\u00e3o - Canal Dana<\/title>\n<meta name=\"robots\" content=\"index, follow, max-snippet:-1, max-image-preview:large, max-video-preview:-1\" \/>\n<link rel=\"canonical\" href=\"https:\/\/dana.com.br\/canaldana\/2022\/06\/17\/mercedes-amg-celebra-55-anos-de-alta-performance-e-traz-novidades-com-eletrificacao\/\" \/>\n<meta property=\"og:locale\" content=\"pt_BR\" \/>\n<meta property=\"og:type\" content=\"article\" \/>\n<meta property=\"og:title\" content=\"Mercedes-AMG celebra 55 anos de alta performance e traz novidades com eletrifica\u00e7\u00e3o - Canal Dana\" \/>\n<meta property=\"og:description\" content=\"Coisas de Agora &nbsp; O m\u00eas de junho deste ano representa dois grandes momentos para os clientes e f\u00e3s da Mercedes-Benz no Brasil. Neste per\u00edodo, a marca celebra 55 anos da Mercedes-AMG e apresenta novidades com rela\u00e7\u00e3o \u00e0 eletrifica\u00e7\u00e3o. Os fundadores, Hans Werner Aufrecht e Erhard Melcher, buscavam o m\u00e1ximo desempenho e perfei\u00e7\u00e3o quando lan\u00e7aram\u2026 Leia mais \u00bb\" \/>\n<meta property=\"og:url\" content=\"https:\/\/dana.com.br\/canaldana\/2022\/06\/17\/mercedes-amg-celebra-55-anos-de-alta-performance-e-traz-novidades-com-eletrificacao\/\" \/>\n<meta property=\"og:site_name\" content=\"Canal Dana\" \/>\n<meta property=\"article:published_time\" content=\"2022-06-17T12:00:14+00:00\" \/>\n<meta name=\"author\" content=\"Canal Dana\" \/>\n<meta name=\"twitter:card\" content=\"summary_large_image\" \/>\n<meta name=\"twitter:label1\" content=\"Escrito por\" \/>\n\t<meta name=\"twitter:data1\" content=\"Canal Dana\" \/>\n\t<meta name=\"twitter:label2\" content=\"Est. tempo de leitura\" \/>\n\t<meta name=\"twitter:data2\" content=\"8 minutos\" \/>\n<script type=\"application\/ld+json\" class=\"yoast-schema-graph\">{\"@context\":\"https:\\\/\\\/schema.org\",\"@graph\":[{\"@type\":\"Article\",\"@id\":\"https:\\\/\\\/dana.com.br\\\/canaldana\\\/2022\\\/06\\\/17\\\/mercedes-amg-celebra-55-anos-de-alta-performance-e-traz-novidades-com-eletrificacao\\\/#article\",\"isPartOf\":{\"@id\":\"https:\\\/\\\/dana.com.br\\\/canaldana\\\/2022\\\/06\\\/17\\\/mercedes-amg-celebra-55-anos-de-alta-performance-e-traz-novidades-com-eletrificacao\\\/\"},\"author\":{\"name\":\"Canal Dana\",\"@id\":\"https:\\\/\\\/dana.com.br\\\/canaldana\\\/#\\\/schema\\\/person\\\/3c21f22f56fcf3bc46b94bc60ea4fef6\"},\"headline\":\"Mercedes-AMG celebra 55 anos de alta performance e traz novidades com eletrifica\u00e7\u00e3o\",\"datePublished\":\"2022-06-17T12:00:14+00:00\",\"mainEntityOfPage\":{\"@id\":\"https:\\\/\\\/dana.com.br\\\/canaldana\\\/2022\\\/06\\\/17\\\/mercedes-amg-celebra-55-anos-de-alta-performance-e-traz-novidades-com-eletrificacao\\\/\"},\"wordCount\":1356,\"articleSection\":[\"El\u00e9tricos\"],\"inLanguage\":\"pt-BR\"},{\"@type\":\"WebPage\",\"@id\":\"https:\\\/\\\/dana.com.br\\\/canaldana\\\/2022\\\/06\\\/17\\\/mercedes-amg-celebra-55-anos-de-alta-performance-e-traz-novidades-com-eletrificacao\\\/\",\"url\":\"https:\\\/\\\/dana.com.br\\\/canaldana\\\/2022\\\/06\\\/17\\\/mercedes-amg-celebra-55-anos-de-alta-performance-e-traz-novidades-com-eletrificacao\\\/\",\"name\":\"Mercedes-AMG celebra 55 anos de alta performance e traz novidades com eletrifica\u00e7\u00e3o - Canal Dana\",\"isPartOf\":{\"@id\":\"https:\\\/\\\/dana.com.br\\\/canaldana\\\/#website\"},\"datePublished\":\"2022-06-17T12:00:14+00:00\",\"author\":{\"@id\":\"https:\\\/\\\/dana.com.br\\\/canaldana\\\/#\\\/schema\\\/person\\\/3c21f22f56fcf3bc46b94bc60ea4fef6\"},\"breadcrumb\":{\"@id\":\"https:\\\/\\\/dana.com.br\\\/canaldana\\\/2022\\\/06\\\/17\\\/mercedes-amg-celebra-55-anos-de-alta-performance-e-traz-novidades-com-eletrificacao\\\/#breadcrumb\"},\"inLanguage\":\"pt-BR\",\"potentialAction\":[{\"@type\":\"ReadAction\",\"target\":[\"https:\\\/\\\/dana.com.br\\\/canaldana\\\/2022\\\/06\\\/17\\\/mercedes-amg-celebra-55-anos-de-alta-performance-e-traz-novidades-com-eletrificacao\\\/\"]}]},{\"@type\":\"BreadcrumbList\",\"@id\":\"https:\\\/\\\/dana.com.br\\\/canaldana\\\/2022\\\/06\\\/17\\\/mercedes-amg-celebra-55-anos-de-alta-performance-e-traz-novidades-com-eletrificacao\\\/#breadcrumb\",\"itemListElement\":[{\"@type\":\"ListItem\",\"position\":1,\"name\":\"Home\",\"item\":\"https:\\\/\\\/dana.com.br\\\/canaldana\\\/\"},{\"@type\":\"ListItem\",\"position\":2,\"name\":\"El\u00e9tricos\",\"item\":\"https:\\\/\\\/dana.com.br\\\/canaldana\\\/eletricos\\\/\"},{\"@type\":\"ListItem\",\"position\":3,\"name\":\"Mercedes-AMG celebra 55 anos de alta performance e traz novidades com eletrifica\u00e7\u00e3o\"}]},{\"@type\":\"WebSite\",\"@id\":\"https:\\\/\\\/dana.com.br\\\/canaldana\\\/#website\",\"url\":\"https:\\\/\\\/dana.com.br\\\/canaldana\\\/\",\"name\":\"Canal Dana\",\"description\":\"Informativo com as principais not\u00edcias da ind\u00fastria automotiva\",\"potentialAction\":[{\"@type\":\"SearchAction\",\"target\":{\"@type\":\"EntryPoint\",\"urlTemplate\":\"https:\\\/\\\/dana.com.br\\\/canaldana\\\/?s={search_term_string}\"},\"query-input\":{\"@type\":\"PropertyValueSpecification\",\"valueRequired\":true,\"valueName\":\"search_term_string\"}}],\"inLanguage\":\"pt-BR\"},{\"@type\":\"Person\",\"@id\":\"https:\\\/\\\/dana.com.br\\\/canaldana\\\/#\\\/schema\\\/person\\\/3c21f22f56fcf3bc46b94bc60ea4fef6\",\"name\":\"Canal Dana\",\"image\":{\"@type\":\"ImageObject\",\"inLanguage\":\"pt-BR\",\"@id\":\"https:\\\/\\\/secure.gravatar.com\\\/avatar\\\/420aaf9278582877d9018637c6817617705899d2858d7572ef0fe59a6b6454b4?s=96&d=mm&r=g\",\"url\":\"https:\\\/\\\/secure.gravatar.com\\\/avatar\\\/420aaf9278582877d9018637c6817617705899d2858d7572ef0fe59a6b6454b4?s=96&d=mm&r=g\",\"contentUrl\":\"https:\\\/\\\/secure.gravatar.com\\\/avatar\\\/420aaf9278582877d9018637c6817617705899d2858d7572ef0fe59a6b6454b4?s=96&d=mm&r=g\",\"caption\":\"Canal Dana\"},\"url\":\"https:\\\/\\\/dana.com.br\\\/canaldana\\\/author\\\/cdeditor\\\/\"}]}<\/script>\n<!-- \/ Yoast SEO plugin. -->","yoast_head_json":{"title":"Mercedes-AMG celebra 55 anos de alta performance e traz novidades com eletrifica\u00e7\u00e3o - Canal Dana","robots":{"index":"index","follow":"follow","max-snippet":"max-snippet:-1","max-image-preview":"max-image-preview:large","max-video-preview":"max-video-preview:-1"},"canonical":"https:\/\/dana.com.br\/canaldana\/2022\/06\/17\/mercedes-amg-celebra-55-anos-de-alta-performance-e-traz-novidades-com-eletrificacao\/","og_locale":"pt_BR","og_type":"article","og_title":"Mercedes-AMG celebra 55 anos de alta performance e traz novidades com eletrifica\u00e7\u00e3o - Canal Dana","og_description":"Coisas de Agora &nbsp; O m\u00eas de junho deste ano representa dois grandes momentos para os clientes e f\u00e3s da Mercedes-Benz no Brasil. Neste per\u00edodo, a marca celebra 55 anos da Mercedes-AMG e apresenta novidades com rela\u00e7\u00e3o \u00e0 eletrifica\u00e7\u00e3o. Os fundadores, Hans Werner Aufrecht e Erhard Melcher, buscavam o m\u00e1ximo desempenho e perfei\u00e7\u00e3o quando lan\u00e7aram\u2026 Leia mais \u00bb","og_url":"https:\/\/dana.com.br\/canaldana\/2022\/06\/17\/mercedes-amg-celebra-55-anos-de-alta-performance-e-traz-novidades-com-eletrificacao\/","og_site_name":"Canal Dana","article_published_time":"2022-06-17T12:00:14+00:00","author":"Canal Dana","twitter_card":"summary_large_image","twitter_misc":{"Escrito por":"Canal Dana","Est. tempo de leitura":"8 minutos"},"schema":{"@context":"https:\/\/schema.org","@graph":[{"@type":"Article","@id":"https:\/\/dana.com.br\/canaldana\/2022\/06\/17\/mercedes-amg-celebra-55-anos-de-alta-performance-e-traz-novidades-com-eletrificacao\/#article","isPartOf":{"@id":"https:\/\/dana.com.br\/canaldana\/2022\/06\/17\/mercedes-amg-celebra-55-anos-de-alta-performance-e-traz-novidades-com-eletrificacao\/"},"author":{"name":"Canal Dana","@id":"https:\/\/dana.com.br\/canaldana\/#\/schema\/person\/3c21f22f56fcf3bc46b94bc60ea4fef6"},"headline":"Mercedes-AMG celebra 55 anos de alta performance e traz novidades com eletrifica\u00e7\u00e3o","datePublished":"2022-06-17T12:00:14+00:00","mainEntityOfPage":{"@id":"https:\/\/dana.com.br\/canaldana\/2022\/06\/17\/mercedes-amg-celebra-55-anos-de-alta-performance-e-traz-novidades-com-eletrificacao\/"},"wordCount":1356,"articleSection":["El\u00e9tricos"],"inLanguage":"pt-BR"},{"@type":"WebPage","@id":"https:\/\/dana.com.br\/canaldana\/2022\/06\/17\/mercedes-amg-celebra-55-anos-de-alta-performance-e-traz-novidades-com-eletrificacao\/","url":"https:\/\/dana.com.br\/canaldana\/2022\/06\/17\/mercedes-amg-celebra-55-anos-de-alta-performance-e-traz-novidades-com-eletrificacao\/","name":"Mercedes-AMG celebra 55 anos de alta performance e traz novidades com eletrifica\u00e7\u00e3o - Canal Dana","isPartOf":{"@id":"https:\/\/dana.com.br\/canaldana\/#website"},"datePublished":"2022-06-17T12:00:14+00:00","author":{"@id":"https:\/\/dana.com.br\/canaldana\/#\/schema\/person\/3c21f22f56fcf3bc46b94bc60ea4fef6"},"breadcrumb":{"@id":"https:\/\/dana.com.br\/canaldana\/2022\/06\/17\/mercedes-amg-celebra-55-anos-de-alta-performance-e-traz-novidades-com-eletrificacao\/#breadcrumb"},"inLanguage":"pt-BR","potentialAction":[{"@type":"ReadAction","target":["https:\/\/dana.com.br\/canaldana\/2022\/06\/17\/mercedes-amg-celebra-55-anos-de-alta-performance-e-traz-novidades-com-eletrificacao\/"]}]},{"@type":"BreadcrumbList","@id":"https:\/\/dana.com.br\/canaldana\/2022\/06\/17\/mercedes-amg-celebra-55-anos-de-alta-performance-e-traz-novidades-com-eletrificacao\/#breadcrumb","itemListElement":[{"@type":"ListItem","position":1,"name":"Home","item":"https:\/\/dana.com.br\/canaldana\/"},{"@type":"ListItem","position":2,"name":"El\u00e9tricos","item":"https:\/\/dana.com.br\/canaldana\/eletricos\/"},{"@type":"ListItem","position":3,"name":"Mercedes-AMG celebra 55 anos de alta performance e traz novidades com eletrifica\u00e7\u00e3o"}]},{"@type":"WebSite","@id":"https:\/\/dana.com.br\/canaldana\/#website","url":"https:\/\/dana.com.br\/canaldana\/","name":"Canal Dana","description":"Informativo com as principais not\u00edcias da ind\u00fastria automotiva","potentialAction":[{"@type":"SearchAction","target":{"@type":"EntryPoint","urlTemplate":"https:\/\/dana.com.br\/canaldana\/?s={search_term_string}"},"query-input":{"@type":"PropertyValueSpecification","valueRequired":true,"valueName":"search_term_string"}}],"inLanguage":"pt-BR"},{"@type":"Person","@id":"https:\/\/dana.com.br\/canaldana\/#\/schema\/person\/3c21f22f56fcf3bc46b94bc60ea4fef6","name":"Canal Dana","image":{"@type":"ImageObject","inLanguage":"pt-BR","@id":"https:\/\/secure.gravatar.com\/avatar\/420aaf9278582877d9018637c6817617705899d2858d7572ef0fe59a6b6454b4?s=96&d=mm&r=g","url":"https:\/\/secure.gravatar.com\/avatar\/420aaf9278582877d9018637c6817617705899d2858d7572ef0fe59a6b6454b4?s=96&d=mm&r=g","contentUrl":"https:\/\/secure.gravatar.com\/avatar\/420aaf9278582877d9018637c6817617705899d2858d7572ef0fe59a6b6454b4?s=96&d=mm&r=g","caption":"Canal Dana"},"url":"https:\/\/dana.com.br\/canaldana\/author\/cdeditor\/"}]}},"_links":{"self":[{"href":"https:\/\/dana.com.br\/canaldana\/wp-json\/wp\/v2\/posts\/58998","targetHints":{"allow":["GET"]}}],"collection":[{"href":"https:\/\/dana.com.br\/canaldana\/wp-json\/wp\/v2\/posts"}],"about":[{"href":"https:\/\/dana.com.br\/canaldana\/wp-json\/wp\/v2\/types\/post"}],"author":[{"embeddable":true,"href":"https:\/\/dana.com.br\/canaldana\/wp-json\/wp\/v2\/users\/3"}],"replies":[{"embeddable":true,"href":"https:\/\/dana.com.br\/canaldana\/wp-json\/wp\/v2\/comments?post=58998"}],"version-history":[{"count":0,"href":"https:\/\/dana.com.br\/canaldana\/wp-json\/wp\/v2\/posts\/58998\/revisions"}],"wp:attachment":[{"href":"https:\/\/dana.com.br\/canaldana\/wp-json\/wp\/v2\/media?parent=58998"}],"wp:term":[{"taxonomy":"category","embeddable":true,"href":"https:\/\/dana.com.br\/canaldana\/wp-json\/wp\/v2\/categories?post=58998"},{"taxonomy":"post_tag","embeddable":true,"href":"https:\/\/dana.com.br\/canaldana\/wp-json\/wp\/v2\/tags?post=58998"}],"curies":[{"name":"wp","href":"https:\/\/api.w.org\/{rel}","templated":true}]}}