{"id":58988,"date":"2022-06-15T09:06:39","date_gmt":"2022-06-15T12:06:39","guid":{"rendered":"https:\/\/dana.com.br\/canaldana\/?p=58988"},"modified":"2022-06-15T09:06:39","modified_gmt":"2022-06-15T12:06:39","slug":"autopecas-debatem-oportunidades-para-a-industria-brasileira","status":"publish","type":"post","link":"https:\/\/dana.com.br\/canaldana\/2022\/06\/15\/autopecas-debatem-oportunidades-para-a-industria-brasileira\/","title":{"rendered":"Autope\u00e7as debatem oportunidades para a ind\u00fastria brasileira"},"content":{"rendered":"<p><em>AutoInd\u00fastria <\/em><\/p>\n<p>&nbsp;<\/p>\n<p>\u201cAs mudan\u00e7as da ind\u00fastria automotiva mundial t\u00eam sido t\u00e3o transformadoras quanto foi o seu pr\u00f3prio nascimento, no in\u00edcio do s\u00e9culo passado, mas muito mais velozes. Quais s\u00e3o as oportunidades para o setor de autope\u00e7as no Brasil nesse movimento irrevers\u00edvel de grandes mudan\u00e7as na arquitetura dos ve\u00edculos e na matriz energ\u00e9tica?\u201d<\/p>\n<p>&nbsp;<\/p>\n<p>Esse \u00e9 o texto de chamada do 3\u00ba Encontro da Ind\u00fastria de Autope\u00e7as que o Sindipe\u00e7as promove, ainda em formato virtual, na pr\u00f3xima segunda-feira, 20. A abertura, \u00e0s 14h, estar\u00e1 a cargo do presidente da entidade, Cl\u00e1udio Sahad, e na sequ\u00eancia acontece a Palestra Magna, que tem por tema \u201cDescarboniza\u00e7\u00e3o e altera\u00e7\u00e3o da matriz energ\u00e9tica: quais ser\u00e3o os impactos para a cadeia de produ\u00e7\u00e3o na ind\u00fastria automotiva mundial e no Brasil, considerado todo o ciclo de vida do ve\u00edculo\u201d.<\/p>\n<p>&nbsp;<\/p>\n<p>O respons\u00e1vel por essa palestra, programada para o per\u00edodo das 14h10 \u00e0s 15h, ser\u00e1 Masahiro Inoue, CEO da Toyota da Am\u00e9rica Latina e Caribe, e o debate sobre o tema ter\u00e1 como moderadores Rafael Chang, presidente da Toyota do Brasil, e Dan Iochpe, membro do Conselho de Administra\u00e7\u00e3o do Sindipe\u00e7as e ex-presidente da entidade.<\/p>\n<p>&nbsp;<\/p>\n<p>Das 15h \u00e0s 16h ser\u00e1 realizado o painel A Vis\u00e3o da \u00c1sia, que mostrar\u00e1 a vis\u00e3o de representantes de pa\u00edses dessa regiao que respondem por cerca de 40% da produ\u00e7\u00e3o mundial de ve\u00edculos: Tony Bell, vice-presidente de Opera\u00e7\u00f5es da GKN Driveline na \u00c1sia, Mingyu Guan, managing partner da McKinsey &amp; Company em Beijing, e Scott McEwan, diretor da Hyundai Mobis nos Estados Unidos. G\u00e1bor De\u00e1k, diretor de tecnologia do Sindipe\u00e7as, ser\u00e1 o moderador,<\/p>\n<p>&nbsp;<\/p>\n<p>Em seguida, das 16h \u00e0s 17h, o painel Transforma\u00e7\u00e3o Digital abordar\u00e1 os impactos desse processo na cadeia automotiva no Brasil e no mundo e como fabricantes locais de autope\u00e7as j\u00e1 iniciaram o processo em suas empresas. Os participantes desse bloco s\u00e3o Renate Fuchs, diretora da Accenture Strategy &amp; Consulting, Marcos Oliveira, presidente e CEO da Iochpe Maxion, Ricardo Teixeira Avila, diretor de opera\u00e7\u00f5es (COO) da Sab\u00f3, Luiz Gustavo Mwosa, presidente da Parano\u00e1 e fundador da DataWake, e Maur\u00edcio Muramoto, diretor de inova\u00e7\u00e3o do Sindipe\u00e7as (moderador)<\/p>\n<p>&nbsp;<\/p>\n<p>Por fim, das 17h \u00e0s 18h, o painel Macrotend\u00eancias na Reposi\u00e7\u00e3o mostrar\u00e1 como esse segmento deve se preparar para o impacto da concorr\u00eancia dos novos market places e para a inova\u00e7\u00e3o trazida por digitaliza\u00e7\u00e3o, descarboniza\u00e7\u00e3o e conectividade. Outra importante quest\u00e3o \u00e9 a implanta\u00e7\u00e3o de sistemas de seguran\u00e7a (security gateway, SGW), em contraponto ao direito \u00e0 repara\u00e7\u00e3o (right to repair).<\/p>\n<p>&nbsp;<\/p>\n<p>Os participantes do \u00faltimo painel s\u00e3o Delfim Calixto, vice-presidente de Aftermarket da Bosch, Robinson Silva, gerente de marketing e novos neg\u00f3cios na Am\u00e9rica Latina da Bosch, Paulo Gomes, diretor comercial da reposi\u00e7\u00e3o do Grupo Randon\u200b, C\u00e9sar Ferreira, diretor de inova\u00e7\u00e3o e tecnologia de poduto do Grupo Randon, Rodrigo Carneiro, CEO do MercadoCar e presidente da Andap, Conrado Comolatti Ruivo, diretor comercial da BR AutoParts (Grupo Comolatti), Osvaldo Keller, diretor de ovIna\u00e7\u00e3o e TI da DPK, Elias Mufarej, diretor do Sindipe\u00e7as (moderador). (AutoInd\u00fastria\/Alzira Rodrigues)<\/p>\n","protected":false},"excerpt":{"rendered":"<p>AutoInd\u00fastria &nbsp; \u201cAs mudan\u00e7as da ind\u00fastria automotiva mundial t\u00eam sido t\u00e3o transformadoras quanto foi o seu pr\u00f3prio nascimento, no in\u00edcio do s\u00e9culo passado, mas muito mais velozes. Quais s\u00e3o as oportunidades para o setor de autope\u00e7as no Brasil nesse movimento irrevers\u00edvel de grandes mudan\u00e7as na arquitetura dos ve\u00edculos e na matriz energ\u00e9tica?\u201d &nbsp; Esse \u00e9\u2026 <a class=\"readmore\" href=\"https:\/\/dana.com.br\/canaldana\/2022\/06\/15\/autopecas-debatem-oportunidades-para-a-industria-brasileira\/\">Leia mais \u00bb<\/a><\/p>\n","protected":false},"author":3,"featured_media":0,"comment_status":"closed","ping_status":"closed","sticky":false,"template":"","format":"standard","meta":{"_acf_changed":false,"footnotes":""},"categories":[61],"tags":[],"class_list":["post-58988","post","type-post","status-publish","format-standard","hentry","category-destaques"],"acf":[],"yoast_head":"<!-- This site is optimized with the Yoast SEO plugin v27.3 - https:\/\/yoast.com\/product\/yoast-seo-wordpress\/ -->\n<title>Autope\u00e7as debatem oportunidades para a ind\u00fastria brasileira - Canal Dana<\/title>\n<meta name=\"robots\" content=\"index, follow, max-snippet:-1, max-image-preview:large, max-video-preview:-1\" \/>\n<link rel=\"canonical\" href=\"https:\/\/dana.com.br\/canaldana\/2022\/06\/15\/autopecas-debatem-oportunidades-para-a-industria-brasileira\/\" \/>\n<meta property=\"og:locale\" content=\"pt_BR\" \/>\n<meta property=\"og:type\" content=\"article\" \/>\n<meta property=\"og:title\" content=\"Autope\u00e7as debatem oportunidades para a ind\u00fastria brasileira - Canal Dana\" \/>\n<meta property=\"og:description\" content=\"AutoInd\u00fastria &nbsp; \u201cAs mudan\u00e7as da ind\u00fastria automotiva mundial t\u00eam sido t\u00e3o transformadoras quanto foi o seu pr\u00f3prio nascimento, no in\u00edcio do s\u00e9culo passado, mas muito mais velozes. Quais s\u00e3o as oportunidades para o setor de autope\u00e7as no Brasil nesse movimento irrevers\u00edvel de grandes mudan\u00e7as na arquitetura dos ve\u00edculos e na matriz energ\u00e9tica?\u201d &nbsp; Esse \u00e9\u2026 Leia mais \u00bb\" \/>\n<meta property=\"og:url\" content=\"https:\/\/dana.com.br\/canaldana\/2022\/06\/15\/autopecas-debatem-oportunidades-para-a-industria-brasileira\/\" \/>\n<meta property=\"og:site_name\" content=\"Canal Dana\" \/>\n<meta property=\"article:published_time\" content=\"2022-06-15T12:06:39+00:00\" \/>\n<meta name=\"author\" content=\"Canal Dana\" \/>\n<meta name=\"twitter:card\" content=\"summary_large_image\" \/>\n<meta name=\"twitter:label1\" content=\"Escrito por\" \/>\n\t<meta name=\"twitter:data1\" content=\"Canal Dana\" \/>\n\t<meta name=\"twitter:label2\" content=\"Est. tempo de leitura\" \/>\n\t<meta name=\"twitter:data2\" content=\"3 minutos\" \/>\n<script type=\"application\/ld+json\" class=\"yoast-schema-graph\">{\"@context\":\"https:\\\/\\\/schema.org\",\"@graph\":[{\"@type\":\"Article\",\"@id\":\"https:\\\/\\\/dana.com.br\\\/canaldana\\\/2022\\\/06\\\/15\\\/autopecas-debatem-oportunidades-para-a-industria-brasileira\\\/#article\",\"isPartOf\":{\"@id\":\"https:\\\/\\\/dana.com.br\\\/canaldana\\\/2022\\\/06\\\/15\\\/autopecas-debatem-oportunidades-para-a-industria-brasileira\\\/\"},\"author\":{\"name\":\"Canal Dana\",\"@id\":\"https:\\\/\\\/dana.com.br\\\/canaldana\\\/#\\\/schema\\\/person\\\/3c21f22f56fcf3bc46b94bc60ea4fef6\"},\"headline\":\"Autope\u00e7as debatem oportunidades para a ind\u00fastria brasileira\",\"datePublished\":\"2022-06-15T12:06:39+00:00\",\"mainEntityOfPage\":{\"@id\":\"https:\\\/\\\/dana.com.br\\\/canaldana\\\/2022\\\/06\\\/15\\\/autopecas-debatem-oportunidades-para-a-industria-brasileira\\\/\"},\"wordCount\":562,\"articleSection\":[\"Destaques\"],\"inLanguage\":\"pt-BR\"},{\"@type\":\"WebPage\",\"@id\":\"https:\\\/\\\/dana.com.br\\\/canaldana\\\/2022\\\/06\\\/15\\\/autopecas-debatem-oportunidades-para-a-industria-brasileira\\\/\",\"url\":\"https:\\\/\\\/dana.com.br\\\/canaldana\\\/2022\\\/06\\\/15\\\/autopecas-debatem-oportunidades-para-a-industria-brasileira\\\/\",\"name\":\"Autope\u00e7as debatem oportunidades para a ind\u00fastria brasileira - Canal Dana\",\"isPartOf\":{\"@id\":\"https:\\\/\\\/dana.com.br\\\/canaldana\\\/#website\"},\"datePublished\":\"2022-06-15T12:06:39+00:00\",\"author\":{\"@id\":\"https:\\\/\\\/dana.com.br\\\/canaldana\\\/#\\\/schema\\\/person\\\/3c21f22f56fcf3bc46b94bc60ea4fef6\"},\"breadcrumb\":{\"@id\":\"https:\\\/\\\/dana.com.br\\\/canaldana\\\/2022\\\/06\\\/15\\\/autopecas-debatem-oportunidades-para-a-industria-brasileira\\\/#breadcrumb\"},\"inLanguage\":\"pt-BR\",\"potentialAction\":[{\"@type\":\"ReadAction\",\"target\":[\"https:\\\/\\\/dana.com.br\\\/canaldana\\\/2022\\\/06\\\/15\\\/autopecas-debatem-oportunidades-para-a-industria-brasileira\\\/\"]}]},{\"@type\":\"BreadcrumbList\",\"@id\":\"https:\\\/\\\/dana.com.br\\\/canaldana\\\/2022\\\/06\\\/15\\\/autopecas-debatem-oportunidades-para-a-industria-brasileira\\\/#breadcrumb\",\"itemListElement\":[{\"@type\":\"ListItem\",\"position\":1,\"name\":\"Home\",\"item\":\"https:\\\/\\\/dana.com.br\\\/canaldana\\\/\"},{\"@type\":\"ListItem\",\"position\":2,\"name\":\"Destaques\",\"item\":\"https:\\\/\\\/dana.com.br\\\/canaldana\\\/destaques\\\/\"},{\"@type\":\"ListItem\",\"position\":3,\"name\":\"Autope\u00e7as debatem oportunidades para a ind\u00fastria brasileira\"}]},{\"@type\":\"WebSite\",\"@id\":\"https:\\\/\\\/dana.com.br\\\/canaldana\\\/#website\",\"url\":\"https:\\\/\\\/dana.com.br\\\/canaldana\\\/\",\"name\":\"Canal Dana\",\"description\":\"Informativo com as principais not\u00edcias da ind\u00fastria automotiva\",\"potentialAction\":[{\"@type\":\"SearchAction\",\"target\":{\"@type\":\"EntryPoint\",\"urlTemplate\":\"https:\\\/\\\/dana.com.br\\\/canaldana\\\/?s={search_term_string}\"},\"query-input\":{\"@type\":\"PropertyValueSpecification\",\"valueRequired\":true,\"valueName\":\"search_term_string\"}}],\"inLanguage\":\"pt-BR\"},{\"@type\":\"Person\",\"@id\":\"https:\\\/\\\/dana.com.br\\\/canaldana\\\/#\\\/schema\\\/person\\\/3c21f22f56fcf3bc46b94bc60ea4fef6\",\"name\":\"Canal Dana\",\"image\":{\"@type\":\"ImageObject\",\"inLanguage\":\"pt-BR\",\"@id\":\"https:\\\/\\\/secure.gravatar.com\\\/avatar\\\/420aaf9278582877d9018637c6817617705899d2858d7572ef0fe59a6b6454b4?s=96&d=mm&r=g\",\"url\":\"https:\\\/\\\/secure.gravatar.com\\\/avatar\\\/420aaf9278582877d9018637c6817617705899d2858d7572ef0fe59a6b6454b4?s=96&d=mm&r=g\",\"contentUrl\":\"https:\\\/\\\/secure.gravatar.com\\\/avatar\\\/420aaf9278582877d9018637c6817617705899d2858d7572ef0fe59a6b6454b4?s=96&d=mm&r=g\",\"caption\":\"Canal Dana\"},\"url\":\"https:\\\/\\\/dana.com.br\\\/canaldana\\\/author\\\/cdeditor\\\/\"}]}<\/script>\n<!-- \/ Yoast SEO plugin. -->","yoast_head_json":{"title":"Autope\u00e7as debatem oportunidades para a ind\u00fastria brasileira - Canal Dana","robots":{"index":"index","follow":"follow","max-snippet":"max-snippet:-1","max-image-preview":"max-image-preview:large","max-video-preview":"max-video-preview:-1"},"canonical":"https:\/\/dana.com.br\/canaldana\/2022\/06\/15\/autopecas-debatem-oportunidades-para-a-industria-brasileira\/","og_locale":"pt_BR","og_type":"article","og_title":"Autope\u00e7as debatem oportunidades para a ind\u00fastria brasileira - Canal Dana","og_description":"AutoInd\u00fastria &nbsp; \u201cAs mudan\u00e7as da ind\u00fastria automotiva mundial t\u00eam sido t\u00e3o transformadoras quanto foi o seu pr\u00f3prio nascimento, no in\u00edcio do s\u00e9culo passado, mas muito mais velozes. Quais s\u00e3o as oportunidades para o setor de autope\u00e7as no Brasil nesse movimento irrevers\u00edvel de grandes mudan\u00e7as na arquitetura dos ve\u00edculos e na matriz energ\u00e9tica?\u201d &nbsp; Esse \u00e9\u2026 Leia mais \u00bb","og_url":"https:\/\/dana.com.br\/canaldana\/2022\/06\/15\/autopecas-debatem-oportunidades-para-a-industria-brasileira\/","og_site_name":"Canal Dana","article_published_time":"2022-06-15T12:06:39+00:00","author":"Canal Dana","twitter_card":"summary_large_image","twitter_misc":{"Escrito por":"Canal Dana","Est. tempo de leitura":"3 minutos"},"schema":{"@context":"https:\/\/schema.org","@graph":[{"@type":"Article","@id":"https:\/\/dana.com.br\/canaldana\/2022\/06\/15\/autopecas-debatem-oportunidades-para-a-industria-brasileira\/#article","isPartOf":{"@id":"https:\/\/dana.com.br\/canaldana\/2022\/06\/15\/autopecas-debatem-oportunidades-para-a-industria-brasileira\/"},"author":{"name":"Canal Dana","@id":"https:\/\/dana.com.br\/canaldana\/#\/schema\/person\/3c21f22f56fcf3bc46b94bc60ea4fef6"},"headline":"Autope\u00e7as debatem oportunidades para a ind\u00fastria brasileira","datePublished":"2022-06-15T12:06:39+00:00","mainEntityOfPage":{"@id":"https:\/\/dana.com.br\/canaldana\/2022\/06\/15\/autopecas-debatem-oportunidades-para-a-industria-brasileira\/"},"wordCount":562,"articleSection":["Destaques"],"inLanguage":"pt-BR"},{"@type":"WebPage","@id":"https:\/\/dana.com.br\/canaldana\/2022\/06\/15\/autopecas-debatem-oportunidades-para-a-industria-brasileira\/","url":"https:\/\/dana.com.br\/canaldana\/2022\/06\/15\/autopecas-debatem-oportunidades-para-a-industria-brasileira\/","name":"Autope\u00e7as debatem oportunidades para a ind\u00fastria brasileira - Canal Dana","isPartOf":{"@id":"https:\/\/dana.com.br\/canaldana\/#website"},"datePublished":"2022-06-15T12:06:39+00:00","author":{"@id":"https:\/\/dana.com.br\/canaldana\/#\/schema\/person\/3c21f22f56fcf3bc46b94bc60ea4fef6"},"breadcrumb":{"@id":"https:\/\/dana.com.br\/canaldana\/2022\/06\/15\/autopecas-debatem-oportunidades-para-a-industria-brasileira\/#breadcrumb"},"inLanguage":"pt-BR","potentialAction":[{"@type":"ReadAction","target":["https:\/\/dana.com.br\/canaldana\/2022\/06\/15\/autopecas-debatem-oportunidades-para-a-industria-brasileira\/"]}]},{"@type":"BreadcrumbList","@id":"https:\/\/dana.com.br\/canaldana\/2022\/06\/15\/autopecas-debatem-oportunidades-para-a-industria-brasileira\/#breadcrumb","itemListElement":[{"@type":"ListItem","position":1,"name":"Home","item":"https:\/\/dana.com.br\/canaldana\/"},{"@type":"ListItem","position":2,"name":"Destaques","item":"https:\/\/dana.com.br\/canaldana\/destaques\/"},{"@type":"ListItem","position":3,"name":"Autope\u00e7as debatem oportunidades para a ind\u00fastria brasileira"}]},{"@type":"WebSite","@id":"https:\/\/dana.com.br\/canaldana\/#website","url":"https:\/\/dana.com.br\/canaldana\/","name":"Canal Dana","description":"Informativo com as principais not\u00edcias da ind\u00fastria automotiva","potentialAction":[{"@type":"SearchAction","target":{"@type":"EntryPoint","urlTemplate":"https:\/\/dana.com.br\/canaldana\/?s={search_term_string}"},"query-input":{"@type":"PropertyValueSpecification","valueRequired":true,"valueName":"search_term_string"}}],"inLanguage":"pt-BR"},{"@type":"Person","@id":"https:\/\/dana.com.br\/canaldana\/#\/schema\/person\/3c21f22f56fcf3bc46b94bc60ea4fef6","name":"Canal Dana","image":{"@type":"ImageObject","inLanguage":"pt-BR","@id":"https:\/\/secure.gravatar.com\/avatar\/420aaf9278582877d9018637c6817617705899d2858d7572ef0fe59a6b6454b4?s=96&d=mm&r=g","url":"https:\/\/secure.gravatar.com\/avatar\/420aaf9278582877d9018637c6817617705899d2858d7572ef0fe59a6b6454b4?s=96&d=mm&r=g","contentUrl":"https:\/\/secure.gravatar.com\/avatar\/420aaf9278582877d9018637c6817617705899d2858d7572ef0fe59a6b6454b4?s=96&d=mm&r=g","caption":"Canal Dana"},"url":"https:\/\/dana.com.br\/canaldana\/author\/cdeditor\/"}]}},"_links":{"self":[{"href":"https:\/\/dana.com.br\/canaldana\/wp-json\/wp\/v2\/posts\/58988","targetHints":{"allow":["GET"]}}],"collection":[{"href":"https:\/\/dana.com.br\/canaldana\/wp-json\/wp\/v2\/posts"}],"about":[{"href":"https:\/\/dana.com.br\/canaldana\/wp-json\/wp\/v2\/types\/post"}],"author":[{"embeddable":true,"href":"https:\/\/dana.com.br\/canaldana\/wp-json\/wp\/v2\/users\/3"}],"replies":[{"embeddable":true,"href":"https:\/\/dana.com.br\/canaldana\/wp-json\/wp\/v2\/comments?post=58988"}],"version-history":[{"count":0,"href":"https:\/\/dana.com.br\/canaldana\/wp-json\/wp\/v2\/posts\/58988\/revisions"}],"wp:attachment":[{"href":"https:\/\/dana.com.br\/canaldana\/wp-json\/wp\/v2\/media?parent=58988"}],"wp:term":[{"taxonomy":"category","embeddable":true,"href":"https:\/\/dana.com.br\/canaldana\/wp-json\/wp\/v2\/categories?post=58988"},{"taxonomy":"post_tag","embeddable":true,"href":"https:\/\/dana.com.br\/canaldana\/wp-json\/wp\/v2\/tags?post=58988"}],"curies":[{"name":"wp","href":"https:\/\/api.w.org\/{rel}","templated":true}]}}