{"id":58984,"date":"2022-06-15T09:05:22","date_gmt":"2022-06-15T12:05:22","guid":{"rendered":"https:\/\/dana.com.br\/canaldana\/?p=58984"},"modified":"2022-06-15T09:05:22","modified_gmt":"2022-06-15T12:05:22","slug":"petroleo-segue-em-alta-e-governo-pede-a-petrobras-que-adie-reajuste-de-precos","status":"publish","type":"post","link":"https:\/\/dana.com.br\/canaldana\/2022\/06\/15\/petroleo-segue-em-alta-e-governo-pede-a-petrobras-que-adie-reajuste-de-precos\/","title":{"rendered":"Petr\u00f3leo segue em alta e governo pede \u00e0 Petrobras que adie reajuste de pre\u00e7os"},"content":{"rendered":"<p><em>O Estado de S. Paulo <\/em><\/p>\n<p>&nbsp;<\/p>\n<p>Emiss\u00e1rios do governo se reuniram na noite de segunda-feira com a diretoria da Petrobras para tentar impedir o aumento de combust\u00edveis que a estatal planeja anunciar ainda nesta semana, de acordo com fontes ouvidas pelo Estad\u00e3o\/broadcast. A ideia \u00e9 reajustar o pre\u00e7o da gasolina em 9% e o do diesel, em 11%, como forma de amenizar a defasagem de valores entre o mercado interno e o mercado internacional.<\/p>\n<p>&nbsp;<\/p>\n<p>O governo avalia que a escalada de pre\u00e7os dos combust\u00edveis tem tirado votos do presidente Jair Bolsonaro, que concorre \u00e0 reelei\u00e7\u00e3o. Na reuni\u00e3o, o governo tamb\u00e9m disse que temia que o aumento anulasse os esfor\u00e7os para aprova\u00e7\u00e3o de projeto no Congresso que limita o teto do ICMS em 17% para uma s\u00e9rie de itens, entre eles, os combust\u00edveis. Por isso, o governo queria que a Petrobras aguardasse mais tempo para elevar os pre\u00e7os para n\u00e3o atrapalhar a vota\u00e7\u00e3o. A diretoria da estatal n\u00e3o deu certeza ao governo se vai ou n\u00e3o manter os pre\u00e7os congelados.<\/p>\n<p>&nbsp;<\/p>\n<p>A press\u00e3o do governo sobre a diretoria da Petrobras n\u00e3o chega a ser ilegal. Mas o artigo 117 da Lei das S.A. diz que o acionista-controlador pode responder por abuso de poder quando adotar pol\u00edticas ou decis\u00f5es que causem preju\u00edzo \u00e0 empresa \u2013 o que aconteceria se a Petrobras deixar de reajustar seus pre\u00e7os a pedido do governo. A lei afirma tamb\u00e9m que o controlador deve preservar o poder de competi\u00e7\u00e3o da empresa, em fun\u00e7\u00e3o das condi\u00e7\u00f5es de mercado.<\/p>\n<p>&nbsp;<\/p>\n<p>Procurada, a Petrobras n\u00e3o confirmou a realiza\u00e7\u00e3o da reuni\u00e3o. A empresa est\u00e1 em plena transi\u00e7\u00e3o de comando, aguardando a documenta\u00e7\u00e3o dos nomes indicados pelo governo para compor o novo conselho de administra\u00e7\u00e3o.<\/p>\n<p>&nbsp;<\/p>\n<p>O \u00fanico nome que est\u00e1 sendo avaliado at\u00e9 o momento pelo Comit\u00ea de Pessoas (Cope) da empresa \u00e9 o do secret\u00e1rio de Desburocratiza\u00e7\u00e3o do Minist\u00e9rio da Economia, Caio Paes de Andrade, indicado para assumir o comando da Petrobras. O Cope \u00e9 um \u00f3rg\u00e3o consultivo. Assim, apesar de ter um curr\u00edculo que n\u00e3o preenche os requisitos da Lei das Estatais e do Estatuto da Petrobras, Andrade poder\u00e1 ser aprovado para o cargo.<\/p>\n<p>&nbsp;<\/p>\n<p><strong>Pre\u00e7o do petr\u00f3leo<\/strong><\/p>\n<p>&nbsp;<\/p>\n<p>A movimenta\u00e7\u00e3o do governo tem como pano de fundo a previs\u00e3o de analistas de que o pre\u00e7o do petr\u00f3leo deve seguir em alta no mercado internacional, aumentando as press\u00f5es por um novo reajuste no Pa\u00eds. Bancos e corretoras acreditam que o pre\u00e7o pode passar de US$ 130 o barril no m\u00e9dio prazo, e chegar at\u00e9 o fim do ano em US$ 150, como previu o Morgan Stanley em relat\u00f3rio divulgado recentemente. O movimento leva em considera\u00e7\u00e3o a continuidade da guerra entre R\u00fassia e Ucr\u00e2nia, al\u00e9m da capacidade de a China de vencer a covid-19.<\/p>\n<p>&nbsp;<\/p>\n<p>Ontem, as cota\u00e7\u00f5es chegaram a subir quase 2% durante a manh\u00e3, depois da divulga\u00e7\u00e3o de relat\u00f3rio mensal da Opep mantendo a previs\u00e3o de aumento da demanda no ano em 3,36 milh\u00f5es de barris\/dia. Mas fecharam o dia em queda, com o fortalecimento do d\u00f3lar frente a outras moedas. O pre\u00e7o do \u00f3leo tipo Brent com entrega em agosto recuou 0,9%, para US$ 121,17.<\/p>\n<p>&nbsp;<\/p>\n<p>Esse movimento de alta pressiona ainda mais os pre\u00e7os no mercado brasileiro. Atualmente, os pre\u00e7os do diesel e da gasolina acumulam uma defasagem de 16% em rela\u00e7\u00e3o ao mercado externo. Al\u00e9m do pre\u00e7o do barril em alta, a cota\u00e7\u00e3o do d\u00f3lar, que voltou a atingir a casa dos R$ 5,10, tamb\u00e9m acaba influenciando os pre\u00e7os no mercado interno.<\/p>\n<p>&nbsp;<\/p>\n<p>Com esse cen\u00e1rio, a expectativa \u00e9 de que a Petrobras anuncie um reajuste, pelo menos para o diesel, ainda esta semana, segundo fontes ligadas \u00e0 estatal. Na semana passada, a companhia chegou a divulgar nota alertando para dificuldades no mercado global de diesel e reafirmando sua pol\u00edtica de pre\u00e7os alinhados aos do mercado internacional, \u00fanica forma de manter as importa\u00e7\u00f5es ativas por outros agentes e, assim, evitar a falta do combust\u00edvel no Pa\u00eds.<\/p>\n<p>&nbsp;<\/p>\n<p>\u201cA defasagem dos pre\u00e7os dos combust\u00edveis \u00e9 grande, e ser\u00e1 dif\u00edcil a Petrobras n\u00e3o fazer mais um repasse de pre\u00e7os. Se n\u00e3o fizer isso, o mercado enxerga como interven\u00e7\u00e3o na estatal\u201d, diz Carlos Castrucci, s\u00f3cio fundador da HOA Asset.<\/p>\n<p>&nbsp;<\/p>\n<p>Para Pedro Galdi, analista da Mirae Asset, apesar da guerra no Leste Europeu, o que vai comandar o pre\u00e7o do petr\u00f3leo ser\u00e1, principalmente, a capacidade da China de conseguir vencer a onda de covid em Xangai e Pequim e voltar ao seu normal. \u201cTrabalhar com o barril a US$ 150 \u00e9 considerar que a oferta continue escassa de petr\u00f3leo e a economia global se recupere. Mantidas as condi\u00e7\u00f5es atuais, ficar entre US$ 120 e US$ 140 parece razo\u00e1vel\u201d, diz.<\/p>\n<p>&nbsp;<\/p>\n<p>Jo\u00e3o Frota, analista da Senso Investimentos, diz que h\u00e1 pouca clareza para se falar em pre\u00e7os futuros do petr\u00f3leo, j\u00e1 que a vari\u00e1vel mais importante em jogo \u00e9 a guerra da R\u00fassia com a Ucr\u00e2nia. Para Frota, na hip\u00f3tese de o conflito ser resolvido no curto prazo, a cota\u00e7\u00e3o da commodity deve ficar mais pr\u00f3xima de US$ 90 o barril. Na hip\u00f3tese de um prolongamento da guerra, que \u00e9 o cen\u00e1rio mais prov\u00e1vel neste momento, o pre\u00e7o futuro do barril deve ficar entre US$ 125 e US$ 130. (O Estado de S. Paulo\/M\u00f4nica Ciarelli, Denise Luna, Wagner Gomes e Gabriel Vasconcelos)<\/p>\n","protected":false},"excerpt":{"rendered":"<p>O Estado de S. Paulo &nbsp; Emiss\u00e1rios do governo se reuniram na noite de segunda-feira com a diretoria da Petrobras para tentar impedir o aumento de combust\u00edveis que a estatal planeja anunciar ainda nesta semana, de acordo com fontes ouvidas pelo Estad\u00e3o\/broadcast. A ideia \u00e9 reajustar o pre\u00e7o da gasolina em 9% e o do\u2026 <a class=\"readmore\" href=\"https:\/\/dana.com.br\/canaldana\/2022\/06\/15\/petroleo-segue-em-alta-e-governo-pede-a-petrobras-que-adie-reajuste-de-precos\/\">Leia mais \u00bb<\/a><\/p>\n","protected":false},"author":3,"featured_media":0,"comment_status":"closed","ping_status":"closed","sticky":false,"template":"","format":"standard","meta":{"_acf_changed":false,"footnotes":""},"categories":[79],"tags":[],"class_list":["post-58984","post","type-post","status-publish","format-standard","hentry","category-mercado"],"acf":[],"yoast_head":"<!-- This site is optimized with the Yoast SEO plugin v27.3 - https:\/\/yoast.com\/product\/yoast-seo-wordpress\/ -->\n<title>Petr\u00f3leo segue em alta e governo pede \u00e0 Petrobras que adie reajuste de pre\u00e7os - Canal Dana<\/title>\n<meta name=\"robots\" content=\"index, follow, max-snippet:-1, max-image-preview:large, max-video-preview:-1\" \/>\n<link rel=\"canonical\" href=\"https:\/\/dana.com.br\/canaldana\/2022\/06\/15\/petroleo-segue-em-alta-e-governo-pede-a-petrobras-que-adie-reajuste-de-precos\/\" \/>\n<meta property=\"og:locale\" content=\"pt_BR\" \/>\n<meta property=\"og:type\" content=\"article\" \/>\n<meta property=\"og:title\" content=\"Petr\u00f3leo segue em alta e governo pede \u00e0 Petrobras que adie reajuste de pre\u00e7os - Canal Dana\" \/>\n<meta property=\"og:description\" content=\"O Estado de S. Paulo &nbsp; Emiss\u00e1rios do governo se reuniram na noite de segunda-feira com a diretoria da Petrobras para tentar impedir o aumento de combust\u00edveis que a estatal planeja anunciar ainda nesta semana, de acordo com fontes ouvidas pelo Estad\u00e3o\/broadcast. A ideia \u00e9 reajustar o pre\u00e7o da gasolina em 9% e o do\u2026 Leia mais \u00bb\" \/>\n<meta property=\"og:url\" content=\"https:\/\/dana.com.br\/canaldana\/2022\/06\/15\/petroleo-segue-em-alta-e-governo-pede-a-petrobras-que-adie-reajuste-de-precos\/\" \/>\n<meta property=\"og:site_name\" content=\"Canal Dana\" \/>\n<meta property=\"article:published_time\" content=\"2022-06-15T12:05:22+00:00\" \/>\n<meta name=\"author\" content=\"Canal Dana\" \/>\n<meta name=\"twitter:card\" content=\"summary_large_image\" \/>\n<meta name=\"twitter:label1\" content=\"Escrito por\" \/>\n\t<meta name=\"twitter:data1\" content=\"Canal Dana\" \/>\n\t<meta name=\"twitter:label2\" content=\"Est. tempo de leitura\" \/>\n\t<meta name=\"twitter:data2\" content=\"5 minutos\" \/>\n<script type=\"application\/ld+json\" class=\"yoast-schema-graph\">{\"@context\":\"https:\\\/\\\/schema.org\",\"@graph\":[{\"@type\":\"Article\",\"@id\":\"https:\\\/\\\/dana.com.br\\\/canaldana\\\/2022\\\/06\\\/15\\\/petroleo-segue-em-alta-e-governo-pede-a-petrobras-que-adie-reajuste-de-precos\\\/#article\",\"isPartOf\":{\"@id\":\"https:\\\/\\\/dana.com.br\\\/canaldana\\\/2022\\\/06\\\/15\\\/petroleo-segue-em-alta-e-governo-pede-a-petrobras-que-adie-reajuste-de-precos\\\/\"},\"author\":{\"name\":\"Canal Dana\",\"@id\":\"https:\\\/\\\/dana.com.br\\\/canaldana\\\/#\\\/schema\\\/person\\\/3c21f22f56fcf3bc46b94bc60ea4fef6\"},\"headline\":\"Petr\u00f3leo segue em alta e governo pede \u00e0 Petrobras que adie reajuste de pre\u00e7os\",\"datePublished\":\"2022-06-15T12:05:22+00:00\",\"mainEntityOfPage\":{\"@id\":\"https:\\\/\\\/dana.com.br\\\/canaldana\\\/2022\\\/06\\\/15\\\/petroleo-segue-em-alta-e-governo-pede-a-petrobras-que-adie-reajuste-de-precos\\\/\"},\"wordCount\":967,\"articleSection\":[\"Mercado\"],\"inLanguage\":\"pt-BR\"},{\"@type\":\"WebPage\",\"@id\":\"https:\\\/\\\/dana.com.br\\\/canaldana\\\/2022\\\/06\\\/15\\\/petroleo-segue-em-alta-e-governo-pede-a-petrobras-que-adie-reajuste-de-precos\\\/\",\"url\":\"https:\\\/\\\/dana.com.br\\\/canaldana\\\/2022\\\/06\\\/15\\\/petroleo-segue-em-alta-e-governo-pede-a-petrobras-que-adie-reajuste-de-precos\\\/\",\"name\":\"Petr\u00f3leo segue em alta e governo pede \u00e0 Petrobras que adie reajuste de pre\u00e7os - Canal Dana\",\"isPartOf\":{\"@id\":\"https:\\\/\\\/dana.com.br\\\/canaldana\\\/#website\"},\"datePublished\":\"2022-06-15T12:05:22+00:00\",\"author\":{\"@id\":\"https:\\\/\\\/dana.com.br\\\/canaldana\\\/#\\\/schema\\\/person\\\/3c21f22f56fcf3bc46b94bc60ea4fef6\"},\"breadcrumb\":{\"@id\":\"https:\\\/\\\/dana.com.br\\\/canaldana\\\/2022\\\/06\\\/15\\\/petroleo-segue-em-alta-e-governo-pede-a-petrobras-que-adie-reajuste-de-precos\\\/#breadcrumb\"},\"inLanguage\":\"pt-BR\",\"potentialAction\":[{\"@type\":\"ReadAction\",\"target\":[\"https:\\\/\\\/dana.com.br\\\/canaldana\\\/2022\\\/06\\\/15\\\/petroleo-segue-em-alta-e-governo-pede-a-petrobras-que-adie-reajuste-de-precos\\\/\"]}]},{\"@type\":\"BreadcrumbList\",\"@id\":\"https:\\\/\\\/dana.com.br\\\/canaldana\\\/2022\\\/06\\\/15\\\/petroleo-segue-em-alta-e-governo-pede-a-petrobras-que-adie-reajuste-de-precos\\\/#breadcrumb\",\"itemListElement\":[{\"@type\":\"ListItem\",\"position\":1,\"name\":\"Home\",\"item\":\"https:\\\/\\\/dana.com.br\\\/canaldana\\\/\"},{\"@type\":\"ListItem\",\"position\":2,\"name\":\"Mercado\",\"item\":\"https:\\\/\\\/dana.com.br\\\/canaldana\\\/mercado\\\/\"},{\"@type\":\"ListItem\",\"position\":3,\"name\":\"Petr\u00f3leo segue em alta e governo pede \u00e0 Petrobras que adie reajuste de pre\u00e7os\"}]},{\"@type\":\"WebSite\",\"@id\":\"https:\\\/\\\/dana.com.br\\\/canaldana\\\/#website\",\"url\":\"https:\\\/\\\/dana.com.br\\\/canaldana\\\/\",\"name\":\"Canal Dana\",\"description\":\"Informativo com as principais not\u00edcias da ind\u00fastria automotiva\",\"potentialAction\":[{\"@type\":\"SearchAction\",\"target\":{\"@type\":\"EntryPoint\",\"urlTemplate\":\"https:\\\/\\\/dana.com.br\\\/canaldana\\\/?s={search_term_string}\"},\"query-input\":{\"@type\":\"PropertyValueSpecification\",\"valueRequired\":true,\"valueName\":\"search_term_string\"}}],\"inLanguage\":\"pt-BR\"},{\"@type\":\"Person\",\"@id\":\"https:\\\/\\\/dana.com.br\\\/canaldana\\\/#\\\/schema\\\/person\\\/3c21f22f56fcf3bc46b94bc60ea4fef6\",\"name\":\"Canal Dana\",\"image\":{\"@type\":\"ImageObject\",\"inLanguage\":\"pt-BR\",\"@id\":\"https:\\\/\\\/secure.gravatar.com\\\/avatar\\\/420aaf9278582877d9018637c6817617705899d2858d7572ef0fe59a6b6454b4?s=96&d=mm&r=g\",\"url\":\"https:\\\/\\\/secure.gravatar.com\\\/avatar\\\/420aaf9278582877d9018637c6817617705899d2858d7572ef0fe59a6b6454b4?s=96&d=mm&r=g\",\"contentUrl\":\"https:\\\/\\\/secure.gravatar.com\\\/avatar\\\/420aaf9278582877d9018637c6817617705899d2858d7572ef0fe59a6b6454b4?s=96&d=mm&r=g\",\"caption\":\"Canal Dana\"},\"url\":\"https:\\\/\\\/dana.com.br\\\/canaldana\\\/author\\\/cdeditor\\\/\"}]}<\/script>\n<!-- \/ Yoast SEO plugin. -->","yoast_head_json":{"title":"Petr\u00f3leo segue em alta e governo pede \u00e0 Petrobras que adie reajuste de pre\u00e7os - Canal Dana","robots":{"index":"index","follow":"follow","max-snippet":"max-snippet:-1","max-image-preview":"max-image-preview:large","max-video-preview":"max-video-preview:-1"},"canonical":"https:\/\/dana.com.br\/canaldana\/2022\/06\/15\/petroleo-segue-em-alta-e-governo-pede-a-petrobras-que-adie-reajuste-de-precos\/","og_locale":"pt_BR","og_type":"article","og_title":"Petr\u00f3leo segue em alta e governo pede \u00e0 Petrobras que adie reajuste de pre\u00e7os - Canal Dana","og_description":"O Estado de S. Paulo &nbsp; Emiss\u00e1rios do governo se reuniram na noite de segunda-feira com a diretoria da Petrobras para tentar impedir o aumento de combust\u00edveis que a estatal planeja anunciar ainda nesta semana, de acordo com fontes ouvidas pelo Estad\u00e3o\/broadcast. A ideia \u00e9 reajustar o pre\u00e7o da gasolina em 9% e o do\u2026 Leia mais \u00bb","og_url":"https:\/\/dana.com.br\/canaldana\/2022\/06\/15\/petroleo-segue-em-alta-e-governo-pede-a-petrobras-que-adie-reajuste-de-precos\/","og_site_name":"Canal Dana","article_published_time":"2022-06-15T12:05:22+00:00","author":"Canal Dana","twitter_card":"summary_large_image","twitter_misc":{"Escrito por":"Canal Dana","Est. tempo de leitura":"5 minutos"},"schema":{"@context":"https:\/\/schema.org","@graph":[{"@type":"Article","@id":"https:\/\/dana.com.br\/canaldana\/2022\/06\/15\/petroleo-segue-em-alta-e-governo-pede-a-petrobras-que-adie-reajuste-de-precos\/#article","isPartOf":{"@id":"https:\/\/dana.com.br\/canaldana\/2022\/06\/15\/petroleo-segue-em-alta-e-governo-pede-a-petrobras-que-adie-reajuste-de-precos\/"},"author":{"name":"Canal Dana","@id":"https:\/\/dana.com.br\/canaldana\/#\/schema\/person\/3c21f22f56fcf3bc46b94bc60ea4fef6"},"headline":"Petr\u00f3leo segue em alta e governo pede \u00e0 Petrobras que adie reajuste de pre\u00e7os","datePublished":"2022-06-15T12:05:22+00:00","mainEntityOfPage":{"@id":"https:\/\/dana.com.br\/canaldana\/2022\/06\/15\/petroleo-segue-em-alta-e-governo-pede-a-petrobras-que-adie-reajuste-de-precos\/"},"wordCount":967,"articleSection":["Mercado"],"inLanguage":"pt-BR"},{"@type":"WebPage","@id":"https:\/\/dana.com.br\/canaldana\/2022\/06\/15\/petroleo-segue-em-alta-e-governo-pede-a-petrobras-que-adie-reajuste-de-precos\/","url":"https:\/\/dana.com.br\/canaldana\/2022\/06\/15\/petroleo-segue-em-alta-e-governo-pede-a-petrobras-que-adie-reajuste-de-precos\/","name":"Petr\u00f3leo segue em alta e governo pede \u00e0 Petrobras que adie reajuste de pre\u00e7os - Canal Dana","isPartOf":{"@id":"https:\/\/dana.com.br\/canaldana\/#website"},"datePublished":"2022-06-15T12:05:22+00:00","author":{"@id":"https:\/\/dana.com.br\/canaldana\/#\/schema\/person\/3c21f22f56fcf3bc46b94bc60ea4fef6"},"breadcrumb":{"@id":"https:\/\/dana.com.br\/canaldana\/2022\/06\/15\/petroleo-segue-em-alta-e-governo-pede-a-petrobras-que-adie-reajuste-de-precos\/#breadcrumb"},"inLanguage":"pt-BR","potentialAction":[{"@type":"ReadAction","target":["https:\/\/dana.com.br\/canaldana\/2022\/06\/15\/petroleo-segue-em-alta-e-governo-pede-a-petrobras-que-adie-reajuste-de-precos\/"]}]},{"@type":"BreadcrumbList","@id":"https:\/\/dana.com.br\/canaldana\/2022\/06\/15\/petroleo-segue-em-alta-e-governo-pede-a-petrobras-que-adie-reajuste-de-precos\/#breadcrumb","itemListElement":[{"@type":"ListItem","position":1,"name":"Home","item":"https:\/\/dana.com.br\/canaldana\/"},{"@type":"ListItem","position":2,"name":"Mercado","item":"https:\/\/dana.com.br\/canaldana\/mercado\/"},{"@type":"ListItem","position":3,"name":"Petr\u00f3leo segue em alta e governo pede \u00e0 Petrobras que adie reajuste de pre\u00e7os"}]},{"@type":"WebSite","@id":"https:\/\/dana.com.br\/canaldana\/#website","url":"https:\/\/dana.com.br\/canaldana\/","name":"Canal Dana","description":"Informativo com as principais not\u00edcias da ind\u00fastria automotiva","potentialAction":[{"@type":"SearchAction","target":{"@type":"EntryPoint","urlTemplate":"https:\/\/dana.com.br\/canaldana\/?s={search_term_string}"},"query-input":{"@type":"PropertyValueSpecification","valueRequired":true,"valueName":"search_term_string"}}],"inLanguage":"pt-BR"},{"@type":"Person","@id":"https:\/\/dana.com.br\/canaldana\/#\/schema\/person\/3c21f22f56fcf3bc46b94bc60ea4fef6","name":"Canal Dana","image":{"@type":"ImageObject","inLanguage":"pt-BR","@id":"https:\/\/secure.gravatar.com\/avatar\/420aaf9278582877d9018637c6817617705899d2858d7572ef0fe59a6b6454b4?s=96&d=mm&r=g","url":"https:\/\/secure.gravatar.com\/avatar\/420aaf9278582877d9018637c6817617705899d2858d7572ef0fe59a6b6454b4?s=96&d=mm&r=g","contentUrl":"https:\/\/secure.gravatar.com\/avatar\/420aaf9278582877d9018637c6817617705899d2858d7572ef0fe59a6b6454b4?s=96&d=mm&r=g","caption":"Canal Dana"},"url":"https:\/\/dana.com.br\/canaldana\/author\/cdeditor\/"}]}},"_links":{"self":[{"href":"https:\/\/dana.com.br\/canaldana\/wp-json\/wp\/v2\/posts\/58984","targetHints":{"allow":["GET"]}}],"collection":[{"href":"https:\/\/dana.com.br\/canaldana\/wp-json\/wp\/v2\/posts"}],"about":[{"href":"https:\/\/dana.com.br\/canaldana\/wp-json\/wp\/v2\/types\/post"}],"author":[{"embeddable":true,"href":"https:\/\/dana.com.br\/canaldana\/wp-json\/wp\/v2\/users\/3"}],"replies":[{"embeddable":true,"href":"https:\/\/dana.com.br\/canaldana\/wp-json\/wp\/v2\/comments?post=58984"}],"version-history":[{"count":0,"href":"https:\/\/dana.com.br\/canaldana\/wp-json\/wp\/v2\/posts\/58984\/revisions"}],"wp:attachment":[{"href":"https:\/\/dana.com.br\/canaldana\/wp-json\/wp\/v2\/media?parent=58984"}],"wp:term":[{"taxonomy":"category","embeddable":true,"href":"https:\/\/dana.com.br\/canaldana\/wp-json\/wp\/v2\/categories?post=58984"},{"taxonomy":"post_tag","embeddable":true,"href":"https:\/\/dana.com.br\/canaldana\/wp-json\/wp\/v2\/tags?post=58984"}],"curies":[{"name":"wp","href":"https:\/\/api.w.org\/{rel}","templated":true}]}}