{"id":58982,"date":"2022-06-15T09:04:42","date_gmt":"2022-06-15T12:04:42","guid":{"rendered":"https:\/\/dana.com.br\/canaldana\/?p=58982"},"modified":"2022-06-15T09:04:42","modified_gmt":"2022-06-15T12:04:42","slug":"camara-referenda-teto-de-17-para-icms-sobre-combustiveis","status":"publish","type":"post","link":"https:\/\/dana.com.br\/canaldana\/2022\/06\/15\/camara-referenda-teto-de-17-para-icms-sobre-combustiveis\/","title":{"rendered":"C\u00e2mara referenda teto de 17% para ICMS sobre combust\u00edveis"},"content":{"rendered":"<p><em>O Estado de S. Paulo <\/em><\/p>\n<p>&nbsp;<\/p>\n<p>Um dia ap\u00f3s a vota\u00e7\u00e3o no Senado, a C\u00e2mara dos Deputados aprovou ontem o texto-base do projeto que fixa um teto para o ICMS sobre combust\u00edveis, g\u00e1s natural, energia el\u00e9trica, comunica\u00e7\u00f5es e transporte coletivo. Pelo texto, esses itens passam a ser classificados como essenciais e indispens\u00e1veis, o que pro\u00edbe Estados de cobrar taxa superior \u00e0 al\u00edquota geral de ICMS, que varia entre 17% e 18%, a depender da localidade. Hoje, a al\u00edquota chega a at\u00e9 34% em alguns Estados, como no Rio, que cobra esse patamar sobre a gasolina.<\/p>\n<p>&nbsp;<\/p>\n<p>A C\u00e2mara ainda votar\u00e1, hoje, destaques ao texto-base, antes de levar o projeto para a san\u00e7\u00e3o presidencial. Esta foi a segunda vez que os deputados analisaram a proposta, que teve origem na C\u00e2mara. Uma segunda vota\u00e7\u00e3o foi necess\u00e1ria, pois o texto foi aprovado no Senado com mudan\u00e7as, embora o conte\u00fado principal do projeto tenha sido mantido.<\/p>\n<p>&nbsp;<\/p>\n<p>Os deputados mantiveram algumas medidas inclu\u00eddas pelos senadores, como a garantia do repasse de recursos ao Fundo de Manuten\u00e7\u00e3o e Desenvolvimento da Educa\u00e7\u00e3o B\u00e1sica (Fundeb), mas rejeitaram outras, como um c\u00e1lculo mais ben\u00e9fico aos Estados do gatilho para a compensa\u00e7\u00e3o por perdas de receitas com o tributo estadual. Foram 348 votos a favor e nenhum contr\u00e1rio.<\/p>\n<p>&nbsp;<\/p>\n<p><strong>Compensa\u00e7\u00e3o<\/strong><\/p>\n<p>&nbsp;<\/p>\n<p>Uma mudan\u00e7a aprovada no Senado, e mantida pela C\u00e2mara num acordo com a oposi\u00e7\u00e3o, determinou que a Uni\u00e3o deve compensar os Estados e munic\u00edpios para que mantenham os gastos m\u00ednimos constitucionais em educa\u00e7\u00e3o e sa\u00fade na compara\u00e7\u00e3o com o que estava em vigor antes de a lei do teto valer.<\/p>\n<p>&nbsp;<\/p>\n<p>A medida garante os repasses de verbas ao Fundeb por prazo indeterminado. Havia uma articula\u00e7\u00e3o de deputados, com apoio do Planalto, para derrubar esse trecho, mas o governo acabou cedendo.<\/p>\n<p>&nbsp;<\/p>\n<p>Em outra negocia\u00e7\u00e3o, o relator do projeto na C\u00e2mara, deputado Elmar Nascimento (Uni\u00e3o Brasil-ba), decidiu rejeitar a mudan\u00e7a feita pelo Senado no gatilho para compensar os Estados pela perda de arrecada\u00e7\u00e3o com ICMS. O texto aprovado pela C\u00e2mara em 25 de maio, retomado ontem, estabeleceu que por seis meses a Uni\u00e3o deveria ressarcir os governos estaduais, por meio do abatimento da d\u00edvida com a Uni\u00e3o, toda vez que a redu\u00e7\u00e3o de receitas com o ICMS fosse de 5%, na compara\u00e7\u00e3o com o ano passado.<\/p>\n<p>&nbsp;<\/p>\n<p>No entanto, o relator no Senado, Fernando Bezerra Coelho (MDB-PE), havia determinado que o gatilho poderia ser acionado para cada bem ou servi\u00e7o de que trata o projeto (energia, combust\u00edveis, telecomunica\u00e7\u00f5es e transporte coletivo), e n\u00e3o mais sobre o total da receita do Estado com o ICMS. Os deputados avaliaram que essa altera\u00e7\u00e3o, ben\u00e9fica aos governadores, \u201cdeformaria\u201d o projeto.<\/p>\n<p>&nbsp;<\/p>\n<p>Outra mudan\u00e7a do Senado mantida pela C\u00e2mara foi a inclus\u00e3o de uma forma de compensa\u00e7\u00e3o da perda de receitas para os cinco Estados sem d\u00edvida com a Uni\u00e3o. Para esses entes, a compensa\u00e7\u00e3o ser\u00e1 feita em 2023, com recursos da Compensa\u00e7\u00e3o Financeira pela Explora\u00e7\u00e3o Mineral (CFEM) e com a prioriza\u00e7\u00e3o na contrata\u00e7\u00e3o de empr\u00e9stimos da Uni\u00e3o. \u2022<\/p>\n<p>&nbsp;<\/p>\n<p><strong>San\u00e7\u00e3o<\/strong><\/p>\n<p>&nbsp;<\/p>\n<p>C\u00e2mara deve votar hoje destaques ao texto-base. Depois disso, segue para san\u00e7\u00e3o presidencial. (O Estado de S. Paulo\/Iander Porcella e Izael Pereira)<\/p>\n","protected":false},"excerpt":{"rendered":"<p>O Estado de S. Paulo &nbsp; Um dia ap\u00f3s a vota\u00e7\u00e3o no Senado, a C\u00e2mara dos Deputados aprovou ontem o texto-base do projeto que fixa um teto para o ICMS sobre combust\u00edveis, g\u00e1s natural, energia el\u00e9trica, comunica\u00e7\u00f5es e transporte coletivo. Pelo texto, esses itens passam a ser classificados como essenciais e indispens\u00e1veis, o que pro\u00edbe\u2026 <a class=\"readmore\" href=\"https:\/\/dana.com.br\/canaldana\/2022\/06\/15\/camara-referenda-teto-de-17-para-icms-sobre-combustiveis\/\">Leia mais \u00bb<\/a><\/p>\n","protected":false},"author":3,"featured_media":0,"comment_status":"closed","ping_status":"closed","sticky":false,"template":"","format":"standard","meta":{"_acf_changed":false,"footnotes":""},"categories":[79],"tags":[],"class_list":["post-58982","post","type-post","status-publish","format-standard","hentry","category-mercado"],"acf":[],"yoast_head":"<!-- This site is optimized with the Yoast SEO plugin v27.3 - https:\/\/yoast.com\/product\/yoast-seo-wordpress\/ -->\n<title>C\u00e2mara referenda teto de 17% para ICMS sobre combust\u00edveis - Canal Dana<\/title>\n<meta name=\"robots\" content=\"index, follow, max-snippet:-1, max-image-preview:large, max-video-preview:-1\" \/>\n<link rel=\"canonical\" href=\"https:\/\/dana.com.br\/canaldana\/2022\/06\/15\/camara-referenda-teto-de-17-para-icms-sobre-combustiveis\/\" \/>\n<meta property=\"og:locale\" content=\"pt_BR\" \/>\n<meta property=\"og:type\" content=\"article\" \/>\n<meta property=\"og:title\" content=\"C\u00e2mara referenda teto de 17% para ICMS sobre combust\u00edveis - Canal Dana\" \/>\n<meta property=\"og:description\" content=\"O Estado de S. Paulo &nbsp; Um dia ap\u00f3s a vota\u00e7\u00e3o no Senado, a C\u00e2mara dos Deputados aprovou ontem o texto-base do projeto que fixa um teto para o ICMS sobre combust\u00edveis, g\u00e1s natural, energia el\u00e9trica, comunica\u00e7\u00f5es e transporte coletivo. Pelo texto, esses itens passam a ser classificados como essenciais e indispens\u00e1veis, o que pro\u00edbe\u2026 Leia mais \u00bb\" \/>\n<meta property=\"og:url\" content=\"https:\/\/dana.com.br\/canaldana\/2022\/06\/15\/camara-referenda-teto-de-17-para-icms-sobre-combustiveis\/\" \/>\n<meta property=\"og:site_name\" content=\"Canal Dana\" \/>\n<meta property=\"article:published_time\" content=\"2022-06-15T12:04:42+00:00\" \/>\n<meta name=\"author\" content=\"Canal Dana\" \/>\n<meta name=\"twitter:card\" content=\"summary_large_image\" \/>\n<meta name=\"twitter:label1\" content=\"Escrito por\" \/>\n\t<meta name=\"twitter:data1\" content=\"Canal Dana\" \/>\n\t<meta name=\"twitter:label2\" content=\"Est. tempo de leitura\" \/>\n\t<meta name=\"twitter:data2\" content=\"3 minutos\" \/>\n<script type=\"application\/ld+json\" class=\"yoast-schema-graph\">{\"@context\":\"https:\\\/\\\/schema.org\",\"@graph\":[{\"@type\":\"Article\",\"@id\":\"https:\\\/\\\/dana.com.br\\\/canaldana\\\/2022\\\/06\\\/15\\\/camara-referenda-teto-de-17-para-icms-sobre-combustiveis\\\/#article\",\"isPartOf\":{\"@id\":\"https:\\\/\\\/dana.com.br\\\/canaldana\\\/2022\\\/06\\\/15\\\/camara-referenda-teto-de-17-para-icms-sobre-combustiveis\\\/\"},\"author\":{\"name\":\"Canal Dana\",\"@id\":\"https:\\\/\\\/dana.com.br\\\/canaldana\\\/#\\\/schema\\\/person\\\/3c21f22f56fcf3bc46b94bc60ea4fef6\"},\"headline\":\"C\u00e2mara referenda teto de 17% para ICMS sobre combust\u00edveis\",\"datePublished\":\"2022-06-15T12:04:42+00:00\",\"mainEntityOfPage\":{\"@id\":\"https:\\\/\\\/dana.com.br\\\/canaldana\\\/2022\\\/06\\\/15\\\/camara-referenda-teto-de-17-para-icms-sobre-combustiveis\\\/\"},\"wordCount\":593,\"articleSection\":[\"Mercado\"],\"inLanguage\":\"pt-BR\"},{\"@type\":\"WebPage\",\"@id\":\"https:\\\/\\\/dana.com.br\\\/canaldana\\\/2022\\\/06\\\/15\\\/camara-referenda-teto-de-17-para-icms-sobre-combustiveis\\\/\",\"url\":\"https:\\\/\\\/dana.com.br\\\/canaldana\\\/2022\\\/06\\\/15\\\/camara-referenda-teto-de-17-para-icms-sobre-combustiveis\\\/\",\"name\":\"C\u00e2mara referenda teto de 17% para ICMS sobre combust\u00edveis - Canal Dana\",\"isPartOf\":{\"@id\":\"https:\\\/\\\/dana.com.br\\\/canaldana\\\/#website\"},\"datePublished\":\"2022-06-15T12:04:42+00:00\",\"author\":{\"@id\":\"https:\\\/\\\/dana.com.br\\\/canaldana\\\/#\\\/schema\\\/person\\\/3c21f22f56fcf3bc46b94bc60ea4fef6\"},\"breadcrumb\":{\"@id\":\"https:\\\/\\\/dana.com.br\\\/canaldana\\\/2022\\\/06\\\/15\\\/camara-referenda-teto-de-17-para-icms-sobre-combustiveis\\\/#breadcrumb\"},\"inLanguage\":\"pt-BR\",\"potentialAction\":[{\"@type\":\"ReadAction\",\"target\":[\"https:\\\/\\\/dana.com.br\\\/canaldana\\\/2022\\\/06\\\/15\\\/camara-referenda-teto-de-17-para-icms-sobre-combustiveis\\\/\"]}]},{\"@type\":\"BreadcrumbList\",\"@id\":\"https:\\\/\\\/dana.com.br\\\/canaldana\\\/2022\\\/06\\\/15\\\/camara-referenda-teto-de-17-para-icms-sobre-combustiveis\\\/#breadcrumb\",\"itemListElement\":[{\"@type\":\"ListItem\",\"position\":1,\"name\":\"Home\",\"item\":\"https:\\\/\\\/dana.com.br\\\/canaldana\\\/\"},{\"@type\":\"ListItem\",\"position\":2,\"name\":\"Mercado\",\"item\":\"https:\\\/\\\/dana.com.br\\\/canaldana\\\/mercado\\\/\"},{\"@type\":\"ListItem\",\"position\":3,\"name\":\"C\u00e2mara referenda teto de 17% para ICMS sobre combust\u00edveis\"}]},{\"@type\":\"WebSite\",\"@id\":\"https:\\\/\\\/dana.com.br\\\/canaldana\\\/#website\",\"url\":\"https:\\\/\\\/dana.com.br\\\/canaldana\\\/\",\"name\":\"Canal Dana\",\"description\":\"Informativo com as principais not\u00edcias da ind\u00fastria automotiva\",\"potentialAction\":[{\"@type\":\"SearchAction\",\"target\":{\"@type\":\"EntryPoint\",\"urlTemplate\":\"https:\\\/\\\/dana.com.br\\\/canaldana\\\/?s={search_term_string}\"},\"query-input\":{\"@type\":\"PropertyValueSpecification\",\"valueRequired\":true,\"valueName\":\"search_term_string\"}}],\"inLanguage\":\"pt-BR\"},{\"@type\":\"Person\",\"@id\":\"https:\\\/\\\/dana.com.br\\\/canaldana\\\/#\\\/schema\\\/person\\\/3c21f22f56fcf3bc46b94bc60ea4fef6\",\"name\":\"Canal Dana\",\"image\":{\"@type\":\"ImageObject\",\"inLanguage\":\"pt-BR\",\"@id\":\"https:\\\/\\\/secure.gravatar.com\\\/avatar\\\/420aaf9278582877d9018637c6817617705899d2858d7572ef0fe59a6b6454b4?s=96&d=mm&r=g\",\"url\":\"https:\\\/\\\/secure.gravatar.com\\\/avatar\\\/420aaf9278582877d9018637c6817617705899d2858d7572ef0fe59a6b6454b4?s=96&d=mm&r=g\",\"contentUrl\":\"https:\\\/\\\/secure.gravatar.com\\\/avatar\\\/420aaf9278582877d9018637c6817617705899d2858d7572ef0fe59a6b6454b4?s=96&d=mm&r=g\",\"caption\":\"Canal Dana\"},\"url\":\"https:\\\/\\\/dana.com.br\\\/canaldana\\\/author\\\/cdeditor\\\/\"}]}<\/script>\n<!-- \/ Yoast SEO plugin. -->","yoast_head_json":{"title":"C\u00e2mara referenda teto de 17% para ICMS sobre combust\u00edveis - Canal Dana","robots":{"index":"index","follow":"follow","max-snippet":"max-snippet:-1","max-image-preview":"max-image-preview:large","max-video-preview":"max-video-preview:-1"},"canonical":"https:\/\/dana.com.br\/canaldana\/2022\/06\/15\/camara-referenda-teto-de-17-para-icms-sobre-combustiveis\/","og_locale":"pt_BR","og_type":"article","og_title":"C\u00e2mara referenda teto de 17% para ICMS sobre combust\u00edveis - Canal Dana","og_description":"O Estado de S. Paulo &nbsp; Um dia ap\u00f3s a vota\u00e7\u00e3o no Senado, a C\u00e2mara dos Deputados aprovou ontem o texto-base do projeto que fixa um teto para o ICMS sobre combust\u00edveis, g\u00e1s natural, energia el\u00e9trica, comunica\u00e7\u00f5es e transporte coletivo. Pelo texto, esses itens passam a ser classificados como essenciais e indispens\u00e1veis, o que pro\u00edbe\u2026 Leia mais \u00bb","og_url":"https:\/\/dana.com.br\/canaldana\/2022\/06\/15\/camara-referenda-teto-de-17-para-icms-sobre-combustiveis\/","og_site_name":"Canal Dana","article_published_time":"2022-06-15T12:04:42+00:00","author":"Canal Dana","twitter_card":"summary_large_image","twitter_misc":{"Escrito por":"Canal Dana","Est. tempo de leitura":"3 minutos"},"schema":{"@context":"https:\/\/schema.org","@graph":[{"@type":"Article","@id":"https:\/\/dana.com.br\/canaldana\/2022\/06\/15\/camara-referenda-teto-de-17-para-icms-sobre-combustiveis\/#article","isPartOf":{"@id":"https:\/\/dana.com.br\/canaldana\/2022\/06\/15\/camara-referenda-teto-de-17-para-icms-sobre-combustiveis\/"},"author":{"name":"Canal Dana","@id":"https:\/\/dana.com.br\/canaldana\/#\/schema\/person\/3c21f22f56fcf3bc46b94bc60ea4fef6"},"headline":"C\u00e2mara referenda teto de 17% para ICMS sobre combust\u00edveis","datePublished":"2022-06-15T12:04:42+00:00","mainEntityOfPage":{"@id":"https:\/\/dana.com.br\/canaldana\/2022\/06\/15\/camara-referenda-teto-de-17-para-icms-sobre-combustiveis\/"},"wordCount":593,"articleSection":["Mercado"],"inLanguage":"pt-BR"},{"@type":"WebPage","@id":"https:\/\/dana.com.br\/canaldana\/2022\/06\/15\/camara-referenda-teto-de-17-para-icms-sobre-combustiveis\/","url":"https:\/\/dana.com.br\/canaldana\/2022\/06\/15\/camara-referenda-teto-de-17-para-icms-sobre-combustiveis\/","name":"C\u00e2mara referenda teto de 17% para ICMS sobre combust\u00edveis - Canal Dana","isPartOf":{"@id":"https:\/\/dana.com.br\/canaldana\/#website"},"datePublished":"2022-06-15T12:04:42+00:00","author":{"@id":"https:\/\/dana.com.br\/canaldana\/#\/schema\/person\/3c21f22f56fcf3bc46b94bc60ea4fef6"},"breadcrumb":{"@id":"https:\/\/dana.com.br\/canaldana\/2022\/06\/15\/camara-referenda-teto-de-17-para-icms-sobre-combustiveis\/#breadcrumb"},"inLanguage":"pt-BR","potentialAction":[{"@type":"ReadAction","target":["https:\/\/dana.com.br\/canaldana\/2022\/06\/15\/camara-referenda-teto-de-17-para-icms-sobre-combustiveis\/"]}]},{"@type":"BreadcrumbList","@id":"https:\/\/dana.com.br\/canaldana\/2022\/06\/15\/camara-referenda-teto-de-17-para-icms-sobre-combustiveis\/#breadcrumb","itemListElement":[{"@type":"ListItem","position":1,"name":"Home","item":"https:\/\/dana.com.br\/canaldana\/"},{"@type":"ListItem","position":2,"name":"Mercado","item":"https:\/\/dana.com.br\/canaldana\/mercado\/"},{"@type":"ListItem","position":3,"name":"C\u00e2mara referenda teto de 17% para ICMS sobre combust\u00edveis"}]},{"@type":"WebSite","@id":"https:\/\/dana.com.br\/canaldana\/#website","url":"https:\/\/dana.com.br\/canaldana\/","name":"Canal Dana","description":"Informativo com as principais not\u00edcias da ind\u00fastria automotiva","potentialAction":[{"@type":"SearchAction","target":{"@type":"EntryPoint","urlTemplate":"https:\/\/dana.com.br\/canaldana\/?s={search_term_string}"},"query-input":{"@type":"PropertyValueSpecification","valueRequired":true,"valueName":"search_term_string"}}],"inLanguage":"pt-BR"},{"@type":"Person","@id":"https:\/\/dana.com.br\/canaldana\/#\/schema\/person\/3c21f22f56fcf3bc46b94bc60ea4fef6","name":"Canal Dana","image":{"@type":"ImageObject","inLanguage":"pt-BR","@id":"https:\/\/secure.gravatar.com\/avatar\/420aaf9278582877d9018637c6817617705899d2858d7572ef0fe59a6b6454b4?s=96&d=mm&r=g","url":"https:\/\/secure.gravatar.com\/avatar\/420aaf9278582877d9018637c6817617705899d2858d7572ef0fe59a6b6454b4?s=96&d=mm&r=g","contentUrl":"https:\/\/secure.gravatar.com\/avatar\/420aaf9278582877d9018637c6817617705899d2858d7572ef0fe59a6b6454b4?s=96&d=mm&r=g","caption":"Canal Dana"},"url":"https:\/\/dana.com.br\/canaldana\/author\/cdeditor\/"}]}},"_links":{"self":[{"href":"https:\/\/dana.com.br\/canaldana\/wp-json\/wp\/v2\/posts\/58982","targetHints":{"allow":["GET"]}}],"collection":[{"href":"https:\/\/dana.com.br\/canaldana\/wp-json\/wp\/v2\/posts"}],"about":[{"href":"https:\/\/dana.com.br\/canaldana\/wp-json\/wp\/v2\/types\/post"}],"author":[{"embeddable":true,"href":"https:\/\/dana.com.br\/canaldana\/wp-json\/wp\/v2\/users\/3"}],"replies":[{"embeddable":true,"href":"https:\/\/dana.com.br\/canaldana\/wp-json\/wp\/v2\/comments?post=58982"}],"version-history":[{"count":0,"href":"https:\/\/dana.com.br\/canaldana\/wp-json\/wp\/v2\/posts\/58982\/revisions"}],"wp:attachment":[{"href":"https:\/\/dana.com.br\/canaldana\/wp-json\/wp\/v2\/media?parent=58982"}],"wp:term":[{"taxonomy":"category","embeddable":true,"href":"https:\/\/dana.com.br\/canaldana\/wp-json\/wp\/v2\/categories?post=58982"},{"taxonomy":"post_tag","embeddable":true,"href":"https:\/\/dana.com.br\/canaldana\/wp-json\/wp\/v2\/tags?post=58982"}],"curies":[{"name":"wp","href":"https:\/\/api.w.org\/{rel}","templated":true}]}}