{"id":58970,"date":"2022-06-15T09:00:43","date_gmt":"2022-06-15T12:00:43","guid":{"rendered":"https:\/\/dana.com.br\/canaldana\/?p=58970"},"modified":"2022-06-15T09:00:43","modified_gmt":"2022-06-15T12:00:43","slug":"detran-sp-registra-aumento-de-13-nas-infracoes-por-alcoolemia","status":"publish","type":"post","link":"https:\/\/dana.com.br\/canaldana\/2022\/06\/15\/detran-sp-registra-aumento-de-13-nas-infracoes-por-alcoolemia\/","title":{"rendered":"Detran SP registra aumento de 13% nas infra\u00e7\u00f5es por alcoolemia"},"content":{"rendered":"<p><em>Frota &amp; Cia <\/em><\/p>\n<p>&nbsp;<\/p>\n<p>Dados do Departamento Estadual de Tr\u00e2nsito do Estado de S\u00e3o Paulo (Detran.SP) apontam que houve um aumento de 13% nas infra\u00e7\u00f5es por alcoolemia flagradas durante as blitze da Opera\u00e7\u00e3o Dire\u00e7\u00e3o Segura Integrada (ODSI) em maio, em rela\u00e7\u00e3o ao m\u00eas de abril. Foram 585 autua\u00e7\u00f5es aplicadas no m\u00eas passado, contra 515 em abril.<\/p>\n<p>&nbsp;<\/p>\n<p>Desse total, 478 foram registradas para motoristas que se recusaram a fazer o teste do etil\u00f4metro (baf\u00f4metro), 89 para condutores flagrados dirigindo sob influ\u00eancia de \u00e1lcool, e 18 por embriaguez ao volante, pois apresentaram mais de 0,34% miligramas de \u00e1lcool por litro de ar expelido.<\/p>\n<p>&nbsp;<\/p>\n<p>Nas duas primeiras situa\u00e7\u00f5es, o valor da multa \u00e9 de R$ 2.934,70 e os motoristas responder\u00e3o a processo de suspens\u00e3o da carteira de habilita\u00e7\u00e3o. No caso de reincid\u00eancia no per\u00edodo de 12 meses, a pena ser\u00e1 aplicada em dobro, ou seja, R$ 5.869,40, al\u00e9m da cassa\u00e7\u00e3o da CNH.<\/p>\n<p>&nbsp;<\/p>\n<p>Vale lembrar que tanto dirigir sob a influ\u00eancia de \u00e1lcool quanto recusar-se a soprar o baf\u00f4metro s\u00e3o consideradas infra\u00e7\u00f5es grav\u00edssimas, de acordo com os artigos 165 e 165-A do C\u00f3digo de Tr\u00e2nsito Brasileiro (CTB).<\/p>\n<p>&nbsp;<\/p>\n<p>J\u00e1 nas ocorr\u00eancias de embriaguez ao volante, os condutores responder\u00e3o na Justi\u00e7a por crime de tr\u00e2nsito. Se condenados, poder\u00e3o cumprir de seis meses a tr\u00eas anos de pris\u00e3o, conforme prev\u00ea a Lei Seca, tamb\u00e9m conhecida como \u201ctoler\u00e2ncia zero\u201d. (Frota &amp; Cia\/Priscila Ferreira)<\/p>\n","protected":false},"excerpt":{"rendered":"<p>Frota &amp; Cia &nbsp; Dados do Departamento Estadual de Tr\u00e2nsito do Estado de S\u00e3o Paulo (Detran.SP) apontam que houve um aumento de 13% nas infra\u00e7\u00f5es por alcoolemia flagradas durante as blitze da Opera\u00e7\u00e3o Dire\u00e7\u00e3o Segura Integrada (ODSI) em maio, em rela\u00e7\u00e3o ao m\u00eas de abril. Foram 585 autua\u00e7\u00f5es aplicadas no m\u00eas passado, contra 515 em\u2026 <a class=\"readmore\" href=\"https:\/\/dana.com.br\/canaldana\/2022\/06\/15\/detran-sp-registra-aumento-de-13-nas-infracoes-por-alcoolemia\/\">Leia mais \u00bb<\/a><\/p>\n","protected":false},"author":3,"featured_media":0,"comment_status":"closed","ping_status":"closed","sticky":false,"template":"","format":"standard","meta":{"_acf_changed":false,"footnotes":""},"categories":[79],"tags":[],"class_list":["post-58970","post","type-post","status-publish","format-standard","hentry","category-mercado"],"acf":[],"yoast_head":"<!-- This site is optimized with the Yoast SEO plugin v27.3 - https:\/\/yoast.com\/product\/yoast-seo-wordpress\/ -->\n<title>Detran SP registra aumento de 13% nas infra\u00e7\u00f5es por alcoolemia - Canal Dana<\/title>\n<meta name=\"robots\" content=\"index, follow, max-snippet:-1, max-image-preview:large, max-video-preview:-1\" \/>\n<link rel=\"canonical\" href=\"https:\/\/dana.com.br\/canaldana\/2022\/06\/15\/detran-sp-registra-aumento-de-13-nas-infracoes-por-alcoolemia\/\" \/>\n<meta property=\"og:locale\" content=\"pt_BR\" \/>\n<meta property=\"og:type\" content=\"article\" \/>\n<meta property=\"og:title\" content=\"Detran SP registra aumento de 13% nas infra\u00e7\u00f5es por alcoolemia - Canal Dana\" \/>\n<meta property=\"og:description\" content=\"Frota &amp; Cia &nbsp; Dados do Departamento Estadual de Tr\u00e2nsito do Estado de S\u00e3o Paulo (Detran.SP) apontam que houve um aumento de 13% nas infra\u00e7\u00f5es por alcoolemia flagradas durante as blitze da Opera\u00e7\u00e3o Dire\u00e7\u00e3o Segura Integrada (ODSI) em maio, em rela\u00e7\u00e3o ao m\u00eas de abril. Foram 585 autua\u00e7\u00f5es aplicadas no m\u00eas passado, contra 515 em\u2026 Leia mais \u00bb\" \/>\n<meta property=\"og:url\" content=\"https:\/\/dana.com.br\/canaldana\/2022\/06\/15\/detran-sp-registra-aumento-de-13-nas-infracoes-por-alcoolemia\/\" \/>\n<meta property=\"og:site_name\" content=\"Canal Dana\" \/>\n<meta property=\"article:published_time\" content=\"2022-06-15T12:00:43+00:00\" \/>\n<meta name=\"author\" content=\"Canal Dana\" \/>\n<meta name=\"twitter:card\" content=\"summary_large_image\" \/>\n<meta name=\"twitter:label1\" content=\"Escrito por\" \/>\n\t<meta name=\"twitter:data1\" content=\"Canal Dana\" \/>\n\t<meta name=\"twitter:label2\" content=\"Est. tempo de leitura\" \/>\n\t<meta name=\"twitter:data2\" content=\"1 minuto\" \/>\n<script type=\"application\/ld+json\" class=\"yoast-schema-graph\">{\"@context\":\"https:\\\/\\\/schema.org\",\"@graph\":[{\"@type\":\"Article\",\"@id\":\"https:\\\/\\\/dana.com.br\\\/canaldana\\\/2022\\\/06\\\/15\\\/detran-sp-registra-aumento-de-13-nas-infracoes-por-alcoolemia\\\/#article\",\"isPartOf\":{\"@id\":\"https:\\\/\\\/dana.com.br\\\/canaldana\\\/2022\\\/06\\\/15\\\/detran-sp-registra-aumento-de-13-nas-infracoes-por-alcoolemia\\\/\"},\"author\":{\"name\":\"Canal Dana\",\"@id\":\"https:\\\/\\\/dana.com.br\\\/canaldana\\\/#\\\/schema\\\/person\\\/3c21f22f56fcf3bc46b94bc60ea4fef6\"},\"headline\":\"Detran SP registra aumento de 13% nas infra\u00e7\u00f5es por alcoolemia\",\"datePublished\":\"2022-06-15T12:00:43+00:00\",\"mainEntityOfPage\":{\"@id\":\"https:\\\/\\\/dana.com.br\\\/canaldana\\\/2022\\\/06\\\/15\\\/detran-sp-registra-aumento-de-13-nas-infracoes-por-alcoolemia\\\/\"},\"wordCount\":265,\"articleSection\":[\"Mercado\"],\"inLanguage\":\"pt-BR\"},{\"@type\":\"WebPage\",\"@id\":\"https:\\\/\\\/dana.com.br\\\/canaldana\\\/2022\\\/06\\\/15\\\/detran-sp-registra-aumento-de-13-nas-infracoes-por-alcoolemia\\\/\",\"url\":\"https:\\\/\\\/dana.com.br\\\/canaldana\\\/2022\\\/06\\\/15\\\/detran-sp-registra-aumento-de-13-nas-infracoes-por-alcoolemia\\\/\",\"name\":\"Detran SP registra aumento de 13% nas infra\u00e7\u00f5es por alcoolemia - Canal Dana\",\"isPartOf\":{\"@id\":\"https:\\\/\\\/dana.com.br\\\/canaldana\\\/#website\"},\"datePublished\":\"2022-06-15T12:00:43+00:00\",\"author\":{\"@id\":\"https:\\\/\\\/dana.com.br\\\/canaldana\\\/#\\\/schema\\\/person\\\/3c21f22f56fcf3bc46b94bc60ea4fef6\"},\"breadcrumb\":{\"@id\":\"https:\\\/\\\/dana.com.br\\\/canaldana\\\/2022\\\/06\\\/15\\\/detran-sp-registra-aumento-de-13-nas-infracoes-por-alcoolemia\\\/#breadcrumb\"},\"inLanguage\":\"pt-BR\",\"potentialAction\":[{\"@type\":\"ReadAction\",\"target\":[\"https:\\\/\\\/dana.com.br\\\/canaldana\\\/2022\\\/06\\\/15\\\/detran-sp-registra-aumento-de-13-nas-infracoes-por-alcoolemia\\\/\"]}]},{\"@type\":\"BreadcrumbList\",\"@id\":\"https:\\\/\\\/dana.com.br\\\/canaldana\\\/2022\\\/06\\\/15\\\/detran-sp-registra-aumento-de-13-nas-infracoes-por-alcoolemia\\\/#breadcrumb\",\"itemListElement\":[{\"@type\":\"ListItem\",\"position\":1,\"name\":\"Home\",\"item\":\"https:\\\/\\\/dana.com.br\\\/canaldana\\\/\"},{\"@type\":\"ListItem\",\"position\":2,\"name\":\"Mercado\",\"item\":\"https:\\\/\\\/dana.com.br\\\/canaldana\\\/mercado\\\/\"},{\"@type\":\"ListItem\",\"position\":3,\"name\":\"Detran SP registra aumento de 13% nas infra\u00e7\u00f5es por alcoolemia\"}]},{\"@type\":\"WebSite\",\"@id\":\"https:\\\/\\\/dana.com.br\\\/canaldana\\\/#website\",\"url\":\"https:\\\/\\\/dana.com.br\\\/canaldana\\\/\",\"name\":\"Canal Dana\",\"description\":\"Informativo com as principais not\u00edcias da ind\u00fastria automotiva\",\"potentialAction\":[{\"@type\":\"SearchAction\",\"target\":{\"@type\":\"EntryPoint\",\"urlTemplate\":\"https:\\\/\\\/dana.com.br\\\/canaldana\\\/?s={search_term_string}\"},\"query-input\":{\"@type\":\"PropertyValueSpecification\",\"valueRequired\":true,\"valueName\":\"search_term_string\"}}],\"inLanguage\":\"pt-BR\"},{\"@type\":\"Person\",\"@id\":\"https:\\\/\\\/dana.com.br\\\/canaldana\\\/#\\\/schema\\\/person\\\/3c21f22f56fcf3bc46b94bc60ea4fef6\",\"name\":\"Canal Dana\",\"image\":{\"@type\":\"ImageObject\",\"inLanguage\":\"pt-BR\",\"@id\":\"https:\\\/\\\/secure.gravatar.com\\\/avatar\\\/420aaf9278582877d9018637c6817617705899d2858d7572ef0fe59a6b6454b4?s=96&d=mm&r=g\",\"url\":\"https:\\\/\\\/secure.gravatar.com\\\/avatar\\\/420aaf9278582877d9018637c6817617705899d2858d7572ef0fe59a6b6454b4?s=96&d=mm&r=g\",\"contentUrl\":\"https:\\\/\\\/secure.gravatar.com\\\/avatar\\\/420aaf9278582877d9018637c6817617705899d2858d7572ef0fe59a6b6454b4?s=96&d=mm&r=g\",\"caption\":\"Canal Dana\"},\"url\":\"https:\\\/\\\/dana.com.br\\\/canaldana\\\/author\\\/cdeditor\\\/\"}]}<\/script>\n<!-- \/ Yoast SEO plugin. -->","yoast_head_json":{"title":"Detran SP registra aumento de 13% nas infra\u00e7\u00f5es por alcoolemia - Canal Dana","robots":{"index":"index","follow":"follow","max-snippet":"max-snippet:-1","max-image-preview":"max-image-preview:large","max-video-preview":"max-video-preview:-1"},"canonical":"https:\/\/dana.com.br\/canaldana\/2022\/06\/15\/detran-sp-registra-aumento-de-13-nas-infracoes-por-alcoolemia\/","og_locale":"pt_BR","og_type":"article","og_title":"Detran SP registra aumento de 13% nas infra\u00e7\u00f5es por alcoolemia - Canal Dana","og_description":"Frota &amp; Cia &nbsp; Dados do Departamento Estadual de Tr\u00e2nsito do Estado de S\u00e3o Paulo (Detran.SP) apontam que houve um aumento de 13% nas infra\u00e7\u00f5es por alcoolemia flagradas durante as blitze da Opera\u00e7\u00e3o Dire\u00e7\u00e3o Segura Integrada (ODSI) em maio, em rela\u00e7\u00e3o ao m\u00eas de abril. Foram 585 autua\u00e7\u00f5es aplicadas no m\u00eas passado, contra 515 em\u2026 Leia mais \u00bb","og_url":"https:\/\/dana.com.br\/canaldana\/2022\/06\/15\/detran-sp-registra-aumento-de-13-nas-infracoes-por-alcoolemia\/","og_site_name":"Canal Dana","article_published_time":"2022-06-15T12:00:43+00:00","author":"Canal Dana","twitter_card":"summary_large_image","twitter_misc":{"Escrito por":"Canal Dana","Est. tempo de leitura":"1 minuto"},"schema":{"@context":"https:\/\/schema.org","@graph":[{"@type":"Article","@id":"https:\/\/dana.com.br\/canaldana\/2022\/06\/15\/detran-sp-registra-aumento-de-13-nas-infracoes-por-alcoolemia\/#article","isPartOf":{"@id":"https:\/\/dana.com.br\/canaldana\/2022\/06\/15\/detran-sp-registra-aumento-de-13-nas-infracoes-por-alcoolemia\/"},"author":{"name":"Canal Dana","@id":"https:\/\/dana.com.br\/canaldana\/#\/schema\/person\/3c21f22f56fcf3bc46b94bc60ea4fef6"},"headline":"Detran SP registra aumento de 13% nas infra\u00e7\u00f5es por alcoolemia","datePublished":"2022-06-15T12:00:43+00:00","mainEntityOfPage":{"@id":"https:\/\/dana.com.br\/canaldana\/2022\/06\/15\/detran-sp-registra-aumento-de-13-nas-infracoes-por-alcoolemia\/"},"wordCount":265,"articleSection":["Mercado"],"inLanguage":"pt-BR"},{"@type":"WebPage","@id":"https:\/\/dana.com.br\/canaldana\/2022\/06\/15\/detran-sp-registra-aumento-de-13-nas-infracoes-por-alcoolemia\/","url":"https:\/\/dana.com.br\/canaldana\/2022\/06\/15\/detran-sp-registra-aumento-de-13-nas-infracoes-por-alcoolemia\/","name":"Detran SP registra aumento de 13% nas infra\u00e7\u00f5es por alcoolemia - Canal Dana","isPartOf":{"@id":"https:\/\/dana.com.br\/canaldana\/#website"},"datePublished":"2022-06-15T12:00:43+00:00","author":{"@id":"https:\/\/dana.com.br\/canaldana\/#\/schema\/person\/3c21f22f56fcf3bc46b94bc60ea4fef6"},"breadcrumb":{"@id":"https:\/\/dana.com.br\/canaldana\/2022\/06\/15\/detran-sp-registra-aumento-de-13-nas-infracoes-por-alcoolemia\/#breadcrumb"},"inLanguage":"pt-BR","potentialAction":[{"@type":"ReadAction","target":["https:\/\/dana.com.br\/canaldana\/2022\/06\/15\/detran-sp-registra-aumento-de-13-nas-infracoes-por-alcoolemia\/"]}]},{"@type":"BreadcrumbList","@id":"https:\/\/dana.com.br\/canaldana\/2022\/06\/15\/detran-sp-registra-aumento-de-13-nas-infracoes-por-alcoolemia\/#breadcrumb","itemListElement":[{"@type":"ListItem","position":1,"name":"Home","item":"https:\/\/dana.com.br\/canaldana\/"},{"@type":"ListItem","position":2,"name":"Mercado","item":"https:\/\/dana.com.br\/canaldana\/mercado\/"},{"@type":"ListItem","position":3,"name":"Detran SP registra aumento de 13% nas infra\u00e7\u00f5es por alcoolemia"}]},{"@type":"WebSite","@id":"https:\/\/dana.com.br\/canaldana\/#website","url":"https:\/\/dana.com.br\/canaldana\/","name":"Canal Dana","description":"Informativo com as principais not\u00edcias da ind\u00fastria automotiva","potentialAction":[{"@type":"SearchAction","target":{"@type":"EntryPoint","urlTemplate":"https:\/\/dana.com.br\/canaldana\/?s={search_term_string}"},"query-input":{"@type":"PropertyValueSpecification","valueRequired":true,"valueName":"search_term_string"}}],"inLanguage":"pt-BR"},{"@type":"Person","@id":"https:\/\/dana.com.br\/canaldana\/#\/schema\/person\/3c21f22f56fcf3bc46b94bc60ea4fef6","name":"Canal Dana","image":{"@type":"ImageObject","inLanguage":"pt-BR","@id":"https:\/\/secure.gravatar.com\/avatar\/420aaf9278582877d9018637c6817617705899d2858d7572ef0fe59a6b6454b4?s=96&d=mm&r=g","url":"https:\/\/secure.gravatar.com\/avatar\/420aaf9278582877d9018637c6817617705899d2858d7572ef0fe59a6b6454b4?s=96&d=mm&r=g","contentUrl":"https:\/\/secure.gravatar.com\/avatar\/420aaf9278582877d9018637c6817617705899d2858d7572ef0fe59a6b6454b4?s=96&d=mm&r=g","caption":"Canal Dana"},"url":"https:\/\/dana.com.br\/canaldana\/author\/cdeditor\/"}]}},"_links":{"self":[{"href":"https:\/\/dana.com.br\/canaldana\/wp-json\/wp\/v2\/posts\/58970","targetHints":{"allow":["GET"]}}],"collection":[{"href":"https:\/\/dana.com.br\/canaldana\/wp-json\/wp\/v2\/posts"}],"about":[{"href":"https:\/\/dana.com.br\/canaldana\/wp-json\/wp\/v2\/types\/post"}],"author":[{"embeddable":true,"href":"https:\/\/dana.com.br\/canaldana\/wp-json\/wp\/v2\/users\/3"}],"replies":[{"embeddable":true,"href":"https:\/\/dana.com.br\/canaldana\/wp-json\/wp\/v2\/comments?post=58970"}],"version-history":[{"count":0,"href":"https:\/\/dana.com.br\/canaldana\/wp-json\/wp\/v2\/posts\/58970\/revisions"}],"wp:attachment":[{"href":"https:\/\/dana.com.br\/canaldana\/wp-json\/wp\/v2\/media?parent=58970"}],"wp:term":[{"taxonomy":"category","embeddable":true,"href":"https:\/\/dana.com.br\/canaldana\/wp-json\/wp\/v2\/categories?post=58970"},{"taxonomy":"post_tag","embeddable":true,"href":"https:\/\/dana.com.br\/canaldana\/wp-json\/wp\/v2\/tags?post=58970"}],"curies":[{"name":"wp","href":"https:\/\/api.w.org\/{rel}","templated":true}]}}