{"id":58964,"date":"2022-06-15T08:58:50","date_gmt":"2022-06-15T11:58:50","guid":{"rendered":"https:\/\/dana.com.br\/canaldana\/?p=58964"},"modified":"2022-06-15T08:58:50","modified_gmt":"2022-06-15T11:58:50","slug":"renova-ecopecas-comeca-a-realizar-a-reciclagem-de-veiculos-hibridos-e-eletricos","status":"publish","type":"post","link":"https:\/\/dana.com.br\/canaldana\/2022\/06\/15\/renova-ecopecas-comeca-a-realizar-a-reciclagem-de-veiculos-hibridos-e-eletricos\/","title":{"rendered":"Renova Ecope\u00e7as come\u00e7a a realizar a reciclagem de ve\u00edculos h\u00edbridos e el\u00e9tricos"},"content":{"rendered":"<p><em>Blog do Ricardo Ribas<\/em><\/p>\n<p>&nbsp;<\/p>\n<p>A Renova Ecope\u00e7as, que faz parte do Grupo Porto e \u00e9 pioneira na reciclagem e reaproveitamento de pe\u00e7as automotivas, passou a realizar o desmonte de carros h\u00edbridos e el\u00e9tricos. A comercializa\u00e7\u00e3o dessas pe\u00e7as est\u00e1 sendo feita no balc\u00e3o de vendas ou pelo e-commerce da loja Renova, OLX ou Mercado Livre e est\u00e1 dispon\u00edvel para pessoa f\u00edsica e jur\u00eddica. A empresa j\u00e1 oferece, h\u00e1 oito anos, pe\u00e7as de reuso com qualidade, garantia e baixo custo, e segue um r\u00edgido padr\u00e3o de responsabilidade ambiental. Todas as pe\u00e7as s\u00e3o identificadas e submetidas a um sistema de rastreabilidade, que comprova sua proced\u00eancia, com c\u00f3digo serial pr\u00f3prio e nota fiscal.<\/p>\n<p>&nbsp;<\/p>\n<p>\u201cDe forma pioneira, a Renova Ecope\u00e7as colaborou para impulsionar o setor de reciclagem automotiva no Pa\u00eds, com seu modelo sustent\u00e1vel e um controle r\u00edgido de rastreabilidade das pe\u00e7as. O consumidor est\u00e1 cada vez mais consciente das quest\u00f5es socioambientais e do seu impacto nas futuras gera\u00e7\u00f5es. No caso da Renova, nosso objetivo \u00e9 a cria\u00e7\u00e3o de um c\u00edrculo virtuoso, contribuindo para preserva\u00e7\u00e3o do meio ambiente e proporcionando a inclus\u00e3o social\u201d, afirma Daniel Borges, gestor da Renova Ecope\u00e7as.<\/p>\n<p>&nbsp;<\/p>\n<p>Atualmente, 98% das pe\u00e7as disponibilizadas pela Renova s\u00e3o vendidas para mec\u00e2nicos e clientes que necessitam de algum componente para seu ve\u00edculo. A demanda vem crescendo exponencialmente, principalmente por conta do desabastecimento global de semicondutores que afetou o setor de autope\u00e7as e desencadeou uma crise de produ\u00e7\u00e3o das montadoras de autom\u00f3veis nos \u00faltimos anos.<\/p>\n<p>&nbsp;<\/p>\n<p>Em 2021, a empresa teve um crescimento no faturamento de 160% em compara\u00e7\u00e3o com o ano anterior, aumento que pode ser explicado pelo interessante custo-benef\u00edcio que oferece para o consumidor. O valor de uma pe\u00e7a na Renova pode variar de 50% a 80% se comparado ao valor de uma pe\u00e7a nova, de acordo com o modelo e sua condi\u00e7\u00e3o. Essa maior procura por parte de clientes, oficinas e at\u00e9 mesmo concession\u00e1rias, est\u00e1 sendo observada desde o ano de 2019 \u2013 o faturamento saltou de R$ 380 mil por m\u00eas para R$ 2,5 milh\u00f5es em 2022.<\/p>\n<p>&nbsp;<\/p>\n<p><strong>Servi\u00e7o<\/strong><\/p>\n<p>&nbsp;<\/p>\n<p>Loja f\u00edsica: Av. Domingos de Souza Marques, 106, Vila Jaguara, S\u00e3o Paulo, CEP 05106-010<\/p>\n<p>&nbsp;<\/p>\n<p><strong>Hor\u00e1rio de atendimento: <\/strong><\/p>\n<p>&nbsp;<\/p>\n<p>Segundas-feiras a quintas-feiras das 8:00 \u00e0s 18:00<\/p>\n<p>Sextas-feiras das 08:00 \u00e0s 17:00<\/p>\n<p>S\u00e1bados das 09:00 \u00e0s 14:00<\/p>\n<p>Telefone: (011) 3621-7381<\/p>\n<p>&nbsp;<\/p>\n<p><strong>Site Institucional: <a href=\"https:\/\/s2206.prcomunicacao.com\/link.php?code=bDpodHRwcyUzQSUyRiUyRnd3dy5yZW5vdmFlY29wZWNhcy5jb20uYnIlMkY6MzMxMzE2NjA1MjpvdmVycHJlc3MuZWRpdG9yYUBnbWFpbC5jb206NWJjMDcxOjE3\" target=\"_blank\" rel=\"noopener\">Link<\/a><\/strong><\/p>\n<p>&nbsp;<\/p>\n<p><strong>Relat\u00f3rio de Sustentabilidade 2021 da Porto: <a href=\"https:\/\/s2206.prcomunicacao.com\/link.php?code=bDpodHRwcyUzQSUyRiUyRnd3dy5wb3J0b3NlZ3Vyby5jb20uYnIlMkZzdXN0ZW50YWJpbGlkYWRlOjMzMTMxNjYwNTI6b3ZlcnByZXNzLmVkaXRvcmFAZ21haWwuY29tOmM5NmNlNzoxNw==\" target=\"_blank\" rel=\"noopener\">Link<\/a><\/strong><\/p>\n<p>(Blog do Ricardo Ribas)<\/p>\n","protected":false},"excerpt":{"rendered":"<p>Blog do Ricardo Ribas &nbsp; A Renova Ecope\u00e7as, que faz parte do Grupo Porto e \u00e9 pioneira na reciclagem e reaproveitamento de pe\u00e7as automotivas, passou a realizar o desmonte de carros h\u00edbridos e el\u00e9tricos. A comercializa\u00e7\u00e3o dessas pe\u00e7as est\u00e1 sendo feita no balc\u00e3o de vendas ou pelo e-commerce da loja Renova, OLX ou Mercado Livre\u2026 <a class=\"readmore\" href=\"https:\/\/dana.com.br\/canaldana\/2022\/06\/15\/renova-ecopecas-comeca-a-realizar-a-reciclagem-de-veiculos-hibridos-e-eletricos\/\">Leia mais \u00bb<\/a><\/p>\n","protected":false},"author":3,"featured_media":0,"comment_status":"closed","ping_status":"closed","sticky":false,"template":"","format":"standard","meta":{"_acf_changed":false,"footnotes":""},"categories":[110],"tags":[],"class_list":["post-58964","post","type-post","status-publish","format-standard","hentry","category-eletricos"],"acf":[],"yoast_head":"<!-- This site is optimized with the Yoast SEO plugin v27.3 - https:\/\/yoast.com\/product\/yoast-seo-wordpress\/ -->\n<title>Renova Ecope\u00e7as come\u00e7a a realizar a reciclagem de ve\u00edculos h\u00edbridos e el\u00e9tricos - Canal Dana<\/title>\n<meta name=\"robots\" content=\"index, follow, max-snippet:-1, max-image-preview:large, max-video-preview:-1\" \/>\n<link rel=\"canonical\" href=\"https:\/\/dana.com.br\/canaldana\/2022\/06\/15\/renova-ecopecas-comeca-a-realizar-a-reciclagem-de-veiculos-hibridos-e-eletricos\/\" \/>\n<meta property=\"og:locale\" content=\"pt_BR\" \/>\n<meta property=\"og:type\" content=\"article\" \/>\n<meta property=\"og:title\" content=\"Renova Ecope\u00e7as come\u00e7a a realizar a reciclagem de ve\u00edculos h\u00edbridos e el\u00e9tricos - Canal Dana\" \/>\n<meta property=\"og:description\" content=\"Blog do Ricardo Ribas &nbsp; A Renova Ecope\u00e7as, que faz parte do Grupo Porto e \u00e9 pioneira na reciclagem e reaproveitamento de pe\u00e7as automotivas, passou a realizar o desmonte de carros h\u00edbridos e el\u00e9tricos. A comercializa\u00e7\u00e3o dessas pe\u00e7as est\u00e1 sendo feita no balc\u00e3o de vendas ou pelo e-commerce da loja Renova, OLX ou Mercado Livre\u2026 Leia mais \u00bb\" \/>\n<meta property=\"og:url\" content=\"https:\/\/dana.com.br\/canaldana\/2022\/06\/15\/renova-ecopecas-comeca-a-realizar-a-reciclagem-de-veiculos-hibridos-e-eletricos\/\" \/>\n<meta property=\"og:site_name\" content=\"Canal Dana\" \/>\n<meta property=\"article:published_time\" content=\"2022-06-15T11:58:50+00:00\" \/>\n<meta name=\"author\" content=\"Canal Dana\" \/>\n<meta name=\"twitter:card\" content=\"summary_large_image\" \/>\n<meta name=\"twitter:label1\" content=\"Escrito por\" \/>\n\t<meta name=\"twitter:data1\" content=\"Canal Dana\" \/>\n\t<meta name=\"twitter:label2\" content=\"Est. tempo de leitura\" \/>\n\t<meta name=\"twitter:data2\" content=\"2 minutos\" \/>\n<script type=\"application\/ld+json\" class=\"yoast-schema-graph\">{\"@context\":\"https:\\\/\\\/schema.org\",\"@graph\":[{\"@type\":\"Article\",\"@id\":\"https:\\\/\\\/dana.com.br\\\/canaldana\\\/2022\\\/06\\\/15\\\/renova-ecopecas-comeca-a-realizar-a-reciclagem-de-veiculos-hibridos-e-eletricos\\\/#article\",\"isPartOf\":{\"@id\":\"https:\\\/\\\/dana.com.br\\\/canaldana\\\/2022\\\/06\\\/15\\\/renova-ecopecas-comeca-a-realizar-a-reciclagem-de-veiculos-hibridos-e-eletricos\\\/\"},\"author\":{\"name\":\"Canal Dana\",\"@id\":\"https:\\\/\\\/dana.com.br\\\/canaldana\\\/#\\\/schema\\\/person\\\/3c21f22f56fcf3bc46b94bc60ea4fef6\"},\"headline\":\"Renova Ecope\u00e7as come\u00e7a a realizar a reciclagem de ve\u00edculos h\u00edbridos e el\u00e9tricos\",\"datePublished\":\"2022-06-15T11:58:50+00:00\",\"mainEntityOfPage\":{\"@id\":\"https:\\\/\\\/dana.com.br\\\/canaldana\\\/2022\\\/06\\\/15\\\/renova-ecopecas-comeca-a-realizar-a-reciclagem-de-veiculos-hibridos-e-eletricos\\\/\"},\"wordCount\":442,\"articleSection\":[\"El\u00e9tricos\"],\"inLanguage\":\"pt-BR\"},{\"@type\":\"WebPage\",\"@id\":\"https:\\\/\\\/dana.com.br\\\/canaldana\\\/2022\\\/06\\\/15\\\/renova-ecopecas-comeca-a-realizar-a-reciclagem-de-veiculos-hibridos-e-eletricos\\\/\",\"url\":\"https:\\\/\\\/dana.com.br\\\/canaldana\\\/2022\\\/06\\\/15\\\/renova-ecopecas-comeca-a-realizar-a-reciclagem-de-veiculos-hibridos-e-eletricos\\\/\",\"name\":\"Renova Ecope\u00e7as come\u00e7a a realizar a reciclagem de ve\u00edculos h\u00edbridos e el\u00e9tricos - Canal Dana\",\"isPartOf\":{\"@id\":\"https:\\\/\\\/dana.com.br\\\/canaldana\\\/#website\"},\"datePublished\":\"2022-06-15T11:58:50+00:00\",\"author\":{\"@id\":\"https:\\\/\\\/dana.com.br\\\/canaldana\\\/#\\\/schema\\\/person\\\/3c21f22f56fcf3bc46b94bc60ea4fef6\"},\"breadcrumb\":{\"@id\":\"https:\\\/\\\/dana.com.br\\\/canaldana\\\/2022\\\/06\\\/15\\\/renova-ecopecas-comeca-a-realizar-a-reciclagem-de-veiculos-hibridos-e-eletricos\\\/#breadcrumb\"},\"inLanguage\":\"pt-BR\",\"potentialAction\":[{\"@type\":\"ReadAction\",\"target\":[\"https:\\\/\\\/dana.com.br\\\/canaldana\\\/2022\\\/06\\\/15\\\/renova-ecopecas-comeca-a-realizar-a-reciclagem-de-veiculos-hibridos-e-eletricos\\\/\"]}]},{\"@type\":\"BreadcrumbList\",\"@id\":\"https:\\\/\\\/dana.com.br\\\/canaldana\\\/2022\\\/06\\\/15\\\/renova-ecopecas-comeca-a-realizar-a-reciclagem-de-veiculos-hibridos-e-eletricos\\\/#breadcrumb\",\"itemListElement\":[{\"@type\":\"ListItem\",\"position\":1,\"name\":\"Home\",\"item\":\"https:\\\/\\\/dana.com.br\\\/canaldana\\\/\"},{\"@type\":\"ListItem\",\"position\":2,\"name\":\"El\u00e9tricos\",\"item\":\"https:\\\/\\\/dana.com.br\\\/canaldana\\\/eletricos\\\/\"},{\"@type\":\"ListItem\",\"position\":3,\"name\":\"Renova Ecope\u00e7as come\u00e7a a realizar a reciclagem de ve\u00edculos h\u00edbridos e el\u00e9tricos\"}]},{\"@type\":\"WebSite\",\"@id\":\"https:\\\/\\\/dana.com.br\\\/canaldana\\\/#website\",\"url\":\"https:\\\/\\\/dana.com.br\\\/canaldana\\\/\",\"name\":\"Canal Dana\",\"description\":\"Informativo com as principais not\u00edcias da ind\u00fastria automotiva\",\"potentialAction\":[{\"@type\":\"SearchAction\",\"target\":{\"@type\":\"EntryPoint\",\"urlTemplate\":\"https:\\\/\\\/dana.com.br\\\/canaldana\\\/?s={search_term_string}\"},\"query-input\":{\"@type\":\"PropertyValueSpecification\",\"valueRequired\":true,\"valueName\":\"search_term_string\"}}],\"inLanguage\":\"pt-BR\"},{\"@type\":\"Person\",\"@id\":\"https:\\\/\\\/dana.com.br\\\/canaldana\\\/#\\\/schema\\\/person\\\/3c21f22f56fcf3bc46b94bc60ea4fef6\",\"name\":\"Canal Dana\",\"image\":{\"@type\":\"ImageObject\",\"inLanguage\":\"pt-BR\",\"@id\":\"https:\\\/\\\/secure.gravatar.com\\\/avatar\\\/420aaf9278582877d9018637c6817617705899d2858d7572ef0fe59a6b6454b4?s=96&d=mm&r=g\",\"url\":\"https:\\\/\\\/secure.gravatar.com\\\/avatar\\\/420aaf9278582877d9018637c6817617705899d2858d7572ef0fe59a6b6454b4?s=96&d=mm&r=g\",\"contentUrl\":\"https:\\\/\\\/secure.gravatar.com\\\/avatar\\\/420aaf9278582877d9018637c6817617705899d2858d7572ef0fe59a6b6454b4?s=96&d=mm&r=g\",\"caption\":\"Canal Dana\"},\"url\":\"https:\\\/\\\/dana.com.br\\\/canaldana\\\/author\\\/cdeditor\\\/\"}]}<\/script>\n<!-- \/ Yoast SEO plugin. -->","yoast_head_json":{"title":"Renova Ecope\u00e7as come\u00e7a a realizar a reciclagem de ve\u00edculos h\u00edbridos e el\u00e9tricos - Canal Dana","robots":{"index":"index","follow":"follow","max-snippet":"max-snippet:-1","max-image-preview":"max-image-preview:large","max-video-preview":"max-video-preview:-1"},"canonical":"https:\/\/dana.com.br\/canaldana\/2022\/06\/15\/renova-ecopecas-comeca-a-realizar-a-reciclagem-de-veiculos-hibridos-e-eletricos\/","og_locale":"pt_BR","og_type":"article","og_title":"Renova Ecope\u00e7as come\u00e7a a realizar a reciclagem de ve\u00edculos h\u00edbridos e el\u00e9tricos - Canal Dana","og_description":"Blog do Ricardo Ribas &nbsp; A Renova Ecope\u00e7as, que faz parte do Grupo Porto e \u00e9 pioneira na reciclagem e reaproveitamento de pe\u00e7as automotivas, passou a realizar o desmonte de carros h\u00edbridos e el\u00e9tricos. A comercializa\u00e7\u00e3o dessas pe\u00e7as est\u00e1 sendo feita no balc\u00e3o de vendas ou pelo e-commerce da loja Renova, OLX ou Mercado Livre\u2026 Leia mais \u00bb","og_url":"https:\/\/dana.com.br\/canaldana\/2022\/06\/15\/renova-ecopecas-comeca-a-realizar-a-reciclagem-de-veiculos-hibridos-e-eletricos\/","og_site_name":"Canal Dana","article_published_time":"2022-06-15T11:58:50+00:00","author":"Canal Dana","twitter_card":"summary_large_image","twitter_misc":{"Escrito por":"Canal Dana","Est. tempo de leitura":"2 minutos"},"schema":{"@context":"https:\/\/schema.org","@graph":[{"@type":"Article","@id":"https:\/\/dana.com.br\/canaldana\/2022\/06\/15\/renova-ecopecas-comeca-a-realizar-a-reciclagem-de-veiculos-hibridos-e-eletricos\/#article","isPartOf":{"@id":"https:\/\/dana.com.br\/canaldana\/2022\/06\/15\/renova-ecopecas-comeca-a-realizar-a-reciclagem-de-veiculos-hibridos-e-eletricos\/"},"author":{"name":"Canal Dana","@id":"https:\/\/dana.com.br\/canaldana\/#\/schema\/person\/3c21f22f56fcf3bc46b94bc60ea4fef6"},"headline":"Renova Ecope\u00e7as come\u00e7a a realizar a reciclagem de ve\u00edculos h\u00edbridos e el\u00e9tricos","datePublished":"2022-06-15T11:58:50+00:00","mainEntityOfPage":{"@id":"https:\/\/dana.com.br\/canaldana\/2022\/06\/15\/renova-ecopecas-comeca-a-realizar-a-reciclagem-de-veiculos-hibridos-e-eletricos\/"},"wordCount":442,"articleSection":["El\u00e9tricos"],"inLanguage":"pt-BR"},{"@type":"WebPage","@id":"https:\/\/dana.com.br\/canaldana\/2022\/06\/15\/renova-ecopecas-comeca-a-realizar-a-reciclagem-de-veiculos-hibridos-e-eletricos\/","url":"https:\/\/dana.com.br\/canaldana\/2022\/06\/15\/renova-ecopecas-comeca-a-realizar-a-reciclagem-de-veiculos-hibridos-e-eletricos\/","name":"Renova Ecope\u00e7as come\u00e7a a realizar a reciclagem de ve\u00edculos h\u00edbridos e el\u00e9tricos - Canal Dana","isPartOf":{"@id":"https:\/\/dana.com.br\/canaldana\/#website"},"datePublished":"2022-06-15T11:58:50+00:00","author":{"@id":"https:\/\/dana.com.br\/canaldana\/#\/schema\/person\/3c21f22f56fcf3bc46b94bc60ea4fef6"},"breadcrumb":{"@id":"https:\/\/dana.com.br\/canaldana\/2022\/06\/15\/renova-ecopecas-comeca-a-realizar-a-reciclagem-de-veiculos-hibridos-e-eletricos\/#breadcrumb"},"inLanguage":"pt-BR","potentialAction":[{"@type":"ReadAction","target":["https:\/\/dana.com.br\/canaldana\/2022\/06\/15\/renova-ecopecas-comeca-a-realizar-a-reciclagem-de-veiculos-hibridos-e-eletricos\/"]}]},{"@type":"BreadcrumbList","@id":"https:\/\/dana.com.br\/canaldana\/2022\/06\/15\/renova-ecopecas-comeca-a-realizar-a-reciclagem-de-veiculos-hibridos-e-eletricos\/#breadcrumb","itemListElement":[{"@type":"ListItem","position":1,"name":"Home","item":"https:\/\/dana.com.br\/canaldana\/"},{"@type":"ListItem","position":2,"name":"El\u00e9tricos","item":"https:\/\/dana.com.br\/canaldana\/eletricos\/"},{"@type":"ListItem","position":3,"name":"Renova Ecope\u00e7as come\u00e7a a realizar a reciclagem de ve\u00edculos h\u00edbridos e el\u00e9tricos"}]},{"@type":"WebSite","@id":"https:\/\/dana.com.br\/canaldana\/#website","url":"https:\/\/dana.com.br\/canaldana\/","name":"Canal Dana","description":"Informativo com as principais not\u00edcias da ind\u00fastria automotiva","potentialAction":[{"@type":"SearchAction","target":{"@type":"EntryPoint","urlTemplate":"https:\/\/dana.com.br\/canaldana\/?s={search_term_string}"},"query-input":{"@type":"PropertyValueSpecification","valueRequired":true,"valueName":"search_term_string"}}],"inLanguage":"pt-BR"},{"@type":"Person","@id":"https:\/\/dana.com.br\/canaldana\/#\/schema\/person\/3c21f22f56fcf3bc46b94bc60ea4fef6","name":"Canal Dana","image":{"@type":"ImageObject","inLanguage":"pt-BR","@id":"https:\/\/secure.gravatar.com\/avatar\/420aaf9278582877d9018637c6817617705899d2858d7572ef0fe59a6b6454b4?s=96&d=mm&r=g","url":"https:\/\/secure.gravatar.com\/avatar\/420aaf9278582877d9018637c6817617705899d2858d7572ef0fe59a6b6454b4?s=96&d=mm&r=g","contentUrl":"https:\/\/secure.gravatar.com\/avatar\/420aaf9278582877d9018637c6817617705899d2858d7572ef0fe59a6b6454b4?s=96&d=mm&r=g","caption":"Canal Dana"},"url":"https:\/\/dana.com.br\/canaldana\/author\/cdeditor\/"}]}},"_links":{"self":[{"href":"https:\/\/dana.com.br\/canaldana\/wp-json\/wp\/v2\/posts\/58964","targetHints":{"allow":["GET"]}}],"collection":[{"href":"https:\/\/dana.com.br\/canaldana\/wp-json\/wp\/v2\/posts"}],"about":[{"href":"https:\/\/dana.com.br\/canaldana\/wp-json\/wp\/v2\/types\/post"}],"author":[{"embeddable":true,"href":"https:\/\/dana.com.br\/canaldana\/wp-json\/wp\/v2\/users\/3"}],"replies":[{"embeddable":true,"href":"https:\/\/dana.com.br\/canaldana\/wp-json\/wp\/v2\/comments?post=58964"}],"version-history":[{"count":0,"href":"https:\/\/dana.com.br\/canaldana\/wp-json\/wp\/v2\/posts\/58964\/revisions"}],"wp:attachment":[{"href":"https:\/\/dana.com.br\/canaldana\/wp-json\/wp\/v2\/media?parent=58964"}],"wp:term":[{"taxonomy":"category","embeddable":true,"href":"https:\/\/dana.com.br\/canaldana\/wp-json\/wp\/v2\/categories?post=58964"},{"taxonomy":"post_tag","embeddable":true,"href":"https:\/\/dana.com.br\/canaldana\/wp-json\/wp\/v2\/tags?post=58964"}],"curies":[{"name":"wp","href":"https:\/\/api.w.org\/{rel}","templated":true}]}}