{"id":58932,"date":"2022-06-14T09:11:31","date_gmt":"2022-06-14T12:11:31","guid":{"rendered":"https:\/\/dana.com.br\/canaldana\/?p=58932"},"modified":"2022-06-14T09:11:31","modified_gmt":"2022-06-14T12:11:31","slug":"salao-alternativo-leva-feira-de-carros-para-o-autodromo-de-interlagos","status":"publish","type":"post","link":"https:\/\/dana.com.br\/canaldana\/2022\/06\/14\/salao-alternativo-leva-feira-de-carros-para-o-autodromo-de-interlagos\/","title":{"rendered":"&#8220;Sal\u00e3o alternativo&#8221; leva feira de carros para o aut\u00f3dromo de Interlagos"},"content":{"rendered":"<p><em>O Estado de S. Paulo <\/em><\/p>\n<p>&nbsp;<\/p>\n<p>Organizador do Festival Interlagos Motos h\u00e1 tr\u00eas anos, o empres\u00e1rio M\u00e1rcio Saldanha Marinho aproveitou o v\u00e1cuo deixado pela suspens\u00e3o do Sal\u00e3o do Autom\u00f3vel e criou uma vers\u00e3o do evento para carros, com foco em modelos premium.<\/p>\n<p>&nbsp;<\/p>\n<p>O \u201csal\u00e3o alternativo\u201d atraiu fabricantes que v\u00e3o mostrar novidades ao p\u00fablico e at\u00e9 fazer lan\u00e7amentos no aut\u00f3dromo de S\u00e3o Paulo de 7 a 10 de julho. Em vez de luxuosos estandes, os carros ser\u00e3o expostos nos boxes.<\/p>\n<p>&nbsp;<\/p>\n<p>Visitantes poder\u00e3o testar carros de algumas marcas na pista de competi\u00e7\u00e3o. Os organizadores esperam 30 mil pessoas. Ingressos est\u00e3o \u00e0 venda por R$ 70 e os testes devem ser agendados com o expositor.<\/p>\n<p>&nbsp;<\/p>\n<p>Eduardo Bernasconi, empres\u00e1rio experiente em promo\u00e7\u00e3o de eventos automotivos e dono do site FullPower, \u00e9 o respons\u00e1vel pelo Festival Interlagos Carros. Ele diz que Audi, Jaguar Land Rover e Volvo j\u00e1 est\u00e3o confirmadas. H\u00e1 negocia\u00e7\u00f5es com Ferrari, BYD, Ford, Lamborghini, Mercedes-Benz, Jeep, RAM e Porsche. Tamb\u00e9m participam empresas de autope\u00e7as e de outros setores, como iFood e Heineken.<\/p>\n<p>&nbsp;<\/p>\n<p>Segundo Marinho, o custo de participa\u00e7\u00e3o \u00e9 equivalente a uma fra\u00e7\u00e3o dos valores gastos no Sal\u00e3o do Autom\u00f3vel. \u201cOs boxes para exposi\u00e7\u00f5es j\u00e1 est\u00e3o montados e a marca fica respons\u00e1vel apenas pela parte cenogr\u00e1fica\u201d, diz.<\/p>\n<p>&nbsp;<\/p>\n<p>\u201cPara os testes, n\u00f3s organizamos a estrutura, oferecemos os pilotos para acompanhar o visitante, checagem de equipamentos e seguran\u00e7a\u201d, acrescenta Bernasconi. Como atra\u00e7\u00e3o, o evento ter\u00e1 festas eletr\u00f4nicas com v\u00e1rios DJs.<\/p>\n<p>&nbsp;<\/p>\n<p>A Audi, marca que volta a produzir carros no Brasil em julho, ap\u00f3s um ano e meio, promete dois lan\u00e7amentos, ainda mantidos em sigilo. Entre os modelos que vai expor est\u00e3o quatro el\u00e9tricos e o Q3 Sportback, a ser produzido no Paran\u00e1. \u201cVamos convidar 100 clientes por dia para testar nossos carros\u201d, diz Cl\u00e1udio Rawicz, diretor de marketing e comunica\u00e7\u00e3o da Audi. A empresa vai liberar dois ve\u00edculos para visitantes dirigirem.<\/p>\n<p>&nbsp;<\/p>\n<p>Segundo Rawicz, a Audi est\u00e1 de olho no p\u00fablico de maior poder aquisitivo e eventos como esse, de pequeno porte, s\u00e3o a melhor forma de atingir esse nicho. Carros de luxo s\u00e3o 2% das vendas totais no Pa\u00eds.<\/p>\n<p>&nbsp;<\/p>\n<p>A Audi ainda n\u00e3o havia decidido sua participa\u00e7\u00e3o no Sal\u00e3o do Autom\u00f3vel, que ocorreria em agosto em novo formato, tamb\u00e9m em Interlagos, mas foi suspenso em maio. V\u00e1rias marcas j\u00e1 tinham optado por n\u00e3o participar por causa das dificuldades de produ\u00e7\u00e3o com a falta de chips e do custo elevado.<\/p>\n<p>&nbsp;<\/p>\n<p><strong>Duas rodas<\/strong><\/p>\n<p>&nbsp;<\/p>\n<p>Em sua quarta edi\u00e7\u00e3o, o Festival Interlagos Motos ocorre de 23 a 26 deste m\u00eas com mais de 50 empresas, entre elas todas as grandes montadoras, informa Marinho. \u201cO evento n\u00e3o \u00e9 s\u00f3 uma exposi\u00e7\u00e3o, \u00e9 uma Disneyl\u00e2ndia das motocicletas\u201d, diz.<\/p>\n<p>&nbsp;<\/p>\n<p>Em 2021, o Festival recebeu 22 mil visitantes e foram feitos 6 mil testes. Este ano s\u00e3o esperadas 50 mil pessoas. O ingresso custa R$ 70, mas quem quiser dirigir as motos paga R$ 450, com direito a escolher tr\u00eas modelos para tr\u00eas voltas na pista com cada uma. Haver\u00e1 shows dos sertanejos Fernando &amp; Sorocaba. Confiantes no sucesso dos dois eventos, Marinho e Bernasconi j\u00e1 reservaram o aut\u00f3dromo para as edi\u00e7\u00f5es de 2023 e 2024. (O Estado de S. Paulo\/Cleide Silva)<\/p>\n","protected":false},"excerpt":{"rendered":"<p>O Estado de S. Paulo &nbsp; Organizador do Festival Interlagos Motos h\u00e1 tr\u00eas anos, o empres\u00e1rio M\u00e1rcio Saldanha Marinho aproveitou o v\u00e1cuo deixado pela suspens\u00e3o do Sal\u00e3o do Autom\u00f3vel e criou uma vers\u00e3o do evento para carros, com foco em modelos premium. &nbsp; O \u201csal\u00e3o alternativo\u201d atraiu fabricantes que v\u00e3o mostrar novidades ao p\u00fablico e\u2026 <a class=\"readmore\" href=\"https:\/\/dana.com.br\/canaldana\/2022\/06\/14\/salao-alternativo-leva-feira-de-carros-para-o-autodromo-de-interlagos\/\">Leia mais \u00bb<\/a><\/p>\n","protected":false},"author":3,"featured_media":0,"comment_status":"closed","ping_status":"closed","sticky":false,"template":"","format":"standard","meta":{"_acf_changed":false,"footnotes":""},"categories":[82],"tags":[],"class_list":["post-58932","post","type-post","status-publish","format-standard","hentry","category-eventos"],"acf":[],"yoast_head":"<!-- This site is optimized with the Yoast SEO plugin v27.3 - https:\/\/yoast.com\/product\/yoast-seo-wordpress\/ -->\n<title>&quot;Sal\u00e3o alternativo&quot; leva feira de carros para o aut\u00f3dromo de Interlagos - Canal Dana<\/title>\n<meta name=\"robots\" content=\"index, follow, max-snippet:-1, max-image-preview:large, max-video-preview:-1\" \/>\n<link rel=\"canonical\" href=\"https:\/\/dana.com.br\/canaldana\/2022\/06\/14\/salao-alternativo-leva-feira-de-carros-para-o-autodromo-de-interlagos\/\" \/>\n<meta property=\"og:locale\" content=\"pt_BR\" \/>\n<meta property=\"og:type\" content=\"article\" \/>\n<meta property=\"og:title\" content=\"&quot;Sal\u00e3o alternativo&quot; leva feira de carros para o aut\u00f3dromo de Interlagos - Canal Dana\" \/>\n<meta property=\"og:description\" content=\"O Estado de S. Paulo &nbsp; Organizador do Festival Interlagos Motos h\u00e1 tr\u00eas anos, o empres\u00e1rio M\u00e1rcio Saldanha Marinho aproveitou o v\u00e1cuo deixado pela suspens\u00e3o do Sal\u00e3o do Autom\u00f3vel e criou uma vers\u00e3o do evento para carros, com foco em modelos premium. &nbsp; O \u201csal\u00e3o alternativo\u201d atraiu fabricantes que v\u00e3o mostrar novidades ao p\u00fablico e\u2026 Leia mais \u00bb\" \/>\n<meta property=\"og:url\" content=\"https:\/\/dana.com.br\/canaldana\/2022\/06\/14\/salao-alternativo-leva-feira-de-carros-para-o-autodromo-de-interlagos\/\" \/>\n<meta property=\"og:site_name\" content=\"Canal Dana\" \/>\n<meta property=\"article:published_time\" content=\"2022-06-14T12:11:31+00:00\" \/>\n<meta name=\"author\" content=\"Canal Dana\" \/>\n<meta name=\"twitter:card\" content=\"summary_large_image\" \/>\n<meta name=\"twitter:label1\" content=\"Escrito por\" \/>\n\t<meta name=\"twitter:data1\" content=\"Canal Dana\" \/>\n\t<meta name=\"twitter:label2\" content=\"Est. tempo de leitura\" \/>\n\t<meta name=\"twitter:data2\" content=\"3 minutos\" \/>\n<script type=\"application\/ld+json\" class=\"yoast-schema-graph\">{\"@context\":\"https:\\\/\\\/schema.org\",\"@graph\":[{\"@type\":\"Article\",\"@id\":\"https:\\\/\\\/dana.com.br\\\/canaldana\\\/2022\\\/06\\\/14\\\/salao-alternativo-leva-feira-de-carros-para-o-autodromo-de-interlagos\\\/#article\",\"isPartOf\":{\"@id\":\"https:\\\/\\\/dana.com.br\\\/canaldana\\\/2022\\\/06\\\/14\\\/salao-alternativo-leva-feira-de-carros-para-o-autodromo-de-interlagos\\\/\"},\"author\":{\"name\":\"Canal Dana\",\"@id\":\"https:\\\/\\\/dana.com.br\\\/canaldana\\\/#\\\/schema\\\/person\\\/3c21f22f56fcf3bc46b94bc60ea4fef6\"},\"headline\":\"&#8220;Sal\u00e3o alternativo&#8221; leva feira de carros para o aut\u00f3dromo de Interlagos\",\"datePublished\":\"2022-06-14T12:11:31+00:00\",\"mainEntityOfPage\":{\"@id\":\"https:\\\/\\\/dana.com.br\\\/canaldana\\\/2022\\\/06\\\/14\\\/salao-alternativo-leva-feira-de-carros-para-o-autodromo-de-interlagos\\\/\"},\"wordCount\":590,\"articleSection\":[\"Eventos\"],\"inLanguage\":\"pt-BR\"},{\"@type\":\"WebPage\",\"@id\":\"https:\\\/\\\/dana.com.br\\\/canaldana\\\/2022\\\/06\\\/14\\\/salao-alternativo-leva-feira-de-carros-para-o-autodromo-de-interlagos\\\/\",\"url\":\"https:\\\/\\\/dana.com.br\\\/canaldana\\\/2022\\\/06\\\/14\\\/salao-alternativo-leva-feira-de-carros-para-o-autodromo-de-interlagos\\\/\",\"name\":\"\\\"Sal\u00e3o alternativo\\\" leva feira de carros para o aut\u00f3dromo de Interlagos - Canal Dana\",\"isPartOf\":{\"@id\":\"https:\\\/\\\/dana.com.br\\\/canaldana\\\/#website\"},\"datePublished\":\"2022-06-14T12:11:31+00:00\",\"author\":{\"@id\":\"https:\\\/\\\/dana.com.br\\\/canaldana\\\/#\\\/schema\\\/person\\\/3c21f22f56fcf3bc46b94bc60ea4fef6\"},\"breadcrumb\":{\"@id\":\"https:\\\/\\\/dana.com.br\\\/canaldana\\\/2022\\\/06\\\/14\\\/salao-alternativo-leva-feira-de-carros-para-o-autodromo-de-interlagos\\\/#breadcrumb\"},\"inLanguage\":\"pt-BR\",\"potentialAction\":[{\"@type\":\"ReadAction\",\"target\":[\"https:\\\/\\\/dana.com.br\\\/canaldana\\\/2022\\\/06\\\/14\\\/salao-alternativo-leva-feira-de-carros-para-o-autodromo-de-interlagos\\\/\"]}]},{\"@type\":\"BreadcrumbList\",\"@id\":\"https:\\\/\\\/dana.com.br\\\/canaldana\\\/2022\\\/06\\\/14\\\/salao-alternativo-leva-feira-de-carros-para-o-autodromo-de-interlagos\\\/#breadcrumb\",\"itemListElement\":[{\"@type\":\"ListItem\",\"position\":1,\"name\":\"Home\",\"item\":\"https:\\\/\\\/dana.com.br\\\/canaldana\\\/\"},{\"@type\":\"ListItem\",\"position\":2,\"name\":\"Eventos\",\"item\":\"https:\\\/\\\/dana.com.br\\\/canaldana\\\/eventos\\\/\"},{\"@type\":\"ListItem\",\"position\":3,\"name\":\"&#8220;Sal\u00e3o alternativo&#8221; leva feira de carros para o aut\u00f3dromo de Interlagos\"}]},{\"@type\":\"WebSite\",\"@id\":\"https:\\\/\\\/dana.com.br\\\/canaldana\\\/#website\",\"url\":\"https:\\\/\\\/dana.com.br\\\/canaldana\\\/\",\"name\":\"Canal Dana\",\"description\":\"Informativo com as principais not\u00edcias da ind\u00fastria automotiva\",\"potentialAction\":[{\"@type\":\"SearchAction\",\"target\":{\"@type\":\"EntryPoint\",\"urlTemplate\":\"https:\\\/\\\/dana.com.br\\\/canaldana\\\/?s={search_term_string}\"},\"query-input\":{\"@type\":\"PropertyValueSpecification\",\"valueRequired\":true,\"valueName\":\"search_term_string\"}}],\"inLanguage\":\"pt-BR\"},{\"@type\":\"Person\",\"@id\":\"https:\\\/\\\/dana.com.br\\\/canaldana\\\/#\\\/schema\\\/person\\\/3c21f22f56fcf3bc46b94bc60ea4fef6\",\"name\":\"Canal Dana\",\"image\":{\"@type\":\"ImageObject\",\"inLanguage\":\"pt-BR\",\"@id\":\"https:\\\/\\\/secure.gravatar.com\\\/avatar\\\/420aaf9278582877d9018637c6817617705899d2858d7572ef0fe59a6b6454b4?s=96&d=mm&r=g\",\"url\":\"https:\\\/\\\/secure.gravatar.com\\\/avatar\\\/420aaf9278582877d9018637c6817617705899d2858d7572ef0fe59a6b6454b4?s=96&d=mm&r=g\",\"contentUrl\":\"https:\\\/\\\/secure.gravatar.com\\\/avatar\\\/420aaf9278582877d9018637c6817617705899d2858d7572ef0fe59a6b6454b4?s=96&d=mm&r=g\",\"caption\":\"Canal Dana\"},\"url\":\"https:\\\/\\\/dana.com.br\\\/canaldana\\\/author\\\/cdeditor\\\/\"}]}<\/script>\n<!-- \/ Yoast SEO plugin. -->","yoast_head_json":{"title":"\"Sal\u00e3o alternativo\" leva feira de carros para o aut\u00f3dromo de Interlagos - Canal Dana","robots":{"index":"index","follow":"follow","max-snippet":"max-snippet:-1","max-image-preview":"max-image-preview:large","max-video-preview":"max-video-preview:-1"},"canonical":"https:\/\/dana.com.br\/canaldana\/2022\/06\/14\/salao-alternativo-leva-feira-de-carros-para-o-autodromo-de-interlagos\/","og_locale":"pt_BR","og_type":"article","og_title":"\"Sal\u00e3o alternativo\" leva feira de carros para o aut\u00f3dromo de Interlagos - Canal Dana","og_description":"O Estado de S. Paulo &nbsp; Organizador do Festival Interlagos Motos h\u00e1 tr\u00eas anos, o empres\u00e1rio M\u00e1rcio Saldanha Marinho aproveitou o v\u00e1cuo deixado pela suspens\u00e3o do Sal\u00e3o do Autom\u00f3vel e criou uma vers\u00e3o do evento para carros, com foco em modelos premium. &nbsp; O \u201csal\u00e3o alternativo\u201d atraiu fabricantes que v\u00e3o mostrar novidades ao p\u00fablico e\u2026 Leia mais \u00bb","og_url":"https:\/\/dana.com.br\/canaldana\/2022\/06\/14\/salao-alternativo-leva-feira-de-carros-para-o-autodromo-de-interlagos\/","og_site_name":"Canal Dana","article_published_time":"2022-06-14T12:11:31+00:00","author":"Canal Dana","twitter_card":"summary_large_image","twitter_misc":{"Escrito por":"Canal Dana","Est. tempo de leitura":"3 minutos"},"schema":{"@context":"https:\/\/schema.org","@graph":[{"@type":"Article","@id":"https:\/\/dana.com.br\/canaldana\/2022\/06\/14\/salao-alternativo-leva-feira-de-carros-para-o-autodromo-de-interlagos\/#article","isPartOf":{"@id":"https:\/\/dana.com.br\/canaldana\/2022\/06\/14\/salao-alternativo-leva-feira-de-carros-para-o-autodromo-de-interlagos\/"},"author":{"name":"Canal Dana","@id":"https:\/\/dana.com.br\/canaldana\/#\/schema\/person\/3c21f22f56fcf3bc46b94bc60ea4fef6"},"headline":"&#8220;Sal\u00e3o alternativo&#8221; leva feira de carros para o aut\u00f3dromo de Interlagos","datePublished":"2022-06-14T12:11:31+00:00","mainEntityOfPage":{"@id":"https:\/\/dana.com.br\/canaldana\/2022\/06\/14\/salao-alternativo-leva-feira-de-carros-para-o-autodromo-de-interlagos\/"},"wordCount":590,"articleSection":["Eventos"],"inLanguage":"pt-BR"},{"@type":"WebPage","@id":"https:\/\/dana.com.br\/canaldana\/2022\/06\/14\/salao-alternativo-leva-feira-de-carros-para-o-autodromo-de-interlagos\/","url":"https:\/\/dana.com.br\/canaldana\/2022\/06\/14\/salao-alternativo-leva-feira-de-carros-para-o-autodromo-de-interlagos\/","name":"\"Sal\u00e3o alternativo\" leva feira de carros para o aut\u00f3dromo de Interlagos - Canal Dana","isPartOf":{"@id":"https:\/\/dana.com.br\/canaldana\/#website"},"datePublished":"2022-06-14T12:11:31+00:00","author":{"@id":"https:\/\/dana.com.br\/canaldana\/#\/schema\/person\/3c21f22f56fcf3bc46b94bc60ea4fef6"},"breadcrumb":{"@id":"https:\/\/dana.com.br\/canaldana\/2022\/06\/14\/salao-alternativo-leva-feira-de-carros-para-o-autodromo-de-interlagos\/#breadcrumb"},"inLanguage":"pt-BR","potentialAction":[{"@type":"ReadAction","target":["https:\/\/dana.com.br\/canaldana\/2022\/06\/14\/salao-alternativo-leva-feira-de-carros-para-o-autodromo-de-interlagos\/"]}]},{"@type":"BreadcrumbList","@id":"https:\/\/dana.com.br\/canaldana\/2022\/06\/14\/salao-alternativo-leva-feira-de-carros-para-o-autodromo-de-interlagos\/#breadcrumb","itemListElement":[{"@type":"ListItem","position":1,"name":"Home","item":"https:\/\/dana.com.br\/canaldana\/"},{"@type":"ListItem","position":2,"name":"Eventos","item":"https:\/\/dana.com.br\/canaldana\/eventos\/"},{"@type":"ListItem","position":3,"name":"&#8220;Sal\u00e3o alternativo&#8221; leva feira de carros para o aut\u00f3dromo de Interlagos"}]},{"@type":"WebSite","@id":"https:\/\/dana.com.br\/canaldana\/#website","url":"https:\/\/dana.com.br\/canaldana\/","name":"Canal Dana","description":"Informativo com as principais not\u00edcias da ind\u00fastria automotiva","potentialAction":[{"@type":"SearchAction","target":{"@type":"EntryPoint","urlTemplate":"https:\/\/dana.com.br\/canaldana\/?s={search_term_string}"},"query-input":{"@type":"PropertyValueSpecification","valueRequired":true,"valueName":"search_term_string"}}],"inLanguage":"pt-BR"},{"@type":"Person","@id":"https:\/\/dana.com.br\/canaldana\/#\/schema\/person\/3c21f22f56fcf3bc46b94bc60ea4fef6","name":"Canal Dana","image":{"@type":"ImageObject","inLanguage":"pt-BR","@id":"https:\/\/secure.gravatar.com\/avatar\/420aaf9278582877d9018637c6817617705899d2858d7572ef0fe59a6b6454b4?s=96&d=mm&r=g","url":"https:\/\/secure.gravatar.com\/avatar\/420aaf9278582877d9018637c6817617705899d2858d7572ef0fe59a6b6454b4?s=96&d=mm&r=g","contentUrl":"https:\/\/secure.gravatar.com\/avatar\/420aaf9278582877d9018637c6817617705899d2858d7572ef0fe59a6b6454b4?s=96&d=mm&r=g","caption":"Canal Dana"},"url":"https:\/\/dana.com.br\/canaldana\/author\/cdeditor\/"}]}},"_links":{"self":[{"href":"https:\/\/dana.com.br\/canaldana\/wp-json\/wp\/v2\/posts\/58932","targetHints":{"allow":["GET"]}}],"collection":[{"href":"https:\/\/dana.com.br\/canaldana\/wp-json\/wp\/v2\/posts"}],"about":[{"href":"https:\/\/dana.com.br\/canaldana\/wp-json\/wp\/v2\/types\/post"}],"author":[{"embeddable":true,"href":"https:\/\/dana.com.br\/canaldana\/wp-json\/wp\/v2\/users\/3"}],"replies":[{"embeddable":true,"href":"https:\/\/dana.com.br\/canaldana\/wp-json\/wp\/v2\/comments?post=58932"}],"version-history":[{"count":0,"href":"https:\/\/dana.com.br\/canaldana\/wp-json\/wp\/v2\/posts\/58932\/revisions"}],"wp:attachment":[{"href":"https:\/\/dana.com.br\/canaldana\/wp-json\/wp\/v2\/media?parent=58932"}],"wp:term":[{"taxonomy":"category","embeddable":true,"href":"https:\/\/dana.com.br\/canaldana\/wp-json\/wp\/v2\/categories?post=58932"},{"taxonomy":"post_tag","embeddable":true,"href":"https:\/\/dana.com.br\/canaldana\/wp-json\/wp\/v2\/tags?post=58932"}],"curies":[{"name":"wp","href":"https:\/\/api.w.org\/{rel}","templated":true}]}}