{"id":58925,"date":"2022-06-13T09:02:05","date_gmt":"2022-06-13T12:02:05","guid":{"rendered":"https:\/\/dana.com.br\/canaldana\/?p=58925"},"modified":"2022-06-13T09:02:05","modified_gmt":"2022-06-13T12:02:05","slug":"volkswagen-planeja-dar-ferias-coletivas-para-3-000-funcionarios","status":"publish","type":"post","link":"https:\/\/dana.com.br\/canaldana\/2022\/06\/13\/volkswagen-planeja-dar-ferias-coletivas-para-3-000-funcionarios\/","title":{"rendered":"Volkswagen planeja dar f\u00e9rias coletivas para 3.000 funcion\u00e1rios"},"content":{"rendered":"<p><em>Di\u00e1rio do Grande ABC <\/em><\/p>\n<p>&nbsp;<\/p>\n<p>A Volkswagen poder\u00e1 colocar 3.000 trabalhadores da produ\u00e7\u00e3o em f\u00e9rias coletivas, segundo o Sindicato dos Metal\u00fargicos do ABC. A entidade afirma que os funcion\u00e1rios da planta de S\u00e3o Bernardo ficar\u00e3o fora da f\u00e1brica por dez dias, entre 27 de junho a 7 de julho, por falta de pe\u00e7as e componentes eletr\u00f4nicos para finalizar a produ\u00e7\u00e3o dos ve\u00edculos.<\/p>\n<p>&nbsp;<\/p>\n<p>De acordo com a montadora, o que ocorre \u00e9 a necessidade de protocolar o pedido de f\u00e9rias com anteced\u00eancia. E que em momento pr\u00f3ximo da data protocolada ser\u00e1 verificado se haver\u00e1 a necessidade de utilizar a \u2018ferramenta de flexibiliza\u00e7\u00e3o\u2019.<\/p>\n<p>&nbsp;<\/p>\n<p>Em maio, a montadora colocou cerca de 2.500 metal\u00fargicos em f\u00e9rias coletivas por 20 dias pelo mesmo problema na cadeia de fornecimento de pe\u00e7as.<\/p>\n<p>&nbsp;<\/p>\n<p>O Sindicato dos Metal\u00fargicos do ABC cobra pol\u00edtica industrial por parte do governo para amenizar essa escassez. O coordenador-geral da representa\u00e7\u00e3o na Volks, Jos\u00e9 Roberto Nogueira da Silva, o Bigodinho, ressaltou que a falta de componentes tem impactado n\u00e3o s\u00f3 o ramo automotivo, mas todo setor industrial brasileiro.<\/p>\n<p>&nbsp;<\/p>\n<p>\u201cEste \u00e9 um problema que vem afligindo n\u00e3o s\u00f3 a ind\u00fastria automobil\u00edstica. Toda a ind\u00fastria nacional vem sendo impactada. Isso acaba atingindo diretamente os trabalhadores. A falta de pol\u00edtica industrial e de desenvolvimento no Pa\u00eds tem causado a desestrutura\u00e7\u00e3o da cadeia produtiva nacional\u201d, afirma.<\/p>\n<p>&nbsp;<\/p>\n<p>O dirigente sindical tamb\u00e9m destacou que o acordo vigente na montadora, negociado entre Sindicato dos Metal\u00fargicos do ABC e a empresa, permite que os trabalhadores tenham tranquilidade em rela\u00e7\u00e3o aos empregos e garante previsibilidade sobre o futuro da f\u00e1brica.<\/p>\n<p>&nbsp;<\/p>\n<p>\u201c\u00c9 muito importante neste momento termos um acordo de longo prazo que prev\u00ea situa\u00e7\u00f5es como esta que vem perdurando a muito tempo. O acordo d\u00e1 previsibilidade para trabalhadores se organizarem e tamb\u00e9m para a empresa pensar o futuro da planta\u201d, diz Silva.<\/p>\n<p>&nbsp;<\/p>\n<p>No momento, a Volkswagen conta com cerca de 8.200 trabalhadores, sendo 4.500 na produ\u00e7\u00e3o.<\/p>\n<p>&nbsp;<\/p>\n<p><strong>Melhora<\/strong><\/p>\n<p>&nbsp;<\/p>\n<p>Desde o \u00faltimo m\u00eas a ind\u00fastria automobil\u00edstica come\u00e7a a dar sinais de recupera\u00e7\u00e3o. Em maio, pela primeira vez no ano, foi superada a marca de 200 mil ve\u00edculos produzidos no Pa\u00eds. Coincidentemente, foi em maio de 2021 que o setor come\u00e7ou a sofrer com a falta de semicondutores.<\/p>\n<p>&nbsp;<\/p>\n<p>No Grande ABC, a Volks n\u00e3o \u00e9 a \u00fanica a ter problemas com a falta de suprimentos. General Motors, Mercedes e Scania tamb\u00e9m tiveram de recorrer a paradas estrat\u00e9gicas quando n\u00e3o tinham em estoque pe\u00e7as para finalizar os carros. (Di\u00e1rio do Grande ABC\/Beatriz Mirelle)<\/p>\n","protected":false},"excerpt":{"rendered":"<p>Di\u00e1rio do Grande ABC &nbsp; A Volkswagen poder\u00e1 colocar 3.000 trabalhadores da produ\u00e7\u00e3o em f\u00e9rias coletivas, segundo o Sindicato dos Metal\u00fargicos do ABC. A entidade afirma que os funcion\u00e1rios da planta de S\u00e3o Bernardo ficar\u00e3o fora da f\u00e1brica por dez dias, entre 27 de junho a 7 de julho, por falta de pe\u00e7as e componentes\u2026 <a class=\"readmore\" href=\"https:\/\/dana.com.br\/canaldana\/2022\/06\/13\/volkswagen-planeja-dar-ferias-coletivas-para-3-000-funcionarios\/\">Leia mais \u00bb<\/a><\/p>\n","protected":false},"author":3,"featured_media":0,"comment_status":"closed","ping_status":"closed","sticky":false,"template":"","format":"standard","meta":{"_acf_changed":false,"footnotes":""},"categories":[61],"tags":[],"class_list":["post-58925","post","type-post","status-publish","format-standard","hentry","category-destaques"],"acf":[],"yoast_head":"<!-- This site is optimized with the Yoast SEO plugin v27.3 - https:\/\/yoast.com\/product\/yoast-seo-wordpress\/ -->\n<title>Volkswagen planeja dar f\u00e9rias coletivas para 3.000 funcion\u00e1rios - Canal Dana<\/title>\n<meta name=\"robots\" content=\"index, follow, max-snippet:-1, max-image-preview:large, max-video-preview:-1\" \/>\n<link rel=\"canonical\" href=\"https:\/\/dana.com.br\/canaldana\/2022\/06\/13\/volkswagen-planeja-dar-ferias-coletivas-para-3-000-funcionarios\/\" \/>\n<meta property=\"og:locale\" content=\"pt_BR\" \/>\n<meta property=\"og:type\" content=\"article\" \/>\n<meta property=\"og:title\" content=\"Volkswagen planeja dar f\u00e9rias coletivas para 3.000 funcion\u00e1rios - Canal Dana\" \/>\n<meta property=\"og:description\" content=\"Di\u00e1rio do Grande ABC &nbsp; A Volkswagen poder\u00e1 colocar 3.000 trabalhadores da produ\u00e7\u00e3o em f\u00e9rias coletivas, segundo o Sindicato dos Metal\u00fargicos do ABC. A entidade afirma que os funcion\u00e1rios da planta de S\u00e3o Bernardo ficar\u00e3o fora da f\u00e1brica por dez dias, entre 27 de junho a 7 de julho, por falta de pe\u00e7as e componentes\u2026 Leia mais \u00bb\" \/>\n<meta property=\"og:url\" content=\"https:\/\/dana.com.br\/canaldana\/2022\/06\/13\/volkswagen-planeja-dar-ferias-coletivas-para-3-000-funcionarios\/\" \/>\n<meta property=\"og:site_name\" content=\"Canal Dana\" \/>\n<meta property=\"article:published_time\" content=\"2022-06-13T12:02:05+00:00\" \/>\n<meta name=\"author\" content=\"Canal Dana\" \/>\n<meta name=\"twitter:card\" content=\"summary_large_image\" \/>\n<meta name=\"twitter:label1\" content=\"Escrito por\" \/>\n\t<meta name=\"twitter:data1\" content=\"Canal Dana\" \/>\n\t<meta name=\"twitter:label2\" content=\"Est. tempo de leitura\" \/>\n\t<meta name=\"twitter:data2\" content=\"2 minutos\" \/>\n<script type=\"application\/ld+json\" class=\"yoast-schema-graph\">{\"@context\":\"https:\\\/\\\/schema.org\",\"@graph\":[{\"@type\":\"Article\",\"@id\":\"https:\\\/\\\/dana.com.br\\\/canaldana\\\/2022\\\/06\\\/13\\\/volkswagen-planeja-dar-ferias-coletivas-para-3-000-funcionarios\\\/#article\",\"isPartOf\":{\"@id\":\"https:\\\/\\\/dana.com.br\\\/canaldana\\\/2022\\\/06\\\/13\\\/volkswagen-planeja-dar-ferias-coletivas-para-3-000-funcionarios\\\/\"},\"author\":{\"name\":\"Canal Dana\",\"@id\":\"https:\\\/\\\/dana.com.br\\\/canaldana\\\/#\\\/schema\\\/person\\\/3c21f22f56fcf3bc46b94bc60ea4fef6\"},\"headline\":\"Volkswagen planeja dar f\u00e9rias coletivas para 3.000 funcion\u00e1rios\",\"datePublished\":\"2022-06-13T12:02:05+00:00\",\"mainEntityOfPage\":{\"@id\":\"https:\\\/\\\/dana.com.br\\\/canaldana\\\/2022\\\/06\\\/13\\\/volkswagen-planeja-dar-ferias-coletivas-para-3-000-funcionarios\\\/\"},\"wordCount\":463,\"articleSection\":[\"Destaques\"],\"inLanguage\":\"pt-BR\"},{\"@type\":\"WebPage\",\"@id\":\"https:\\\/\\\/dana.com.br\\\/canaldana\\\/2022\\\/06\\\/13\\\/volkswagen-planeja-dar-ferias-coletivas-para-3-000-funcionarios\\\/\",\"url\":\"https:\\\/\\\/dana.com.br\\\/canaldana\\\/2022\\\/06\\\/13\\\/volkswagen-planeja-dar-ferias-coletivas-para-3-000-funcionarios\\\/\",\"name\":\"Volkswagen planeja dar f\u00e9rias coletivas para 3.000 funcion\u00e1rios - Canal Dana\",\"isPartOf\":{\"@id\":\"https:\\\/\\\/dana.com.br\\\/canaldana\\\/#website\"},\"datePublished\":\"2022-06-13T12:02:05+00:00\",\"author\":{\"@id\":\"https:\\\/\\\/dana.com.br\\\/canaldana\\\/#\\\/schema\\\/person\\\/3c21f22f56fcf3bc46b94bc60ea4fef6\"},\"breadcrumb\":{\"@id\":\"https:\\\/\\\/dana.com.br\\\/canaldana\\\/2022\\\/06\\\/13\\\/volkswagen-planeja-dar-ferias-coletivas-para-3-000-funcionarios\\\/#breadcrumb\"},\"inLanguage\":\"pt-BR\",\"potentialAction\":[{\"@type\":\"ReadAction\",\"target\":[\"https:\\\/\\\/dana.com.br\\\/canaldana\\\/2022\\\/06\\\/13\\\/volkswagen-planeja-dar-ferias-coletivas-para-3-000-funcionarios\\\/\"]}]},{\"@type\":\"BreadcrumbList\",\"@id\":\"https:\\\/\\\/dana.com.br\\\/canaldana\\\/2022\\\/06\\\/13\\\/volkswagen-planeja-dar-ferias-coletivas-para-3-000-funcionarios\\\/#breadcrumb\",\"itemListElement\":[{\"@type\":\"ListItem\",\"position\":1,\"name\":\"Home\",\"item\":\"https:\\\/\\\/dana.com.br\\\/canaldana\\\/\"},{\"@type\":\"ListItem\",\"position\":2,\"name\":\"Destaques\",\"item\":\"https:\\\/\\\/dana.com.br\\\/canaldana\\\/destaques\\\/\"},{\"@type\":\"ListItem\",\"position\":3,\"name\":\"Volkswagen planeja dar f\u00e9rias coletivas para 3.000 funcion\u00e1rios\"}]},{\"@type\":\"WebSite\",\"@id\":\"https:\\\/\\\/dana.com.br\\\/canaldana\\\/#website\",\"url\":\"https:\\\/\\\/dana.com.br\\\/canaldana\\\/\",\"name\":\"Canal Dana\",\"description\":\"Informativo com as principais not\u00edcias da ind\u00fastria automotiva\",\"potentialAction\":[{\"@type\":\"SearchAction\",\"target\":{\"@type\":\"EntryPoint\",\"urlTemplate\":\"https:\\\/\\\/dana.com.br\\\/canaldana\\\/?s={search_term_string}\"},\"query-input\":{\"@type\":\"PropertyValueSpecification\",\"valueRequired\":true,\"valueName\":\"search_term_string\"}}],\"inLanguage\":\"pt-BR\"},{\"@type\":\"Person\",\"@id\":\"https:\\\/\\\/dana.com.br\\\/canaldana\\\/#\\\/schema\\\/person\\\/3c21f22f56fcf3bc46b94bc60ea4fef6\",\"name\":\"Canal Dana\",\"image\":{\"@type\":\"ImageObject\",\"inLanguage\":\"pt-BR\",\"@id\":\"https:\\\/\\\/secure.gravatar.com\\\/avatar\\\/420aaf9278582877d9018637c6817617705899d2858d7572ef0fe59a6b6454b4?s=96&d=mm&r=g\",\"url\":\"https:\\\/\\\/secure.gravatar.com\\\/avatar\\\/420aaf9278582877d9018637c6817617705899d2858d7572ef0fe59a6b6454b4?s=96&d=mm&r=g\",\"contentUrl\":\"https:\\\/\\\/secure.gravatar.com\\\/avatar\\\/420aaf9278582877d9018637c6817617705899d2858d7572ef0fe59a6b6454b4?s=96&d=mm&r=g\",\"caption\":\"Canal Dana\"},\"url\":\"https:\\\/\\\/dana.com.br\\\/canaldana\\\/author\\\/cdeditor\\\/\"}]}<\/script>\n<!-- \/ Yoast SEO plugin. -->","yoast_head_json":{"title":"Volkswagen planeja dar f\u00e9rias coletivas para 3.000 funcion\u00e1rios - Canal Dana","robots":{"index":"index","follow":"follow","max-snippet":"max-snippet:-1","max-image-preview":"max-image-preview:large","max-video-preview":"max-video-preview:-1"},"canonical":"https:\/\/dana.com.br\/canaldana\/2022\/06\/13\/volkswagen-planeja-dar-ferias-coletivas-para-3-000-funcionarios\/","og_locale":"pt_BR","og_type":"article","og_title":"Volkswagen planeja dar f\u00e9rias coletivas para 3.000 funcion\u00e1rios - Canal Dana","og_description":"Di\u00e1rio do Grande ABC &nbsp; A Volkswagen poder\u00e1 colocar 3.000 trabalhadores da produ\u00e7\u00e3o em f\u00e9rias coletivas, segundo o Sindicato dos Metal\u00fargicos do ABC. A entidade afirma que os funcion\u00e1rios da planta de S\u00e3o Bernardo ficar\u00e3o fora da f\u00e1brica por dez dias, entre 27 de junho a 7 de julho, por falta de pe\u00e7as e componentes\u2026 Leia mais \u00bb","og_url":"https:\/\/dana.com.br\/canaldana\/2022\/06\/13\/volkswagen-planeja-dar-ferias-coletivas-para-3-000-funcionarios\/","og_site_name":"Canal Dana","article_published_time":"2022-06-13T12:02:05+00:00","author":"Canal Dana","twitter_card":"summary_large_image","twitter_misc":{"Escrito por":"Canal Dana","Est. tempo de leitura":"2 minutos"},"schema":{"@context":"https:\/\/schema.org","@graph":[{"@type":"Article","@id":"https:\/\/dana.com.br\/canaldana\/2022\/06\/13\/volkswagen-planeja-dar-ferias-coletivas-para-3-000-funcionarios\/#article","isPartOf":{"@id":"https:\/\/dana.com.br\/canaldana\/2022\/06\/13\/volkswagen-planeja-dar-ferias-coletivas-para-3-000-funcionarios\/"},"author":{"name":"Canal Dana","@id":"https:\/\/dana.com.br\/canaldana\/#\/schema\/person\/3c21f22f56fcf3bc46b94bc60ea4fef6"},"headline":"Volkswagen planeja dar f\u00e9rias coletivas para 3.000 funcion\u00e1rios","datePublished":"2022-06-13T12:02:05+00:00","mainEntityOfPage":{"@id":"https:\/\/dana.com.br\/canaldana\/2022\/06\/13\/volkswagen-planeja-dar-ferias-coletivas-para-3-000-funcionarios\/"},"wordCount":463,"articleSection":["Destaques"],"inLanguage":"pt-BR"},{"@type":"WebPage","@id":"https:\/\/dana.com.br\/canaldana\/2022\/06\/13\/volkswagen-planeja-dar-ferias-coletivas-para-3-000-funcionarios\/","url":"https:\/\/dana.com.br\/canaldana\/2022\/06\/13\/volkswagen-planeja-dar-ferias-coletivas-para-3-000-funcionarios\/","name":"Volkswagen planeja dar f\u00e9rias coletivas para 3.000 funcion\u00e1rios - Canal Dana","isPartOf":{"@id":"https:\/\/dana.com.br\/canaldana\/#website"},"datePublished":"2022-06-13T12:02:05+00:00","author":{"@id":"https:\/\/dana.com.br\/canaldana\/#\/schema\/person\/3c21f22f56fcf3bc46b94bc60ea4fef6"},"breadcrumb":{"@id":"https:\/\/dana.com.br\/canaldana\/2022\/06\/13\/volkswagen-planeja-dar-ferias-coletivas-para-3-000-funcionarios\/#breadcrumb"},"inLanguage":"pt-BR","potentialAction":[{"@type":"ReadAction","target":["https:\/\/dana.com.br\/canaldana\/2022\/06\/13\/volkswagen-planeja-dar-ferias-coletivas-para-3-000-funcionarios\/"]}]},{"@type":"BreadcrumbList","@id":"https:\/\/dana.com.br\/canaldana\/2022\/06\/13\/volkswagen-planeja-dar-ferias-coletivas-para-3-000-funcionarios\/#breadcrumb","itemListElement":[{"@type":"ListItem","position":1,"name":"Home","item":"https:\/\/dana.com.br\/canaldana\/"},{"@type":"ListItem","position":2,"name":"Destaques","item":"https:\/\/dana.com.br\/canaldana\/destaques\/"},{"@type":"ListItem","position":3,"name":"Volkswagen planeja dar f\u00e9rias coletivas para 3.000 funcion\u00e1rios"}]},{"@type":"WebSite","@id":"https:\/\/dana.com.br\/canaldana\/#website","url":"https:\/\/dana.com.br\/canaldana\/","name":"Canal Dana","description":"Informativo com as principais not\u00edcias da ind\u00fastria automotiva","potentialAction":[{"@type":"SearchAction","target":{"@type":"EntryPoint","urlTemplate":"https:\/\/dana.com.br\/canaldana\/?s={search_term_string}"},"query-input":{"@type":"PropertyValueSpecification","valueRequired":true,"valueName":"search_term_string"}}],"inLanguage":"pt-BR"},{"@type":"Person","@id":"https:\/\/dana.com.br\/canaldana\/#\/schema\/person\/3c21f22f56fcf3bc46b94bc60ea4fef6","name":"Canal Dana","image":{"@type":"ImageObject","inLanguage":"pt-BR","@id":"https:\/\/secure.gravatar.com\/avatar\/420aaf9278582877d9018637c6817617705899d2858d7572ef0fe59a6b6454b4?s=96&d=mm&r=g","url":"https:\/\/secure.gravatar.com\/avatar\/420aaf9278582877d9018637c6817617705899d2858d7572ef0fe59a6b6454b4?s=96&d=mm&r=g","contentUrl":"https:\/\/secure.gravatar.com\/avatar\/420aaf9278582877d9018637c6817617705899d2858d7572ef0fe59a6b6454b4?s=96&d=mm&r=g","caption":"Canal Dana"},"url":"https:\/\/dana.com.br\/canaldana\/author\/cdeditor\/"}]}},"_links":{"self":[{"href":"https:\/\/dana.com.br\/canaldana\/wp-json\/wp\/v2\/posts\/58925","targetHints":{"allow":["GET"]}}],"collection":[{"href":"https:\/\/dana.com.br\/canaldana\/wp-json\/wp\/v2\/posts"}],"about":[{"href":"https:\/\/dana.com.br\/canaldana\/wp-json\/wp\/v2\/types\/post"}],"author":[{"embeddable":true,"href":"https:\/\/dana.com.br\/canaldana\/wp-json\/wp\/v2\/users\/3"}],"replies":[{"embeddable":true,"href":"https:\/\/dana.com.br\/canaldana\/wp-json\/wp\/v2\/comments?post=58925"}],"version-history":[{"count":0,"href":"https:\/\/dana.com.br\/canaldana\/wp-json\/wp\/v2\/posts\/58925\/revisions"}],"wp:attachment":[{"href":"https:\/\/dana.com.br\/canaldana\/wp-json\/wp\/v2\/media?parent=58925"}],"wp:term":[{"taxonomy":"category","embeddable":true,"href":"https:\/\/dana.com.br\/canaldana\/wp-json\/wp\/v2\/categories?post=58925"},{"taxonomy":"post_tag","embeddable":true,"href":"https:\/\/dana.com.br\/canaldana\/wp-json\/wp\/v2\/tags?post=58925"}],"curies":[{"name":"wp","href":"https:\/\/api.w.org\/{rel}","templated":true}]}}