{"id":58923,"date":"2022-06-13T09:01:29","date_gmt":"2022-06-13T12:01:29","guid":{"rendered":"https:\/\/dana.com.br\/canaldana\/?p=58923"},"modified":"2022-06-13T09:01:29","modified_gmt":"2022-06-13T12:01:29","slug":"exportacoes-de-veiculos-brasileiros-sobem-246-em-maio-em-comparacao-ao-mesmo-mes-de-2021","status":"publish","type":"post","link":"https:\/\/dana.com.br\/canaldana\/2022\/06\/13\/exportacoes-de-veiculos-brasileiros-sobem-246-em-maio-em-comparacao-ao-mesmo-mes-de-2021\/","title":{"rendered":"Exporta\u00e7\u00f5es de ve\u00edculos brasileiros sobem 24,6% em maio em compara\u00e7\u00e3o ao mesmo m\u00eas de 2021"},"content":{"rendered":"<p><em>O Sul<\/em><\/p>\n<p>&nbsp;<\/p>\n<p>As exporta\u00e7\u00f5es das montadoras, que t\u00eam a Argentina como principal destino, subiram 24,6% em maio ante igual per\u00edodo de 2021. Na compara\u00e7\u00e3o com abril, as exporta\u00e7\u00f5es do m\u00eas passado \u2013 um total de 46,1 mil ve\u00edculos \u2013 tiveram alta de 2,8%. Com isso, os embarques chegam a 198,9 mil unidades no total desde o in\u00edcio do ano, 19,4% a mais do que nos cinco primeiros meses de 2021.<\/p>\n<p>&nbsp;<\/p>\n<p>As montadoras fecharam o m\u00eas de maio com crescimento de 10,7% da produ\u00e7\u00e3o sobre abril, chegando a 205,9 mil ve\u00edculos fabricados, o melhor resultado do ano. O balan\u00e7o foi divulgado nesta semana pela Anfavea, a associa\u00e7\u00e3o que representa a ind\u00fastria automotiva, e mostra que o setor segue reagindo apesar dos gargalos de produ\u00e7\u00e3o, sendo a falta de componentes eletr\u00f4nicos o principal deles.<\/p>\n<p>&nbsp;<\/p>\n<p>Na compara\u00e7\u00e3o com maio de 2021, houve alta de 6,8% na produ\u00e7\u00e3o de ve\u00edculos, entre carros de passeio, utilit\u00e1rios leves, caminh\u00f5es e \u00f4nibus. Foi a primeira vez do ano em que a produ\u00e7\u00e3o subiu no comparativo com 2021.<\/p>\n<p>&nbsp;<\/p>\n<p>No acumulado do ano, per\u00edodo no qual 888,1 mil ve\u00edculos foram montados no Brasil, o setor seguiu no vermelho, com queda de 9,5% contra os cinco primeiros meses de 2021.<\/p>\n<p>&nbsp;<\/p>\n<p>A dire\u00e7\u00e3o da Anfavea considera que a crise de abastecimento no setor tem se tornado menos cr\u00edtica. \u201cO problema de semicondutores ainda persiste, mas, devagar, a situa\u00e7\u00e3o tem se tornado menos cr\u00edtica na compara\u00e7\u00e3o com o m\u00eas anterior\u201d, afirmou M\u00e1rcio de Lima Leite, presidente da Anfavea.<\/p>\n<p>&nbsp;<\/p>\n<p>Ele ponderou, contudo, que as f\u00e1bricas ainda enfrentam um \u201cgrande desafio\u201d para manter o ritmo de produ\u00e7\u00e3o. Desde o in\u00edcio do ano, 16 montadoras pararam por falta de pe\u00e7as, em especial componentes eletr\u00f4nicos. A m\u00e9dia foi de 20 dias de parada em cada uma, resultando em cerca de 150 mil ve\u00edculos que deixaram de ser produzidos, ap\u00f3s as 350 mil unidades perdidas em 2021, segundo estimativa da Anfavea.<\/p>\n<p>&nbsp;<\/p>\n<p>O presidente da Anfavea afirmou que os problemas de fornecimento n\u00e3o se resumem mais apenas aos semicondutores, cuja escassez representa o maior gargalo da ind\u00fastria, incluindo agora tamb\u00e9m itens como borrachas, cabos e resinas. S\u00e3o materiais, observou, que v\u00eam exigindo maior planejamento das montadoras.<\/p>\n<p>&nbsp;<\/p>\n<p>Apesar disso, Leite afirmou que a ind\u00fastria tem conseguido melhorar a oferta de produtos, o que permitiu um resultado que ele classificou como \u201cimpressionante\u201d das vendas.<\/p>\n<p>&nbsp;<\/p>\n<p>As vendas de ve\u00edculos tamb\u00e9m tiveram o melhor resultado no ano e subiram 27% na passagem de abril para maio, chegando a 187,1 mil unidades, entre carros de passeio, utilit\u00e1rios leves, caminh\u00f5es e \u00f4nibus.<\/p>\n<p>&nbsp;<\/p>\n<p>O resultado representa uma leve queda de 0,9% em um ano e ficou pr\u00f3ximo do total vendido no mesmo per\u00edodo do ano passado. Com isso, o recuo das vendas no acumulado dos cinco primeiros meses do ano ficou em 17%, num total de 740 mil unidades.<\/p>\n<p>&nbsp;<\/p>\n<p>O presidente da Anfavea destacou ainda que a demanda segue superando a oferta de carros, por\u00e9m ele tamb\u00e9m demonstrou preocupa\u00e7\u00e3o com impactos da alta dos juros no custo dos financiamentos. (O Sul)<\/p>\n","protected":false},"excerpt":{"rendered":"<p>O Sul &nbsp; As exporta\u00e7\u00f5es das montadoras, que t\u00eam a Argentina como principal destino, subiram 24,6% em maio ante igual per\u00edodo de 2021. Na compara\u00e7\u00e3o com abril, as exporta\u00e7\u00f5es do m\u00eas passado \u2013 um total de 46,1 mil ve\u00edculos \u2013 tiveram alta de 2,8%. Com isso, os embarques chegam a 198,9 mil unidades no total\u2026 <a class=\"readmore\" href=\"https:\/\/dana.com.br\/canaldana\/2022\/06\/13\/exportacoes-de-veiculos-brasileiros-sobem-246-em-maio-em-comparacao-ao-mesmo-mes-de-2021\/\">Leia mais \u00bb<\/a><\/p>\n","protected":false},"author":3,"featured_media":0,"comment_status":"closed","ping_status":"closed","sticky":false,"template":"","format":"standard","meta":{"_acf_changed":false,"footnotes":""},"categories":[61],"tags":[],"class_list":["post-58923","post","type-post","status-publish","format-standard","hentry","category-destaques"],"acf":[],"yoast_head":"<!-- This site is optimized with the Yoast SEO plugin v27.3 - https:\/\/yoast.com\/product\/yoast-seo-wordpress\/ -->\n<title>Exporta\u00e7\u00f5es de ve\u00edculos brasileiros sobem 24,6% em maio em compara\u00e7\u00e3o ao mesmo m\u00eas de 2021 - Canal Dana<\/title>\n<meta name=\"robots\" content=\"index, follow, max-snippet:-1, max-image-preview:large, max-video-preview:-1\" \/>\n<link rel=\"canonical\" href=\"https:\/\/dana.com.br\/canaldana\/2022\/06\/13\/exportacoes-de-veiculos-brasileiros-sobem-246-em-maio-em-comparacao-ao-mesmo-mes-de-2021\/\" \/>\n<meta property=\"og:locale\" content=\"pt_BR\" \/>\n<meta property=\"og:type\" content=\"article\" \/>\n<meta property=\"og:title\" content=\"Exporta\u00e7\u00f5es de ve\u00edculos brasileiros sobem 24,6% em maio em compara\u00e7\u00e3o ao mesmo m\u00eas de 2021 - Canal Dana\" \/>\n<meta property=\"og:description\" content=\"O Sul &nbsp; As exporta\u00e7\u00f5es das montadoras, que t\u00eam a Argentina como principal destino, subiram 24,6% em maio ante igual per\u00edodo de 2021. Na compara\u00e7\u00e3o com abril, as exporta\u00e7\u00f5es do m\u00eas passado \u2013 um total de 46,1 mil ve\u00edculos \u2013 tiveram alta de 2,8%. Com isso, os embarques chegam a 198,9 mil unidades no total\u2026 Leia mais \u00bb\" \/>\n<meta property=\"og:url\" content=\"https:\/\/dana.com.br\/canaldana\/2022\/06\/13\/exportacoes-de-veiculos-brasileiros-sobem-246-em-maio-em-comparacao-ao-mesmo-mes-de-2021\/\" \/>\n<meta property=\"og:site_name\" content=\"Canal Dana\" \/>\n<meta property=\"article:published_time\" content=\"2022-06-13T12:01:29+00:00\" \/>\n<meta name=\"author\" content=\"Canal Dana\" \/>\n<meta name=\"twitter:card\" content=\"summary_large_image\" \/>\n<meta name=\"twitter:label1\" content=\"Escrito por\" \/>\n\t<meta name=\"twitter:data1\" content=\"Canal Dana\" \/>\n\t<meta name=\"twitter:label2\" content=\"Est. tempo de leitura\" \/>\n\t<meta name=\"twitter:data2\" content=\"3 minutos\" \/>\n<script type=\"application\/ld+json\" class=\"yoast-schema-graph\">{\"@context\":\"https:\\\/\\\/schema.org\",\"@graph\":[{\"@type\":\"Article\",\"@id\":\"https:\\\/\\\/dana.com.br\\\/canaldana\\\/2022\\\/06\\\/13\\\/exportacoes-de-veiculos-brasileiros-sobem-246-em-maio-em-comparacao-ao-mesmo-mes-de-2021\\\/#article\",\"isPartOf\":{\"@id\":\"https:\\\/\\\/dana.com.br\\\/canaldana\\\/2022\\\/06\\\/13\\\/exportacoes-de-veiculos-brasileiros-sobem-246-em-maio-em-comparacao-ao-mesmo-mes-de-2021\\\/\"},\"author\":{\"name\":\"Canal Dana\",\"@id\":\"https:\\\/\\\/dana.com.br\\\/canaldana\\\/#\\\/schema\\\/person\\\/3c21f22f56fcf3bc46b94bc60ea4fef6\"},\"headline\":\"Exporta\u00e7\u00f5es de ve\u00edculos brasileiros sobem 24,6% em maio em compara\u00e7\u00e3o ao mesmo m\u00eas de 2021\",\"datePublished\":\"2022-06-13T12:01:29+00:00\",\"mainEntityOfPage\":{\"@id\":\"https:\\\/\\\/dana.com.br\\\/canaldana\\\/2022\\\/06\\\/13\\\/exportacoes-de-veiculos-brasileiros-sobem-246-em-maio-em-comparacao-ao-mesmo-mes-de-2021\\\/\"},\"wordCount\":551,\"articleSection\":[\"Destaques\"],\"inLanguage\":\"pt-BR\"},{\"@type\":\"WebPage\",\"@id\":\"https:\\\/\\\/dana.com.br\\\/canaldana\\\/2022\\\/06\\\/13\\\/exportacoes-de-veiculos-brasileiros-sobem-246-em-maio-em-comparacao-ao-mesmo-mes-de-2021\\\/\",\"url\":\"https:\\\/\\\/dana.com.br\\\/canaldana\\\/2022\\\/06\\\/13\\\/exportacoes-de-veiculos-brasileiros-sobem-246-em-maio-em-comparacao-ao-mesmo-mes-de-2021\\\/\",\"name\":\"Exporta\u00e7\u00f5es de ve\u00edculos brasileiros sobem 24,6% em maio em compara\u00e7\u00e3o ao mesmo m\u00eas de 2021 - Canal Dana\",\"isPartOf\":{\"@id\":\"https:\\\/\\\/dana.com.br\\\/canaldana\\\/#website\"},\"datePublished\":\"2022-06-13T12:01:29+00:00\",\"author\":{\"@id\":\"https:\\\/\\\/dana.com.br\\\/canaldana\\\/#\\\/schema\\\/person\\\/3c21f22f56fcf3bc46b94bc60ea4fef6\"},\"breadcrumb\":{\"@id\":\"https:\\\/\\\/dana.com.br\\\/canaldana\\\/2022\\\/06\\\/13\\\/exportacoes-de-veiculos-brasileiros-sobem-246-em-maio-em-comparacao-ao-mesmo-mes-de-2021\\\/#breadcrumb\"},\"inLanguage\":\"pt-BR\",\"potentialAction\":[{\"@type\":\"ReadAction\",\"target\":[\"https:\\\/\\\/dana.com.br\\\/canaldana\\\/2022\\\/06\\\/13\\\/exportacoes-de-veiculos-brasileiros-sobem-246-em-maio-em-comparacao-ao-mesmo-mes-de-2021\\\/\"]}]},{\"@type\":\"BreadcrumbList\",\"@id\":\"https:\\\/\\\/dana.com.br\\\/canaldana\\\/2022\\\/06\\\/13\\\/exportacoes-de-veiculos-brasileiros-sobem-246-em-maio-em-comparacao-ao-mesmo-mes-de-2021\\\/#breadcrumb\",\"itemListElement\":[{\"@type\":\"ListItem\",\"position\":1,\"name\":\"Home\",\"item\":\"https:\\\/\\\/dana.com.br\\\/canaldana\\\/\"},{\"@type\":\"ListItem\",\"position\":2,\"name\":\"Destaques\",\"item\":\"https:\\\/\\\/dana.com.br\\\/canaldana\\\/destaques\\\/\"},{\"@type\":\"ListItem\",\"position\":3,\"name\":\"Exporta\u00e7\u00f5es de ve\u00edculos brasileiros sobem 24,6% em maio em compara\u00e7\u00e3o ao mesmo m\u00eas de 2021\"}]},{\"@type\":\"WebSite\",\"@id\":\"https:\\\/\\\/dana.com.br\\\/canaldana\\\/#website\",\"url\":\"https:\\\/\\\/dana.com.br\\\/canaldana\\\/\",\"name\":\"Canal Dana\",\"description\":\"Informativo com as principais not\u00edcias da ind\u00fastria automotiva\",\"potentialAction\":[{\"@type\":\"SearchAction\",\"target\":{\"@type\":\"EntryPoint\",\"urlTemplate\":\"https:\\\/\\\/dana.com.br\\\/canaldana\\\/?s={search_term_string}\"},\"query-input\":{\"@type\":\"PropertyValueSpecification\",\"valueRequired\":true,\"valueName\":\"search_term_string\"}}],\"inLanguage\":\"pt-BR\"},{\"@type\":\"Person\",\"@id\":\"https:\\\/\\\/dana.com.br\\\/canaldana\\\/#\\\/schema\\\/person\\\/3c21f22f56fcf3bc46b94bc60ea4fef6\",\"name\":\"Canal Dana\",\"image\":{\"@type\":\"ImageObject\",\"inLanguage\":\"pt-BR\",\"@id\":\"https:\\\/\\\/secure.gravatar.com\\\/avatar\\\/420aaf9278582877d9018637c6817617705899d2858d7572ef0fe59a6b6454b4?s=96&d=mm&r=g\",\"url\":\"https:\\\/\\\/secure.gravatar.com\\\/avatar\\\/420aaf9278582877d9018637c6817617705899d2858d7572ef0fe59a6b6454b4?s=96&d=mm&r=g\",\"contentUrl\":\"https:\\\/\\\/secure.gravatar.com\\\/avatar\\\/420aaf9278582877d9018637c6817617705899d2858d7572ef0fe59a6b6454b4?s=96&d=mm&r=g\",\"caption\":\"Canal Dana\"},\"url\":\"https:\\\/\\\/dana.com.br\\\/canaldana\\\/author\\\/cdeditor\\\/\"}]}<\/script>\n<!-- \/ Yoast SEO plugin. -->","yoast_head_json":{"title":"Exporta\u00e7\u00f5es de ve\u00edculos brasileiros sobem 24,6% em maio em compara\u00e7\u00e3o ao mesmo m\u00eas de 2021 - Canal Dana","robots":{"index":"index","follow":"follow","max-snippet":"max-snippet:-1","max-image-preview":"max-image-preview:large","max-video-preview":"max-video-preview:-1"},"canonical":"https:\/\/dana.com.br\/canaldana\/2022\/06\/13\/exportacoes-de-veiculos-brasileiros-sobem-246-em-maio-em-comparacao-ao-mesmo-mes-de-2021\/","og_locale":"pt_BR","og_type":"article","og_title":"Exporta\u00e7\u00f5es de ve\u00edculos brasileiros sobem 24,6% em maio em compara\u00e7\u00e3o ao mesmo m\u00eas de 2021 - Canal Dana","og_description":"O Sul &nbsp; As exporta\u00e7\u00f5es das montadoras, que t\u00eam a Argentina como principal destino, subiram 24,6% em maio ante igual per\u00edodo de 2021. Na compara\u00e7\u00e3o com abril, as exporta\u00e7\u00f5es do m\u00eas passado \u2013 um total de 46,1 mil ve\u00edculos \u2013 tiveram alta de 2,8%. Com isso, os embarques chegam a 198,9 mil unidades no total\u2026 Leia mais \u00bb","og_url":"https:\/\/dana.com.br\/canaldana\/2022\/06\/13\/exportacoes-de-veiculos-brasileiros-sobem-246-em-maio-em-comparacao-ao-mesmo-mes-de-2021\/","og_site_name":"Canal Dana","article_published_time":"2022-06-13T12:01:29+00:00","author":"Canal Dana","twitter_card":"summary_large_image","twitter_misc":{"Escrito por":"Canal Dana","Est. tempo de leitura":"3 minutos"},"schema":{"@context":"https:\/\/schema.org","@graph":[{"@type":"Article","@id":"https:\/\/dana.com.br\/canaldana\/2022\/06\/13\/exportacoes-de-veiculos-brasileiros-sobem-246-em-maio-em-comparacao-ao-mesmo-mes-de-2021\/#article","isPartOf":{"@id":"https:\/\/dana.com.br\/canaldana\/2022\/06\/13\/exportacoes-de-veiculos-brasileiros-sobem-246-em-maio-em-comparacao-ao-mesmo-mes-de-2021\/"},"author":{"name":"Canal Dana","@id":"https:\/\/dana.com.br\/canaldana\/#\/schema\/person\/3c21f22f56fcf3bc46b94bc60ea4fef6"},"headline":"Exporta\u00e7\u00f5es de ve\u00edculos brasileiros sobem 24,6% em maio em compara\u00e7\u00e3o ao mesmo m\u00eas de 2021","datePublished":"2022-06-13T12:01:29+00:00","mainEntityOfPage":{"@id":"https:\/\/dana.com.br\/canaldana\/2022\/06\/13\/exportacoes-de-veiculos-brasileiros-sobem-246-em-maio-em-comparacao-ao-mesmo-mes-de-2021\/"},"wordCount":551,"articleSection":["Destaques"],"inLanguage":"pt-BR"},{"@type":"WebPage","@id":"https:\/\/dana.com.br\/canaldana\/2022\/06\/13\/exportacoes-de-veiculos-brasileiros-sobem-246-em-maio-em-comparacao-ao-mesmo-mes-de-2021\/","url":"https:\/\/dana.com.br\/canaldana\/2022\/06\/13\/exportacoes-de-veiculos-brasileiros-sobem-246-em-maio-em-comparacao-ao-mesmo-mes-de-2021\/","name":"Exporta\u00e7\u00f5es de ve\u00edculos brasileiros sobem 24,6% em maio em compara\u00e7\u00e3o ao mesmo m\u00eas de 2021 - Canal Dana","isPartOf":{"@id":"https:\/\/dana.com.br\/canaldana\/#website"},"datePublished":"2022-06-13T12:01:29+00:00","author":{"@id":"https:\/\/dana.com.br\/canaldana\/#\/schema\/person\/3c21f22f56fcf3bc46b94bc60ea4fef6"},"breadcrumb":{"@id":"https:\/\/dana.com.br\/canaldana\/2022\/06\/13\/exportacoes-de-veiculos-brasileiros-sobem-246-em-maio-em-comparacao-ao-mesmo-mes-de-2021\/#breadcrumb"},"inLanguage":"pt-BR","potentialAction":[{"@type":"ReadAction","target":["https:\/\/dana.com.br\/canaldana\/2022\/06\/13\/exportacoes-de-veiculos-brasileiros-sobem-246-em-maio-em-comparacao-ao-mesmo-mes-de-2021\/"]}]},{"@type":"BreadcrumbList","@id":"https:\/\/dana.com.br\/canaldana\/2022\/06\/13\/exportacoes-de-veiculos-brasileiros-sobem-246-em-maio-em-comparacao-ao-mesmo-mes-de-2021\/#breadcrumb","itemListElement":[{"@type":"ListItem","position":1,"name":"Home","item":"https:\/\/dana.com.br\/canaldana\/"},{"@type":"ListItem","position":2,"name":"Destaques","item":"https:\/\/dana.com.br\/canaldana\/destaques\/"},{"@type":"ListItem","position":3,"name":"Exporta\u00e7\u00f5es de ve\u00edculos brasileiros sobem 24,6% em maio em compara\u00e7\u00e3o ao mesmo m\u00eas de 2021"}]},{"@type":"WebSite","@id":"https:\/\/dana.com.br\/canaldana\/#website","url":"https:\/\/dana.com.br\/canaldana\/","name":"Canal Dana","description":"Informativo com as principais not\u00edcias da ind\u00fastria automotiva","potentialAction":[{"@type":"SearchAction","target":{"@type":"EntryPoint","urlTemplate":"https:\/\/dana.com.br\/canaldana\/?s={search_term_string}"},"query-input":{"@type":"PropertyValueSpecification","valueRequired":true,"valueName":"search_term_string"}}],"inLanguage":"pt-BR"},{"@type":"Person","@id":"https:\/\/dana.com.br\/canaldana\/#\/schema\/person\/3c21f22f56fcf3bc46b94bc60ea4fef6","name":"Canal Dana","image":{"@type":"ImageObject","inLanguage":"pt-BR","@id":"https:\/\/secure.gravatar.com\/avatar\/420aaf9278582877d9018637c6817617705899d2858d7572ef0fe59a6b6454b4?s=96&d=mm&r=g","url":"https:\/\/secure.gravatar.com\/avatar\/420aaf9278582877d9018637c6817617705899d2858d7572ef0fe59a6b6454b4?s=96&d=mm&r=g","contentUrl":"https:\/\/secure.gravatar.com\/avatar\/420aaf9278582877d9018637c6817617705899d2858d7572ef0fe59a6b6454b4?s=96&d=mm&r=g","caption":"Canal Dana"},"url":"https:\/\/dana.com.br\/canaldana\/author\/cdeditor\/"}]}},"_links":{"self":[{"href":"https:\/\/dana.com.br\/canaldana\/wp-json\/wp\/v2\/posts\/58923","targetHints":{"allow":["GET"]}}],"collection":[{"href":"https:\/\/dana.com.br\/canaldana\/wp-json\/wp\/v2\/posts"}],"about":[{"href":"https:\/\/dana.com.br\/canaldana\/wp-json\/wp\/v2\/types\/post"}],"author":[{"embeddable":true,"href":"https:\/\/dana.com.br\/canaldana\/wp-json\/wp\/v2\/users\/3"}],"replies":[{"embeddable":true,"href":"https:\/\/dana.com.br\/canaldana\/wp-json\/wp\/v2\/comments?post=58923"}],"version-history":[{"count":0,"href":"https:\/\/dana.com.br\/canaldana\/wp-json\/wp\/v2\/posts\/58923\/revisions"}],"wp:attachment":[{"href":"https:\/\/dana.com.br\/canaldana\/wp-json\/wp\/v2\/media?parent=58923"}],"wp:term":[{"taxonomy":"category","embeddable":true,"href":"https:\/\/dana.com.br\/canaldana\/wp-json\/wp\/v2\/categories?post=58923"},{"taxonomy":"post_tag","embeddable":true,"href":"https:\/\/dana.com.br\/canaldana\/wp-json\/wp\/v2\/tags?post=58923"}],"curies":[{"name":"wp","href":"https:\/\/api.w.org\/{rel}","templated":true}]}}