{"id":58921,"date":"2022-06-13T09:00:24","date_gmt":"2022-06-13T12:00:24","guid":{"rendered":"https:\/\/dana.com.br\/canaldana\/?p=58921"},"modified":"2022-06-13T09:00:24","modified_gmt":"2022-06-13T12:00:24","slug":"estados-vao-ao-supremo-para-negociar-corte-gradual-e-reduzir-impacto-de-teto-para-icms","status":"publish","type":"post","link":"https:\/\/dana.com.br\/canaldana\/2022\/06\/13\/estados-vao-ao-supremo-para-negociar-corte-gradual-e-reduzir-impacto-de-teto-para-icms\/","title":{"rendered":"Estados v\u00e3o ao Supremo para negociar corte gradual e reduzir impacto de teto para ICMS"},"content":{"rendered":"<p><em>O Estado de S. Paulo <\/em><\/p>\n<p>&nbsp;<\/p>\n<p>Estados discutiram em mais uma reuni\u00e3o de concilia\u00e7\u00e3o no Supremo Tribunal Federal (STF) proposta para que as al\u00edquotas do ICMS sobre combust\u00edveis, energia el\u00e9trica, telecomunica\u00e7\u00f5es e transporte coletivo voltem ao patamar atual em janeiro de 2023, depois que o Congresso aprovar a queda do imposto neste ano para o limite m\u00e1ximo de 17%.<\/p>\n<p>&nbsp;<\/p>\n<p>A partir da\u00ed, aquedadas al\u00edquotas em dire\u00e7\u00e3o ao teto se daria de forma gradual at\u00e9 2024, caindo em etapas nos 24 meses seguintes. Seria uma forma de mitigar os efeitos da queda do tributo nas finan\u00e7as estaduais. O projeto j\u00e1 foi aprovado na C\u00e2mara, e pode ser votado na segunda-feira no Senado.<\/p>\n<p>&nbsp;<\/p>\n<p>Em reuni\u00e3o com o ministro do STF Andr\u00e9 Mendon\u00e7a, relator da a\u00e7\u00e3o do governo contra os Estados que trata do ICMS do diesel, essa sa\u00edda foi apresentada. O pr\u00f3prio ministro perguntou aos presentes sobre essa possibilidade. A reuni\u00e3o, que ocorreu na quinta-feira passada, teve a participa\u00e7\u00e3o do Advogado-geral da Uni\u00e3o, Bruno Bianco, e de secret\u00e1rios de Fazenda dos Estados.<\/p>\n<p>&nbsp;<\/p>\n<p>A proposta de redu\u00e7\u00e3o do ICMS para 17% est\u00e1 prevista em projeto que tramita hoje no Senado e que faz parte do pacote de medidas legislativas para reduzir os pre\u00e7os dos combust\u00edveis em ano de elei\u00e7\u00e3o. O pacote, at\u00e9 agora, envolve custo de R$ 46,4 bilh\u00f5es para o governo.<\/p>\n<p>&nbsp;<\/p>\n<p>O projeto considera aqueles quatro itens como bens e servi\u00e7os essenciais para a popula\u00e7\u00e3o. Nesta condi\u00e7\u00e3o, as al\u00edquotas do ICMS n\u00e3o poderiam ser as mais altas praticadas pelos Estados, como ocorre hoje em boa parte dos governos regionais. O teto ficou em 17%. Essa mudan\u00e7a ser\u00e1 permanente.<\/p>\n<p>&nbsp;<\/p>\n<p><strong>Compensa\u00e7\u00e3o<\/strong><\/p>\n<p>&nbsp;<\/p>\n<p>O parecer do relator do projeto, senador Fernando Bezerra (MDB-PE), prev\u00ea uma compensa\u00e7\u00e3o do governo federal aos Estados e munic\u00edpios apenas para a perda de arrecada\u00e7\u00e3o dos Estados que reduzirem o ICMS a zero para o diesel e o g\u00e1s de cozinha at\u00e9 dezembro de 2022. O governo vai compensar a perda de 17% at\u00e9 zero.<\/p>\n<p>&nbsp;<\/p>\n<p>Para isso, Bezerra fixou uma compensa\u00e7\u00e3o do governo federal de at\u00e9 R$ 29,6 bilh\u00f5es \u2013 transfer\u00eancia de recursos que ficar\u00e1 fora do teto de gastos (a regra que atrela o crescimento das despesas \u00e0 infla\u00e7\u00e3o).<\/p>\n<p>&nbsp;<\/p>\n<p>Os Estados, por\u00e9m, querem ampliar o espa\u00e7o para essa compensa\u00e7\u00e3o em mudan\u00e7as que podem ser introduzidas durante a vota\u00e7\u00e3o no Senado.<\/p>\n<p>&nbsp;<\/p>\n<p>O governo considera que os governadores n\u00e3o cumpriram lei aprovada pelo Congresso que prev\u00ea uma regra de transi\u00e7\u00e3o com fixa\u00e7\u00e3o da al\u00edquota do ICMS sobre o diesel com base no pre\u00e7o m\u00e9dio dos \u00faltimos 60 meses (cinco anos).<\/p>\n<p>&nbsp;<\/p>\n<p>Governadores tentam alterar projeto sobre ICMS que ser\u00e1 votado agora no Senado. (O Estado de S. Paulo\/Adriana Fernandes)<\/p>\n","protected":false},"excerpt":{"rendered":"<p>O Estado de S. Paulo &nbsp; Estados discutiram em mais uma reuni\u00e3o de concilia\u00e7\u00e3o no Supremo Tribunal Federal (STF) proposta para que as al\u00edquotas do ICMS sobre combust\u00edveis, energia el\u00e9trica, telecomunica\u00e7\u00f5es e transporte coletivo voltem ao patamar atual em janeiro de 2023, depois que o Congresso aprovar a queda do imposto neste ano para o\u2026 <a class=\"readmore\" href=\"https:\/\/dana.com.br\/canaldana\/2022\/06\/13\/estados-vao-ao-supremo-para-negociar-corte-gradual-e-reduzir-impacto-de-teto-para-icms\/\">Leia mais \u00bb<\/a><\/p>\n","protected":false},"author":3,"featured_media":0,"comment_status":"closed","ping_status":"closed","sticky":false,"template":"","format":"standard","meta":{"_acf_changed":false,"footnotes":""},"categories":[79],"tags":[],"class_list":["post-58921","post","type-post","status-publish","format-standard","hentry","category-mercado"],"acf":[],"yoast_head":"<!-- This site is optimized with the Yoast SEO plugin v27.3 - https:\/\/yoast.com\/product\/yoast-seo-wordpress\/ -->\n<title>Estados v\u00e3o ao Supremo para negociar corte gradual e reduzir impacto de teto para ICMS - Canal Dana<\/title>\n<meta name=\"robots\" content=\"index, follow, max-snippet:-1, max-image-preview:large, max-video-preview:-1\" \/>\n<link rel=\"canonical\" href=\"https:\/\/dana.com.br\/canaldana\/2022\/06\/13\/estados-vao-ao-supremo-para-negociar-corte-gradual-e-reduzir-impacto-de-teto-para-icms\/\" \/>\n<meta property=\"og:locale\" content=\"pt_BR\" \/>\n<meta property=\"og:type\" content=\"article\" \/>\n<meta property=\"og:title\" content=\"Estados v\u00e3o ao Supremo para negociar corte gradual e reduzir impacto de teto para ICMS - Canal Dana\" \/>\n<meta property=\"og:description\" content=\"O Estado de S. Paulo &nbsp; Estados discutiram em mais uma reuni\u00e3o de concilia\u00e7\u00e3o no Supremo Tribunal Federal (STF) proposta para que as al\u00edquotas do ICMS sobre combust\u00edveis, energia el\u00e9trica, telecomunica\u00e7\u00f5es e transporte coletivo voltem ao patamar atual em janeiro de 2023, depois que o Congresso aprovar a queda do imposto neste ano para o\u2026 Leia mais \u00bb\" \/>\n<meta property=\"og:url\" content=\"https:\/\/dana.com.br\/canaldana\/2022\/06\/13\/estados-vao-ao-supremo-para-negociar-corte-gradual-e-reduzir-impacto-de-teto-para-icms\/\" \/>\n<meta property=\"og:site_name\" content=\"Canal Dana\" \/>\n<meta property=\"article:published_time\" content=\"2022-06-13T12:00:24+00:00\" \/>\n<meta name=\"author\" content=\"Canal Dana\" \/>\n<meta name=\"twitter:card\" content=\"summary_large_image\" \/>\n<meta name=\"twitter:label1\" content=\"Escrito por\" \/>\n\t<meta name=\"twitter:data1\" content=\"Canal Dana\" \/>\n\t<meta name=\"twitter:label2\" content=\"Est. tempo de leitura\" \/>\n\t<meta name=\"twitter:data2\" content=\"2 minutos\" \/>\n<script type=\"application\/ld+json\" class=\"yoast-schema-graph\">{\"@context\":\"https:\\\/\\\/schema.org\",\"@graph\":[{\"@type\":\"Article\",\"@id\":\"https:\\\/\\\/dana.com.br\\\/canaldana\\\/2022\\\/06\\\/13\\\/estados-vao-ao-supremo-para-negociar-corte-gradual-e-reduzir-impacto-de-teto-para-icms\\\/#article\",\"isPartOf\":{\"@id\":\"https:\\\/\\\/dana.com.br\\\/canaldana\\\/2022\\\/06\\\/13\\\/estados-vao-ao-supremo-para-negociar-corte-gradual-e-reduzir-impacto-de-teto-para-icms\\\/\"},\"author\":{\"name\":\"Canal Dana\",\"@id\":\"https:\\\/\\\/dana.com.br\\\/canaldana\\\/#\\\/schema\\\/person\\\/3c21f22f56fcf3bc46b94bc60ea4fef6\"},\"headline\":\"Estados v\u00e3o ao Supremo para negociar corte gradual e reduzir impacto de teto para ICMS\",\"datePublished\":\"2022-06-13T12:00:24+00:00\",\"mainEntityOfPage\":{\"@id\":\"https:\\\/\\\/dana.com.br\\\/canaldana\\\/2022\\\/06\\\/13\\\/estados-vao-ao-supremo-para-negociar-corte-gradual-e-reduzir-impacto-de-teto-para-icms\\\/\"},\"wordCount\":500,\"articleSection\":[\"Mercado\"],\"inLanguage\":\"pt-BR\"},{\"@type\":\"WebPage\",\"@id\":\"https:\\\/\\\/dana.com.br\\\/canaldana\\\/2022\\\/06\\\/13\\\/estados-vao-ao-supremo-para-negociar-corte-gradual-e-reduzir-impacto-de-teto-para-icms\\\/\",\"url\":\"https:\\\/\\\/dana.com.br\\\/canaldana\\\/2022\\\/06\\\/13\\\/estados-vao-ao-supremo-para-negociar-corte-gradual-e-reduzir-impacto-de-teto-para-icms\\\/\",\"name\":\"Estados v\u00e3o ao Supremo para negociar corte gradual e reduzir impacto de teto para ICMS - Canal Dana\",\"isPartOf\":{\"@id\":\"https:\\\/\\\/dana.com.br\\\/canaldana\\\/#website\"},\"datePublished\":\"2022-06-13T12:00:24+00:00\",\"author\":{\"@id\":\"https:\\\/\\\/dana.com.br\\\/canaldana\\\/#\\\/schema\\\/person\\\/3c21f22f56fcf3bc46b94bc60ea4fef6\"},\"breadcrumb\":{\"@id\":\"https:\\\/\\\/dana.com.br\\\/canaldana\\\/2022\\\/06\\\/13\\\/estados-vao-ao-supremo-para-negociar-corte-gradual-e-reduzir-impacto-de-teto-para-icms\\\/#breadcrumb\"},\"inLanguage\":\"pt-BR\",\"potentialAction\":[{\"@type\":\"ReadAction\",\"target\":[\"https:\\\/\\\/dana.com.br\\\/canaldana\\\/2022\\\/06\\\/13\\\/estados-vao-ao-supremo-para-negociar-corte-gradual-e-reduzir-impacto-de-teto-para-icms\\\/\"]}]},{\"@type\":\"BreadcrumbList\",\"@id\":\"https:\\\/\\\/dana.com.br\\\/canaldana\\\/2022\\\/06\\\/13\\\/estados-vao-ao-supremo-para-negociar-corte-gradual-e-reduzir-impacto-de-teto-para-icms\\\/#breadcrumb\",\"itemListElement\":[{\"@type\":\"ListItem\",\"position\":1,\"name\":\"Home\",\"item\":\"https:\\\/\\\/dana.com.br\\\/canaldana\\\/\"},{\"@type\":\"ListItem\",\"position\":2,\"name\":\"Mercado\",\"item\":\"https:\\\/\\\/dana.com.br\\\/canaldana\\\/mercado\\\/\"},{\"@type\":\"ListItem\",\"position\":3,\"name\":\"Estados v\u00e3o ao Supremo para negociar corte gradual e reduzir impacto de teto para ICMS\"}]},{\"@type\":\"WebSite\",\"@id\":\"https:\\\/\\\/dana.com.br\\\/canaldana\\\/#website\",\"url\":\"https:\\\/\\\/dana.com.br\\\/canaldana\\\/\",\"name\":\"Canal Dana\",\"description\":\"Informativo com as principais not\u00edcias da ind\u00fastria automotiva\",\"potentialAction\":[{\"@type\":\"SearchAction\",\"target\":{\"@type\":\"EntryPoint\",\"urlTemplate\":\"https:\\\/\\\/dana.com.br\\\/canaldana\\\/?s={search_term_string}\"},\"query-input\":{\"@type\":\"PropertyValueSpecification\",\"valueRequired\":true,\"valueName\":\"search_term_string\"}}],\"inLanguage\":\"pt-BR\"},{\"@type\":\"Person\",\"@id\":\"https:\\\/\\\/dana.com.br\\\/canaldana\\\/#\\\/schema\\\/person\\\/3c21f22f56fcf3bc46b94bc60ea4fef6\",\"name\":\"Canal Dana\",\"image\":{\"@type\":\"ImageObject\",\"inLanguage\":\"pt-BR\",\"@id\":\"https:\\\/\\\/secure.gravatar.com\\\/avatar\\\/420aaf9278582877d9018637c6817617705899d2858d7572ef0fe59a6b6454b4?s=96&d=mm&r=g\",\"url\":\"https:\\\/\\\/secure.gravatar.com\\\/avatar\\\/420aaf9278582877d9018637c6817617705899d2858d7572ef0fe59a6b6454b4?s=96&d=mm&r=g\",\"contentUrl\":\"https:\\\/\\\/secure.gravatar.com\\\/avatar\\\/420aaf9278582877d9018637c6817617705899d2858d7572ef0fe59a6b6454b4?s=96&d=mm&r=g\",\"caption\":\"Canal Dana\"},\"url\":\"https:\\\/\\\/dana.com.br\\\/canaldana\\\/author\\\/cdeditor\\\/\"}]}<\/script>\n<!-- \/ Yoast SEO plugin. -->","yoast_head_json":{"title":"Estados v\u00e3o ao Supremo para negociar corte gradual e reduzir impacto de teto para ICMS - Canal Dana","robots":{"index":"index","follow":"follow","max-snippet":"max-snippet:-1","max-image-preview":"max-image-preview:large","max-video-preview":"max-video-preview:-1"},"canonical":"https:\/\/dana.com.br\/canaldana\/2022\/06\/13\/estados-vao-ao-supremo-para-negociar-corte-gradual-e-reduzir-impacto-de-teto-para-icms\/","og_locale":"pt_BR","og_type":"article","og_title":"Estados v\u00e3o ao Supremo para negociar corte gradual e reduzir impacto de teto para ICMS - Canal Dana","og_description":"O Estado de S. Paulo &nbsp; Estados discutiram em mais uma reuni\u00e3o de concilia\u00e7\u00e3o no Supremo Tribunal Federal (STF) proposta para que as al\u00edquotas do ICMS sobre combust\u00edveis, energia el\u00e9trica, telecomunica\u00e7\u00f5es e transporte coletivo voltem ao patamar atual em janeiro de 2023, depois que o Congresso aprovar a queda do imposto neste ano para o\u2026 Leia mais \u00bb","og_url":"https:\/\/dana.com.br\/canaldana\/2022\/06\/13\/estados-vao-ao-supremo-para-negociar-corte-gradual-e-reduzir-impacto-de-teto-para-icms\/","og_site_name":"Canal Dana","article_published_time":"2022-06-13T12:00:24+00:00","author":"Canal Dana","twitter_card":"summary_large_image","twitter_misc":{"Escrito por":"Canal Dana","Est. tempo de leitura":"2 minutos"},"schema":{"@context":"https:\/\/schema.org","@graph":[{"@type":"Article","@id":"https:\/\/dana.com.br\/canaldana\/2022\/06\/13\/estados-vao-ao-supremo-para-negociar-corte-gradual-e-reduzir-impacto-de-teto-para-icms\/#article","isPartOf":{"@id":"https:\/\/dana.com.br\/canaldana\/2022\/06\/13\/estados-vao-ao-supremo-para-negociar-corte-gradual-e-reduzir-impacto-de-teto-para-icms\/"},"author":{"name":"Canal Dana","@id":"https:\/\/dana.com.br\/canaldana\/#\/schema\/person\/3c21f22f56fcf3bc46b94bc60ea4fef6"},"headline":"Estados v\u00e3o ao Supremo para negociar corte gradual e reduzir impacto de teto para ICMS","datePublished":"2022-06-13T12:00:24+00:00","mainEntityOfPage":{"@id":"https:\/\/dana.com.br\/canaldana\/2022\/06\/13\/estados-vao-ao-supremo-para-negociar-corte-gradual-e-reduzir-impacto-de-teto-para-icms\/"},"wordCount":500,"articleSection":["Mercado"],"inLanguage":"pt-BR"},{"@type":"WebPage","@id":"https:\/\/dana.com.br\/canaldana\/2022\/06\/13\/estados-vao-ao-supremo-para-negociar-corte-gradual-e-reduzir-impacto-de-teto-para-icms\/","url":"https:\/\/dana.com.br\/canaldana\/2022\/06\/13\/estados-vao-ao-supremo-para-negociar-corte-gradual-e-reduzir-impacto-de-teto-para-icms\/","name":"Estados v\u00e3o ao Supremo para negociar corte gradual e reduzir impacto de teto para ICMS - Canal Dana","isPartOf":{"@id":"https:\/\/dana.com.br\/canaldana\/#website"},"datePublished":"2022-06-13T12:00:24+00:00","author":{"@id":"https:\/\/dana.com.br\/canaldana\/#\/schema\/person\/3c21f22f56fcf3bc46b94bc60ea4fef6"},"breadcrumb":{"@id":"https:\/\/dana.com.br\/canaldana\/2022\/06\/13\/estados-vao-ao-supremo-para-negociar-corte-gradual-e-reduzir-impacto-de-teto-para-icms\/#breadcrumb"},"inLanguage":"pt-BR","potentialAction":[{"@type":"ReadAction","target":["https:\/\/dana.com.br\/canaldana\/2022\/06\/13\/estados-vao-ao-supremo-para-negociar-corte-gradual-e-reduzir-impacto-de-teto-para-icms\/"]}]},{"@type":"BreadcrumbList","@id":"https:\/\/dana.com.br\/canaldana\/2022\/06\/13\/estados-vao-ao-supremo-para-negociar-corte-gradual-e-reduzir-impacto-de-teto-para-icms\/#breadcrumb","itemListElement":[{"@type":"ListItem","position":1,"name":"Home","item":"https:\/\/dana.com.br\/canaldana\/"},{"@type":"ListItem","position":2,"name":"Mercado","item":"https:\/\/dana.com.br\/canaldana\/mercado\/"},{"@type":"ListItem","position":3,"name":"Estados v\u00e3o ao Supremo para negociar corte gradual e reduzir impacto de teto para ICMS"}]},{"@type":"WebSite","@id":"https:\/\/dana.com.br\/canaldana\/#website","url":"https:\/\/dana.com.br\/canaldana\/","name":"Canal Dana","description":"Informativo com as principais not\u00edcias da ind\u00fastria automotiva","potentialAction":[{"@type":"SearchAction","target":{"@type":"EntryPoint","urlTemplate":"https:\/\/dana.com.br\/canaldana\/?s={search_term_string}"},"query-input":{"@type":"PropertyValueSpecification","valueRequired":true,"valueName":"search_term_string"}}],"inLanguage":"pt-BR"},{"@type":"Person","@id":"https:\/\/dana.com.br\/canaldana\/#\/schema\/person\/3c21f22f56fcf3bc46b94bc60ea4fef6","name":"Canal Dana","image":{"@type":"ImageObject","inLanguage":"pt-BR","@id":"https:\/\/secure.gravatar.com\/avatar\/420aaf9278582877d9018637c6817617705899d2858d7572ef0fe59a6b6454b4?s=96&d=mm&r=g","url":"https:\/\/secure.gravatar.com\/avatar\/420aaf9278582877d9018637c6817617705899d2858d7572ef0fe59a6b6454b4?s=96&d=mm&r=g","contentUrl":"https:\/\/secure.gravatar.com\/avatar\/420aaf9278582877d9018637c6817617705899d2858d7572ef0fe59a6b6454b4?s=96&d=mm&r=g","caption":"Canal Dana"},"url":"https:\/\/dana.com.br\/canaldana\/author\/cdeditor\/"}]}},"_links":{"self":[{"href":"https:\/\/dana.com.br\/canaldana\/wp-json\/wp\/v2\/posts\/58921","targetHints":{"allow":["GET"]}}],"collection":[{"href":"https:\/\/dana.com.br\/canaldana\/wp-json\/wp\/v2\/posts"}],"about":[{"href":"https:\/\/dana.com.br\/canaldana\/wp-json\/wp\/v2\/types\/post"}],"author":[{"embeddable":true,"href":"https:\/\/dana.com.br\/canaldana\/wp-json\/wp\/v2\/users\/3"}],"replies":[{"embeddable":true,"href":"https:\/\/dana.com.br\/canaldana\/wp-json\/wp\/v2\/comments?post=58921"}],"version-history":[{"count":0,"href":"https:\/\/dana.com.br\/canaldana\/wp-json\/wp\/v2\/posts\/58921\/revisions"}],"wp:attachment":[{"href":"https:\/\/dana.com.br\/canaldana\/wp-json\/wp\/v2\/media?parent=58921"}],"wp:term":[{"taxonomy":"category","embeddable":true,"href":"https:\/\/dana.com.br\/canaldana\/wp-json\/wp\/v2\/categories?post=58921"},{"taxonomy":"post_tag","embeddable":true,"href":"https:\/\/dana.com.br\/canaldana\/wp-json\/wp\/v2\/tags?post=58921"}],"curies":[{"name":"wp","href":"https:\/\/api.w.org\/{rel}","templated":true}]}}