{"id":58843,"date":"2022-06-09T09:25:56","date_gmt":"2022-06-09T12:25:56","guid":{"rendered":"https:\/\/dana.com.br\/canaldana\/?p=58843"},"modified":"2022-06-09T09:25:56","modified_gmt":"2022-06-09T12:25:56","slug":"licenciamento-2022-veja-como-regularizar-o-carro-os-prazos-e-taxas","status":"publish","type":"post","link":"https:\/\/dana.com.br\/canaldana\/2022\/06\/09\/licenciamento-2022-veja-como-regularizar-o-carro-os-prazos-e-taxas\/","title":{"rendered":"Licenciamento 2022: veja como regularizar o carro, os prazos e taxas"},"content":{"rendered":"<p><em>Jornal do Carro <\/em><\/p>\n<p>&nbsp;<\/p>\n<p>A pandemia da Covid-19 trouxe mudan\u00e7as no licenciamento de ve\u00edculos. O isolamento social acelerou a digitaliza\u00e7\u00e3o e, assim, o processo de regulariza\u00e7\u00e3o dos carros pode ser feito pela internet desde maio de 2020 no Estado de S\u00e3o Paulo. Mas n\u00e3o \u00e9 s\u00f3 isso, afinal, o calend\u00e1rio foi alterado por causa do aumento do IPVA. Neste ano, come\u00e7a em julho. E para quem se perdeu em meio \u00e0s mudan\u00e7as, o Jornal do Carro traz a seguir um miniguia.<\/p>\n<p>&nbsp;<\/p>\n<p>Assim como nos anos anteriores, o Calend\u00e1rio do Licenciamento 2022 estabelece o prazo para o pagamento da taxa e a emiss\u00e3o do novo documento. Para tanto, considera o n\u00famero final da placa. At\u00e9 2021, come\u00e7ava em abril para ve\u00edculos com placas final 1, em maio para os de final 2 e assim sucessivamente. Contudo, por conta do maior prazo de parcelamento do IPVA 2022 (de tr\u00eas para cinco meses), o Detran.SP alterou o calend\u00e1rio.<\/p>\n<p>&nbsp;<\/p>\n<p>Agora, o licenciamento tem dois finais de placa por m\u00eas. Assim, ve\u00edculos com final 1 e 2 devem ser licenciados em julho, os de finais 3 e 4 em agosto, e por a\u00ed vai (veja o calend\u00e1rio completo abaixo). Cabe lembrar que o pagamento &#8211; dispon\u00edvel desde 3 de janeiro, independentemente do final da placa &#8211; deve ser feito at\u00e9 o \u00faltimo dia do respectivo m\u00eas. Junto com ele, todos os d\u00e9bitos do ve\u00edculo, como multas e IPVA, por exemplo, devem ser quitados.<\/p>\n<p>&nbsp;<\/p>\n<p><strong>Licenciamento<\/strong><\/p>\n<p>&nbsp;<\/p>\n<p>Para licenciar o ve\u00edculo, basta informar o n\u00famero do Renavam, que fica na parte superior do documento. O pagamento da taxa pode ser feito pela internet, no site do banco de prefer\u00eancia (nem todos aceitam), bem como em caixas eletr\u00f4nicos. Quem tiver dificuldades ou disposi\u00e7\u00e3o para enfrentar filas, as casas lot\u00e9ricas tamb\u00e9m recolhem a tarifa.<\/p>\n<p>&nbsp;<\/p>\n<p><strong>100% digital e mais caro<\/strong><\/p>\n<p>&nbsp;<\/p>\n<p>O documento digital fica, ent\u00e3o, dispon\u00edvel para download e impress\u00e3o no item &#8220;Licenciamento Digital&#8221; nos portais do Poupatempo, Detran-SP e Senatran. No mais, os apps Poupatempo Digital, Detran.SP e Carteira Digital de Tr\u00e2nsito (CDT) realizam o servi\u00e7o.<\/p>\n<p>&nbsp;<\/p>\n<p>A vers\u00e3o eletr\u00f4nica fica dispon\u00edvel no celular e pode ser compartilhada com todas as pessoas que utilizam o ve\u00edculo. E quem preferir a vers\u00e3o impressa, deve imprimi-la em papel comum, j\u00e1 que o documento em papel moeda foi extinto em S\u00e3o Paulo.<\/p>\n<p>&nbsp;<\/p>\n<p>Mas n\u00e3o \u00e9 s\u00f3. Licenciar o carro tamb\u00e9m ficou mais caro. A taxa subiu para R$ 144,86 para ve\u00edculos novos e usados. At\u00e9 o ano passado, os valores eram diferentes, com valor de R$ 131,80 (-9,9%) para os modelos 0-km, e de R$ 98,91 (-46,45%) para os seminovos e usados. J\u00e1 o seguro DPVAT continua fora da lista de cobran\u00e7as e n\u00e3o \u00e9 mais obrigat\u00f3rio.<\/p>\n<p>&nbsp;<\/p>\n<p><strong>N\u00fameros expressivos<\/strong><\/p>\n<p>&nbsp;<\/p>\n<p>O servi\u00e7o digital, que j\u00e1 re\u00fane 5 milh\u00f5es de contribuintes s\u00f3 nos quatro primeiros meses de 2022, possui a mesma validade jur\u00eddica do formato impresso. Conhecido por CRLV-e (Certificado de Registro e Licenciamento do Ve\u00edculo), o documento eletr\u00f4nico dispensa que o cidad\u00e3o v\u00e1 at\u00e9 uma unidade de atendimento do Detran.SP ou do Poupatempo.<\/p>\n<p>&nbsp;<\/p>\n<p>No Estado de S\u00e3o Paulo, a capital \u00e9 o munic\u00edpio com mais ve\u00edculos licenciados no formato eletr\u00f4nico. Desde o in\u00edcio da implanta\u00e7\u00e3o do servi\u00e7o, mais de 6,8 milh\u00f5es de propriet\u00e1rios regularizaram a situa\u00e7\u00e3o pela internet, nos servi\u00e7os online.<\/p>\n<p>&nbsp;<\/p>\n<p><strong>Multa para quem n\u00e3o regularizar<\/strong><\/p>\n<p>&nbsp;<\/p>\n<p>Quem n\u00e3o fizer o licenciamento, portanto, comete infra\u00e7\u00e3o grav\u00edssima. Nesse sentido, o motorista flagrado pela fiscaliza\u00e7\u00e3o recebe multa de R$ 293,47 e ganha 7 pontos no prontu\u00e1rio da Carteia Nacional de Habilita\u00e7\u00e3o (CNH). Al\u00e9m disso, conforme determina\u00e7\u00e3o do C\u00f3digo de Tr\u00e2nsito Brasileiro (CTB), h\u00e1 risco de ter o ve\u00edculo recolhido para o p\u00e1tio do Detran at\u00e9 a regulariza\u00e7\u00e3o da documenta\u00e7\u00e3o. E, neste caso, h\u00e1 cobran\u00e7a di\u00e1ria at\u00e9 a remo\u00e7\u00e3o. (Jornal do Carro\/Vagner Aquino)<\/p>\n","protected":false},"excerpt":{"rendered":"<p>Jornal do Carro &nbsp; A pandemia da Covid-19 trouxe mudan\u00e7as no licenciamento de ve\u00edculos. O isolamento social acelerou a digitaliza\u00e7\u00e3o e, assim, o processo de regulariza\u00e7\u00e3o dos carros pode ser feito pela internet desde maio de 2020 no Estado de S\u00e3o Paulo. Mas n\u00e3o \u00e9 s\u00f3 isso, afinal, o calend\u00e1rio foi alterado por causa do\u2026 <a class=\"readmore\" href=\"https:\/\/dana.com.br\/canaldana\/2022\/06\/09\/licenciamento-2022-veja-como-regularizar-o-carro-os-prazos-e-taxas\/\">Leia mais \u00bb<\/a><\/p>\n","protected":false},"author":3,"featured_media":0,"comment_status":"closed","ping_status":"closed","sticky":false,"template":"","format":"standard","meta":{"_acf_changed":false,"footnotes":""},"categories":[79],"tags":[],"class_list":["post-58843","post","type-post","status-publish","format-standard","hentry","category-mercado"],"acf":[],"yoast_head":"<!-- This site is optimized with the Yoast SEO plugin v27.3 - https:\/\/yoast.com\/product\/yoast-seo-wordpress\/ -->\n<title>Licenciamento 2022: veja como regularizar o carro, os prazos e taxas - Canal Dana<\/title>\n<meta name=\"robots\" content=\"index, follow, max-snippet:-1, max-image-preview:large, max-video-preview:-1\" \/>\n<link rel=\"canonical\" href=\"https:\/\/dana.com.br\/canaldana\/2022\/06\/09\/licenciamento-2022-veja-como-regularizar-o-carro-os-prazos-e-taxas\/\" \/>\n<meta property=\"og:locale\" content=\"pt_BR\" \/>\n<meta property=\"og:type\" content=\"article\" \/>\n<meta property=\"og:title\" content=\"Licenciamento 2022: veja como regularizar o carro, os prazos e taxas - Canal Dana\" \/>\n<meta property=\"og:description\" content=\"Jornal do Carro &nbsp; A pandemia da Covid-19 trouxe mudan\u00e7as no licenciamento de ve\u00edculos. O isolamento social acelerou a digitaliza\u00e7\u00e3o e, assim, o processo de regulariza\u00e7\u00e3o dos carros pode ser feito pela internet desde maio de 2020 no Estado de S\u00e3o Paulo. Mas n\u00e3o \u00e9 s\u00f3 isso, afinal, o calend\u00e1rio foi alterado por causa do\u2026 Leia mais \u00bb\" \/>\n<meta property=\"og:url\" content=\"https:\/\/dana.com.br\/canaldana\/2022\/06\/09\/licenciamento-2022-veja-como-regularizar-o-carro-os-prazos-e-taxas\/\" \/>\n<meta property=\"og:site_name\" content=\"Canal Dana\" \/>\n<meta property=\"article:published_time\" content=\"2022-06-09T12:25:56+00:00\" \/>\n<meta name=\"author\" content=\"Canal Dana\" \/>\n<meta name=\"twitter:card\" content=\"summary_large_image\" \/>\n<meta name=\"twitter:label1\" content=\"Escrito por\" \/>\n\t<meta name=\"twitter:data1\" content=\"Canal Dana\" \/>\n\t<meta name=\"twitter:label2\" content=\"Est. tempo de leitura\" \/>\n\t<meta name=\"twitter:data2\" content=\"3 minutos\" \/>\n<script type=\"application\/ld+json\" class=\"yoast-schema-graph\">{\"@context\":\"https:\\\/\\\/schema.org\",\"@graph\":[{\"@type\":\"Article\",\"@id\":\"https:\\\/\\\/dana.com.br\\\/canaldana\\\/2022\\\/06\\\/09\\\/licenciamento-2022-veja-como-regularizar-o-carro-os-prazos-e-taxas\\\/#article\",\"isPartOf\":{\"@id\":\"https:\\\/\\\/dana.com.br\\\/canaldana\\\/2022\\\/06\\\/09\\\/licenciamento-2022-veja-como-regularizar-o-carro-os-prazos-e-taxas\\\/\"},\"author\":{\"name\":\"Canal Dana\",\"@id\":\"https:\\\/\\\/dana.com.br\\\/canaldana\\\/#\\\/schema\\\/person\\\/3c21f22f56fcf3bc46b94bc60ea4fef6\"},\"headline\":\"Licenciamento 2022: veja como regularizar o carro, os prazos e taxas\",\"datePublished\":\"2022-06-09T12:25:56+00:00\",\"mainEntityOfPage\":{\"@id\":\"https:\\\/\\\/dana.com.br\\\/canaldana\\\/2022\\\/06\\\/09\\\/licenciamento-2022-veja-como-regularizar-o-carro-os-prazos-e-taxas\\\/\"},\"wordCount\":701,\"articleSection\":[\"Mercado\"],\"inLanguage\":\"pt-BR\"},{\"@type\":\"WebPage\",\"@id\":\"https:\\\/\\\/dana.com.br\\\/canaldana\\\/2022\\\/06\\\/09\\\/licenciamento-2022-veja-como-regularizar-o-carro-os-prazos-e-taxas\\\/\",\"url\":\"https:\\\/\\\/dana.com.br\\\/canaldana\\\/2022\\\/06\\\/09\\\/licenciamento-2022-veja-como-regularizar-o-carro-os-prazos-e-taxas\\\/\",\"name\":\"Licenciamento 2022: veja como regularizar o carro, os prazos e taxas - Canal Dana\",\"isPartOf\":{\"@id\":\"https:\\\/\\\/dana.com.br\\\/canaldana\\\/#website\"},\"datePublished\":\"2022-06-09T12:25:56+00:00\",\"author\":{\"@id\":\"https:\\\/\\\/dana.com.br\\\/canaldana\\\/#\\\/schema\\\/person\\\/3c21f22f56fcf3bc46b94bc60ea4fef6\"},\"breadcrumb\":{\"@id\":\"https:\\\/\\\/dana.com.br\\\/canaldana\\\/2022\\\/06\\\/09\\\/licenciamento-2022-veja-como-regularizar-o-carro-os-prazos-e-taxas\\\/#breadcrumb\"},\"inLanguage\":\"pt-BR\",\"potentialAction\":[{\"@type\":\"ReadAction\",\"target\":[\"https:\\\/\\\/dana.com.br\\\/canaldana\\\/2022\\\/06\\\/09\\\/licenciamento-2022-veja-como-regularizar-o-carro-os-prazos-e-taxas\\\/\"]}]},{\"@type\":\"BreadcrumbList\",\"@id\":\"https:\\\/\\\/dana.com.br\\\/canaldana\\\/2022\\\/06\\\/09\\\/licenciamento-2022-veja-como-regularizar-o-carro-os-prazos-e-taxas\\\/#breadcrumb\",\"itemListElement\":[{\"@type\":\"ListItem\",\"position\":1,\"name\":\"Home\",\"item\":\"https:\\\/\\\/dana.com.br\\\/canaldana\\\/\"},{\"@type\":\"ListItem\",\"position\":2,\"name\":\"Mercado\",\"item\":\"https:\\\/\\\/dana.com.br\\\/canaldana\\\/mercado\\\/\"},{\"@type\":\"ListItem\",\"position\":3,\"name\":\"Licenciamento 2022: veja como regularizar o carro, os prazos e taxas\"}]},{\"@type\":\"WebSite\",\"@id\":\"https:\\\/\\\/dana.com.br\\\/canaldana\\\/#website\",\"url\":\"https:\\\/\\\/dana.com.br\\\/canaldana\\\/\",\"name\":\"Canal Dana\",\"description\":\"Informativo com as principais not\u00edcias da ind\u00fastria automotiva\",\"potentialAction\":[{\"@type\":\"SearchAction\",\"target\":{\"@type\":\"EntryPoint\",\"urlTemplate\":\"https:\\\/\\\/dana.com.br\\\/canaldana\\\/?s={search_term_string}\"},\"query-input\":{\"@type\":\"PropertyValueSpecification\",\"valueRequired\":true,\"valueName\":\"search_term_string\"}}],\"inLanguage\":\"pt-BR\"},{\"@type\":\"Person\",\"@id\":\"https:\\\/\\\/dana.com.br\\\/canaldana\\\/#\\\/schema\\\/person\\\/3c21f22f56fcf3bc46b94bc60ea4fef6\",\"name\":\"Canal Dana\",\"image\":{\"@type\":\"ImageObject\",\"inLanguage\":\"pt-BR\",\"@id\":\"https:\\\/\\\/secure.gravatar.com\\\/avatar\\\/420aaf9278582877d9018637c6817617705899d2858d7572ef0fe59a6b6454b4?s=96&d=mm&r=g\",\"url\":\"https:\\\/\\\/secure.gravatar.com\\\/avatar\\\/420aaf9278582877d9018637c6817617705899d2858d7572ef0fe59a6b6454b4?s=96&d=mm&r=g\",\"contentUrl\":\"https:\\\/\\\/secure.gravatar.com\\\/avatar\\\/420aaf9278582877d9018637c6817617705899d2858d7572ef0fe59a6b6454b4?s=96&d=mm&r=g\",\"caption\":\"Canal Dana\"},\"url\":\"https:\\\/\\\/dana.com.br\\\/canaldana\\\/author\\\/cdeditor\\\/\"}]}<\/script>\n<!-- \/ Yoast SEO plugin. -->","yoast_head_json":{"title":"Licenciamento 2022: veja como regularizar o carro, os prazos e taxas - Canal Dana","robots":{"index":"index","follow":"follow","max-snippet":"max-snippet:-1","max-image-preview":"max-image-preview:large","max-video-preview":"max-video-preview:-1"},"canonical":"https:\/\/dana.com.br\/canaldana\/2022\/06\/09\/licenciamento-2022-veja-como-regularizar-o-carro-os-prazos-e-taxas\/","og_locale":"pt_BR","og_type":"article","og_title":"Licenciamento 2022: veja como regularizar o carro, os prazos e taxas - Canal Dana","og_description":"Jornal do Carro &nbsp; A pandemia da Covid-19 trouxe mudan\u00e7as no licenciamento de ve\u00edculos. O isolamento social acelerou a digitaliza\u00e7\u00e3o e, assim, o processo de regulariza\u00e7\u00e3o dos carros pode ser feito pela internet desde maio de 2020 no Estado de S\u00e3o Paulo. Mas n\u00e3o \u00e9 s\u00f3 isso, afinal, o calend\u00e1rio foi alterado por causa do\u2026 Leia mais \u00bb","og_url":"https:\/\/dana.com.br\/canaldana\/2022\/06\/09\/licenciamento-2022-veja-como-regularizar-o-carro-os-prazos-e-taxas\/","og_site_name":"Canal Dana","article_published_time":"2022-06-09T12:25:56+00:00","author":"Canal Dana","twitter_card":"summary_large_image","twitter_misc":{"Escrito por":"Canal Dana","Est. tempo de leitura":"3 minutos"},"schema":{"@context":"https:\/\/schema.org","@graph":[{"@type":"Article","@id":"https:\/\/dana.com.br\/canaldana\/2022\/06\/09\/licenciamento-2022-veja-como-regularizar-o-carro-os-prazos-e-taxas\/#article","isPartOf":{"@id":"https:\/\/dana.com.br\/canaldana\/2022\/06\/09\/licenciamento-2022-veja-como-regularizar-o-carro-os-prazos-e-taxas\/"},"author":{"name":"Canal Dana","@id":"https:\/\/dana.com.br\/canaldana\/#\/schema\/person\/3c21f22f56fcf3bc46b94bc60ea4fef6"},"headline":"Licenciamento 2022: veja como regularizar o carro, os prazos e taxas","datePublished":"2022-06-09T12:25:56+00:00","mainEntityOfPage":{"@id":"https:\/\/dana.com.br\/canaldana\/2022\/06\/09\/licenciamento-2022-veja-como-regularizar-o-carro-os-prazos-e-taxas\/"},"wordCount":701,"articleSection":["Mercado"],"inLanguage":"pt-BR"},{"@type":"WebPage","@id":"https:\/\/dana.com.br\/canaldana\/2022\/06\/09\/licenciamento-2022-veja-como-regularizar-o-carro-os-prazos-e-taxas\/","url":"https:\/\/dana.com.br\/canaldana\/2022\/06\/09\/licenciamento-2022-veja-como-regularizar-o-carro-os-prazos-e-taxas\/","name":"Licenciamento 2022: veja como regularizar o carro, os prazos e taxas - Canal Dana","isPartOf":{"@id":"https:\/\/dana.com.br\/canaldana\/#website"},"datePublished":"2022-06-09T12:25:56+00:00","author":{"@id":"https:\/\/dana.com.br\/canaldana\/#\/schema\/person\/3c21f22f56fcf3bc46b94bc60ea4fef6"},"breadcrumb":{"@id":"https:\/\/dana.com.br\/canaldana\/2022\/06\/09\/licenciamento-2022-veja-como-regularizar-o-carro-os-prazos-e-taxas\/#breadcrumb"},"inLanguage":"pt-BR","potentialAction":[{"@type":"ReadAction","target":["https:\/\/dana.com.br\/canaldana\/2022\/06\/09\/licenciamento-2022-veja-como-regularizar-o-carro-os-prazos-e-taxas\/"]}]},{"@type":"BreadcrumbList","@id":"https:\/\/dana.com.br\/canaldana\/2022\/06\/09\/licenciamento-2022-veja-como-regularizar-o-carro-os-prazos-e-taxas\/#breadcrumb","itemListElement":[{"@type":"ListItem","position":1,"name":"Home","item":"https:\/\/dana.com.br\/canaldana\/"},{"@type":"ListItem","position":2,"name":"Mercado","item":"https:\/\/dana.com.br\/canaldana\/mercado\/"},{"@type":"ListItem","position":3,"name":"Licenciamento 2022: veja como regularizar o carro, os prazos e taxas"}]},{"@type":"WebSite","@id":"https:\/\/dana.com.br\/canaldana\/#website","url":"https:\/\/dana.com.br\/canaldana\/","name":"Canal Dana","description":"Informativo com as principais not\u00edcias da ind\u00fastria automotiva","potentialAction":[{"@type":"SearchAction","target":{"@type":"EntryPoint","urlTemplate":"https:\/\/dana.com.br\/canaldana\/?s={search_term_string}"},"query-input":{"@type":"PropertyValueSpecification","valueRequired":true,"valueName":"search_term_string"}}],"inLanguage":"pt-BR"},{"@type":"Person","@id":"https:\/\/dana.com.br\/canaldana\/#\/schema\/person\/3c21f22f56fcf3bc46b94bc60ea4fef6","name":"Canal Dana","image":{"@type":"ImageObject","inLanguage":"pt-BR","@id":"https:\/\/secure.gravatar.com\/avatar\/420aaf9278582877d9018637c6817617705899d2858d7572ef0fe59a6b6454b4?s=96&d=mm&r=g","url":"https:\/\/secure.gravatar.com\/avatar\/420aaf9278582877d9018637c6817617705899d2858d7572ef0fe59a6b6454b4?s=96&d=mm&r=g","contentUrl":"https:\/\/secure.gravatar.com\/avatar\/420aaf9278582877d9018637c6817617705899d2858d7572ef0fe59a6b6454b4?s=96&d=mm&r=g","caption":"Canal Dana"},"url":"https:\/\/dana.com.br\/canaldana\/author\/cdeditor\/"}]}},"_links":{"self":[{"href":"https:\/\/dana.com.br\/canaldana\/wp-json\/wp\/v2\/posts\/58843","targetHints":{"allow":["GET"]}}],"collection":[{"href":"https:\/\/dana.com.br\/canaldana\/wp-json\/wp\/v2\/posts"}],"about":[{"href":"https:\/\/dana.com.br\/canaldana\/wp-json\/wp\/v2\/types\/post"}],"author":[{"embeddable":true,"href":"https:\/\/dana.com.br\/canaldana\/wp-json\/wp\/v2\/users\/3"}],"replies":[{"embeddable":true,"href":"https:\/\/dana.com.br\/canaldana\/wp-json\/wp\/v2\/comments?post=58843"}],"version-history":[{"count":0,"href":"https:\/\/dana.com.br\/canaldana\/wp-json\/wp\/v2\/posts\/58843\/revisions"}],"wp:attachment":[{"href":"https:\/\/dana.com.br\/canaldana\/wp-json\/wp\/v2\/media?parent=58843"}],"wp:term":[{"taxonomy":"category","embeddable":true,"href":"https:\/\/dana.com.br\/canaldana\/wp-json\/wp\/v2\/categories?post=58843"},{"taxonomy":"post_tag","embeddable":true,"href":"https:\/\/dana.com.br\/canaldana\/wp-json\/wp\/v2\/tags?post=58843"}],"curies":[{"name":"wp","href":"https:\/\/api.w.org\/{rel}","templated":true}]}}