{"id":58839,"date":"2022-06-09T09:24:02","date_gmt":"2022-06-09T12:24:02","guid":{"rendered":"https:\/\/dana.com.br\/canaldana\/?p=58839"},"modified":"2022-06-09T09:24:02","modified_gmt":"2022-06-09T12:24:02","slug":"volare-completa-24-anos-e-reforca-campanha-sempre-na-frente","status":"publish","type":"post","link":"https:\/\/dana.com.br\/canaldana\/2022\/06\/09\/volare-completa-24-anos-e-reforca-campanha-sempre-na-frente\/","title":{"rendered":"Volare completa 24 anos e refor\u00e7a campanha Sempre na Frente"},"content":{"rendered":"<p><em>Blog do Ricardo Ribas<\/em><\/p>\n<p>&nbsp;<\/p>\n<p>Fabricante brasileira l\u00edder no segmento de micro-\u00f4nibus, a Volare comemora, neste m\u00eas de junho, 24 anos de atividades. A marca d\u00e1 \u00eanfase \u00e0 sua campanha de comunica\u00e7\u00e3o Volare &#8211; Seu Mundo da Mobilidade Sempre na Frente que tem como objetivo evidenciar sua lideran\u00e7a em produtos e solu\u00e7\u00f5es sob medida para atender \u00e0 necessidade dos diferentes nichos e segmentos de atua\u00e7\u00e3o dos clientes<\/p>\n<p>&nbsp;<\/p>\n<p>\u201cA cada ano, nos reinventamos para estar sempre na frente, antecipando tend\u00eancias, lan\u00e7ando modelos inovadores e que proporcionem benef\u00edcios e vantagens para os operadores e seus clientes, colaborando com a mobilidade inteligente\u201d, destaca Sidnei Vargas, gerente nacional de Vendas da Volare.<\/p>\n<p>&nbsp;<\/p>\n<p>\u201cNesses 24 anos, constru\u00edmos uma lideran\u00e7a destacada e s\u00f3lida no segmento de micro-\u00f4nibus. Fomos o primeiro a desenvolver e fornecer ve\u00edculos escolares para o programa Caminho da Escola, como o Attack 4\u00d74. Lan\u00e7amos o Access, primeiro micro de piso baixo, motor traseiro e totalmente acess\u00edvel; o primeiro micro 100% el\u00e9trico, e tamb\u00e9m o Fly 10, o de maior capacidade de transporte. Tudo o que o mercado pedia e precisava. Por isso, temos muito o que celebrar, sempre na frente\u201d, enfatiza o executivo.<\/p>\n<p>&nbsp;<\/p>\n<p>Um dos mais recentes lan\u00e7amentos, que alcan\u00e7ou enorme sucesso de vendas e permitiu o crescimento da marca nesse \u00faltimo ano foi o da nova linha Attack. Os ve\u00edculos ganharam design arrojado e moderno, de linhas leves, limpas e harmoniosas, com padr\u00e3o de qualidade ainda mais elevado para atender \u00e0s diversas necessidades e aplica\u00e7\u00f5es de mercado, e mantiveram os importantes e consagrados diferenciais competitivos da marca, com sofistica\u00e7\u00e3o e conforto, robustez e efici\u00eancia, e melhor rela\u00e7\u00e3o custo\/benef\u00edcio.<\/p>\n<p>&nbsp;<\/p>\n<p><strong>Volare 24 anos<\/strong><\/p>\n<p>&nbsp;<\/p>\n<p>Criada em 1998, a Volare possui a mais completa linha de modelos do mercado, com configura\u00e7\u00f5es de 6 a 10 toneladas, produzidos conforme as demandas de cada cliente, entendendo suas necessidades e desenvolvendo solu\u00e7\u00f5es ideais para os seus neg\u00f3cios. Conta com duas unidades fabris, uma em Caxias do Sul, no Rio Grande do Sul, e outra em S\u00e3o Mateus, no Esp\u00edrito Santo, e tem atua\u00e7\u00e3o em mais de 30 pa\u00edses na Am\u00e9rica Latina, Oriente M\u00e9dio e \u00c1frica.<\/p>\n<p>&nbsp;<\/p>\n<p>\u201cSomos l\u00edderes de mercado no Brasil, com mais de 64% de market share e reconhecidos pelo cont\u00ednuo lan\u00e7amento de novos modelos e vers\u00f5es que transformaram a marca em refer\u00eancia no transporte, desde para a aplica\u00e7\u00e3o urbana at\u00e9 para o uso no turismo ou como ve\u00edculo de transporte de estudantes\u201d, explica Sidnei Vargas. (Blog do Ricardo Ribas)<\/p>\n","protected":false},"excerpt":{"rendered":"<p>Blog do Ricardo Ribas &nbsp; Fabricante brasileira l\u00edder no segmento de micro-\u00f4nibus, a Volare comemora, neste m\u00eas de junho, 24 anos de atividades. A marca d\u00e1 \u00eanfase \u00e0 sua campanha de comunica\u00e7\u00e3o Volare &#8211; Seu Mundo da Mobilidade Sempre na Frente que tem como objetivo evidenciar sua lideran\u00e7a em produtos e solu\u00e7\u00f5es sob medida para\u2026 <a class=\"readmore\" href=\"https:\/\/dana.com.br\/canaldana\/2022\/06\/09\/volare-completa-24-anos-e-reforca-campanha-sempre-na-frente\/\">Leia mais \u00bb<\/a><\/p>\n","protected":false},"author":3,"featured_media":0,"comment_status":"closed","ping_status":"closed","sticky":false,"template":"","format":"standard","meta":{"_acf_changed":false,"footnotes":""},"categories":[79],"tags":[],"class_list":["post-58839","post","type-post","status-publish","format-standard","hentry","category-mercado"],"acf":[],"yoast_head":"<!-- This site is optimized with the Yoast SEO plugin v27.3 - https:\/\/yoast.com\/product\/yoast-seo-wordpress\/ -->\n<title>Volare completa 24 anos e refor\u00e7a campanha Sempre na Frente - Canal Dana<\/title>\n<meta name=\"robots\" content=\"index, follow, max-snippet:-1, max-image-preview:large, max-video-preview:-1\" \/>\n<link rel=\"canonical\" href=\"https:\/\/dana.com.br\/canaldana\/2022\/06\/09\/volare-completa-24-anos-e-reforca-campanha-sempre-na-frente\/\" \/>\n<meta property=\"og:locale\" content=\"pt_BR\" \/>\n<meta property=\"og:type\" content=\"article\" \/>\n<meta property=\"og:title\" content=\"Volare completa 24 anos e refor\u00e7a campanha Sempre na Frente - Canal Dana\" \/>\n<meta property=\"og:description\" content=\"Blog do Ricardo Ribas &nbsp; Fabricante brasileira l\u00edder no segmento de micro-\u00f4nibus, a Volare comemora, neste m\u00eas de junho, 24 anos de atividades. A marca d\u00e1 \u00eanfase \u00e0 sua campanha de comunica\u00e7\u00e3o Volare &#8211; Seu Mundo da Mobilidade Sempre na Frente que tem como objetivo evidenciar sua lideran\u00e7a em produtos e solu\u00e7\u00f5es sob medida para\u2026 Leia mais \u00bb\" \/>\n<meta property=\"og:url\" content=\"https:\/\/dana.com.br\/canaldana\/2022\/06\/09\/volare-completa-24-anos-e-reforca-campanha-sempre-na-frente\/\" \/>\n<meta property=\"og:site_name\" content=\"Canal Dana\" \/>\n<meta property=\"article:published_time\" content=\"2022-06-09T12:24:02+00:00\" \/>\n<meta name=\"author\" content=\"Canal Dana\" \/>\n<meta name=\"twitter:card\" content=\"summary_large_image\" \/>\n<meta name=\"twitter:label1\" content=\"Escrito por\" \/>\n\t<meta name=\"twitter:data1\" content=\"Canal Dana\" \/>\n\t<meta name=\"twitter:label2\" content=\"Est. tempo de leitura\" \/>\n\t<meta name=\"twitter:data2\" content=\"2 minutos\" \/>\n<script type=\"application\/ld+json\" class=\"yoast-schema-graph\">{\"@context\":\"https:\\\/\\\/schema.org\",\"@graph\":[{\"@type\":\"Article\",\"@id\":\"https:\\\/\\\/dana.com.br\\\/canaldana\\\/2022\\\/06\\\/09\\\/volare-completa-24-anos-e-reforca-campanha-sempre-na-frente\\\/#article\",\"isPartOf\":{\"@id\":\"https:\\\/\\\/dana.com.br\\\/canaldana\\\/2022\\\/06\\\/09\\\/volare-completa-24-anos-e-reforca-campanha-sempre-na-frente\\\/\"},\"author\":{\"name\":\"Canal Dana\",\"@id\":\"https:\\\/\\\/dana.com.br\\\/canaldana\\\/#\\\/schema\\\/person\\\/3c21f22f56fcf3bc46b94bc60ea4fef6\"},\"headline\":\"Volare completa 24 anos e refor\u00e7a campanha Sempre na Frente\",\"datePublished\":\"2022-06-09T12:24:02+00:00\",\"mainEntityOfPage\":{\"@id\":\"https:\\\/\\\/dana.com.br\\\/canaldana\\\/2022\\\/06\\\/09\\\/volare-completa-24-anos-e-reforca-campanha-sempre-na-frente\\\/\"},\"wordCount\":450,\"articleSection\":[\"Mercado\"],\"inLanguage\":\"pt-BR\"},{\"@type\":\"WebPage\",\"@id\":\"https:\\\/\\\/dana.com.br\\\/canaldana\\\/2022\\\/06\\\/09\\\/volare-completa-24-anos-e-reforca-campanha-sempre-na-frente\\\/\",\"url\":\"https:\\\/\\\/dana.com.br\\\/canaldana\\\/2022\\\/06\\\/09\\\/volare-completa-24-anos-e-reforca-campanha-sempre-na-frente\\\/\",\"name\":\"Volare completa 24 anos e refor\u00e7a campanha Sempre na Frente - Canal Dana\",\"isPartOf\":{\"@id\":\"https:\\\/\\\/dana.com.br\\\/canaldana\\\/#website\"},\"datePublished\":\"2022-06-09T12:24:02+00:00\",\"author\":{\"@id\":\"https:\\\/\\\/dana.com.br\\\/canaldana\\\/#\\\/schema\\\/person\\\/3c21f22f56fcf3bc46b94bc60ea4fef6\"},\"breadcrumb\":{\"@id\":\"https:\\\/\\\/dana.com.br\\\/canaldana\\\/2022\\\/06\\\/09\\\/volare-completa-24-anos-e-reforca-campanha-sempre-na-frente\\\/#breadcrumb\"},\"inLanguage\":\"pt-BR\",\"potentialAction\":[{\"@type\":\"ReadAction\",\"target\":[\"https:\\\/\\\/dana.com.br\\\/canaldana\\\/2022\\\/06\\\/09\\\/volare-completa-24-anos-e-reforca-campanha-sempre-na-frente\\\/\"]}]},{\"@type\":\"BreadcrumbList\",\"@id\":\"https:\\\/\\\/dana.com.br\\\/canaldana\\\/2022\\\/06\\\/09\\\/volare-completa-24-anos-e-reforca-campanha-sempre-na-frente\\\/#breadcrumb\",\"itemListElement\":[{\"@type\":\"ListItem\",\"position\":1,\"name\":\"Home\",\"item\":\"https:\\\/\\\/dana.com.br\\\/canaldana\\\/\"},{\"@type\":\"ListItem\",\"position\":2,\"name\":\"Mercado\",\"item\":\"https:\\\/\\\/dana.com.br\\\/canaldana\\\/mercado\\\/\"},{\"@type\":\"ListItem\",\"position\":3,\"name\":\"Volare completa 24 anos e refor\u00e7a campanha Sempre na Frente\"}]},{\"@type\":\"WebSite\",\"@id\":\"https:\\\/\\\/dana.com.br\\\/canaldana\\\/#website\",\"url\":\"https:\\\/\\\/dana.com.br\\\/canaldana\\\/\",\"name\":\"Canal Dana\",\"description\":\"Informativo com as principais not\u00edcias da ind\u00fastria automotiva\",\"potentialAction\":[{\"@type\":\"SearchAction\",\"target\":{\"@type\":\"EntryPoint\",\"urlTemplate\":\"https:\\\/\\\/dana.com.br\\\/canaldana\\\/?s={search_term_string}\"},\"query-input\":{\"@type\":\"PropertyValueSpecification\",\"valueRequired\":true,\"valueName\":\"search_term_string\"}}],\"inLanguage\":\"pt-BR\"},{\"@type\":\"Person\",\"@id\":\"https:\\\/\\\/dana.com.br\\\/canaldana\\\/#\\\/schema\\\/person\\\/3c21f22f56fcf3bc46b94bc60ea4fef6\",\"name\":\"Canal Dana\",\"image\":{\"@type\":\"ImageObject\",\"inLanguage\":\"pt-BR\",\"@id\":\"https:\\\/\\\/secure.gravatar.com\\\/avatar\\\/420aaf9278582877d9018637c6817617705899d2858d7572ef0fe59a6b6454b4?s=96&d=mm&r=g\",\"url\":\"https:\\\/\\\/secure.gravatar.com\\\/avatar\\\/420aaf9278582877d9018637c6817617705899d2858d7572ef0fe59a6b6454b4?s=96&d=mm&r=g\",\"contentUrl\":\"https:\\\/\\\/secure.gravatar.com\\\/avatar\\\/420aaf9278582877d9018637c6817617705899d2858d7572ef0fe59a6b6454b4?s=96&d=mm&r=g\",\"caption\":\"Canal Dana\"},\"url\":\"https:\\\/\\\/dana.com.br\\\/canaldana\\\/author\\\/cdeditor\\\/\"}]}<\/script>\n<!-- \/ Yoast SEO plugin. -->","yoast_head_json":{"title":"Volare completa 24 anos e refor\u00e7a campanha Sempre na Frente - Canal Dana","robots":{"index":"index","follow":"follow","max-snippet":"max-snippet:-1","max-image-preview":"max-image-preview:large","max-video-preview":"max-video-preview:-1"},"canonical":"https:\/\/dana.com.br\/canaldana\/2022\/06\/09\/volare-completa-24-anos-e-reforca-campanha-sempre-na-frente\/","og_locale":"pt_BR","og_type":"article","og_title":"Volare completa 24 anos e refor\u00e7a campanha Sempre na Frente - Canal Dana","og_description":"Blog do Ricardo Ribas &nbsp; Fabricante brasileira l\u00edder no segmento de micro-\u00f4nibus, a Volare comemora, neste m\u00eas de junho, 24 anos de atividades. A marca d\u00e1 \u00eanfase \u00e0 sua campanha de comunica\u00e7\u00e3o Volare &#8211; Seu Mundo da Mobilidade Sempre na Frente que tem como objetivo evidenciar sua lideran\u00e7a em produtos e solu\u00e7\u00f5es sob medida para\u2026 Leia mais \u00bb","og_url":"https:\/\/dana.com.br\/canaldana\/2022\/06\/09\/volare-completa-24-anos-e-reforca-campanha-sempre-na-frente\/","og_site_name":"Canal Dana","article_published_time":"2022-06-09T12:24:02+00:00","author":"Canal Dana","twitter_card":"summary_large_image","twitter_misc":{"Escrito por":"Canal Dana","Est. tempo de leitura":"2 minutos"},"schema":{"@context":"https:\/\/schema.org","@graph":[{"@type":"Article","@id":"https:\/\/dana.com.br\/canaldana\/2022\/06\/09\/volare-completa-24-anos-e-reforca-campanha-sempre-na-frente\/#article","isPartOf":{"@id":"https:\/\/dana.com.br\/canaldana\/2022\/06\/09\/volare-completa-24-anos-e-reforca-campanha-sempre-na-frente\/"},"author":{"name":"Canal Dana","@id":"https:\/\/dana.com.br\/canaldana\/#\/schema\/person\/3c21f22f56fcf3bc46b94bc60ea4fef6"},"headline":"Volare completa 24 anos e refor\u00e7a campanha Sempre na Frente","datePublished":"2022-06-09T12:24:02+00:00","mainEntityOfPage":{"@id":"https:\/\/dana.com.br\/canaldana\/2022\/06\/09\/volare-completa-24-anos-e-reforca-campanha-sempre-na-frente\/"},"wordCount":450,"articleSection":["Mercado"],"inLanguage":"pt-BR"},{"@type":"WebPage","@id":"https:\/\/dana.com.br\/canaldana\/2022\/06\/09\/volare-completa-24-anos-e-reforca-campanha-sempre-na-frente\/","url":"https:\/\/dana.com.br\/canaldana\/2022\/06\/09\/volare-completa-24-anos-e-reforca-campanha-sempre-na-frente\/","name":"Volare completa 24 anos e refor\u00e7a campanha Sempre na Frente - Canal Dana","isPartOf":{"@id":"https:\/\/dana.com.br\/canaldana\/#website"},"datePublished":"2022-06-09T12:24:02+00:00","author":{"@id":"https:\/\/dana.com.br\/canaldana\/#\/schema\/person\/3c21f22f56fcf3bc46b94bc60ea4fef6"},"breadcrumb":{"@id":"https:\/\/dana.com.br\/canaldana\/2022\/06\/09\/volare-completa-24-anos-e-reforca-campanha-sempre-na-frente\/#breadcrumb"},"inLanguage":"pt-BR","potentialAction":[{"@type":"ReadAction","target":["https:\/\/dana.com.br\/canaldana\/2022\/06\/09\/volare-completa-24-anos-e-reforca-campanha-sempre-na-frente\/"]}]},{"@type":"BreadcrumbList","@id":"https:\/\/dana.com.br\/canaldana\/2022\/06\/09\/volare-completa-24-anos-e-reforca-campanha-sempre-na-frente\/#breadcrumb","itemListElement":[{"@type":"ListItem","position":1,"name":"Home","item":"https:\/\/dana.com.br\/canaldana\/"},{"@type":"ListItem","position":2,"name":"Mercado","item":"https:\/\/dana.com.br\/canaldana\/mercado\/"},{"@type":"ListItem","position":3,"name":"Volare completa 24 anos e refor\u00e7a campanha Sempre na Frente"}]},{"@type":"WebSite","@id":"https:\/\/dana.com.br\/canaldana\/#website","url":"https:\/\/dana.com.br\/canaldana\/","name":"Canal Dana","description":"Informativo com as principais not\u00edcias da ind\u00fastria automotiva","potentialAction":[{"@type":"SearchAction","target":{"@type":"EntryPoint","urlTemplate":"https:\/\/dana.com.br\/canaldana\/?s={search_term_string}"},"query-input":{"@type":"PropertyValueSpecification","valueRequired":true,"valueName":"search_term_string"}}],"inLanguage":"pt-BR"},{"@type":"Person","@id":"https:\/\/dana.com.br\/canaldana\/#\/schema\/person\/3c21f22f56fcf3bc46b94bc60ea4fef6","name":"Canal Dana","image":{"@type":"ImageObject","inLanguage":"pt-BR","@id":"https:\/\/secure.gravatar.com\/avatar\/420aaf9278582877d9018637c6817617705899d2858d7572ef0fe59a6b6454b4?s=96&d=mm&r=g","url":"https:\/\/secure.gravatar.com\/avatar\/420aaf9278582877d9018637c6817617705899d2858d7572ef0fe59a6b6454b4?s=96&d=mm&r=g","contentUrl":"https:\/\/secure.gravatar.com\/avatar\/420aaf9278582877d9018637c6817617705899d2858d7572ef0fe59a6b6454b4?s=96&d=mm&r=g","caption":"Canal Dana"},"url":"https:\/\/dana.com.br\/canaldana\/author\/cdeditor\/"}]}},"_links":{"self":[{"href":"https:\/\/dana.com.br\/canaldana\/wp-json\/wp\/v2\/posts\/58839","targetHints":{"allow":["GET"]}}],"collection":[{"href":"https:\/\/dana.com.br\/canaldana\/wp-json\/wp\/v2\/posts"}],"about":[{"href":"https:\/\/dana.com.br\/canaldana\/wp-json\/wp\/v2\/types\/post"}],"author":[{"embeddable":true,"href":"https:\/\/dana.com.br\/canaldana\/wp-json\/wp\/v2\/users\/3"}],"replies":[{"embeddable":true,"href":"https:\/\/dana.com.br\/canaldana\/wp-json\/wp\/v2\/comments?post=58839"}],"version-history":[{"count":0,"href":"https:\/\/dana.com.br\/canaldana\/wp-json\/wp\/v2\/posts\/58839\/revisions"}],"wp:attachment":[{"href":"https:\/\/dana.com.br\/canaldana\/wp-json\/wp\/v2\/media?parent=58839"}],"wp:term":[{"taxonomy":"category","embeddable":true,"href":"https:\/\/dana.com.br\/canaldana\/wp-json\/wp\/v2\/categories?post=58839"},{"taxonomy":"post_tag","embeddable":true,"href":"https:\/\/dana.com.br\/canaldana\/wp-json\/wp\/v2\/tags?post=58839"}],"curies":[{"name":"wp","href":"https:\/\/api.w.org\/{rel}","templated":true}]}}