{"id":58833,"date":"2022-06-09T09:20:36","date_gmt":"2022-06-09T12:20:36","guid":{"rendered":"https:\/\/dana.com.br\/canaldana\/?p=58833"},"modified":"2022-06-09T09:20:36","modified_gmt":"2022-06-09T12:20:36","slug":"hyundai-abre-pre-venda-do-creta-n-line-por-r-1595-mil","status":"publish","type":"post","link":"https:\/\/dana.com.br\/canaldana\/2022\/06\/09\/hyundai-abre-pre-venda-do-creta-n-line-por-r-1595-mil\/","title":{"rendered":"Hyundai abre pr\u00e9-venda do Creta N Line por R$ 159,5 mil"},"content":{"rendered":"<p><em>AutoInd\u00fastria <\/em><\/p>\n<p>&nbsp;<\/p>\n<p>O segmento de SUVs, o maior e mais disputado do mercado automotivo brasileiro, ganha nova vers\u00e3o do Hyundai Creta, a N Line, que traz itens de esportividade e pacote mais completo de seguran\u00e7a, conforto e conveni\u00eancia. O modelo estar\u00e1 em todas as concession\u00e1rias da marca no dia 24 de junho, mas a partir desta quarta-feira, 8, a montadora abriu a sua pr\u00e9-venda, que abrange 200 unidades em condi\u00e7\u00f5es epeciais e pre\u00e7o sugerido de R$ 159.490.<\/p>\n<p>&nbsp;<\/p>\n<p>\u201cOs ve\u00edculos N Line conquistaram os principais mercados mundiais nos \u00faltimos anos com uma combina\u00e7\u00e3o de desempenho, tecnologia e estilo. O Brasil, agora, foi escolhido para lan\u00e7ar em primeira m\u00e3o uma vers\u00e3o N Line do SUV Creta\u201d, comenta Ken Ramirez, presidente e CEO da Hyundai para as Am\u00e9ricas Central e do Sul.<\/p>\n<p>&nbsp;<\/p>\n<p>A pr\u00e9-venda, dispon\u00edvel no site <a href=\"http:\/\/www.hyundai.com.br\/nline\" target=\"_blank\" rel=\"noopener\">www.hyundai.com.br\/nline<\/a>, \u00e9 exclusiva para quem j\u00e1 \u00e9 propriet\u00e1rio de ve\u00edculos HB20 ou Creta. Os primeiros a conclu\u00edrem a reserva ganham R$ 1.000 em combust\u00edvel Shell, atrav\u00e9s do aplicativo Shell Box, um ano gr\u00e1tis de uso do Sem Parar, com um b\u00f4nus de R$ 100 para a primeira fatura, e 10% de desconto no seguro atrav\u00e9s do Santander Auto.<\/p>\n<p>&nbsp;<\/p>\n<p>Criada em 2015 com a miss\u00e3o de ampliar o portf\u00f3lio de produtos da Hyundai, a marca N abrange ve\u00edculos de alta performance com foco em pistas de corrida. O nome \u201cN\u201d \u00e9 inspirado no formato das chicanes, curvas que exigem muita t\u00e9cnica do piloto e desempenho do carro, al\u00e9m de ser tamb\u00e9m uma homenagem a Namyang, cidade na Coreia do Sul onde se localiza o centro de Pesquisa e Desenvolvimento da empresa, e a N\u00fcrburgring, famoso circuito de corridas europeu onde s\u00e3o testados os ve\u00edculos N.<\/p>\n<p>&nbsp;<\/p>\n<p>Lan\u00e7ada no ano passado, a nova gera\u00e7\u00e3o do Creta passou a oferecer itens como teto solar panor\u00e2mico, comandos de voz e diversos sistemas de seguran\u00e7a ativa, conquistando a patir de ent\u00e3o clientes de segmentos superiores e entrando definitivamente na disputa pelos primeiros lugares no ranking nacional de SUVs.<\/p>\n<p>&nbsp;<\/p>\n<p>Por isso, segundo a empresa, a escolha do Brasil para receber a primeira vers\u00e3o global N Line do SUV da marca, que poder\u00e1 ser expandida para outros mercados em breve, motivada pela consolida\u00e7\u00e3o dos modelos desse tipo na prefer\u00eancia dos consumidores ao redor do mundo.<\/p>\n<p>&nbsp;<\/p>\n<p>Dentre seus diferenciais, a vers\u00e3o N Line do Hyundai Creta tem far\u00f3is e lanterna em LED com acabamento escurecido, rodas de liga leve de 17 polegadas, com design \u00fanico, e a in\u00e9dita sa\u00edda de escapamento com duas ponteiras vis\u00edveis. Seu visual exterior conta ainda com conjunto de para-choques dianteiro e grade frontal com novos elementos, incluinfo o emblema N Line.<\/p>\n<p>&nbsp;<\/p>\n<p>No interior, acabamento em preto e detalhes em grafite no volante, no painel, no console e nas portas. A vers\u00e3o N Line tamb\u00e9m oferece nova alavanca de c\u00e2mbio, pedais esportivos em metal e banco revestido em couro sint\u00e9tico com costura na cor vermelha. Dentre os itens de seguran\u00e7a, at\u00e9 ent\u00e3o dispon\u00edveis apenas para a vers\u00e3o Ultimate, topo de linha, a montadora destaca o pacote Hyundai SmartSense, o sistema de frenagem aut\u00f4nomo, assistente de perman\u00eancia e centraliza\u00e7\u00e3o em faixa, al\u00e9m do farol alto adaptativo e detector de fadiga.<\/p>\n<p>&nbsp;<\/p>\n<p>Seu motor \u00e9 o 1.0 Turbo GDI de inje\u00e7\u00e3o direta de combust\u00edvel, que entrega pot\u00eancia de 120 cv, com torque m\u00e1ximo de 17,5 kgf.m logo aos 1.500 rpm, que se mant\u00e9m at\u00e9 3.500 rpm, e a transmiss\u00e3o \u00e9 autom\u00e1tica de seis velocidades. (AutoInd\u00fastria\/Alzira Rodrigues)<\/p>\n<p>&nbsp;<\/p>\n","protected":false},"excerpt":{"rendered":"<p>AutoInd\u00fastria &nbsp; O segmento de SUVs, o maior e mais disputado do mercado automotivo brasileiro, ganha nova vers\u00e3o do Hyundai Creta, a N Line, que traz itens de esportividade e pacote mais completo de seguran\u00e7a, conforto e conveni\u00eancia. O modelo estar\u00e1 em todas as concession\u00e1rias da marca no dia 24 de junho, mas a partir\u2026 <a class=\"readmore\" href=\"https:\/\/dana.com.br\/canaldana\/2022\/06\/09\/hyundai-abre-pre-venda-do-creta-n-line-por-r-1595-mil\/\">Leia mais \u00bb<\/a><\/p>\n","protected":false},"author":3,"featured_media":0,"comment_status":"closed","ping_status":"closed","sticky":false,"template":"","format":"standard","meta":{"_acf_changed":false,"footnotes":""},"categories":[79],"tags":[],"class_list":["post-58833","post","type-post","status-publish","format-standard","hentry","category-mercado"],"acf":[],"yoast_head":"<!-- This site is optimized with the Yoast SEO plugin v27.3 - https:\/\/yoast.com\/product\/yoast-seo-wordpress\/ -->\n<title>Hyundai abre pr\u00e9-venda do Creta N Line por R$ 159,5 mil - Canal Dana<\/title>\n<meta name=\"robots\" content=\"index, follow, max-snippet:-1, max-image-preview:large, max-video-preview:-1\" \/>\n<link rel=\"canonical\" href=\"https:\/\/dana.com.br\/canaldana\/2022\/06\/09\/hyundai-abre-pre-venda-do-creta-n-line-por-r-1595-mil\/\" \/>\n<meta property=\"og:locale\" content=\"pt_BR\" \/>\n<meta property=\"og:type\" content=\"article\" \/>\n<meta property=\"og:title\" content=\"Hyundai abre pr\u00e9-venda do Creta N Line por R$ 159,5 mil - Canal Dana\" \/>\n<meta property=\"og:description\" content=\"AutoInd\u00fastria &nbsp; O segmento de SUVs, o maior e mais disputado do mercado automotivo brasileiro, ganha nova vers\u00e3o do Hyundai Creta, a N Line, que traz itens de esportividade e pacote mais completo de seguran\u00e7a, conforto e conveni\u00eancia. O modelo estar\u00e1 em todas as concession\u00e1rias da marca no dia 24 de junho, mas a partir\u2026 Leia mais \u00bb\" \/>\n<meta property=\"og:url\" content=\"https:\/\/dana.com.br\/canaldana\/2022\/06\/09\/hyundai-abre-pre-venda-do-creta-n-line-por-r-1595-mil\/\" \/>\n<meta property=\"og:site_name\" content=\"Canal Dana\" \/>\n<meta property=\"article:published_time\" content=\"2022-06-09T12:20:36+00:00\" \/>\n<meta name=\"author\" content=\"Canal Dana\" \/>\n<meta name=\"twitter:card\" content=\"summary_large_image\" \/>\n<meta name=\"twitter:label1\" content=\"Escrito por\" \/>\n\t<meta name=\"twitter:data1\" content=\"Canal Dana\" \/>\n\t<meta name=\"twitter:label2\" content=\"Est. tempo de leitura\" \/>\n\t<meta name=\"twitter:data2\" content=\"3 minutos\" \/>\n<script type=\"application\/ld+json\" class=\"yoast-schema-graph\">{\"@context\":\"https:\\\/\\\/schema.org\",\"@graph\":[{\"@type\":\"Article\",\"@id\":\"https:\\\/\\\/dana.com.br\\\/canaldana\\\/2022\\\/06\\\/09\\\/hyundai-abre-pre-venda-do-creta-n-line-por-r-1595-mil\\\/#article\",\"isPartOf\":{\"@id\":\"https:\\\/\\\/dana.com.br\\\/canaldana\\\/2022\\\/06\\\/09\\\/hyundai-abre-pre-venda-do-creta-n-line-por-r-1595-mil\\\/\"},\"author\":{\"name\":\"Canal Dana\",\"@id\":\"https:\\\/\\\/dana.com.br\\\/canaldana\\\/#\\\/schema\\\/person\\\/3c21f22f56fcf3bc46b94bc60ea4fef6\"},\"headline\":\"Hyundai abre pr\u00e9-venda do Creta N Line por R$ 159,5 mil\",\"datePublished\":\"2022-06-09T12:20:36+00:00\",\"mainEntityOfPage\":{\"@id\":\"https:\\\/\\\/dana.com.br\\\/canaldana\\\/2022\\\/06\\\/09\\\/hyundai-abre-pre-venda-do-creta-n-line-por-r-1595-mil\\\/\"},\"wordCount\":635,\"articleSection\":[\"Mercado\"],\"inLanguage\":\"pt-BR\"},{\"@type\":\"WebPage\",\"@id\":\"https:\\\/\\\/dana.com.br\\\/canaldana\\\/2022\\\/06\\\/09\\\/hyundai-abre-pre-venda-do-creta-n-line-por-r-1595-mil\\\/\",\"url\":\"https:\\\/\\\/dana.com.br\\\/canaldana\\\/2022\\\/06\\\/09\\\/hyundai-abre-pre-venda-do-creta-n-line-por-r-1595-mil\\\/\",\"name\":\"Hyundai abre pr\u00e9-venda do Creta N Line por R$ 159,5 mil - Canal Dana\",\"isPartOf\":{\"@id\":\"https:\\\/\\\/dana.com.br\\\/canaldana\\\/#website\"},\"datePublished\":\"2022-06-09T12:20:36+00:00\",\"author\":{\"@id\":\"https:\\\/\\\/dana.com.br\\\/canaldana\\\/#\\\/schema\\\/person\\\/3c21f22f56fcf3bc46b94bc60ea4fef6\"},\"breadcrumb\":{\"@id\":\"https:\\\/\\\/dana.com.br\\\/canaldana\\\/2022\\\/06\\\/09\\\/hyundai-abre-pre-venda-do-creta-n-line-por-r-1595-mil\\\/#breadcrumb\"},\"inLanguage\":\"pt-BR\",\"potentialAction\":[{\"@type\":\"ReadAction\",\"target\":[\"https:\\\/\\\/dana.com.br\\\/canaldana\\\/2022\\\/06\\\/09\\\/hyundai-abre-pre-venda-do-creta-n-line-por-r-1595-mil\\\/\"]}]},{\"@type\":\"BreadcrumbList\",\"@id\":\"https:\\\/\\\/dana.com.br\\\/canaldana\\\/2022\\\/06\\\/09\\\/hyundai-abre-pre-venda-do-creta-n-line-por-r-1595-mil\\\/#breadcrumb\",\"itemListElement\":[{\"@type\":\"ListItem\",\"position\":1,\"name\":\"Home\",\"item\":\"https:\\\/\\\/dana.com.br\\\/canaldana\\\/\"},{\"@type\":\"ListItem\",\"position\":2,\"name\":\"Mercado\",\"item\":\"https:\\\/\\\/dana.com.br\\\/canaldana\\\/mercado\\\/\"},{\"@type\":\"ListItem\",\"position\":3,\"name\":\"Hyundai abre pr\u00e9-venda do Creta N Line por R$ 159,5 mil\"}]},{\"@type\":\"WebSite\",\"@id\":\"https:\\\/\\\/dana.com.br\\\/canaldana\\\/#website\",\"url\":\"https:\\\/\\\/dana.com.br\\\/canaldana\\\/\",\"name\":\"Canal Dana\",\"description\":\"Informativo com as principais not\u00edcias da ind\u00fastria automotiva\",\"potentialAction\":[{\"@type\":\"SearchAction\",\"target\":{\"@type\":\"EntryPoint\",\"urlTemplate\":\"https:\\\/\\\/dana.com.br\\\/canaldana\\\/?s={search_term_string}\"},\"query-input\":{\"@type\":\"PropertyValueSpecification\",\"valueRequired\":true,\"valueName\":\"search_term_string\"}}],\"inLanguage\":\"pt-BR\"},{\"@type\":\"Person\",\"@id\":\"https:\\\/\\\/dana.com.br\\\/canaldana\\\/#\\\/schema\\\/person\\\/3c21f22f56fcf3bc46b94bc60ea4fef6\",\"name\":\"Canal Dana\",\"image\":{\"@type\":\"ImageObject\",\"inLanguage\":\"pt-BR\",\"@id\":\"https:\\\/\\\/secure.gravatar.com\\\/avatar\\\/420aaf9278582877d9018637c6817617705899d2858d7572ef0fe59a6b6454b4?s=96&d=mm&r=g\",\"url\":\"https:\\\/\\\/secure.gravatar.com\\\/avatar\\\/420aaf9278582877d9018637c6817617705899d2858d7572ef0fe59a6b6454b4?s=96&d=mm&r=g\",\"contentUrl\":\"https:\\\/\\\/secure.gravatar.com\\\/avatar\\\/420aaf9278582877d9018637c6817617705899d2858d7572ef0fe59a6b6454b4?s=96&d=mm&r=g\",\"caption\":\"Canal Dana\"},\"url\":\"https:\\\/\\\/dana.com.br\\\/canaldana\\\/author\\\/cdeditor\\\/\"}]}<\/script>\n<!-- \/ Yoast SEO plugin. -->","yoast_head_json":{"title":"Hyundai abre pr\u00e9-venda do Creta N Line por R$ 159,5 mil - Canal Dana","robots":{"index":"index","follow":"follow","max-snippet":"max-snippet:-1","max-image-preview":"max-image-preview:large","max-video-preview":"max-video-preview:-1"},"canonical":"https:\/\/dana.com.br\/canaldana\/2022\/06\/09\/hyundai-abre-pre-venda-do-creta-n-line-por-r-1595-mil\/","og_locale":"pt_BR","og_type":"article","og_title":"Hyundai abre pr\u00e9-venda do Creta N Line por R$ 159,5 mil - Canal Dana","og_description":"AutoInd\u00fastria &nbsp; O segmento de SUVs, o maior e mais disputado do mercado automotivo brasileiro, ganha nova vers\u00e3o do Hyundai Creta, a N Line, que traz itens de esportividade e pacote mais completo de seguran\u00e7a, conforto e conveni\u00eancia. O modelo estar\u00e1 em todas as concession\u00e1rias da marca no dia 24 de junho, mas a partir\u2026 Leia mais \u00bb","og_url":"https:\/\/dana.com.br\/canaldana\/2022\/06\/09\/hyundai-abre-pre-venda-do-creta-n-line-por-r-1595-mil\/","og_site_name":"Canal Dana","article_published_time":"2022-06-09T12:20:36+00:00","author":"Canal Dana","twitter_card":"summary_large_image","twitter_misc":{"Escrito por":"Canal Dana","Est. tempo de leitura":"3 minutos"},"schema":{"@context":"https:\/\/schema.org","@graph":[{"@type":"Article","@id":"https:\/\/dana.com.br\/canaldana\/2022\/06\/09\/hyundai-abre-pre-venda-do-creta-n-line-por-r-1595-mil\/#article","isPartOf":{"@id":"https:\/\/dana.com.br\/canaldana\/2022\/06\/09\/hyundai-abre-pre-venda-do-creta-n-line-por-r-1595-mil\/"},"author":{"name":"Canal Dana","@id":"https:\/\/dana.com.br\/canaldana\/#\/schema\/person\/3c21f22f56fcf3bc46b94bc60ea4fef6"},"headline":"Hyundai abre pr\u00e9-venda do Creta N Line por R$ 159,5 mil","datePublished":"2022-06-09T12:20:36+00:00","mainEntityOfPage":{"@id":"https:\/\/dana.com.br\/canaldana\/2022\/06\/09\/hyundai-abre-pre-venda-do-creta-n-line-por-r-1595-mil\/"},"wordCount":635,"articleSection":["Mercado"],"inLanguage":"pt-BR"},{"@type":"WebPage","@id":"https:\/\/dana.com.br\/canaldana\/2022\/06\/09\/hyundai-abre-pre-venda-do-creta-n-line-por-r-1595-mil\/","url":"https:\/\/dana.com.br\/canaldana\/2022\/06\/09\/hyundai-abre-pre-venda-do-creta-n-line-por-r-1595-mil\/","name":"Hyundai abre pr\u00e9-venda do Creta N Line por R$ 159,5 mil - Canal Dana","isPartOf":{"@id":"https:\/\/dana.com.br\/canaldana\/#website"},"datePublished":"2022-06-09T12:20:36+00:00","author":{"@id":"https:\/\/dana.com.br\/canaldana\/#\/schema\/person\/3c21f22f56fcf3bc46b94bc60ea4fef6"},"breadcrumb":{"@id":"https:\/\/dana.com.br\/canaldana\/2022\/06\/09\/hyundai-abre-pre-venda-do-creta-n-line-por-r-1595-mil\/#breadcrumb"},"inLanguage":"pt-BR","potentialAction":[{"@type":"ReadAction","target":["https:\/\/dana.com.br\/canaldana\/2022\/06\/09\/hyundai-abre-pre-venda-do-creta-n-line-por-r-1595-mil\/"]}]},{"@type":"BreadcrumbList","@id":"https:\/\/dana.com.br\/canaldana\/2022\/06\/09\/hyundai-abre-pre-venda-do-creta-n-line-por-r-1595-mil\/#breadcrumb","itemListElement":[{"@type":"ListItem","position":1,"name":"Home","item":"https:\/\/dana.com.br\/canaldana\/"},{"@type":"ListItem","position":2,"name":"Mercado","item":"https:\/\/dana.com.br\/canaldana\/mercado\/"},{"@type":"ListItem","position":3,"name":"Hyundai abre pr\u00e9-venda do Creta N Line por R$ 159,5 mil"}]},{"@type":"WebSite","@id":"https:\/\/dana.com.br\/canaldana\/#website","url":"https:\/\/dana.com.br\/canaldana\/","name":"Canal Dana","description":"Informativo com as principais not\u00edcias da ind\u00fastria automotiva","potentialAction":[{"@type":"SearchAction","target":{"@type":"EntryPoint","urlTemplate":"https:\/\/dana.com.br\/canaldana\/?s={search_term_string}"},"query-input":{"@type":"PropertyValueSpecification","valueRequired":true,"valueName":"search_term_string"}}],"inLanguage":"pt-BR"},{"@type":"Person","@id":"https:\/\/dana.com.br\/canaldana\/#\/schema\/person\/3c21f22f56fcf3bc46b94bc60ea4fef6","name":"Canal Dana","image":{"@type":"ImageObject","inLanguage":"pt-BR","@id":"https:\/\/secure.gravatar.com\/avatar\/420aaf9278582877d9018637c6817617705899d2858d7572ef0fe59a6b6454b4?s=96&d=mm&r=g","url":"https:\/\/secure.gravatar.com\/avatar\/420aaf9278582877d9018637c6817617705899d2858d7572ef0fe59a6b6454b4?s=96&d=mm&r=g","contentUrl":"https:\/\/secure.gravatar.com\/avatar\/420aaf9278582877d9018637c6817617705899d2858d7572ef0fe59a6b6454b4?s=96&d=mm&r=g","caption":"Canal Dana"},"url":"https:\/\/dana.com.br\/canaldana\/author\/cdeditor\/"}]}},"_links":{"self":[{"href":"https:\/\/dana.com.br\/canaldana\/wp-json\/wp\/v2\/posts\/58833","targetHints":{"allow":["GET"]}}],"collection":[{"href":"https:\/\/dana.com.br\/canaldana\/wp-json\/wp\/v2\/posts"}],"about":[{"href":"https:\/\/dana.com.br\/canaldana\/wp-json\/wp\/v2\/types\/post"}],"author":[{"embeddable":true,"href":"https:\/\/dana.com.br\/canaldana\/wp-json\/wp\/v2\/users\/3"}],"replies":[{"embeddable":true,"href":"https:\/\/dana.com.br\/canaldana\/wp-json\/wp\/v2\/comments?post=58833"}],"version-history":[{"count":0,"href":"https:\/\/dana.com.br\/canaldana\/wp-json\/wp\/v2\/posts\/58833\/revisions"}],"wp:attachment":[{"href":"https:\/\/dana.com.br\/canaldana\/wp-json\/wp\/v2\/media?parent=58833"}],"wp:term":[{"taxonomy":"category","embeddable":true,"href":"https:\/\/dana.com.br\/canaldana\/wp-json\/wp\/v2\/categories?post=58833"},{"taxonomy":"post_tag","embeddable":true,"href":"https:\/\/dana.com.br\/canaldana\/wp-json\/wp\/v2\/tags?post=58833"}],"curies":[{"name":"wp","href":"https:\/\/api.w.org\/{rel}","templated":true}]}}