{"id":58817,"date":"2022-06-08T09:14:04","date_gmt":"2022-06-08T12:14:04","guid":{"rendered":"https:\/\/dana.com.br\/canaldana\/?p=58817"},"modified":"2022-06-08T09:14:04","modified_gmt":"2022-06-08T12:14:04","slug":"vw-brasil-sera-pioneira-do-setor-automotivo-a-utilizar-biometano-na-producao","status":"publish","type":"post","link":"https:\/\/dana.com.br\/canaldana\/2022\/06\/08\/vw-brasil-sera-pioneira-do-setor-automotivo-a-utilizar-biometano-na-producao\/","title":{"rendered":"VW Brasil ser\u00e1 pioneira do setor automotivo a utilizar biometano na produ\u00e7\u00e3o"},"content":{"rendered":"<p><em>Frota &amp; Cia<\/em><\/p>\n<p>&nbsp;<\/p>\n<p>A Volkswagen do Brasil \u00e9 a primeira fabricante de ve\u00edculos do pa\u00eds a utilizar g\u00e1s natural renov\u00e1vel (biometano) em suas f\u00e1bricas localizadas em Taubat\u00e9 (SP) e S\u00e3o Bernardo do Campo (SP), a partir de abril de 2023 e mar\u00e7o de 2024.<\/p>\n<p>&nbsp;<\/p>\n<p>No total, ser\u00e3o mais de 50 mil m\u00b3 di\u00e1rios de biog\u00e1s, fornecidos pela Ra\u00edzen, utilizados principalmente no processo produtivo da Pintura das carrocerias de ambas as unidades, representando uma redu\u00e7\u00e3o de mais de 90% nas emiss\u00f5es de CO2 se comparado com a alternativa f\u00f3ssil. Com o uso do biometano, a VW deixar\u00e1 de emitir cerca de 19 mil toneladas de CO2 de origem f\u00f3ssil por ano.<\/p>\n<p>&nbsp;<\/p>\n<p>O montante contratado corresponde \u00e0 aproximadamente 65% do volume utilizado nas duas f\u00e1bricas. A redu\u00e7\u00e3o, a partir da aquisi\u00e7\u00e3o do biometano, permite transferir aproximadamente 30% das emiss\u00f5es f\u00f3sseis das duas unidades em emiss\u00f5es biog\u00eanicas.<\/p>\n<p>&nbsp;<\/p>\n<p>A Ra\u00edzen, por meio da Ra\u00edzen Geo Biog\u00e1s S.A., sua Joint Venture com a Geo Energ\u00e9tica, ir\u00e1 construir sua segunda planta de biog\u00e1s, com inaugura\u00e7\u00e3o prevista em 2023, a primeira dedicada \u00e0 produ\u00e7\u00e3o de g\u00e1s natural renov\u00e1vel. Com investimento aproximado de R$ 300 milh\u00f5es, a planta anexa ao Bioparque Costa Pinto localizado em Piracicaba (SP) ter\u00e1 capacidade de produ\u00e7\u00e3o de 26 milh\u00f5es de m\u00b3 de g\u00e1s natural renov\u00e1vel por ano, o suficiente para abastecer aproximadamente 200 mil clientes residenciais.<\/p>\n<p>&nbsp;<\/p>\n<p>\u201cEstamos acelerando a descarboniza\u00e7\u00e3o aqui no Brasil. Somos pioneiros em adotar na gera\u00e7\u00e3o a substitui\u00e7\u00e3o de g\u00e1s natural de origem f\u00f3ssil por biometano j\u00e1 a partir do ano que vem. Esse movimento vai ao encontro de nosso objetivo global \u2018Way To Zero\u2019 e tamb\u00e9m contribui para o compromisso atrelado \u00e0 nossa d\u00edvida ESG de reduzirmos as emiss\u00f5es de g\u00e1s carb\u00f4nico em nossas opera\u00e7\u00f5es at\u00e9 2024. Al\u00e9m disso, \u00e9 importante lembrar que o biometano \u00e9 proveniente do aproveitamento da utiliza\u00e7\u00e3o dos res\u00edduos da produ\u00e7\u00e3o de a\u00e7\u00facar e etanol a partir da cana-de-a\u00e7\u00facar para a produ\u00e7\u00e3o de energia renov\u00e1vel, com menor pegada de carbono\u201d, pontua Pablo Di Si, Chairman Executivo da Volkswagen Am\u00e9rica Latina. (Frota &amp; Cia\/Priscila Ferreira)<\/p>\n","protected":false},"excerpt":{"rendered":"<p>Frota &amp; Cia &nbsp; A Volkswagen do Brasil \u00e9 a primeira fabricante de ve\u00edculos do pa\u00eds a utilizar g\u00e1s natural renov\u00e1vel (biometano) em suas f\u00e1bricas localizadas em Taubat\u00e9 (SP) e S\u00e3o Bernardo do Campo (SP), a partir de abril de 2023 e mar\u00e7o de 2024. &nbsp; No total, ser\u00e3o mais de 50 mil m\u00b3 di\u00e1rios\u2026 <a class=\"readmore\" href=\"https:\/\/dana.com.br\/canaldana\/2022\/06\/08\/vw-brasil-sera-pioneira-do-setor-automotivo-a-utilizar-biometano-na-producao\/\">Leia mais \u00bb<\/a><\/p>\n","protected":false},"author":3,"featured_media":0,"comment_status":"closed","ping_status":"closed","sticky":false,"template":"","format":"standard","meta":{"_acf_changed":false,"footnotes":""},"categories":[61],"tags":[],"class_list":["post-58817","post","type-post","status-publish","format-standard","hentry","category-destaques"],"acf":[],"yoast_head":"<!-- This site is optimized with the Yoast SEO plugin v27.3 - https:\/\/yoast.com\/product\/yoast-seo-wordpress\/ -->\n<title>VW Brasil ser\u00e1 pioneira do setor automotivo a utilizar biometano na produ\u00e7\u00e3o - Canal Dana<\/title>\n<meta name=\"robots\" content=\"index, follow, max-snippet:-1, max-image-preview:large, max-video-preview:-1\" \/>\n<link rel=\"canonical\" href=\"https:\/\/dana.com.br\/canaldana\/2022\/06\/08\/vw-brasil-sera-pioneira-do-setor-automotivo-a-utilizar-biometano-na-producao\/\" \/>\n<meta property=\"og:locale\" content=\"pt_BR\" \/>\n<meta property=\"og:type\" content=\"article\" \/>\n<meta property=\"og:title\" content=\"VW Brasil ser\u00e1 pioneira do setor automotivo a utilizar biometano na produ\u00e7\u00e3o - Canal Dana\" \/>\n<meta property=\"og:description\" content=\"Frota &amp; Cia &nbsp; A Volkswagen do Brasil \u00e9 a primeira fabricante de ve\u00edculos do pa\u00eds a utilizar g\u00e1s natural renov\u00e1vel (biometano) em suas f\u00e1bricas localizadas em Taubat\u00e9 (SP) e S\u00e3o Bernardo do Campo (SP), a partir de abril de 2023 e mar\u00e7o de 2024. &nbsp; No total, ser\u00e3o mais de 50 mil m\u00b3 di\u00e1rios\u2026 Leia mais \u00bb\" \/>\n<meta property=\"og:url\" content=\"https:\/\/dana.com.br\/canaldana\/2022\/06\/08\/vw-brasil-sera-pioneira-do-setor-automotivo-a-utilizar-biometano-na-producao\/\" \/>\n<meta property=\"og:site_name\" content=\"Canal Dana\" \/>\n<meta property=\"article:published_time\" content=\"2022-06-08T12:14:04+00:00\" \/>\n<meta name=\"author\" content=\"Canal Dana\" \/>\n<meta name=\"twitter:card\" content=\"summary_large_image\" \/>\n<meta name=\"twitter:label1\" content=\"Escrito por\" \/>\n\t<meta name=\"twitter:data1\" content=\"Canal Dana\" \/>\n\t<meta name=\"twitter:label2\" content=\"Est. tempo de leitura\" \/>\n\t<meta name=\"twitter:data2\" content=\"2 minutos\" \/>\n<script type=\"application\/ld+json\" class=\"yoast-schema-graph\">{\"@context\":\"https:\\\/\\\/schema.org\",\"@graph\":[{\"@type\":\"Article\",\"@id\":\"https:\\\/\\\/dana.com.br\\\/canaldana\\\/2022\\\/06\\\/08\\\/vw-brasil-sera-pioneira-do-setor-automotivo-a-utilizar-biometano-na-producao\\\/#article\",\"isPartOf\":{\"@id\":\"https:\\\/\\\/dana.com.br\\\/canaldana\\\/2022\\\/06\\\/08\\\/vw-brasil-sera-pioneira-do-setor-automotivo-a-utilizar-biometano-na-producao\\\/\"},\"author\":{\"name\":\"Canal Dana\",\"@id\":\"https:\\\/\\\/dana.com.br\\\/canaldana\\\/#\\\/schema\\\/person\\\/3c21f22f56fcf3bc46b94bc60ea4fef6\"},\"headline\":\"VW Brasil ser\u00e1 pioneira do setor automotivo a utilizar biometano na produ\u00e7\u00e3o\",\"datePublished\":\"2022-06-08T12:14:04+00:00\",\"mainEntityOfPage\":{\"@id\":\"https:\\\/\\\/dana.com.br\\\/canaldana\\\/2022\\\/06\\\/08\\\/vw-brasil-sera-pioneira-do-setor-automotivo-a-utilizar-biometano-na-producao\\\/\"},\"wordCount\":397,\"articleSection\":[\"Destaques\"],\"inLanguage\":\"pt-BR\"},{\"@type\":\"WebPage\",\"@id\":\"https:\\\/\\\/dana.com.br\\\/canaldana\\\/2022\\\/06\\\/08\\\/vw-brasil-sera-pioneira-do-setor-automotivo-a-utilizar-biometano-na-producao\\\/\",\"url\":\"https:\\\/\\\/dana.com.br\\\/canaldana\\\/2022\\\/06\\\/08\\\/vw-brasil-sera-pioneira-do-setor-automotivo-a-utilizar-biometano-na-producao\\\/\",\"name\":\"VW Brasil ser\u00e1 pioneira do setor automotivo a utilizar biometano na produ\u00e7\u00e3o - Canal Dana\",\"isPartOf\":{\"@id\":\"https:\\\/\\\/dana.com.br\\\/canaldana\\\/#website\"},\"datePublished\":\"2022-06-08T12:14:04+00:00\",\"author\":{\"@id\":\"https:\\\/\\\/dana.com.br\\\/canaldana\\\/#\\\/schema\\\/person\\\/3c21f22f56fcf3bc46b94bc60ea4fef6\"},\"breadcrumb\":{\"@id\":\"https:\\\/\\\/dana.com.br\\\/canaldana\\\/2022\\\/06\\\/08\\\/vw-brasil-sera-pioneira-do-setor-automotivo-a-utilizar-biometano-na-producao\\\/#breadcrumb\"},\"inLanguage\":\"pt-BR\",\"potentialAction\":[{\"@type\":\"ReadAction\",\"target\":[\"https:\\\/\\\/dana.com.br\\\/canaldana\\\/2022\\\/06\\\/08\\\/vw-brasil-sera-pioneira-do-setor-automotivo-a-utilizar-biometano-na-producao\\\/\"]}]},{\"@type\":\"BreadcrumbList\",\"@id\":\"https:\\\/\\\/dana.com.br\\\/canaldana\\\/2022\\\/06\\\/08\\\/vw-brasil-sera-pioneira-do-setor-automotivo-a-utilizar-biometano-na-producao\\\/#breadcrumb\",\"itemListElement\":[{\"@type\":\"ListItem\",\"position\":1,\"name\":\"Home\",\"item\":\"https:\\\/\\\/dana.com.br\\\/canaldana\\\/\"},{\"@type\":\"ListItem\",\"position\":2,\"name\":\"Destaques\",\"item\":\"https:\\\/\\\/dana.com.br\\\/canaldana\\\/destaques\\\/\"},{\"@type\":\"ListItem\",\"position\":3,\"name\":\"VW Brasil ser\u00e1 pioneira do setor automotivo a utilizar biometano na produ\u00e7\u00e3o\"}]},{\"@type\":\"WebSite\",\"@id\":\"https:\\\/\\\/dana.com.br\\\/canaldana\\\/#website\",\"url\":\"https:\\\/\\\/dana.com.br\\\/canaldana\\\/\",\"name\":\"Canal Dana\",\"description\":\"Informativo com as principais not\u00edcias da ind\u00fastria automotiva\",\"potentialAction\":[{\"@type\":\"SearchAction\",\"target\":{\"@type\":\"EntryPoint\",\"urlTemplate\":\"https:\\\/\\\/dana.com.br\\\/canaldana\\\/?s={search_term_string}\"},\"query-input\":{\"@type\":\"PropertyValueSpecification\",\"valueRequired\":true,\"valueName\":\"search_term_string\"}}],\"inLanguage\":\"pt-BR\"},{\"@type\":\"Person\",\"@id\":\"https:\\\/\\\/dana.com.br\\\/canaldana\\\/#\\\/schema\\\/person\\\/3c21f22f56fcf3bc46b94bc60ea4fef6\",\"name\":\"Canal Dana\",\"image\":{\"@type\":\"ImageObject\",\"inLanguage\":\"pt-BR\",\"@id\":\"https:\\\/\\\/secure.gravatar.com\\\/avatar\\\/420aaf9278582877d9018637c6817617705899d2858d7572ef0fe59a6b6454b4?s=96&d=mm&r=g\",\"url\":\"https:\\\/\\\/secure.gravatar.com\\\/avatar\\\/420aaf9278582877d9018637c6817617705899d2858d7572ef0fe59a6b6454b4?s=96&d=mm&r=g\",\"contentUrl\":\"https:\\\/\\\/secure.gravatar.com\\\/avatar\\\/420aaf9278582877d9018637c6817617705899d2858d7572ef0fe59a6b6454b4?s=96&d=mm&r=g\",\"caption\":\"Canal Dana\"},\"url\":\"https:\\\/\\\/dana.com.br\\\/canaldana\\\/author\\\/cdeditor\\\/\"}]}<\/script>\n<!-- \/ Yoast SEO plugin. -->","yoast_head_json":{"title":"VW Brasil ser\u00e1 pioneira do setor automotivo a utilizar biometano na produ\u00e7\u00e3o - Canal Dana","robots":{"index":"index","follow":"follow","max-snippet":"max-snippet:-1","max-image-preview":"max-image-preview:large","max-video-preview":"max-video-preview:-1"},"canonical":"https:\/\/dana.com.br\/canaldana\/2022\/06\/08\/vw-brasil-sera-pioneira-do-setor-automotivo-a-utilizar-biometano-na-producao\/","og_locale":"pt_BR","og_type":"article","og_title":"VW Brasil ser\u00e1 pioneira do setor automotivo a utilizar biometano na produ\u00e7\u00e3o - Canal Dana","og_description":"Frota &amp; Cia &nbsp; A Volkswagen do Brasil \u00e9 a primeira fabricante de ve\u00edculos do pa\u00eds a utilizar g\u00e1s natural renov\u00e1vel (biometano) em suas f\u00e1bricas localizadas em Taubat\u00e9 (SP) e S\u00e3o Bernardo do Campo (SP), a partir de abril de 2023 e mar\u00e7o de 2024. &nbsp; No total, ser\u00e3o mais de 50 mil m\u00b3 di\u00e1rios\u2026 Leia mais \u00bb","og_url":"https:\/\/dana.com.br\/canaldana\/2022\/06\/08\/vw-brasil-sera-pioneira-do-setor-automotivo-a-utilizar-biometano-na-producao\/","og_site_name":"Canal Dana","article_published_time":"2022-06-08T12:14:04+00:00","author":"Canal Dana","twitter_card":"summary_large_image","twitter_misc":{"Escrito por":"Canal Dana","Est. tempo de leitura":"2 minutos"},"schema":{"@context":"https:\/\/schema.org","@graph":[{"@type":"Article","@id":"https:\/\/dana.com.br\/canaldana\/2022\/06\/08\/vw-brasil-sera-pioneira-do-setor-automotivo-a-utilizar-biometano-na-producao\/#article","isPartOf":{"@id":"https:\/\/dana.com.br\/canaldana\/2022\/06\/08\/vw-brasil-sera-pioneira-do-setor-automotivo-a-utilizar-biometano-na-producao\/"},"author":{"name":"Canal Dana","@id":"https:\/\/dana.com.br\/canaldana\/#\/schema\/person\/3c21f22f56fcf3bc46b94bc60ea4fef6"},"headline":"VW Brasil ser\u00e1 pioneira do setor automotivo a utilizar biometano na produ\u00e7\u00e3o","datePublished":"2022-06-08T12:14:04+00:00","mainEntityOfPage":{"@id":"https:\/\/dana.com.br\/canaldana\/2022\/06\/08\/vw-brasil-sera-pioneira-do-setor-automotivo-a-utilizar-biometano-na-producao\/"},"wordCount":397,"articleSection":["Destaques"],"inLanguage":"pt-BR"},{"@type":"WebPage","@id":"https:\/\/dana.com.br\/canaldana\/2022\/06\/08\/vw-brasil-sera-pioneira-do-setor-automotivo-a-utilizar-biometano-na-producao\/","url":"https:\/\/dana.com.br\/canaldana\/2022\/06\/08\/vw-brasil-sera-pioneira-do-setor-automotivo-a-utilizar-biometano-na-producao\/","name":"VW Brasil ser\u00e1 pioneira do setor automotivo a utilizar biometano na produ\u00e7\u00e3o - Canal Dana","isPartOf":{"@id":"https:\/\/dana.com.br\/canaldana\/#website"},"datePublished":"2022-06-08T12:14:04+00:00","author":{"@id":"https:\/\/dana.com.br\/canaldana\/#\/schema\/person\/3c21f22f56fcf3bc46b94bc60ea4fef6"},"breadcrumb":{"@id":"https:\/\/dana.com.br\/canaldana\/2022\/06\/08\/vw-brasil-sera-pioneira-do-setor-automotivo-a-utilizar-biometano-na-producao\/#breadcrumb"},"inLanguage":"pt-BR","potentialAction":[{"@type":"ReadAction","target":["https:\/\/dana.com.br\/canaldana\/2022\/06\/08\/vw-brasil-sera-pioneira-do-setor-automotivo-a-utilizar-biometano-na-producao\/"]}]},{"@type":"BreadcrumbList","@id":"https:\/\/dana.com.br\/canaldana\/2022\/06\/08\/vw-brasil-sera-pioneira-do-setor-automotivo-a-utilizar-biometano-na-producao\/#breadcrumb","itemListElement":[{"@type":"ListItem","position":1,"name":"Home","item":"https:\/\/dana.com.br\/canaldana\/"},{"@type":"ListItem","position":2,"name":"Destaques","item":"https:\/\/dana.com.br\/canaldana\/destaques\/"},{"@type":"ListItem","position":3,"name":"VW Brasil ser\u00e1 pioneira do setor automotivo a utilizar biometano na produ\u00e7\u00e3o"}]},{"@type":"WebSite","@id":"https:\/\/dana.com.br\/canaldana\/#website","url":"https:\/\/dana.com.br\/canaldana\/","name":"Canal Dana","description":"Informativo com as principais not\u00edcias da ind\u00fastria automotiva","potentialAction":[{"@type":"SearchAction","target":{"@type":"EntryPoint","urlTemplate":"https:\/\/dana.com.br\/canaldana\/?s={search_term_string}"},"query-input":{"@type":"PropertyValueSpecification","valueRequired":true,"valueName":"search_term_string"}}],"inLanguage":"pt-BR"},{"@type":"Person","@id":"https:\/\/dana.com.br\/canaldana\/#\/schema\/person\/3c21f22f56fcf3bc46b94bc60ea4fef6","name":"Canal Dana","image":{"@type":"ImageObject","inLanguage":"pt-BR","@id":"https:\/\/secure.gravatar.com\/avatar\/420aaf9278582877d9018637c6817617705899d2858d7572ef0fe59a6b6454b4?s=96&d=mm&r=g","url":"https:\/\/secure.gravatar.com\/avatar\/420aaf9278582877d9018637c6817617705899d2858d7572ef0fe59a6b6454b4?s=96&d=mm&r=g","contentUrl":"https:\/\/secure.gravatar.com\/avatar\/420aaf9278582877d9018637c6817617705899d2858d7572ef0fe59a6b6454b4?s=96&d=mm&r=g","caption":"Canal Dana"},"url":"https:\/\/dana.com.br\/canaldana\/author\/cdeditor\/"}]}},"_links":{"self":[{"href":"https:\/\/dana.com.br\/canaldana\/wp-json\/wp\/v2\/posts\/58817","targetHints":{"allow":["GET"]}}],"collection":[{"href":"https:\/\/dana.com.br\/canaldana\/wp-json\/wp\/v2\/posts"}],"about":[{"href":"https:\/\/dana.com.br\/canaldana\/wp-json\/wp\/v2\/types\/post"}],"author":[{"embeddable":true,"href":"https:\/\/dana.com.br\/canaldana\/wp-json\/wp\/v2\/users\/3"}],"replies":[{"embeddable":true,"href":"https:\/\/dana.com.br\/canaldana\/wp-json\/wp\/v2\/comments?post=58817"}],"version-history":[{"count":0,"href":"https:\/\/dana.com.br\/canaldana\/wp-json\/wp\/v2\/posts\/58817\/revisions"}],"wp:attachment":[{"href":"https:\/\/dana.com.br\/canaldana\/wp-json\/wp\/v2\/media?parent=58817"}],"wp:term":[{"taxonomy":"category","embeddable":true,"href":"https:\/\/dana.com.br\/canaldana\/wp-json\/wp\/v2\/categories?post=58817"},{"taxonomy":"post_tag","embeddable":true,"href":"https:\/\/dana.com.br\/canaldana\/wp-json\/wp\/v2\/tags?post=58817"}],"curies":[{"name":"wp","href":"https:\/\/api.w.org\/{rel}","templated":true}]}}